{"id":18309,"date":"2014-01-12T13:11:07","date_gmt":"2014-01-12T15:11:07","guid":{"rendered":"http:\/\/aconteceunovale.com.br\/portal\/?p=18309"},"modified":"2014-01-12T13:11:07","modified_gmt":"2014-01-12T15:11:07","slug":"governo-tira-r-60-milhoes-de-produtores-de-cana-em-minas","status":"publish","type":"post","link":"https:\/\/aconteceunovale.com.br\/portal\/?p=18309","title":{"rendered":"Governo tira R$ 60 milh\u00f5es de produtores de cana em Minas"},"content":{"rendered":"<p>Os produtores de cana-de-a\u00e7\u00facar de Minas Gerais ainda tentam convencer o governo federal a incluir os 168 munic\u00edpios da \u00e1rea da Sudene na Medida Provis\u00f3ria 615, aprovada em 2013, que prev\u00ea a subven\u00e7\u00e3o para usinas e produtores do Nordeste. Originalmente, o texto inclu\u00eda tamb\u00e9m os munic\u00edpios de Minas Gerais e do Esp\u00edrito Santo da \u00e1rea da Sudene. Juntos, os dois Estados receberiam R$ 60 milh\u00f5es. Os Estados do Nordeste receber\u00e3o R$ 380 milh\u00f5es, sendo parte j\u00e1 paga em 2013 e parte que ser\u00e1 paga neste ano.<\/p>\n<p><img decoding=\"async\" src=\"http:\/\/aconteceunovale.com.br\/portal\/wp-content\/uploads\/2014\/01\/produtores_cana_minas.jpg\" alt=\"\" \/><br \/>\n<em><strong>Produtores das cidades de Ja\u00edba, Nanuque e Serra dos Aimor\u00e9s foram afetados pela seca (Foto: Leo Fontes)<\/strong><\/em><\/p>\n<p>A inclus\u00e3o deles estava prevista no texto original da MP e tamb\u00e9m tinha o apoio do Minist\u00e9rio da Agricultura mas, de acordo com fontes do setor, as cidades mineiras e capixabas foram cortadas por recomenda\u00e7\u00e3o da \u00e1rea econ\u00f4mica do governo. O secret\u00e1rio executivo da Associa\u00e7\u00e3o das Ind\u00fastrias Sucroenerg\u00e9ticas de Minas Gerais (Siamig), M\u00e1rio Campos, diz que a entidade est\u00e1 conversando com o governo para reverter a situa\u00e7\u00e3o. \u201cOs produtores mineiros foram prejudicados\u201d, afirma.<\/p>\n<p>Ele explica que a subven\u00e7\u00e3o tem como objetivo amenizar os preju\u00edzos causados pela seca, que provocou uma quebra expressiva na safra. Receber\u00e3o o benef\u00edcio as usinas e produtores dos Estados contemplados. A subven\u00e7\u00e3o \u00e9 de R$ 12 por tonelada de cana, limitada a 10 mil toneladas por produtor, e R$ 0,20 por litro de etanol.<\/p>\n<p>Em Minas Gerais e no Esp\u00edrito Santo seriam seis usinas, tr\u00eas em cada Estado, e centenas de produtores. As usinas mineiras est\u00e3o nas cidades de Nanuque, Serra dos Aimor\u00e9s e Ja\u00edba.<\/p>\n<p>\u201cOs munic\u00edpios mineiros que est\u00e3o na Sudene apresentam as mesmas caracter\u00edsticas do Nordeste. Em Minas, tamb\u00e9m houve quebra de safra. Historicamente, o que \u00e9 dado ao Nordeste, \u00e9 dado a toda a \u00e1rea da Sudene mas, nesse caso, n\u00e3o foi\u201d, diz Campos. Na regi\u00e3o mineira da Sudene, problemas clim\u00e1ticos reduziram a produ\u00e7\u00e3o em cerca de 40%, mesmo percentual do Nordeste.<\/p>\n<p>O Minist\u00e9rio da Agricultura foi procurado mas, ontem, n\u00e3o havia ningu\u00e9m para comentar o assunto. O \u00f3rg\u00e3o prometeu se pronunciar na segunda-feira.<\/p>\n<p><strong>Alagoas<\/strong><\/p>\n<p>Maior beneficiado. Neste ano, os produtores nordestinos ainda receber\u00e3o R$ 109 milh\u00f5es em subven\u00e7\u00f5es. No ano passado, Alagoas foi o Estado que mais recebeu, R$ 77,5 milh\u00f5es.<\/p>\n<p><strong>Pre\u00e7o do etanol est\u00e1vel em janeiro<\/strong><\/p>\n<p>Levantamento distribu\u00eddo pela Funda\u00e7\u00e3o Instituto de Pesquisas Econ\u00f4micas (Fipe) mostra que a rela\u00e7\u00e3o entre o pre\u00e7o m\u00e9dio do etanol e o valor m\u00e9dio da gasolina alcan\u00e7ou o n\u00edvel de 68,23% na primeira semana de janeiro na capital paulista. A despeito de mostrar um ligeiro aumento ante a marca de 68% da \u00faltima semana de dezembro de 2013, o n\u00famero apurado representou o menor n\u00edvel para uma primeira semana do ano desde 2009, quando a rela\u00e7\u00e3o ficou em 55,65% na semana inicial de janeiro. <\/p>\n<p><em>(Informa\u00e7\u00f5es do Jornal O Tempo)<\/em><\/p>\n","protected":false},"excerpt":{"rendered":"<p>Os produtores de cana-de-a\u00e7\u00facar de Minas Gerais ainda tentam convencer o governo federal a incluir os 168 munic\u00edpios da \u00e1rea da Sudene na Medida Provis\u00f3ria 615, aprovada em 2013, que prev\u00ea a subven\u00e7\u00e3o para usinas e produtores do Nordeste. Originalmente, o texto inclu\u00eda tamb\u00e9m os munic\u00edpios de Minas Gerais e do Esp\u00edrito Santo da \u00e1rea [&hellip;]<\/p>\n","protected":false},"author":1,"featured_media":0,"comment_status":"open","ping_status":"closed","sticky":false,"template":"","format":"standard","meta":{"amp_status":"","footnotes":""},"categories":[123],"tags":[2852,1058,252,2793],"class_list":["post-18309","post","type-post","status-publish","format-standard","hentry","category-gerais","tag-governo-tira-r-60-milhoes-de-produtores-de-cana-em-minas","tag-jaiba","tag-nanuque","tag-serra-dos-aimores"],"_links":{"self":[{"href":"https:\/\/aconteceunovale.com.br\/portal\/index.php?rest_route=\/wp\/v2\/posts\/18309","targetHints":{"allow":["GET"]}}],"collection":[{"href":"https:\/\/aconteceunovale.com.br\/portal\/index.php?rest_route=\/wp\/v2\/posts"}],"about":[{"href":"https:\/\/aconteceunovale.com.br\/portal\/index.php?rest_route=\/wp\/v2\/types\/post"}],"author":[{"embeddable":true,"href":"https:\/\/aconteceunovale.com.br\/portal\/index.php?rest_route=\/wp\/v2\/users\/1"}],"replies":[{"embeddable":true,"href":"https:\/\/aconteceunovale.com.br\/portal\/index.php?rest_route=%2Fwp%2Fv2%2Fcomments&post=18309"}],"version-history":[{"count":0,"href":"https:\/\/aconteceunovale.com.br\/portal\/index.php?rest_route=\/wp\/v2\/posts\/18309\/revisions"}],"wp:attachment":[{"href":"https:\/\/aconteceunovale.com.br\/portal\/index.php?rest_route=%2Fwp%2Fv2%2Fmedia&parent=18309"}],"wp:term":[{"taxonomy":"category","embeddable":true,"href":"https:\/\/aconteceunovale.com.br\/portal\/index.php?rest_route=%2Fwp%2Fv2%2Fcategories&post=18309"},{"taxonomy":"post_tag","embeddable":true,"href":"https:\/\/aconteceunovale.com.br\/portal\/index.php?rest_route=%2Fwp%2Fv2%2Ftags&post=18309"}],"curies":[{"name":"wp","href":"https:\/\/api.w.org\/{rel}","templated":true}]}}