{"id":183082,"date":"2021-10-18T20:48:47","date_gmt":"2021-10-18T23:48:47","guid":{"rendered":"https:\/\/aconteceunovale.com.br\/portal\/?p=183082"},"modified":"2021-10-18T20:49:46","modified_gmt":"2021-10-18T23:49:46","slug":"dois-homens-sao-presos-durante-operacao-conjunta-em-montalvania","status":"publish","type":"post","link":"https:\/\/aconteceunovale.com.br\/portal\/?p=183082","title":{"rendered":"Dois homens s\u00e3o presos durante opera\u00e7\u00e3o conjunta em Montalv\u00e2nia"},"content":{"rendered":"\n<p>Dois homens, de 30 e 36 anos, foram presos durante uma opera\u00e7\u00e3o conjunta entre as pol\u00edcias Civil (PCMG) e Militar (PMMG) em Montalv\u00e2nia, na regi\u00e3o Norte do Estado, nesta segunda-feira (18\/10\/2021).<\/p>\n\n\n\n<figure class=\"wp-block-gallery columns-1 is-cropped wp-block-gallery-1 is-layout-flex wp-block-gallery-is-layout-flex\"><ul class=\"blocks-gallery-grid\"><li class=\"blocks-gallery-item\"><figure><img loading=\"lazy\" decoding=\"async\" width=\"678\" height=\"408\" src=\"https:\/\/aconteceunovale.com.br\/portal\/wp-content\/uploads\/2021\/10\/presos_montalvania.png\" alt=\"\" data-id=\"183083\" data-full-url=\"https:\/\/aconteceunovale.com.br\/portal\/wp-content\/uploads\/2021\/10\/presos_montalvania.png\" data-link=\"https:\/\/aconteceunovale.com.br\/portal\/?attachment_id=183083\" class=\"wp-image-183083\" srcset=\"https:\/\/aconteceunovale.com.br\/portal\/wp-content\/uploads\/2021\/10\/presos_montalvania.png 678w, https:\/\/aconteceunovale.com.br\/portal\/wp-content\/uploads\/2021\/10\/presos_montalvania-300x181.png 300w\" sizes=\"auto, (max-width: 678px) 100vw, 678px\" \/><figcaption class=\"blocks-gallery-item__caption\"><em>Foto: Divulga\u00e7\u00e3o\/PCMG<\/em><\/figcaption><\/figure><\/li><\/ul><\/figure>\n\n\n\n<p>O suspeito de 30 anos estava na condi\u00e7\u00e3o de foragido da Justi\u00e7a, depois que fugiu de uma unidade prisional em Manga, na mesma regi\u00e3o, no dia 7 de outubro deste ano. Ele foi localizado em uma resid\u00eancia em Montalv\u00e2nia. Durante a a\u00e7\u00e3o, o homem, ao perceber a aproxima\u00e7\u00e3o policial, tentou fugir pelos fundos da casa, que estava toda cercada pelos policiais civis e militares. Ele foi contido e preso.<\/p>\n\n\n\n<p>O outro homem, de 36 anos, teve o mandado de pris\u00e3o expedido depois que fugiu de uma abordagem policial em que o irm\u00e3o dele foi preso pelos crimes de furto qualificado, porte de arma e tr\u00e1fico de drogas. Em raz\u00e3o da coautoria, ele foi indiciado e teve a pris\u00e3o decretada. O suspeito foi preso na resid\u00eancia dele.<\/p>\n\n\n\n<p>O delegado Hans Baia esclarece que o trabalho conjunto possibilitou o sucesso da opera\u00e7\u00e3o, permitindo o cumprimento da pena pelo foragido e a pris\u00e3o do suspeito que fugiu durante a pris\u00e3o do irm\u00e3o dele. \u201cEssa pris\u00e3o \u00e9 mais uma resposta dada \u00e0 popula\u00e7\u00e3o local no combate \u00e0 criminalidade e na promo\u00e7\u00e3o da seguran\u00e7a e da pacifica\u00e7\u00e3o social\u201d, refor\u00e7ou.<\/p>\n\n\n\n<p>Ap\u00f3s os cumprimentos dos mandados, os dois homens foram encaminhados ao sistema prisional e encontram-se \u00e0 disposi\u00e7\u00e3o da Justi\u00e7a.<\/p>\n\n\n\n<p>&#8212;&#8212;&#8212;&#8212;&#8212;&#8212;<br><em>Quer receber as not\u00edcias do <strong>Aconteceu no Vale<\/strong> em primeira m\u00e3o? Siga-nos no Facebook <a rel=\"noreferrer noopener\" href=\"http:\/\/facebook.com\/aconteceunovale\" target=\"_blank\">@aconteceunovale<\/a>, Twitter <a rel=\"noreferrer noopener\" href=\"https:\/\/twitter.com\/noticiadosvales\" target=\"_blank\">@noticiadosvales<\/a> e Instagram <a rel=\"noreferrer noopener\" href=\"https:\/\/www.instagram.com\/aconteceunovale\" target=\"_blank\">@aconteceunovale<\/a>.<\/em><\/p>\n","protected":false},"excerpt":{"rendered":"<p>Dois homens, de 30 e 36 anos, foram presos durante uma opera\u00e7\u00e3o conjunta entre as pol\u00edcias Civil (PCMG) e Militar (PMMG) em Montalv\u00e2nia, na regi\u00e3o Norte do Estado, nesta segunda-feira (18\/10\/2021). O suspeito de 30 anos estava na condi\u00e7\u00e3o de foragido da Justi\u00e7a, depois que fugiu de uma unidade prisional em Manga, na mesma regi\u00e3o, [&hellip;]<\/p>\n","protected":false},"author":4,"featured_media":183083,"comment_status":"open","ping_status":"closed","sticky":false,"template":"","format":"standard","meta":{"amp_status":"","footnotes":""},"categories":[1236],"tags":[253188,249684,249685,253185,1356,1709,253189,253190,604,253186,38187,253187,183922],"class_list":["post-183082","post","type-post","status-publish","format-standard","has-post-thumbnail","hentry","category-norte_de_minas","tag-criminosos-presos-em-montalvania","tag-delegado-de-montalvania","tag-delegado-hans-baia","tag-dois-homens-sao-presos-durante-operacao-conjunta-em-montalvania","tag-manga","tag-montalvania","tag-operacao-conjunta-em-montalvania","tag-operacao-policial-em-montalvania","tag-pcmg","tag-pcmg-em-montalvania","tag-pmmg","tag-pmmg-em-montalvania","tag-presos-em-montalvania"],"_links":{"self":[{"href":"https:\/\/aconteceunovale.com.br\/portal\/index.php?rest_route=\/wp\/v2\/posts\/183082","targetHints":{"allow":["GET"]}}],"collection":[{"href":"https:\/\/aconteceunovale.com.br\/portal\/index.php?rest_route=\/wp\/v2\/posts"}],"about":[{"href":"https:\/\/aconteceunovale.com.br\/portal\/index.php?rest_route=\/wp\/v2\/types\/post"}],"author":[{"embeddable":true,"href":"https:\/\/aconteceunovale.com.br\/portal\/index.php?rest_route=\/wp\/v2\/users\/4"}],"replies":[{"embeddable":true,"href":"https:\/\/aconteceunovale.com.br\/portal\/index.php?rest_route=%2Fwp%2Fv2%2Fcomments&post=183082"}],"version-history":[{"count":1,"href":"https:\/\/aconteceunovale.com.br\/portal\/index.php?rest_route=\/wp\/v2\/posts\/183082\/revisions"}],"predecessor-version":[{"id":183084,"href":"https:\/\/aconteceunovale.com.br\/portal\/index.php?rest_route=\/wp\/v2\/posts\/183082\/revisions\/183084"}],"wp:featuredmedia":[{"embeddable":true,"href":"https:\/\/aconteceunovale.com.br\/portal\/index.php?rest_route=\/wp\/v2\/media\/183083"}],"wp:attachment":[{"href":"https:\/\/aconteceunovale.com.br\/portal\/index.php?rest_route=%2Fwp%2Fv2%2Fmedia&parent=183082"}],"wp:term":[{"taxonomy":"category","embeddable":true,"href":"https:\/\/aconteceunovale.com.br\/portal\/index.php?rest_route=%2Fwp%2Fv2%2Fcategories&post=183082"},{"taxonomy":"post_tag","embeddable":true,"href":"https:\/\/aconteceunovale.com.br\/portal\/index.php?rest_route=%2Fwp%2Fv2%2Ftags&post=183082"}],"curies":[{"name":"wp","href":"https:\/\/api.w.org\/{rel}","templated":true}]}}