{"id":183074,"date":"2021-10-18T16:19:18","date_gmt":"2021-10-18T19:19:18","guid":{"rendered":"https:\/\/aconteceunovale.com.br\/portal\/?p=183074"},"modified":"2021-10-18T16:20:29","modified_gmt":"2021-10-18T19:20:29","slug":"diversificacao-de-culturas-amplia-renda-de-produtores-no-vale-do-rio-doce","status":"publish","type":"post","link":"https:\/\/aconteceunovale.com.br\/portal\/?p=183074","title":{"rendered":"Diversifica\u00e7\u00e3o de culturas amplia renda de produtores no Vale do Rio Doce"},"content":{"rendered":"\n<p>Produtores de Itabirinha, no Vale do Rio Doce, apostaram na diversifica\u00e7\u00e3o da produ\u00e7\u00e3o agr\u00edcola como alternativa para melhorar a renda familiar. O neg\u00f3cio vem dando certo e ainda contribui para estimular os jovens no campo. Exemplo vem do produtor Eliseu Severino, que trocou a bovinocultura de leite, que n\u00e3o estava com boa remunera\u00e7\u00e3o, pelo cultivo de banana, pimenta-do-reino e caf\u00e9 conilon, variedade mais adaptada \u00e0 regi\u00e3o.<\/p>\n\n\n\n<figure class=\"wp-block-gallery columns-1 is-cropped wp-block-gallery-1 is-layout-flex wp-block-gallery-is-layout-flex\"><ul class=\"blocks-gallery-grid\"><li class=\"blocks-gallery-item\"><figure><img loading=\"lazy\" decoding=\"async\" width=\"678\" height=\"386\" src=\"https:\/\/aconteceunovale.com.br\/portal\/wp-content\/uploads\/2021\/10\/eliseu_itabirinha.jpg\" alt=\"\" data-id=\"183075\" data-full-url=\"https:\/\/aconteceunovale.com.br\/portal\/wp-content\/uploads\/2021\/10\/eliseu_itabirinha.jpg\" data-link=\"https:\/\/aconteceunovale.com.br\/portal\/?attachment_id=183075\" class=\"wp-image-183075\" srcset=\"https:\/\/aconteceunovale.com.br\/portal\/wp-content\/uploads\/2021\/10\/eliseu_itabirinha.jpg 678w, https:\/\/aconteceunovale.com.br\/portal\/wp-content\/uploads\/2021\/10\/eliseu_itabirinha-300x171.jpg 300w\" sizes=\"auto, (max-width: 678px) 100vw, 678px\" \/><figcaption class=\"blocks-gallery-item__caption\"><em> Eliseu Severino &#8211; Foto: Divulga\u00e7\u00e3o \/ Emater-MG<\/em><\/figcaption><\/figure><\/li><\/ul><\/figure>\n\n\n\n<p>\u201cA banana, por exemplo, \u00e9 um produto que praticamente todos consomem, n\u00e9? E aqui na regi\u00e3o tem uma f\u00e1brica de banana chips, para onde fornecemos a maior parte da produ\u00e7\u00e3o. O restante, vendemos para o mercado do munic\u00edpio mesmo\u201d, explica. Para o investimento na pimenta-do-reino, seu Eliseu contou com o incentivo do cunhado, que mora no Esp\u00edrito Santo. \u201cEle me animou, porque disse que eu teria mais lucro do que com hortali\u00e7as. Ent\u00e3o eu decidi plantar 500 p\u00e9s\u201d, conta. Ele at\u00e9 criou uma m\u00e1quina para debulhar os gr\u00e3os de pimenta, e assim facilitar o preparo do produto para as vendas.<\/p>\n\n\n\n<h2 class=\"wp-block-heading\"><strong>Caf\u00e9&nbsp;<\/strong><\/h2>\n\n\n\n<p>J\u00e1 a lavoura de caf\u00e9 conilon foi implantada com a inten\u00e7\u00e3o de ter uma atividade mais lucrativa e manter no campo os filhos, que j\u00e1 haviam at\u00e9 tentado viver em outro pa\u00eds, em busca de melhor qualidade de vida. O coordenador t\u00e9cnico regional Ronald Hott, da\u00a0Empresa de Assist\u00eancia T\u00e9cnica e Extens\u00e3o do Estado de Minas Gerais (<a rel=\"noreferrer noopener\" href=\"https:\/\/www.emater.mg.gov.br\/\" target=\"_blank\">Emater-MG<\/a>), destaca a import\u00e2ncia das atividades agr\u00edcolas que utilizam mais m\u00e3o de obra como forma de conter o \u00eaxodo rural.<\/p>\n\n\n\n<p>\u201cMuita gente sai do campo, aqui da nossa regi\u00e3o, e vai tentar mais oportunidades nos Estados Unidos. A pecu\u00e1ria, tanto de leite quanto de corte, s\u00e3o atividades que demandam pouca m\u00e3o de obra. E a agricultura j\u00e1 exige mais. E, assim, estimulamos os filhos dos produtores a permanecerem nas propriedades, com renda e qualidade de vida\u201d, diz.<\/p>\n\n\n\n<p>Outro produtor que decidiu apostar no caf\u00e9 conilon em Itabirinha \u00e9 Jos\u00e9 Pereira da Silva. \u201cO mercado de caf\u00e9 tem estado bem melhor do que o de leite. E eu tive a ajuda da Emater de Minas aqui no munic\u00edpio para conseguir implantar a minha produ\u00e7\u00e3o. Tem dado certo\u201d, afirma.<\/p>\n\n\n\n<p>&#8212;&#8212;&#8212;&#8212;&#8212;&#8212;<br><em>Quer receber as not\u00edcias do <strong>Aconteceu no Vale<\/strong> em primeira m\u00e3o? Siga-nos no Facebook <a rel=\"noreferrer noopener\" href=\"http:\/\/facebook.com\/aconteceunovale\" target=\"_blank\">@aconteceunovale<\/a>, Twitter <a rel=\"noreferrer noopener\" href=\"https:\/\/twitter.com\/noticiadosvales\" target=\"_blank\">@noticiadosvales<\/a> e Instagram <a rel=\"noreferrer noopener\" href=\"https:\/\/www.instagram.com\/aconteceunovale\" target=\"_blank\">@aconteceunovale<\/a>.<\/em><\/p>\n","protected":false},"excerpt":{"rendered":"<p>Produtores de Itabirinha, no Vale do Rio Doce, apostaram na diversifica\u00e7\u00e3o da produ\u00e7\u00e3o agr\u00edcola como alternativa para melhorar a renda familiar. O neg\u00f3cio vem dando certo e ainda contribui para estimular os jovens no campo. Exemplo vem do produtor Eliseu Severino, que trocou a bovinocultura de leite, que n\u00e3o estava com boa remunera\u00e7\u00e3o, pelo cultivo [&hellip;]<\/p>\n","protected":false},"author":4,"featured_media":183075,"comment_status":"open","ping_status":"closed","sticky":false,"template":"","format":"standard","meta":{"amp_status":"","footnotes":""},"categories":[121],"tags":[751,253176,1018,253175,253178,253179,25775,2146,12052,253177,176297,129],"class_list":["post-183074","post","type-post","status-publish","format-standard","has-post-thumbnail","hentry","category-leste","tag-agricultura-familiar","tag-ampliacao-de-renda-no-campo","tag-destaque","tag-diversificacao-de-culturas","tag-diversificacao-de-culturas-amplia-renda-de-produtores-em-itabirinha","tag-eliseu-severino","tag-emater-mg","tag-itabirinha","tag-jose-pereira-da-silva","tag-renda-no-campo","tag-ronald-hott","tag-vale-do-rio-doce"],"_links":{"self":[{"href":"https:\/\/aconteceunovale.com.br\/portal\/index.php?rest_route=\/wp\/v2\/posts\/183074","targetHints":{"allow":["GET"]}}],"collection":[{"href":"https:\/\/aconteceunovale.com.br\/portal\/index.php?rest_route=\/wp\/v2\/posts"}],"about":[{"href":"https:\/\/aconteceunovale.com.br\/portal\/index.php?rest_route=\/wp\/v2\/types\/post"}],"author":[{"embeddable":true,"href":"https:\/\/aconteceunovale.com.br\/portal\/index.php?rest_route=\/wp\/v2\/users\/4"}],"replies":[{"embeddable":true,"href":"https:\/\/aconteceunovale.com.br\/portal\/index.php?rest_route=%2Fwp%2Fv2%2Fcomments&post=183074"}],"version-history":[{"count":1,"href":"https:\/\/aconteceunovale.com.br\/portal\/index.php?rest_route=\/wp\/v2\/posts\/183074\/revisions"}],"predecessor-version":[{"id":183076,"href":"https:\/\/aconteceunovale.com.br\/portal\/index.php?rest_route=\/wp\/v2\/posts\/183074\/revisions\/183076"}],"wp:featuredmedia":[{"embeddable":true,"href":"https:\/\/aconteceunovale.com.br\/portal\/index.php?rest_route=\/wp\/v2\/media\/183075"}],"wp:attachment":[{"href":"https:\/\/aconteceunovale.com.br\/portal\/index.php?rest_route=%2Fwp%2Fv2%2Fmedia&parent=183074"}],"wp:term":[{"taxonomy":"category","embeddable":true,"href":"https:\/\/aconteceunovale.com.br\/portal\/index.php?rest_route=%2Fwp%2Fv2%2Fcategories&post=183074"},{"taxonomy":"post_tag","embeddable":true,"href":"https:\/\/aconteceunovale.com.br\/portal\/index.php?rest_route=%2Fwp%2Fv2%2Ftags&post=183074"}],"curies":[{"name":"wp","href":"https:\/\/api.w.org\/{rel}","templated":true}]}}