{"id":183071,"date":"2021-10-18T16:14:26","date_gmt":"2021-10-18T19:14:26","guid":{"rendered":"https:\/\/aconteceunovale.com.br\/portal\/?p=183071"},"modified":"2021-10-18T16:15:39","modified_gmt":"2021-10-18T19:15:39","slug":"renovacao-de-matricula-de-alunos-da-rede-estadual-de-minas-gerais-vai-ate-o-dia-22-de-outubro","status":"publish","type":"post","link":"https:\/\/aconteceunovale.com.br\/portal\/?p=183071","title":{"rendered":"Renova\u00e7\u00e3o de matr\u00edcula de alunos da rede estadual de Minas Gerais vai at\u00e9 o dia 22 de outubro"},"content":{"rendered":"\n<p>O per\u00edodo para a renova\u00e7\u00e3o da matr\u00edcula dos alunos da rede estadual de ensino de Minas Gerais que pretendem continuar na mesma escola em 2022 est\u00e1 chegando ao fim. O prazo \u00e9 at\u00e9 a pr\u00f3xima sexta-feira (22\/10). O procedimento pode ser feito pelo pr\u00f3prio aluno com 18 anos ou mais ou por pais e\/ou respons\u00e1veis do estudante menor de idade.&nbsp;<\/p>\n\n\n\n<p>O processo que garante a vaga do aluno para o pr\u00f3ximo ano na mesma unidade de ensino em que ele j\u00e1 estuda deve ser feito on-line, pelo site&nbsp;<a href=\"https:\/\/renovacao.educacao.mg.gov.br\/\" rel=\"noreferrer noopener\" target=\"_blank\">renovacao.educacao.mg.gov.br<\/a>.<\/p>\n\n\n\n<p>As fam\u00edlias que n\u00e3o t\u00eam acesso \u00e0 internet precisam procurar a escola estadual onde o estudante est\u00e1 atualmente matriculado, em 2021, para assegurar a renova\u00e7\u00e3o da matr\u00edcula para o ano letivo de 2022. Todas as medidas de seguran\u00e7a sanit\u00e1ria estabelecidas pela\u00a0Secretaria de Estado de Sa\u00fade (SES-MG)\u00a0devem ser respeitadas.<\/p>\n\n\n\n<h2 class=\"wp-block-heading\"><strong>Troca de escola ou rede<\/strong><\/h2>\n\n\n\n<p>Para quem pretende mudar de escola ou estiver saindo de outra rede de ensino, seja de institui\u00e7\u00f5es municipais, federais ou privadas, para a rede p\u00fablica estadual, ser\u00e1 necess\u00e1rio aguardar o cadastramento escolar. O procedimento deve ser feito pelo Sistema \u00danico de Cadastro e Encaminhamento para a Matr\u00edcula (Sucem).<\/p>\n\n\n\n<h2 class=\"wp-block-heading\"><strong>Passo a passo<\/strong><\/h2>\n\n\n\n<p>Para a renova\u00e7\u00e3o da matr\u00edcula, pais\/respons\u00e1veis, ou o aluno maior de 18 anos devem acessar o site&nbsp;<a href=\"http:\/\/renovacao.educacao.mg.gov.br\/\" rel=\"noreferrer noopener\" target=\"_blank\">renovacao.educacao.mg.gov.br<\/a>, at\u00e9 22\/10. Ser\u00e1 necess\u00e1rio inserir o n\u00famero da matr\u00edcula no campo destinado ao login, e a data de nascimento com dia, m\u00eas e ano com os quatro d\u00edgitos (sem barras)&nbsp;no espa\u00e7o destinado \u00e0 senha.<\/p>\n\n\n\n<p>Caso o estudante n\u00e3o tenha o n\u00famero da matr\u00edcula, basta clicar na op\u00e7\u00e3o \u201crecuperar n\u00famero de matr\u00edcula do aluno\u201d. Ao selecionar essa alternativa, o sistema solicitar\u00e1 a identifica\u00e7\u00e3o da escola onde o aluno est\u00e1 matriculado, seu nome completo, a data de nascimento e o nome de um dos seus respons\u00e1veis.<\/p>\n\n\n\n<p>Ao concluir o processo, ser\u00e1 disponibilizado o comprovante de renova\u00e7\u00e3o, que pode ser impresso ou salvo em formato PDF.<\/p>\n\n\n\n<h2 class=\"wp-block-heading\"><strong>Perguntas e respostas<\/strong><\/h2>\n\n\n\n<div data-wp-interactive=\"core\/file\" class=\"wp-block-file\"><object data-wp-bind--hidden=\"!state.hasPdfPreview\" hidden class=\"wp-block-file__embed\" data=\"https:\/\/aconteceunovale.com.br\/portal\/wp-content\/uploads\/2021\/10\/MATRICULA_2022.pdf\" type=\"application\/pdf\" style=\"width:100%;height:600px\" aria-label=\"Incorporado de Incorporado de \u2022 Download do documento em PDF..\"><\/object><a href=\"https:\/\/aconteceunovale.com.br\/portal\/wp-content\/uploads\/2021\/10\/MATRICULA_2022.pdf\">\u2022 Download do documento em PDF<\/a><a href=\"https:\/\/aconteceunovale.com.br\/portal\/wp-content\/uploads\/2021\/10\/MATRICULA_2022.pdf\" class=\"wp-block-file__button\" download>clique aqui<\/a><\/div>\n\n\n\n<p>&#8212;&#8212;&#8212;&#8212;&#8212;&#8212;<br><em>Quer receber as not\u00edcias do <strong>Aconteceu no Vale<\/strong> em primeira m\u00e3o? Siga-nos no Facebook <a rel=\"noreferrer noopener\" href=\"http:\/\/facebook.com\/aconteceunovale\" target=\"_blank\">@aconteceunovale<\/a>, Twitter <a rel=\"noreferrer noopener\" href=\"https:\/\/twitter.com\/noticiadosvales\" target=\"_blank\">@noticiadosvales<\/a> e Instagram <a rel=\"noreferrer noopener\" href=\"https:\/\/www.instagram.com\/aconteceunovale\" target=\"_blank\">@aconteceunovale<\/a>.<\/em><\/p>\n","protected":false},"excerpt":{"rendered":"<p>O per\u00edodo para a renova\u00e7\u00e3o da matr\u00edcula dos alunos da rede estadual de ensino de Minas Gerais que pretendem continuar na mesma escola em 2022 est\u00e1 chegando ao fim. O prazo \u00e9 at\u00e9 a pr\u00f3xima sexta-feira (22\/10). O procedimento pode ser feito pelo pr\u00f3prio aluno com 18 anos ou mais ou por pais e\/ou respons\u00e1veis [&hellip;]<\/p>\n","protected":false},"author":4,"featured_media":182680,"comment_status":"open","ping_status":"closed","sticky":false,"template":"","format":"standard","meta":{"amp_status":"","footnotes":""},"categories":[40238,123],"tags":[252537,1018,18892,84362,82847,252538,252541,252539,253174,252540,133841,241087],"class_list":["post-183071","post","type-post","status-publish","format-standard","has-post-thumbnail","hentry","category-educacao-2","category-gerais","tag-comeca-o-periodo-de-renovacao-de-matricula-para-os-alunos-da-rede-publica-estadual","tag-destaque","tag-educacao-de-minas-gerais","tag-educacao-minas-gerais","tag-rede-estadual-de-ensino-de-minas-gerais","tag-renovacao-de-matricula","tag-renovacao-de-matricula-2022","tag-renovacao-de-matricula-da-rede-estadual-de-minas-gerais","tag-renovacao-de-matricula-de-alunos-da-rede-estadual-de-minas-gerais-vai-ate-o-dia-22-de-outubro","tag-renovacao-de-matricula-nas-escolas-de-minas-gerais","tag-see-mg","tag-sucem"],"_links":{"self":[{"href":"https:\/\/aconteceunovale.com.br\/portal\/index.php?rest_route=\/wp\/v2\/posts\/183071","targetHints":{"allow":["GET"]}}],"collection":[{"href":"https:\/\/aconteceunovale.com.br\/portal\/index.php?rest_route=\/wp\/v2\/posts"}],"about":[{"href":"https:\/\/aconteceunovale.com.br\/portal\/index.php?rest_route=\/wp\/v2\/types\/post"}],"author":[{"embeddable":true,"href":"https:\/\/aconteceunovale.com.br\/portal\/index.php?rest_route=\/wp\/v2\/users\/4"}],"replies":[{"embeddable":true,"href":"https:\/\/aconteceunovale.com.br\/portal\/index.php?rest_route=%2Fwp%2Fv2%2Fcomments&post=183071"}],"version-history":[{"count":1,"href":"https:\/\/aconteceunovale.com.br\/portal\/index.php?rest_route=\/wp\/v2\/posts\/183071\/revisions"}],"predecessor-version":[{"id":183073,"href":"https:\/\/aconteceunovale.com.br\/portal\/index.php?rest_route=\/wp\/v2\/posts\/183071\/revisions\/183073"}],"wp:featuredmedia":[{"embeddable":true,"href":"https:\/\/aconteceunovale.com.br\/portal\/index.php?rest_route=\/wp\/v2\/media\/182680"}],"wp:attachment":[{"href":"https:\/\/aconteceunovale.com.br\/portal\/index.php?rest_route=%2Fwp%2Fv2%2Fmedia&parent=183071"}],"wp:term":[{"taxonomy":"category","embeddable":true,"href":"https:\/\/aconteceunovale.com.br\/portal\/index.php?rest_route=%2Fwp%2Fv2%2Fcategories&post=183071"},{"taxonomy":"post_tag","embeddable":true,"href":"https:\/\/aconteceunovale.com.br\/portal\/index.php?rest_route=%2Fwp%2Fv2%2Ftags&post=183071"}],"curies":[{"name":"wp","href":"https:\/\/api.w.org\/{rel}","templated":true}]}}