{"id":182992,"date":"2021-10-16T17:13:56","date_gmt":"2021-10-16T20:13:56","guid":{"rendered":"https:\/\/aconteceunovale.com.br\/portal\/?p=182992"},"modified":"2021-10-16T17:15:27","modified_gmt":"2021-10-16T20:15:27","slug":"estado-leiloa-14-veiculos-apreendidos-em-operacoes-contra-o-trafico-de-drogas","status":"publish","type":"post","link":"https:\/\/aconteceunovale.com.br\/portal\/?p=182992","title":{"rendered":"Estado leiloa 14 ve\u00edculos apreendidos em opera\u00e7\u00f5es contra o tr\u00e1fico de drogas"},"content":{"rendered":"\n<p>Com o intuito de garantir a efici\u00eancia na gest\u00e3o de bens perdidos em favor da Uni\u00e3o, trazer receita aos cofres p\u00fablicos do estado e refor\u00e7ar a pol\u00edtica de combate ao tr\u00e1fico de drogas, a\u00a0Secretaria de Estado de Justi\u00e7a e Seguran\u00e7a P\u00fablica (Sejusp)\u00a0realiza, na pr\u00f3xima quarta-feira (20\/10), o oitavo leil\u00e3o de 2021 de bens apreendidos em opera\u00e7\u00f5es de combate ao tr\u00e1fico de drogas e outros crimes relacionados.<\/p>\n\n\n\n<figure class=\"wp-block-gallery columns-1 is-cropped wp-block-gallery-1 is-layout-flex wp-block-gallery-is-layout-flex\"><ul class=\"blocks-gallery-grid\"><li class=\"blocks-gallery-item\"><figure><img loading=\"lazy\" decoding=\"async\" width=\"678\" height=\"429\" src=\"https:\/\/aconteceunovale.com.br\/portal\/wp-content\/uploads\/2021\/10\/veiculo_trafico_mg.jpeg\" alt=\"\" data-id=\"182993\" data-full-url=\"https:\/\/aconteceunovale.com.br\/portal\/wp-content\/uploads\/2021\/10\/veiculo_trafico_mg.jpeg\" data-link=\"https:\/\/aconteceunovale.com.br\/portal\/?attachment_id=182993\" class=\"wp-image-182993\" srcset=\"https:\/\/aconteceunovale.com.br\/portal\/wp-content\/uploads\/2021\/10\/veiculo_trafico_mg.jpeg 678w, https:\/\/aconteceunovale.com.br\/portal\/wp-content\/uploads\/2021\/10\/veiculo_trafico_mg-300x190.jpeg 300w, https:\/\/aconteceunovale.com.br\/portal\/wp-content\/uploads\/2021\/10\/veiculo_trafico_mg-664x420.jpeg 664w\" sizes=\"auto, (max-width: 678px) 100vw, 678px\" \/><figcaption class=\"blocks-gallery-item__caption\"><em>Foto: Sejusp \/ Divulga\u00e7\u00e3o<\/em><\/figcaption><\/figure><\/li><\/ul><\/figure>\n\n\n\n<p>Nesta edi\u00e7\u00e3o, ser\u00e3o leiloados 14 ve\u00edculos entre carros, motos, vans e carreta. Um Jaguar XE R-Sport, uma Mercedes Benz, um Audi R8 e um Fiat Dobl\u00f4 s\u00e3o alguns dos ve\u00edculos dispon\u00edveis para o arremate. Os lances j\u00e1 podem ser realizados por meio\u00a0<a rel=\"noreferrer noopener\" href=\"https:\/\/www.mgl.com.br\/leilao\/veiculos-apreendidos-ministerio-da-justica\/1436\/#Pagina=1&amp;Index=2\" target=\"_blank\">deste\u00a0site<\/a>. L\u00e1, tamb\u00e9m \u00e9 poss\u00edvel aos interessados obter informa\u00e7\u00f5es sobre os bens e avaliar as respectivas fotos. Para quem desejar conhecer os itens pessoalmente \u00e9 necess\u00e1rio agendamento pr\u00e9vio pelo telefone dispon\u00edvel no edital. A visita\u00e7\u00e3o ocorrer\u00e1 nos dias 18 e 19. Demais informa\u00e7\u00f5es sobre o leil\u00e3o podem ser obtidas\u00a0<a rel=\"noreferrer noopener\" href=\"https:\/\/www.mgl.com.br\/preview\/c82aba04-cd68-4122-a466-fc46656f2ce0.pdf\" target=\"_blank\">neste\u00a0edital<\/a>.<\/p>\n\n\n\n<p>A subsecret\u00e1ria de Preven\u00e7\u00e3o \u00e0 Criminalidade da Sejusp, Andreza Meneghin, destaca a import\u00e2ncia deste oitavo leil\u00e3o. \u201cEste \u00e9 um leil\u00e3o especial porque t\u00eam ve\u00edculos, motos, carretas com um custo mais elevado e que foram apreendidos h\u00e1 muito pouco tempo, o que favorece com que estes ve\u00edculos estejam em um \u00f3timo estado e com um custo agregado mais alto\u201d, explica.<\/p>\n\n\n\n<p>Os itens considerados recuper\u00e1veis podem voltar \u00e0 circula\u00e7\u00e3o e t\u00eam direito \u00e0 documenta\u00e7\u00e3o. Os arrematantes s\u00e3o isentos de multas, encargos e tributos anteriores \u00e0 aquisi\u00e7\u00e3o. J\u00e1 os bens alienados como sucatas irrecuper\u00e1veis s\u00f3 podem ser adquiridos por empresas de desmonte ou reciclagem, devidamente credenciadas em \u00f3rg\u00e3os de tr\u00e2nsito.<\/p>\n\n\n\n<h2 class=\"wp-block-heading\"><strong>Recursos<\/strong><\/h2>\n\n\n\n<p>A a\u00e7\u00e3o faz parte do projeto \u201cEsfor\u00e7o Concentrado para a Redu\u00e7\u00e3o dos Bens Aguardando Destina\u00e7\u00e3o\u201d, do Minist\u00e9rio da Justi\u00e7a e Seguran\u00e7a P\u00fablica, em parceria com o Governo do Estado de Minas Gerais, por meio da Sejusp.<\/p>\n\n\n\n<p>Todos os recursos arrecadados, quando voltam para Minas Gerais, s\u00e3o aplicados em a\u00e7\u00f5es de redu\u00e7\u00e3o da oferta e da demanda de subst\u00e2ncias il\u00edcitas, al\u00e9m de campanhas, estudos e capacita\u00e7\u00f5es relacionadas \u00e0 tem\u00e1tica das drogas. S\u00e3o tamb\u00e9m aplicados na pr\u00f3pria gest\u00e3o do Fundo Nacional Antidrogas (Funad) e nas despesas decorrentes do cumprimento das atribui\u00e7\u00f5es da Secretaria Nacional de Pol\u00edticas sobre Drogas.<\/p>\n\n\n\n<p>A redu\u00e7\u00e3o da oferta significa, por exemplo, a aplica\u00e7\u00e3o dos recursos em projetos de reaparelhamento e custeio das atividades de fiscaliza\u00e7\u00e3o, controle e regress\u00e3o ao uso e tr\u00e1fico il\u00edcito de drogas e outros produtos controlados. J\u00e1 a redu\u00e7\u00e3o da demanda diz respeito a programas de preven\u00e7\u00e3o, aten\u00e7\u00e3o, cuidado, tratamento e reinser\u00e7\u00e3o social de usu\u00e1rios de drogas.<\/p>\n\n\n\n<p>&#8212;&#8212;&#8212;&#8212;&#8212;&#8212;<br><em>Quer receber as not\u00edcias do <strong>Aconteceu no Vale<\/strong> em primeira m\u00e3o? Siga-nos no Facebook <a rel=\"noreferrer noopener\" href=\"http:\/\/facebook.com\/aconteceunovale\" target=\"_blank\">@aconteceunovale<\/a>, Twitter <a rel=\"noreferrer noopener\" href=\"https:\/\/twitter.com\/noticiadosvales\" target=\"_blank\">@noticiadosvales<\/a> e Instagram <a rel=\"noreferrer noopener\" href=\"https:\/\/www.instagram.com\/aconteceunovale\" target=\"_blank\">@aconteceunovale<\/a>.<\/em><\/p>\n","protected":false},"excerpt":{"rendered":"<p>Com o intuito de garantir a efici\u00eancia na gest\u00e3o de bens perdidos em favor da Uni\u00e3o, trazer receita aos cofres p\u00fablicos do estado e refor\u00e7ar a pol\u00edtica de combate ao tr\u00e1fico de drogas, a\u00a0Secretaria de Estado de Justi\u00e7a e Seguran\u00e7a P\u00fablica (Sejusp)\u00a0realiza, na pr\u00f3xima quarta-feira (20\/10), o oitavo leil\u00e3o de 2021 de bens apreendidos em [&hellip;]<\/p>\n","protected":false},"author":4,"featured_media":182993,"comment_status":"open","ping_status":"closed","sticky":false,"template":"","format":"standard","meta":{"amp_status":"","footnotes":""},"categories":[123],"tags":[253030,1018,253024,253029,253027,253028,253025,253026,211375,211372,240601],"class_list":["post-182992","post","type-post","status-publish","format-standard","has-post-thumbnail","hentry","category-gerais","tag-andreza-meneghin","tag-destaque","tag-estado-leiloa-14-veiculos-apreendidos-em-operacoes-contra-o-trafico-de-drogas","tag-leilao-de-audi-r8-em-minas-gerais","tag-leilao-de-jaguar-xe-r-sport-em-minas-gerais","tag-leilao-de-mercedes-em-minas-gerais","tag-leilao-de-veiculos-apreendidos-com-traficantes-em-minas-gerais","tag-leilao-de-veiculos-de-luxo-em-minas-gerais","tag-leilao-de-veiculos-do-trafico-em-minas-gerais","tag-leilao-de-veiculos-em-minas-gerais","tag-leilao-de-veiculos-sejusp"],"_links":{"self":[{"href":"https:\/\/aconteceunovale.com.br\/portal\/index.php?rest_route=\/wp\/v2\/posts\/182992","targetHints":{"allow":["GET"]}}],"collection":[{"href":"https:\/\/aconteceunovale.com.br\/portal\/index.php?rest_route=\/wp\/v2\/posts"}],"about":[{"href":"https:\/\/aconteceunovale.com.br\/portal\/index.php?rest_route=\/wp\/v2\/types\/post"}],"author":[{"embeddable":true,"href":"https:\/\/aconteceunovale.com.br\/portal\/index.php?rest_route=\/wp\/v2\/users\/4"}],"replies":[{"embeddable":true,"href":"https:\/\/aconteceunovale.com.br\/portal\/index.php?rest_route=%2Fwp%2Fv2%2Fcomments&post=182992"}],"version-history":[{"count":1,"href":"https:\/\/aconteceunovale.com.br\/portal\/index.php?rest_route=\/wp\/v2\/posts\/182992\/revisions"}],"predecessor-version":[{"id":182994,"href":"https:\/\/aconteceunovale.com.br\/portal\/index.php?rest_route=\/wp\/v2\/posts\/182992\/revisions\/182994"}],"wp:featuredmedia":[{"embeddable":true,"href":"https:\/\/aconteceunovale.com.br\/portal\/index.php?rest_route=\/wp\/v2\/media\/182993"}],"wp:attachment":[{"href":"https:\/\/aconteceunovale.com.br\/portal\/index.php?rest_route=%2Fwp%2Fv2%2Fmedia&parent=182992"}],"wp:term":[{"taxonomy":"category","embeddable":true,"href":"https:\/\/aconteceunovale.com.br\/portal\/index.php?rest_route=%2Fwp%2Fv2%2Fcategories&post=182992"},{"taxonomy":"post_tag","embeddable":true,"href":"https:\/\/aconteceunovale.com.br\/portal\/index.php?rest_route=%2Fwp%2Fv2%2Ftags&post=182992"}],"curies":[{"name":"wp","href":"https:\/\/api.w.org\/{rel}","templated":true}]}}