{"id":182920,"date":"2021-10-13T20:23:22","date_gmt":"2021-10-13T23:23:22","guid":{"rendered":"https:\/\/aconteceunovale.com.br\/portal\/?p=182920"},"modified":"2021-10-13T20:24:29","modified_gmt":"2021-10-13T23:24:29","slug":"brasil-registra-queda-de-217-em-acidentes-graves-durante-o-feriado-prolongado-da-padroeira","status":"publish","type":"post","link":"https:\/\/aconteceunovale.com.br\/portal\/?p=182920","title":{"rendered":"Brasil registra queda de 21,7% em acidentes graves durante o feriado prolongado da padroeira"},"content":{"rendered":"\n<p>A Pol\u00edcia Rodovi\u00e1ria Federal (PRF) divulgou hoje (13\/10\/2021) os n\u00fameros da Opera\u00e7\u00e3o Nossa Senhora Aparecida, realizada todos os anos no feriado prolongado da padroeira do Brasil.<img decoding=\"async\" src=\"https:\/\/agenciabrasil.ebc.com.br\/ebc.png?id=1424290&amp;o=node\"><img decoding=\"async\" src=\"https:\/\/agenciabrasil.ebc.com.br\/ebc.gif?id=1424290&amp;o=node\"><\/p>\n\n\n\n<p>Foram registrados, em cinco dias de opera\u00e7\u00e3o, 260 acidentes graves nas rodovias federais de todo o pa\u00eds, queda de 21,7% em rela\u00e7\u00e3o ao ano passado. Ainda assim, os acidentes resultaram em 86 mortes, 4,5% abaixo do que em 2020, quando foram registradas 90 mortes.<\/p>\n\n\n\n<p>No geral, foram 1.038 acidentes este ano, 14% a menos que em 2020. \u201cPor mais que tenha havido um incremento no n\u00famero de ve\u00edculos em rela\u00e7\u00e3o a 2020, a fiscaliza\u00e7\u00e3o conseguiu surtir efeito\u201d, disse o inspetor Djairlon Henrique Moura, diretor de Opera\u00e7\u00f5es da PRF. \u201cEmbora n\u00e3o haja o que comemorar, em virtude dos 86 mortos\u201d, acrescentou.<\/p>\n\n\n\n<p>Ao menos um desses acidentes com mortos ocorreu perto da bas\u00edlica de Nossa Senhora Aparecida, em Aparecida (SP), mas a PRF n\u00e3o confirma a rela\u00e7\u00e3o dessa ocorr\u00eancia com a peregrina\u00e7\u00e3o de romeiros.<\/p>\n\n\n\n<p>A maior parte das mortes (27), como costuma ocorrer, deu-se em decorr\u00eancia de colis\u00f5es frontais, muitas das quais ocasionadas por ultrapassagens em faixa cont\u00ednua, o tipo mais comum de infra\u00e7\u00e3o nas estradas. Neste ano, foram mais de 5.700 flagrantes da irregularidade.<\/p>\n\n\n\n<p>Neste ano, o feriado de Dia das Crian\u00e7as, ontem (12), terminou com 1.230 feridos em acidentes nas rodovias federais, 15,4% a menos do que em 2020.<\/p>\n\n\n\n<figure class=\"wp-block-gallery columns-1 is-cropped wp-block-gallery-1 is-layout-flex wp-block-gallery-is-layout-flex\"><ul class=\"blocks-gallery-grid\"><li class=\"blocks-gallery-item\"><figure><img loading=\"lazy\" decoding=\"async\" width=\"678\" height=\"406\" src=\"https:\/\/aconteceunovale.com.br\/portal\/wp-content\/uploads\/2021\/10\/prf_operacao_padroeira.jpg\" alt=\"\" data-id=\"182921\" data-full-url=\"https:\/\/aconteceunovale.com.br\/portal\/wp-content\/uploads\/2021\/10\/prf_operacao_padroeira.jpg\" data-link=\"https:\/\/aconteceunovale.com.br\/portal\/?attachment_id=182921\" class=\"wp-image-182921\" srcset=\"https:\/\/aconteceunovale.com.br\/portal\/wp-content\/uploads\/2021\/10\/prf_operacao_padroeira.jpg 678w, https:\/\/aconteceunovale.com.br\/portal\/wp-content\/uploads\/2021\/10\/prf_operacao_padroeira-300x180.jpg 300w\" sizes=\"auto, (max-width: 678px) 100vw, 678px\" \/><figcaption class=\"blocks-gallery-item__caption\"><em>Foto: Divulga\u00e7\u00e3o \/ PRF Paran\u00e1<\/em><\/figcaption><\/figure><\/li><\/ul><\/figure>\n\n\n\n<h2 class=\"wp-block-heading\">Crimes<\/h2>\n\n\n\n<p>Em rela\u00e7\u00e3o ao combate \u00e0 criminalidade, a PRF registrou um aumento significativo na apreens\u00e3o de coca\u00edna. Nos cinco dias de opera\u00e7\u00e3o, foram apreendidos 770 kg, mais de 300% do que em 2020 (200 kg).<\/p>\n\n\n\n<p>As apreens\u00f5es de maconha, por outro lado, ca\u00edram abruptamente, de 5.390 kg no ano passado para 653 kg este ano. Foram apreendidas tamb\u00e9m 35 armas e 769 muni\u00e7\u00f5es.<\/p>\n\n\n\n<p>Ao todo, 635 pessoas foram detidas e 201 ve\u00edculos adulterados foram recuperados pela PRF.<\/p>\n\n\n\n<p>&#8212;&#8212;&#8212;&#8212;&#8212;&#8212;<br><em>Quer receber as not\u00edcias do <strong>Aconteceu no Vale<\/strong> em primeira m\u00e3o? Siga-nos no Facebook <a rel=\"noreferrer noopener\" href=\"http:\/\/facebook.com\/aconteceunovale\" target=\"_blank\">@aconteceunovale<\/a>, Twitter <a rel=\"noreferrer noopener\" href=\"https:\/\/twitter.com\/noticiadosvales\" target=\"_blank\">@noticiadosvales<\/a> e Instagram <a rel=\"noreferrer noopener\" href=\"https:\/\/www.instagram.com\/aconteceunovale\" target=\"_blank\">@aconteceunovale<\/a>.<\/em><\/p>\n","protected":false},"excerpt":{"rendered":"<p>A Pol\u00edcia Rodovi\u00e1ria Federal (PRF) divulgou hoje (13\/10\/2021) os n\u00fameros da Opera\u00e7\u00e3o Nossa Senhora Aparecida, realizada todos os anos no feriado prolongado da padroeira do Brasil. Foram registrados, em cinco dias de opera\u00e7\u00e3o, 260 acidentes graves nas rodovias federais de todo o pa\u00eds, queda de 21,7% em rela\u00e7\u00e3o ao ano passado. Ainda assim, os acidentes [&hellip;]<\/p>\n","protected":false},"author":4,"featured_media":182921,"comment_status":"open","ping_status":"closed","sticky":false,"template":"","format":"standard","meta":{"amp_status":"","footnotes":""},"categories":[6],"tags":[4785,252926,1018,252702,62553,252701,252699,252700,1984,239,252698,252697],"class_list":["post-182920","post","type-post","status-publish","format-standard","has-post-thumbnail","hentry","category-br","tag-brasil","tag-brasil-registra-queda-de-21-em-acidentes-graves-durante-o-feriado-prolongado-da-padroeira","tag-destaque","tag-feriado-prolongado-de-12-de-outubro","tag-feriado-prolongado-de-nossa-senhora-aparecida","tag-operacao-da-prf-no-feriado-prolongado-de-12-de-outubro","tag-operacao-da-prf-no-feriado-prolongado-de-nossa-senhora-aparecida","tag-operacao-nossa-senhora-aparecida-2021","tag-policia-rodoviaria-federal","tag-prf","tag-prf-inicia-operacao-em-todo-o-brasil","tag-prf-inicia-operacao-em-todo-o-pais"],"_links":{"self":[{"href":"https:\/\/aconteceunovale.com.br\/portal\/index.php?rest_route=\/wp\/v2\/posts\/182920","targetHints":{"allow":["GET"]}}],"collection":[{"href":"https:\/\/aconteceunovale.com.br\/portal\/index.php?rest_route=\/wp\/v2\/posts"}],"about":[{"href":"https:\/\/aconteceunovale.com.br\/portal\/index.php?rest_route=\/wp\/v2\/types\/post"}],"author":[{"embeddable":true,"href":"https:\/\/aconteceunovale.com.br\/portal\/index.php?rest_route=\/wp\/v2\/users\/4"}],"replies":[{"embeddable":true,"href":"https:\/\/aconteceunovale.com.br\/portal\/index.php?rest_route=%2Fwp%2Fv2%2Fcomments&post=182920"}],"version-history":[{"count":1,"href":"https:\/\/aconteceunovale.com.br\/portal\/index.php?rest_route=\/wp\/v2\/posts\/182920\/revisions"}],"predecessor-version":[{"id":182922,"href":"https:\/\/aconteceunovale.com.br\/portal\/index.php?rest_route=\/wp\/v2\/posts\/182920\/revisions\/182922"}],"wp:featuredmedia":[{"embeddable":true,"href":"https:\/\/aconteceunovale.com.br\/portal\/index.php?rest_route=\/wp\/v2\/media\/182921"}],"wp:attachment":[{"href":"https:\/\/aconteceunovale.com.br\/portal\/index.php?rest_route=%2Fwp%2Fv2%2Fmedia&parent=182920"}],"wp:term":[{"taxonomy":"category","embeddable":true,"href":"https:\/\/aconteceunovale.com.br\/portal\/index.php?rest_route=%2Fwp%2Fv2%2Fcategories&post=182920"},{"taxonomy":"post_tag","embeddable":true,"href":"https:\/\/aconteceunovale.com.br\/portal\/index.php?rest_route=%2Fwp%2Fv2%2Ftags&post=182920"}],"curies":[{"name":"wp","href":"https:\/\/api.w.org\/{rel}","templated":true}]}}