{"id":182910,"date":"2021-10-13T09:13:11","date_gmt":"2021-10-13T12:13:11","guid":{"rendered":"https:\/\/aconteceunovale.com.br\/portal\/?p=182910"},"modified":"2021-10-13T09:58:29","modified_gmt":"2021-10-13T12:58:29","slug":"colisao-entre-onibus-e-caminhao-deixa-seis-pessoas-gravemente-feridas-na-br-262","status":"publish","type":"post","link":"https:\/\/aconteceunovale.com.br\/portal\/?p=182910","title":{"rendered":"Colis\u00e3o entre \u00f4nibus e caminh\u00e3o deixa seis pessoas gravemente feridas na BR-262"},"content":{"rendered":"\n<p>Seis pessoas ficaram feridas ap\u00f3s acidente entre um \u00f4nibus da Via\u00e7\u00e3o Gontijo e um caminh\u00e3o na BR-262, no munic\u00edpio de Concei\u00e7\u00e3o do Castelo (ES), na madrugada desta quarta-feira (13\/10\/2021). Segundo informa\u00e7\u00f5es repassadas ao Aconteceu no Vale, o coletivo saiu de Governador Valadares, no Vale do Rio Doce, e seguia para Guarapari (ES).<\/p>\n\n\n\n<p>De acordo com a Pol\u00edcia Rodovi\u00e1ria Federal (PRF), a colis\u00e3o entre os ve\u00edculos aconteceu no km 121 da rodovia. Seis passageiros do \u00f4nibus foram socorridos com ferimentos graves e encaminhados para um hospital da regi\u00e3o.<\/p>\n\n\n\n<p>A rodovia foi parcialmente interditada no trecho. As causas do acidente ser\u00e3o apuradas pelas autoridades locais.<\/p>\n\n\n\n<figure class=\"wp-block-gallery aligncenter columns-1 is-cropped wp-block-gallery-1 is-layout-flex wp-block-gallery-is-layout-flex\"><ul class=\"blocks-gallery-grid\"><li class=\"blocks-gallery-item\"><figure><img loading=\"lazy\" decoding=\"async\" width=\"678\" height=\"446\" src=\"https:\/\/aconteceunovale.com.br\/portal\/wp-content\/uploads\/2021\/10\/acidente_gontijo_262_2.png\" alt=\"\" data-id=\"182912\" data-full-url=\"https:\/\/aconteceunovale.com.br\/portal\/wp-content\/uploads\/2021\/10\/acidente_gontijo_262_2.png\" data-link=\"https:\/\/aconteceunovale.com.br\/portal\/?attachment_id=182912\" class=\"wp-image-182912\" srcset=\"https:\/\/aconteceunovale.com.br\/portal\/wp-content\/uploads\/2021\/10\/acidente_gontijo_262_2.png 678w, https:\/\/aconteceunovale.com.br\/portal\/wp-content\/uploads\/2021\/10\/acidente_gontijo_262_2-300x197.png 300w, https:\/\/aconteceunovale.com.br\/portal\/wp-content\/uploads\/2021\/10\/acidente_gontijo_262_2-638x420.png 638w\" sizes=\"auto, (max-width: 678px) 100vw, 678px\" \/><figcaption class=\"blocks-gallery-item__caption\"> <em>Foto: Divulga\u00e7\u00e3o \/ PRF<\/em> <\/figcaption><\/figure><\/li><li class=\"blocks-gallery-item\"><figure><img loading=\"lazy\" decoding=\"async\" width=\"639\" height=\"450\" src=\"https:\/\/aconteceunovale.com.br\/portal\/wp-content\/uploads\/2021\/10\/acidente_gontijo_262_1.png\" alt=\"\" data-id=\"182913\" data-full-url=\"https:\/\/aconteceunovale.com.br\/portal\/wp-content\/uploads\/2021\/10\/acidente_gontijo_262_1.png\" data-link=\"https:\/\/aconteceunovale.com.br\/portal\/?attachment_id=182913\" class=\"wp-image-182913\" srcset=\"https:\/\/aconteceunovale.com.br\/portal\/wp-content\/uploads\/2021\/10\/acidente_gontijo_262_1.png 639w, https:\/\/aconteceunovale.com.br\/portal\/wp-content\/uploads\/2021\/10\/acidente_gontijo_262_1-300x211.png 300w, https:\/\/aconteceunovale.com.br\/portal\/wp-content\/uploads\/2021\/10\/acidente_gontijo_262_1-100x70.png 100w, https:\/\/aconteceunovale.com.br\/portal\/wp-content\/uploads\/2021\/10\/acidente_gontijo_262_1-596x420.png 596w\" sizes=\"auto, (max-width: 639px) 100vw, 639px\" \/><figcaption class=\"blocks-gallery-item__caption\"> <em>Foto: Divulga\u00e7\u00e3o \/ PRF<\/em><\/figcaption><\/figure><\/li><li class=\"blocks-gallery-item\"><figure><img loading=\"lazy\" decoding=\"async\" width=\"396\" height=\"450\" src=\"https:\/\/aconteceunovale.com.br\/portal\/wp-content\/uploads\/2021\/10\/acidente_gontijo_262_3.png\" alt=\"\" data-id=\"182911\" data-full-url=\"https:\/\/aconteceunovale.com.br\/portal\/wp-content\/uploads\/2021\/10\/acidente_gontijo_262_3.png\" data-link=\"https:\/\/aconteceunovale.com.br\/portal\/?attachment_id=182911\" class=\"wp-image-182911\" srcset=\"https:\/\/aconteceunovale.com.br\/portal\/wp-content\/uploads\/2021\/10\/acidente_gontijo_262_3.png 396w, https:\/\/aconteceunovale.com.br\/portal\/wp-content\/uploads\/2021\/10\/acidente_gontijo_262_3-264x300.png 264w, https:\/\/aconteceunovale.com.br\/portal\/wp-content\/uploads\/2021\/10\/acidente_gontijo_262_3-370x420.png 370w\" sizes=\"auto, (max-width: 396px) 100vw, 396px\" \/><figcaption class=\"blocks-gallery-item__caption\"><em>Foto: Divulga\u00e7\u00e3o \/ PRF<\/em><\/figcaption><\/figure><\/li><\/ul><\/figure>\n\n\n\n<p>&#8212;&#8212;&#8212;&#8212;&#8212;&#8212;<br><em>Quer receber as not\u00edcias do <strong>Aconteceu no Vale<\/strong> em primeira m\u00e3o? Siga-nos no Facebook <a rel=\"noreferrer noopener\" href=\"http:\/\/facebook.com\/aconteceunovale\" target=\"_blank\">@aconteceunovale<\/a>, Twitter <a rel=\"noreferrer noopener\" href=\"https:\/\/twitter.com\/noticiadosvales\" target=\"_blank\">@noticiadosvales<\/a> e Instagram <a rel=\"noreferrer noopener\" href=\"https:\/\/www.instagram.com\/aconteceunovale\" target=\"_blank\">@aconteceunovale<\/a>.<\/em><\/p>\n","protected":false},"excerpt":{"rendered":"<p>Seis pessoas ficaram feridas ap\u00f3s acidente entre um \u00f4nibus da Via\u00e7\u00e3o Gontijo e um caminh\u00e3o na BR-262, no munic\u00edpio de Concei\u00e7\u00e3o do Castelo (ES), na madrugada desta quarta-feira (13\/10\/2021). Segundo informa\u00e7\u00f5es repassadas ao Aconteceu no Vale, o coletivo saiu de Governador Valadares, no Vale do Rio Doce, e seguia para Guarapari (ES). De acordo com [&hellip;]<\/p>\n","protected":false},"author":4,"featured_media":182913,"comment_status":"open","ping_status":"closed","sticky":false,"template":"","format":"standard","meta":{"amp_status":"","footnotes":""},"categories":[6,121],"tags":[153045,252910,252908,252907,252911,208550,49986,252906,252904,252905,252909,1018,247,26931],"class_list":["post-182910","post","type-post","status-publish","format-standard","has-post-thumbnail","hentry","category-br","category-leste","tag-acidente-com-onibus-da-gontijo-na-br-262","tag-acidente-com-onibus-da-gontijo-que-saiu-de-governador-valadares","tag-acidente-com-onibus-da-gontijo-que-seguia-de-governador-valadares-para-guarapari","tag-acidente-com-onibus-da-gontijo-que-seguia-para-guarapari","tag-acidente-com-onibus-que-seguia-de-governador-valadares-para-guarapari","tag-acidente-na-br-262-2","tag-br-262","tag-colisao-entre-onibus-e-caminhao-deixa-seis-pessoas-gravemente-feridas-em-conceicao-do-castelo","tag-colisao-entre-onibus-e-caminhao-deixa-seis-pessoas-gravemente-feridas-na-br-262","tag-colisao-entre-onibus-e-caminhao-deixa-seis-pessoas-gravemente-feridas-na-regiao-serrana-do-espirito-santo","tag-conceicao-do-castelo","tag-destaque","tag-governador-valadares","tag-guarapari"],"_links":{"self":[{"href":"https:\/\/aconteceunovale.com.br\/portal\/index.php?rest_route=\/wp\/v2\/posts\/182910","targetHints":{"allow":["GET"]}}],"collection":[{"href":"https:\/\/aconteceunovale.com.br\/portal\/index.php?rest_route=\/wp\/v2\/posts"}],"about":[{"href":"https:\/\/aconteceunovale.com.br\/portal\/index.php?rest_route=\/wp\/v2\/types\/post"}],"author":[{"embeddable":true,"href":"https:\/\/aconteceunovale.com.br\/portal\/index.php?rest_route=\/wp\/v2\/users\/4"}],"replies":[{"embeddable":true,"href":"https:\/\/aconteceunovale.com.br\/portal\/index.php?rest_route=%2Fwp%2Fv2%2Fcomments&post=182910"}],"version-history":[{"count":2,"href":"https:\/\/aconteceunovale.com.br\/portal\/index.php?rest_route=\/wp\/v2\/posts\/182910\/revisions"}],"predecessor-version":[{"id":182916,"href":"https:\/\/aconteceunovale.com.br\/portal\/index.php?rest_route=\/wp\/v2\/posts\/182910\/revisions\/182916"}],"wp:featuredmedia":[{"embeddable":true,"href":"https:\/\/aconteceunovale.com.br\/portal\/index.php?rest_route=\/wp\/v2\/media\/182913"}],"wp:attachment":[{"href":"https:\/\/aconteceunovale.com.br\/portal\/index.php?rest_route=%2Fwp%2Fv2%2Fmedia&parent=182910"}],"wp:term":[{"taxonomy":"category","embeddable":true,"href":"https:\/\/aconteceunovale.com.br\/portal\/index.php?rest_route=%2Fwp%2Fv2%2Fcategories&post=182910"},{"taxonomy":"post_tag","embeddable":true,"href":"https:\/\/aconteceunovale.com.br\/portal\/index.php?rest_route=%2Fwp%2Fv2%2Ftags&post=182910"}],"curies":[{"name":"wp","href":"https:\/\/api.w.org\/{rel}","templated":true}]}}