{"id":182904,"date":"2021-10-13T08:23:05","date_gmt":"2021-10-13T11:23:05","guid":{"rendered":"https:\/\/aconteceunovale.com.br\/portal\/?p=182904"},"modified":"2021-10-13T08:29:59","modified_gmt":"2021-10-13T11:29:59","slug":"transicao-energetica-e-demasiado-lenta-alerta-agencia-internacional","status":"publish","type":"post","link":"https:\/\/aconteceunovale.com.br\/portal\/?p=182904","title":{"rendered":"Transi\u00e7\u00e3o energ\u00e9tica \u00e9 &#8220;demasiado lenta&#8221;, alerta ag\u00eancia internacional"},"content":{"rendered":"\n<p>A Ag\u00eancia Internacional de Energia (AIE) considerou hoje (13\/10\/2021) que o mundo vai sofrer com o aquecimento global, mas tamb\u00e9m com &#8220;turbul\u00eancias&#8221; no abastecimento energ\u00e9tico, se n\u00e3o investir mais rapidamente em energias limpas.<img decoding=\"async\" src=\"https:\/\/agenciabrasil.ebc.com.br\/ebc.png?id=1424271&amp;o=node\"><img decoding=\"async\" src=\"https:\/\/agenciabrasil.ebc.com.br\/ebc.gif?id=1424271&amp;o=node\"><\/p>\n\n\n\n<figure class=\"wp-block-gallery columns-1 is-cropped wp-block-gallery-1 is-layout-flex wp-block-gallery-is-layout-flex\"><ul class=\"blocks-gallery-grid\"><li class=\"blocks-gallery-item\"><figure><img loading=\"lazy\" decoding=\"async\" width=\"678\" height=\"406\" src=\"https:\/\/aconteceunovale.com.br\/portal\/wp-content\/uploads\/2021\/10\/energia_eolica.jpg\" alt=\"\" data-id=\"182905\" data-full-url=\"https:\/\/aconteceunovale.com.br\/portal\/wp-content\/uploads\/2021\/10\/energia_eolica.jpg\" data-link=\"https:\/\/aconteceunovale.com.br\/portal\/?attachment_id=182905\" class=\"wp-image-182905\" srcset=\"https:\/\/aconteceunovale.com.br\/portal\/wp-content\/uploads\/2021\/10\/energia_eolica.jpg 678w, https:\/\/aconteceunovale.com.br\/portal\/wp-content\/uploads\/2021\/10\/energia_eolica-300x180.jpg 300w\" sizes=\"auto, (max-width: 678px) 100vw, 678px\" \/><figcaption class=\"blocks-gallery-item__caption\"><em>Usina de Energia E\u00f3lica (UEE) em Icara\u00ed, no Cear\u00e1 (CE) &#8211; Foto: Divulga\u00e7\u00e3o\/Ari Versiani\/PAC<\/em><\/figcaption><\/figure><\/li><\/ul><\/figure>\n\n\n\n<p>No relat\u00f3rio anual, publicado duas semanas antes da abertura da Confer\u00eancia das Na\u00e7\u00f5es Unidas sobre as Altera\u00e7\u00f5es Clim\u00e1ticas (COP26), em novembro, em Glasgow, na Esc\u00f3cia, a ag\u00eancia emitiu &#8220;avisos s\u00e9rios sobre a dire\u00e7\u00e3o que o mundo est\u00e1 tomando&#8221;.<\/p>\n\n\n\n<p>Afirmando que surge nova economia no mercado da energia, a ag\u00eancia lamentou que o progresso seja contrariado pela &#8220;resist\u00eancia do&nbsp;<em>status quo<\/em>&nbsp;e dos combust\u00edveis f\u00f3sseis&#8221;, com o petr\u00f3leo, g\u00e1s e carv\u00e3o representando ainda 80% do consumo final de energia, respons\u00e1veis por tr\u00eas quartos das altera\u00e7\u00f5es clim\u00e1ticas.<\/p>\n\n\n\n<p>Atualmente, os compromissos clim\u00e1ticos dos governos, se cumpridos, s\u00f3 permitir\u00e3o atingir 20% das redu\u00e7\u00f5es de emiss\u00f5es de gases de efeito estufa, necess\u00e1rias para manter o aquecimento global sob controle&nbsp;at\u00e9 2030.<\/p>\n\n\n\n<p>&#8220;Os investimentos em projetos de energia descarbonizada ter\u00e3o de triplicar nos pr\u00f3ximos dez&nbsp;anos para se conseguir a neutralidade de carbono at\u00e9 2050&#8221;, apontou o diretor da AIE, Fatih Birol.<\/p>\n\n\n\n<p>&#8220;Se conseguirmos atingir a neutralidade de carbono at\u00e9 2050, 2,2 milh\u00f5es de mortes prematuras por polui\u00e7\u00e3o atmosf\u00e9rica poder\u00e3o ser evitadas at\u00e9 2030, 40% menos do que atualmente. Em outros cen\u00e1rios, ir\u00e3o aumentar&#8221;, adverte o documento.<\/p>\n\n\n\n<p>A AIE, que faz parte da Organiza\u00e7\u00e3o para a Coopera\u00e7\u00e3o e Desenvolvimento Econ\u00f4mico (OCDE), apresentou tr\u00eas cen\u00e1rios para o futuro: o das atuais pol\u00edticas de redu\u00e7\u00e3o de emiss\u00f5es efetivamente implementadas pelos governos; o dos compromissos de redu\u00e7\u00e3o assumidos; e o que permite atingir a neutralidade de carbono em 2050, j\u00e1 tornado p\u00fablico pela AIE em maio.<\/p>\n\n\n\n<p>No primeiro cen\u00e1rio &#8211; o mais pessimista &#8211; a temperatura global aumentar\u00e1 2,6 graus Celsius em 2100, em compara\u00e7\u00e3o com a era pr\u00e9-industrial; no segundo, 2,1 graus; e apenas no terceiro ser\u00e1 limitada a 1,5 grau.<\/p>\n\n\n\n<p>O terceiro&nbsp;cen\u00e1rio, atingindo a neutralidade de carbono at\u00e9 2050, &#8220;exigir\u00e1 grandes esfor\u00e7os, mas oferece benef\u00edcios consider\u00e1veis, tanto para a sa\u00fade quanto&nbsp;para o desenvolvimento econ\u00f4mico&#8221;, afirma&nbsp;a AIE.<\/p>\n\n\n\n<p>A ag\u00eancia acredita que \u00e9 necess\u00e1rio um aumento do investimento de cerca de US$ 4 bilh\u00f5es por ano at\u00e9 2030 em projetos e infra-estruturas de energia limpa para atingir o objetivo da neutralidade de carbono at\u00e9 2050.<\/p>\n\n\n\n<p>O financiamento adicional necess\u00e1rio para esse objetivo &#8220;\u00e9 menos oneroso do que parece&#8221;, acrescentou. Segundo a AIE, 40% das redu\u00e7\u00f5es das emiss\u00f5es &#8220;pagam-se&#8221;, por meio&nbsp;da efici\u00eancia energ\u00e9tica, da luta contra as fugas de metano ou de parques solares ou e\u00f3licos.<\/p>\n\n\n\n<p>A AIE disse ainda que o atual d\u00e9ficit&nbsp;de investimento afeta n\u00e3o s\u00f3 o clima, mas tamb\u00e9m os pre\u00e7os e a oferta, garantindo &#8220;turbul\u00eancias&#8221; como as que o mundo sofre&nbsp;atualmente, com as tens\u00f5es sobre os combust\u00edveis f\u00f3sseis.<\/p>\n\n\n\n<p>Nos \u00faltimos anos, a deprecia\u00e7\u00e3o dos pre\u00e7os do petr\u00f3leo e do g\u00e1s limitaram o investimento no setor, mas a transi\u00e7\u00e3o para a energia limpa \u00e9 demasiado lenta para satisfazer a procura, considerou a ag\u00eancia<\/p>\n\n\n\n<p>&#8220;H\u00e1 um risco de turbul\u00eancia crescente nos mercados globais de energia&#8221;, disse Birol. &#8220;N\u00e3o estamos investindo&nbsp;o suficiente para satisfazer necessidades futuras, e essas incertezas est\u00e3o nos preparando para um per\u00edodo vol\u00e1til&#8221;, disse.<\/p>\n\n\n\n<p>&#8220;A forma de responder \u00e9 clara: investir de forma r\u00e1pida e maci\u00e7a em energia limpa&#8221; para satisfazer as necessidades, tanto a curto quanto&nbsp;a longo prazo, acrescentou.<\/p>\n\n\n\n<p>Caso contr\u00e1rio, &#8220;o risco de volatilidade desestabilizadora tender\u00e1 a aumentar&#8221;, afirma&nbsp;o relat\u00f3rio, que destaca&nbsp;a import\u00e2ncia de uma transi\u00e7\u00e3o &#8220;acess\u00edvel a todos os cidad\u00e3os&#8221;.<\/p>\n\n\n\n<p>&#8220;Est\u00e1 surgindo uma nova economia energ\u00e9tica, com potencial para criar milh\u00f5es de empregos&#8221;, disse Fatih Birol, que apelou aos l\u00edderes que participar\u00e3o\u00a0da COP26 para &#8220;fazer\u00a0a sua parte, transformando\u00a0a d\u00e9cada de 2020 na de\u00a0implanta\u00e7\u00e3o maci\u00e7a da energia descarbonizada&#8221;.<\/p>\n\n\n\n<p>&#8212;&#8212;&#8212;&#8212;&#8212;&#8212;<br><em>Quer receber as not\u00edcias do <strong>Aconteceu no Vale<\/strong> em primeira m\u00e3o? Siga-nos no Facebook <a rel=\"noreferrer noopener\" href=\"http:\/\/facebook.com\/aconteceunovale\" target=\"_blank\">@aconteceunovale<\/a>, Twitter <a rel=\"noreferrer noopener\" href=\"https:\/\/twitter.com\/noticiadosvales\" target=\"_blank\">@noticiadosvales<\/a> e Instagram <a rel=\"noreferrer noopener\" href=\"https:\/\/www.instagram.com\/aconteceunovale\" target=\"_blank\">@aconteceunovale<\/a>.<\/em><\/p>\n","protected":false},"excerpt":{"rendered":"<p>A Ag\u00eancia Internacional de Energia (AIE) considerou hoje (13\/10\/2021) que o mundo vai sofrer com o aquecimento global, mas tamb\u00e9m com &#8220;turbul\u00eancias&#8221; no abastecimento energ\u00e9tico, se n\u00e3o investir mais rapidamente em energias limpas. No relat\u00f3rio anual, publicado duas semanas antes da abertura da Confer\u00eancia das Na\u00e7\u00f5es Unidas sobre as Altera\u00e7\u00f5es Clim\u00e1ticas (COP26), em novembro, em [&hellip;]<\/p>\n","protected":false},"author":4,"featured_media":182905,"comment_status":"open","ping_status":"closed","sticky":false,"template":"","format":"standard","meta":{"amp_status":"","footnotes":""},"categories":[28848],"tags":[252897,51179,102221,33884,246318,46464,1018,252900,75726,20806,252899,247095,252898,129492,251820],"class_list":["post-182904","post","type-post","status-publish","format-standard","has-post-thumbnail","hentry","category-mundo","tag-abastecimento-energetico","tag-agencia-internacional-de-energia","tag-aie","tag-aquecimento-global","tag-cop26","tag-crise-energetica","tag-destaque","tag-economia-energetica","tag-energia-limpa","tag-escocia","tag-fatih-birol","tag-glasgow","tag-investimento-em-energia-limpa","tag-ocde","tag-transicao-energetica"],"_links":{"self":[{"href":"https:\/\/aconteceunovale.com.br\/portal\/index.php?rest_route=\/wp\/v2\/posts\/182904","targetHints":{"allow":["GET"]}}],"collection":[{"href":"https:\/\/aconteceunovale.com.br\/portal\/index.php?rest_route=\/wp\/v2\/posts"}],"about":[{"href":"https:\/\/aconteceunovale.com.br\/portal\/index.php?rest_route=\/wp\/v2\/types\/post"}],"author":[{"embeddable":true,"href":"https:\/\/aconteceunovale.com.br\/portal\/index.php?rest_route=\/wp\/v2\/users\/4"}],"replies":[{"embeddable":true,"href":"https:\/\/aconteceunovale.com.br\/portal\/index.php?rest_route=%2Fwp%2Fv2%2Fcomments&post=182904"}],"version-history":[{"count":1,"href":"https:\/\/aconteceunovale.com.br\/portal\/index.php?rest_route=\/wp\/v2\/posts\/182904\/revisions"}],"predecessor-version":[{"id":182906,"href":"https:\/\/aconteceunovale.com.br\/portal\/index.php?rest_route=\/wp\/v2\/posts\/182904\/revisions\/182906"}],"wp:featuredmedia":[{"embeddable":true,"href":"https:\/\/aconteceunovale.com.br\/portal\/index.php?rest_route=\/wp\/v2\/media\/182905"}],"wp:attachment":[{"href":"https:\/\/aconteceunovale.com.br\/portal\/index.php?rest_route=%2Fwp%2Fv2%2Fmedia&parent=182904"}],"wp:term":[{"taxonomy":"category","embeddable":true,"href":"https:\/\/aconteceunovale.com.br\/portal\/index.php?rest_route=%2Fwp%2Fv2%2Fcategories&post=182904"},{"taxonomy":"post_tag","embeddable":true,"href":"https:\/\/aconteceunovale.com.br\/portal\/index.php?rest_route=%2Fwp%2Fv2%2Ftags&post=182904"}],"curies":[{"name":"wp","href":"https:\/\/api.w.org\/{rel}","templated":true}]}}