{"id":182824,"date":"2021-10-09T11:09:14","date_gmt":"2021-10-09T14:09:14","guid":{"rendered":"https:\/\/aconteceunovale.com.br\/portal\/?p=182824"},"modified":"2021-10-09T11:09:58","modified_gmt":"2021-10-09T14:09:58","slug":"brasil-tem-354-milhoes-de-doses-de-vacinas-contra-covid-19-garantidas-para-2022-diz-ministro","status":"publish","type":"post","link":"https:\/\/aconteceunovale.com.br\/portal\/?p=182824","title":{"rendered":"Brasil tem 354 milh\u00f5es de doses de vacinas contra Covid-19 garantidas para 2022, diz ministro"},"content":{"rendered":"\n<p class=\"wp-block-paragraph\">O ministro da Sa\u00fade, Marcelo Queiroga, afirmou, nesta sexta-feira (8\/10\/2021), que o Brasil j\u00e1 tem 354 milh\u00f5es de doses de vacinas contra a covid-19 garantidas para 2022. Queiroga incluiu na conta os acordos fechados para a aquisi\u00e7\u00e3o de dois imunizantes, dos laborat\u00f3rios Pfizer e AstraZeneca.<\/p>\n\n\n\n<figure class=\"wp-block-gallery columns-1 is-cropped wp-block-gallery-1 is-layout-flex wp-block-gallery-is-layout-flex\"><ul class=\"blocks-gallery-grid\"><li class=\"blocks-gallery-item\"><figure><img loading=\"lazy\" decoding=\"async\" width=\"678\" height=\"406\" src=\"https:\/\/aconteceunovale.com.br\/portal\/wp-content\/uploads\/2021\/10\/ministro_queiroga.jpg\" alt=\"\" data-id=\"182826\" data-full-url=\"https:\/\/aconteceunovale.com.br\/portal\/wp-content\/uploads\/2021\/10\/ministro_queiroga.jpg\" data-link=\"https:\/\/aconteceunovale.com.br\/portal\/?attachment_id=182826\" class=\"wp-image-182826\" srcset=\"https:\/\/aconteceunovale.com.br\/portal\/wp-content\/uploads\/2021\/10\/ministro_queiroga.jpg 678w, https:\/\/aconteceunovale.com.br\/portal\/wp-content\/uploads\/2021\/10\/ministro_queiroga-300x180.jpg 300w\" sizes=\"auto, (max-width: 678px) 100vw, 678px\" \/><figcaption class=\"blocks-gallery-item__caption\"><em>Foto: Fabio Rodrigues-Pozzebom\/Ag\u00eancia Brasil<\/em><\/figcaption><\/figure><\/li><\/ul><\/figure>\n\n\n\n<p class=\"wp-block-paragraph\">\u201cEstamos ainda mais fortes para, no ano de 2022, fazer uma campanha ainda mais bem consolidada. N\u00f3s j\u00e1 temos adquiridas para o ano de 2022, adquiridas ou em tratativas avan\u00e7adas, 354 milh\u00f5es de doses de vacina contra a covid-19\u201d, disse Queiroga, em pronunciamento no fim da tarde.<\/p>\n\n\n\n<p class=\"wp-block-paragraph\">O governo fechou um acordo para compra de 100 milh\u00f5es de doses da vacina da Pfizer e 120 milh\u00f5es de doses do imunizante da AstraZeneca. Com os 134 milh\u00f5es de doses adquiridos neste ano, chega-se \u00e0s 354 milh\u00f5es de doses anunciadas por Queiroga. Al\u00e9m disso, existe a possibilidade de compra de 50 milh\u00f5es de doses adicionais da vacina da Pfizer, caso seja necess\u00e1rio, e 60 milh\u00f5es de doses da Covishield, da AstraZeneca.<\/p>\n\n\n\n<p class=\"wp-block-paragraph\">O ministro, que se recuperou recentemente de covid-19, diagnosticada durante viagem oficial aos Estados Unidos, afirmou que 90% da popula\u00e7\u00e3o adulta do pa\u00eds j\u00e1 tomou a primeira dose de vacinas contra a doen\u00e7a\u00a0 e 60%, as duas doses, ou\u00a0 dose \u00fanica. \u201cE j\u00e1 iniciamos [a aplica\u00e7\u00e3o de] uma dose adicional para idosos acima de 60 anos e uma dose de refor\u00e7o para os profissionais de sa\u00fade. Isso \u00e9 a prova concreta da for\u00e7a do SUS [Sistema \u00danico de Sa\u00fade] e do nosso programa de imuniza\u00e7\u00e3o\u201d, acrescentou Queiroga.<\/p>\n\n\n\n<p class=\"wp-block-paragraph\">A CoronaVac, vacina desenvolvida na China e produzida no Brasil pelo Instituto Butantan, de S\u00e3o Paulo, n\u00e3o entrou no planejamento de novas aquisi\u00e7\u00f5es do governo. O secret\u00e1rio executivo do Minist\u00e9rio da Sa\u00fade, Rodrigo Cruz, lembrou que a CoronaVac, assim como a Janssen, ainda \u00e9 usada no Brasil com autoriza\u00e7\u00e3o da Ag\u00eancia Nacional de Vigil\u00e2ncia Sanit\u00e1ria (Anvisa) para uso emergencial. Dessa forma, esclareceu Cruz, assim que a pandemia for declarada encerrada, essa autoriza\u00e7\u00e3o deixa de existir. A CoronaVac foi o segundo imunizante mais aplicado no bra\u00e7o dos brasileiros, com 75,1 milh\u00f5es de doses.<\/p>\n\n\n\n<p class=\"wp-block-paragraph\">Sobre o registro definitivo da CoronaVac, o Instituto Butantan divulgou nota afirmando que a Anvisa recebeu, no dia 20 de novembro de 2020, a primeira parte da documenta\u00e7\u00e3o necess\u00e1ria para oficializar o pedido de registro definitivo de sua vacina.<\/p>\n\n\n\n<p class=\"wp-block-paragraph\">\u201cA partir dessa data, iniciou-se a discuss\u00e3o sobre as metodologias utilizadas, o que fez com que houvesse esse atraso nos resultados dos testes de imunogenicidade. Se tivesse havido consenso nos m\u00e9todos propostos pelo instituto, o processo j\u00e1 estaria conclu\u00eddo, e o registro definitivo da CoronaVac j\u00e1 teria sido concedido. No momento, com o objetivo de sanar a quest\u00e3o, o Butantan fechou um acordo com a Sinovac para que as an\u00e1lises complementares de imunogenicidade sejam realizadas em parceria com o laborat\u00f3rio. As amostras j\u00e1 foram enviadas para an\u00e1lise no padr\u00e3o requerido pela Anvisa\u201d, acrescentou.<img decoding=\"async\" src=\"https:\/\/agenciabrasil.ebc.com.br\/ebc.png?id=1424007&amp;o=node\"><img decoding=\"async\" src=\"https:\/\/agenciabrasil.ebc.com.br\/ebc.gif?id=1424007&amp;o=node\"><\/p>\n\n\n\n<h2 class=\"wp-block-heading\">Planejamento&nbsp;<\/h2>\n\n\n\n<p class=\"wp-block-paragraph\">Para o ano que vem, o minist\u00e9rio planeja vacinar a popula\u00e7\u00e3o com doses de refor\u00e7o para a popula\u00e7\u00e3o. De acordo com o planejamento da pasta, todos os maiores de 18 anos ser\u00e3o vacinados novamente. Pessoas entre 18 e 60 anos receber\u00e3o uma dose e maiores de 60 anos e imunossuprimidos (aqueles cujos mecanismos normais de defesa contra infec\u00e7\u00e3o est\u00e3o comprometidos), duas doses.<\/p>\n\n\n\n<p class=\"wp-block-paragraph\">A vacina\u00e7\u00e3o ser\u00e1 feita por idade, em escala decrescente.<\/p>\n\n\n\n<p class=\"wp-block-paragraph\">As doses de refor\u00e7o ser\u00e3o dadas em um prazo de seis meses ap\u00f3s a imuniza\u00e7\u00e3o completa, ou a aplica\u00e7\u00e3o da dose adicional, caso tenha ocorrido. Al\u00e9m disso, se a Anvisa aprovar a imuniza\u00e7\u00e3o de menores de 12 anos, esta ser\u00e1 feita com a aplica\u00e7\u00e3o de duas doses.<\/p>\n\n\n\n<h2 class=\"wp-block-heading\">Assista na \u00edntegra<\/h2>\n\n\n\n<figure class=\"wp-block-embed is-type-rich is-provider-incorporar-manipulador wp-block-embed-incorporar-manipulador wp-embed-aspect-16-9 wp-has-aspect-ratio\"><div class=\"wp-block-embed__wrapper\">\n<iframe loading=\"lazy\" title=\"#AoVivo Coletiva de imprensa sobre o planejamento da vacina\u00e7\u00e3o contra a Covid-19 para 2022\" width=\"696\" height=\"392\" src=\"https:\/\/www.youtube.com\/embed\/y01oC5Up2Wo?feature=oembed\" frameborder=\"0\" allow=\"accelerometer; autoplay; clipboard-write; encrypted-media; gyroscope; picture-in-picture\" allowfullscreen><\/iframe>\n<\/div><\/figure>\n\n\n\n<p class=\"wp-block-paragraph\">&#8212;&#8212;&#8212;&#8212;&#8212;&#8212;<br><em>Quer receber as not\u00edcias do <strong>Aconteceu no Vale<\/strong> em primeira m\u00e3o? Siga-nos no Facebook <a rel=\"noreferrer noopener\" href=\"http:\/\/facebook.com\/aconteceunovale\" target=\"_blank\">@aconteceunovale<\/a>, Twitter <a rel=\"noreferrer noopener\" href=\"https:\/\/twitter.com\/noticiadosvales\" target=\"_blank\">@noticiadosvales<\/a> e Instagram <a rel=\"noreferrer noopener\" href=\"https:\/\/www.instagram.com\/aconteceunovale\" target=\"_blank\">@aconteceunovale<\/a>.<\/em><\/p>\n","protected":false},"excerpt":{"rendered":"<p>O ministro da Sa\u00fade, Marcelo Queiroga, afirmou, nesta sexta-feira (8\/10\/2021), que o Brasil j\u00e1 tem 354 milh\u00f5es de doses de vacinas contra a covid-19 garantidas para 2022. Queiroga incluiu na conta os acordos fechados para a aquisi\u00e7\u00e3o de dois imunizantes, dos laborat\u00f3rios Pfizer e AstraZeneca. \u201cEstamos ainda mais fortes para, no ano de 2022, fazer [&hellip;]<\/p>\n","protected":false},"author":4,"featured_media":182826,"comment_status":"open","ping_status":"closed","sticky":false,"template":"","format":"standard","meta":{"amp_status":"","footnotes":""},"categories":[6,40242],"tags":[252774,252775,252783,224214,194,1017,4785,252771,223371,568,29112,223372,215394,218043,252776,24222,252778,252782,236485,252781,239762,19326,34259,252772,247453,252779,247454,247455,252780,224484,39755,252777,234651,252773,230040,231097],"class_list":["post-182824","post","type-post","status-publish","format-standard","has-post-thumbnail","hentry","category-br","category-saude-2","tag-alexandre-maoski","tag-amelia-maoski","tag-anistia-internacional-brasil","tag-astrazeneca","tag-belo-horizonte","tag-bh","tag-brasil","tag-brasil-tem-mais-de-600-mil-obitos-por-covid-19","tag-butantan","tag-cnm","tag-confederacao-nacional-de-municipios","tag-coronavac","tag-coronavirus-no-brasil","tag-covid-19-no-brasil","tag-fases-da-pandemia-no-brasil","tag-fiocruz","tag-importancia-da-vacinacao-contra-a-covid-19","tag-jane-cruz-silva","tag-janssen","tag-luis-gonzaga-da-silva-filho","tag-marcelo-queiroga","tag-ministerio-da-saude","tag-ministro-da-saude","tag-novo-coronavirus-no-brasil","tag-numero-de-casos-de-covid-19-no-brasil","tag-numero-de-curados-da-covid-19-no-brasil","tag-numero-de-mortos-por-covid-19-no-brasil","tag-numero-de-obitos-por-covid-19-no-brasil","tag-numero-de-recuperados-da-covid-19-no-brasil","tag-pandemia-no-brasil","tag-pfizer","tag-raphael-guimaraes","tag-sars-cov-2-no-brasil","tag-silvia-maoski","tag-vacinacao-contra-a-covid-19","tag-vacinacao-contra-o-coronavirus"],"yoast_head":"<!-- This site is optimized with the Yoast SEO plugin v28.3 - https:\/\/yoast.com\/product\/yoast-seo-wordpress\/ -->\n<title>Brasil tem 354 milh\u00f5es de doses de vacinas contra Covid-19 garantidas para 2022, diz ministro - Aconteceu no Vale<\/title>\n<meta name=\"robots\" content=\"index, follow, max-snippet:-1, max-image-preview:large, max-video-preview:-1\" \/>\n<link rel=\"canonical\" href=\"https:\/\/aconteceunovale.com.br\/portal\/?p=182824\" \/>\n<meta property=\"og:locale\" content=\"pt_BR\" \/>\n<meta property=\"og:type\" content=\"article\" \/>\n<meta property=\"og:title\" content=\"Brasil tem 354 milh\u00f5es de doses de vacinas contra Covid-19 garantidas para 2022, diz ministro - Aconteceu no Vale\" \/>\n<meta property=\"og:description\" content=\"O ministro da Sa\u00fade, Marcelo Queiroga, afirmou, nesta sexta-feira (8\/10\/2021), que o Brasil j\u00e1 tem 354 milh\u00f5es de doses de vacinas contra a covid-19 garantidas para 2022. Queiroga incluiu na conta os acordos fechados para a aquisi\u00e7\u00e3o de dois imunizantes, dos laborat\u00f3rios Pfizer e AstraZeneca. \u201cEstamos ainda mais fortes para, no ano de 2022, fazer [&hellip;]\" \/>\n<meta property=\"og:url\" content=\"https:\/\/aconteceunovale.com.br\/portal\/?p=182824\" \/>\n<meta property=\"og:site_name\" content=\"Aconteceu no Vale\" \/>\n<meta property=\"article:publisher\" content=\"https:\/\/www.facebook.com\/aconteceunovale\/\" \/>\n<meta property=\"article:published_time\" content=\"2021-10-09T14:09:14+00:00\" \/>\n<meta property=\"article:modified_time\" content=\"2021-10-09T14:09:58+00:00\" \/>\n<meta property=\"og:image\" content=\"https:\/\/aconteceunovale.com.br\/portal\/wp-content\/uploads\/2021\/10\/ministro_queiroga.jpg\" \/>\n\t<meta property=\"og:image:width\" content=\"678\" \/>\n\t<meta property=\"og:image:height\" content=\"406\" \/>\n\t<meta property=\"og:image:type\" content=\"image\/jpeg\" \/>\n<meta name=\"author\" content=\"Reda\u00e7\u00e3o Aconteceu no Vale\" \/>\n<meta name=\"twitter:card\" content=\"summary_large_image\" \/>\n<meta name=\"twitter:creator\" content=\"@noticiadosvales\" \/>\n<meta name=\"twitter:site\" content=\"@noticiadosvales\" \/>\n<meta name=\"twitter:label1\" content=\"Escrito por\" \/>\n\t<meta name=\"twitter:data1\" content=\"Reda\u00e7\u00e3o Aconteceu no Vale\" \/>\n\t<meta name=\"twitter:label2\" content=\"Est. tempo de leitura\" \/>\n\t<meta name=\"twitter:data2\" content=\"3 minutos\" \/>\n<script type=\"application\/ld+json\" class=\"yoast-schema-graph\">{\"@context\":\"https:\\\/\\\/schema.org\",\"@graph\":[{\"@type\":\"Article\",\"@id\":\"https:\\\/\\\/aconteceunovale.com.br\\\/portal\\\/?p=182824#article\",\"isPartOf\":{\"@id\":\"https:\\\/\\\/aconteceunovale.com.br\\\/portal\\\/?p=182824\"},\"author\":{\"name\":\"Reda\u00e7\u00e3o Aconteceu no Vale\",\"@id\":\"https:\\\/\\\/aconteceunovale.com.br\\\/portal\\\/#\\\/schema\\\/person\\\/7d2f26d1483f8a63de73da1ee0754d35\"},\"headline\":\"Brasil tem 354 milh\u00f5es de doses de vacinas contra Covid-19 garantidas para 2022, diz ministro\",\"datePublished\":\"2021-10-09T14:09:14+00:00\",\"dateModified\":\"2021-10-09T14:09:58+00:00\",\"mainEntityOfPage\":{\"@id\":\"https:\\\/\\\/aconteceunovale.com.br\\\/portal\\\/?p=182824\"},\"wordCount\":689,\"commentCount\":0,\"image\":{\"@id\":\"https:\\\/\\\/aconteceunovale.com.br\\\/portal\\\/?p=182824#primaryimage\"},\"thumbnailUrl\":\"https:\\\/\\\/aconteceunovale.com.br\\\/portal\\\/wp-content\\\/uploads\\\/2021\\\/10\\\/ministro_queiroga.jpg\",\"keywords\":[\"Alexandre Maoski\",\"Am\u00e9lia Maoski\",\"Anistia Internacional Brasil\",\"AstraZeneca\",\"Belo Horizonte\",\"bh\",\"brasil\",\"Brasil tem mais de 600 mil \u00f3bitos por Covid-19\",\"Butantan\",\"cnm\",\"Confedera\u00e7\u00e3o Nacional de Munic\u00edpios\",\"CoronaVac\",\"Coronav\u00edrus no Brasil\",\"Covid-19 no Brasil\",\"Fases da pandemia no Brasil\",\"Fiocruz\",\"Import\u00e2ncia da vacina\u00e7\u00e3o contra a covid-19\",\"Jane Cruz Silva\",\"Janssen\",\"Lu\u00eds Gonzaga da Silva Filho\",\"Marcelo Queiroga\",\"Minist\u00e9rio da Sa\u00fade\",\"ministro da Sa\u00fade\",\"Novo coronav\u00edrus no Brasil\",\"N\u00famero de casos de covid-19 no Brasil\",\"N\u00famero de curados da covid-19 no Brasil\",\"N\u00famero de mortos por covid-19 no Brasil\",\"N\u00famero de \u00f3bitos por covid-19 no Brasil\",\"N\u00famero de recuperados da covid-19 no Brasil\",\"Pandemia no Brasil\",\"Pfizer\",\"Raphael Guimar\u00e3es\",\"SARS-CoV-2 no Brasil\",\"Silvia Maoski\",\"Vacina\u00e7\u00e3o contra a Covid-19\",\"Vacina\u00e7\u00e3o contra o coronav\u00edrus\"],\"articleSection\":[\"Brasil\",\"Sa\u00fade\"],\"inLanguage\":\"pt-BR\",\"potentialAction\":[{\"@type\":\"CommentAction\",\"name\":\"Comment\",\"target\":[\"https:\\\/\\\/aconteceunovale.com.br\\\/portal\\\/?p=182824#respond\"]}]},{\"@type\":\"WebPage\",\"@id\":\"https:\\\/\\\/aconteceunovale.com.br\\\/portal\\\/?p=182824\",\"url\":\"https:\\\/\\\/aconteceunovale.com.br\\\/portal\\\/?p=182824\",\"name\":\"Brasil tem 354 milh\u00f5es de doses de vacinas contra Covid-19 garantidas para 2022, diz ministro - Aconteceu no Vale\",\"isPartOf\":{\"@id\":\"https:\\\/\\\/aconteceunovale.com.br\\\/portal\\\/#website\"},\"primaryImageOfPage\":{\"@id\":\"https:\\\/\\\/aconteceunovale.com.br\\\/portal\\\/?p=182824#primaryimage\"},\"image\":{\"@id\":\"https:\\\/\\\/aconteceunovale.com.br\\\/portal\\\/?p=182824#primaryimage\"},\"thumbnailUrl\":\"https:\\\/\\\/aconteceunovale.com.br\\\/portal\\\/wp-content\\\/uploads\\\/2021\\\/10\\\/ministro_queiroga.jpg\",\"datePublished\":\"2021-10-09T14:09:14+00:00\",\"dateModified\":\"2021-10-09T14:09:58+00:00\",\"author\":{\"@id\":\"https:\\\/\\\/aconteceunovale.com.br\\\/portal\\\/#\\\/schema\\\/person\\\/7d2f26d1483f8a63de73da1ee0754d35\"},\"breadcrumb\":{\"@id\":\"https:\\\/\\\/aconteceunovale.com.br\\\/portal\\\/?p=182824#breadcrumb\"},\"inLanguage\":\"pt-BR\",\"potentialAction\":[{\"@type\":\"ReadAction\",\"target\":[\"https:\\\/\\\/aconteceunovale.com.br\\\/portal\\\/?p=182824\"]}]},{\"@type\":\"ImageObject\",\"inLanguage\":\"pt-BR\",\"@id\":\"https:\\\/\\\/aconteceunovale.com.br\\\/portal\\\/?p=182824#primaryimage\",\"url\":\"https:\\\/\\\/aconteceunovale.com.br\\\/portal\\\/wp-content\\\/uploads\\\/2021\\\/10\\\/ministro_queiroga.jpg\",\"contentUrl\":\"https:\\\/\\\/aconteceunovale.com.br\\\/portal\\\/wp-content\\\/uploads\\\/2021\\\/10\\\/ministro_queiroga.jpg\",\"width\":678,\"height\":406,\"caption\":\"O ministro da Sa\u00fade, Marcelo Queiroga, fala hoje (8) sobre quais ser\u00e3o as abordagens do governo federal em rela\u00e7\u00e3o \u00e0 vacina\u00e7\u00e3o contra covid-19 para o ano de 2022.\"},{\"@type\":\"BreadcrumbList\",\"@id\":\"https:\\\/\\\/aconteceunovale.com.br\\\/portal\\\/?p=182824#breadcrumb\",\"itemListElement\":[{\"@type\":\"ListItem\",\"position\":1,\"name\":\"In\u00edcio\",\"item\":\"https:\\\/\\\/aconteceunovale.com.br\\\/portal\\\/\"},{\"@type\":\"ListItem\",\"position\":2,\"name\":\"Brasil tem 354 milh\u00f5es de doses de vacinas contra Covid-19 garantidas para 2022, diz ministro\"}]},{\"@type\":\"WebSite\",\"@id\":\"https:\\\/\\\/aconteceunovale.com.br\\\/portal\\\/#website\",\"url\":\"https:\\\/\\\/aconteceunovale.com.br\\\/portal\\\/\",\"name\":\"Aconteceu no Vale\",\"description\":\"Portal de Not\u00edcias\",\"potentialAction\":[{\"@type\":\"SearchAction\",\"target\":{\"@type\":\"EntryPoint\",\"urlTemplate\":\"https:\\\/\\\/aconteceunovale.com.br\\\/portal\\\/?s={search_term_string}\"},\"query-input\":{\"@type\":\"PropertyValueSpecification\",\"valueRequired\":true,\"valueName\":\"search_term_string\"}}],\"inLanguage\":\"pt-BR\"},{\"@type\":\"Person\",\"@id\":\"https:\\\/\\\/aconteceunovale.com.br\\\/portal\\\/#\\\/schema\\\/person\\\/7d2f26d1483f8a63de73da1ee0754d35\",\"name\":\"Reda\u00e7\u00e3o Aconteceu no Vale\",\"description\":\"Equipe de reportagem do Aconteceu no Vale, portal de not\u00edcias do Vale do Jequitinhonha, em Minas Gerais. Cobrimos as 51 cidades do Vale desde 2013. Sugest\u00f5es de pauta e pedidos de corre\u00e7\u00e3o: contato@aconteceunovale.com.br\",\"url\":\"https:\\\/\\\/aconteceunovale.com.br\\\/portal\\\/?author=4\"}]}<\/script>\n<!-- \/ Yoast SEO plugin. -->","yoast_head_json":{"title":"Brasil tem 354 milh\u00f5es de doses de vacinas contra Covid-19 garantidas para 2022, diz ministro - Aconteceu no Vale","robots":{"index":"index","follow":"follow","max-snippet":"max-snippet:-1","max-image-preview":"max-image-preview:large","max-video-preview":"max-video-preview:-1"},"canonical":"https:\/\/aconteceunovale.com.br\/portal\/?p=182824","og_locale":"pt_BR","og_type":"article","og_title":"Brasil tem 354 milh\u00f5es de doses de vacinas contra Covid-19 garantidas para 2022, diz ministro - Aconteceu no Vale","og_description":"O ministro da Sa\u00fade, Marcelo Queiroga, afirmou, nesta sexta-feira (8\/10\/2021), que o Brasil j\u00e1 tem 354 milh\u00f5es de doses de vacinas contra a covid-19 garantidas para 2022. Queiroga incluiu na conta os acordos fechados para a aquisi\u00e7\u00e3o de dois imunizantes, dos laborat\u00f3rios Pfizer e AstraZeneca. \u201cEstamos ainda mais fortes para, no ano de 2022, fazer [&hellip;]","og_url":"https:\/\/aconteceunovale.com.br\/portal\/?p=182824","og_site_name":"Aconteceu no Vale","article_publisher":"https:\/\/www.facebook.com\/aconteceunovale\/","article_published_time":"2021-10-09T14:09:14+00:00","article_modified_time":"2021-10-09T14:09:58+00:00","og_image":[{"width":678,"height":406,"url":"https:\/\/aconteceunovale.com.br\/portal\/wp-content\/uploads\/2021\/10\/ministro_queiroga.jpg","type":"image\/jpeg"}],"author":"Reda\u00e7\u00e3o Aconteceu no Vale","twitter_card":"summary_large_image","twitter_creator":"@noticiadosvales","twitter_site":"@noticiadosvales","twitter_misc":{"Escrito por":"Reda\u00e7\u00e3o Aconteceu no Vale","Est. tempo de leitura":"3 minutos"},"schema":{"@context":"https:\/\/schema.org","@graph":[{"@type":"Article","@id":"https:\/\/aconteceunovale.com.br\/portal\/?p=182824#article","isPartOf":{"@id":"https:\/\/aconteceunovale.com.br\/portal\/?p=182824"},"author":{"name":"Reda\u00e7\u00e3o Aconteceu no Vale","@id":"https:\/\/aconteceunovale.com.br\/portal\/#\/schema\/person\/7d2f26d1483f8a63de73da1ee0754d35"},"headline":"Brasil tem 354 milh\u00f5es de doses de vacinas contra Covid-19 garantidas para 2022, diz ministro","datePublished":"2021-10-09T14:09:14+00:00","dateModified":"2021-10-09T14:09:58+00:00","mainEntityOfPage":{"@id":"https:\/\/aconteceunovale.com.br\/portal\/?p=182824"},"wordCount":689,"commentCount":0,"image":{"@id":"https:\/\/aconteceunovale.com.br\/portal\/?p=182824#primaryimage"},"thumbnailUrl":"https:\/\/aconteceunovale.com.br\/portal\/wp-content\/uploads\/2021\/10\/ministro_queiroga.jpg","keywords":["Alexandre Maoski","Am\u00e9lia Maoski","Anistia Internacional Brasil","AstraZeneca","Belo Horizonte","bh","brasil","Brasil tem mais de 600 mil \u00f3bitos por Covid-19","Butantan","cnm","Confedera\u00e7\u00e3o Nacional de Munic\u00edpios","CoronaVac","Coronav\u00edrus no Brasil","Covid-19 no Brasil","Fases da pandemia no Brasil","Fiocruz","Import\u00e2ncia da vacina\u00e7\u00e3o contra a covid-19","Jane Cruz Silva","Janssen","Lu\u00eds Gonzaga da Silva Filho","Marcelo Queiroga","Minist\u00e9rio da Sa\u00fade","ministro da Sa\u00fade","Novo coronav\u00edrus no Brasil","N\u00famero de casos de covid-19 no Brasil","N\u00famero de curados da covid-19 no Brasil","N\u00famero de mortos por covid-19 no Brasil","N\u00famero de \u00f3bitos por covid-19 no Brasil","N\u00famero de recuperados da covid-19 no Brasil","Pandemia no Brasil","Pfizer","Raphael Guimar\u00e3es","SARS-CoV-2 no Brasil","Silvia Maoski","Vacina\u00e7\u00e3o contra a Covid-19","Vacina\u00e7\u00e3o contra o coronav\u00edrus"],"articleSection":["Brasil","Sa\u00fade"],"inLanguage":"pt-BR","potentialAction":[{"@type":"CommentAction","name":"Comment","target":["https:\/\/aconteceunovale.com.br\/portal\/?p=182824#respond"]}]},{"@type":"WebPage","@id":"https:\/\/aconteceunovale.com.br\/portal\/?p=182824","url":"https:\/\/aconteceunovale.com.br\/portal\/?p=182824","name":"Brasil tem 354 milh\u00f5es de doses de vacinas contra Covid-19 garantidas para 2022, diz ministro - Aconteceu no Vale","isPartOf":{"@id":"https:\/\/aconteceunovale.com.br\/portal\/#website"},"primaryImageOfPage":{"@id":"https:\/\/aconteceunovale.com.br\/portal\/?p=182824#primaryimage"},"image":{"@id":"https:\/\/aconteceunovale.com.br\/portal\/?p=182824#primaryimage"},"thumbnailUrl":"https:\/\/aconteceunovale.com.br\/portal\/wp-content\/uploads\/2021\/10\/ministro_queiroga.jpg","datePublished":"2021-10-09T14:09:14+00:00","dateModified":"2021-10-09T14:09:58+00:00","author":{"@id":"https:\/\/aconteceunovale.com.br\/portal\/#\/schema\/person\/7d2f26d1483f8a63de73da1ee0754d35"},"breadcrumb":{"@id":"https:\/\/aconteceunovale.com.br\/portal\/?p=182824#breadcrumb"},"inLanguage":"pt-BR","potentialAction":[{"@type":"ReadAction","target":["https:\/\/aconteceunovale.com.br\/portal\/?p=182824"]}]},{"@type":"ImageObject","inLanguage":"pt-BR","@id":"https:\/\/aconteceunovale.com.br\/portal\/?p=182824#primaryimage","url":"https:\/\/aconteceunovale.com.br\/portal\/wp-content\/uploads\/2021\/10\/ministro_queiroga.jpg","contentUrl":"https:\/\/aconteceunovale.com.br\/portal\/wp-content\/uploads\/2021\/10\/ministro_queiroga.jpg","width":678,"height":406,"caption":"O ministro da Sa\u00fade, Marcelo Queiroga, fala hoje (8) sobre quais ser\u00e3o as abordagens do governo federal em rela\u00e7\u00e3o \u00e0 vacina\u00e7\u00e3o contra covid-19 para o ano de 2022."},{"@type":"BreadcrumbList","@id":"https:\/\/aconteceunovale.com.br\/portal\/?p=182824#breadcrumb","itemListElement":[{"@type":"ListItem","position":1,"name":"In\u00edcio","item":"https:\/\/aconteceunovale.com.br\/portal\/"},{"@type":"ListItem","position":2,"name":"Brasil tem 354 milh\u00f5es de doses de vacinas contra Covid-19 garantidas para 2022, diz ministro"}]},{"@type":"WebSite","@id":"https:\/\/aconteceunovale.com.br\/portal\/#website","url":"https:\/\/aconteceunovale.com.br\/portal\/","name":"Aconteceu no Vale","description":"Portal de Not\u00edcias","potentialAction":[{"@type":"SearchAction","target":{"@type":"EntryPoint","urlTemplate":"https:\/\/aconteceunovale.com.br\/portal\/?s={search_term_string}"},"query-input":{"@type":"PropertyValueSpecification","valueRequired":true,"valueName":"search_term_string"}}],"inLanguage":"pt-BR"},{"@type":"Person","@id":"https:\/\/aconteceunovale.com.br\/portal\/#\/schema\/person\/7d2f26d1483f8a63de73da1ee0754d35","name":"Reda\u00e7\u00e3o Aconteceu no Vale","description":"Equipe de reportagem do Aconteceu no Vale, portal de not\u00edcias do Vale do Jequitinhonha, em Minas Gerais. Cobrimos as 51 cidades do Vale desde 2013. Sugest\u00f5es de pauta e pedidos de corre\u00e7\u00e3o: contato@aconteceunovale.com.br","url":"https:\/\/aconteceunovale.com.br\/portal\/?author=4"}]}},"_links":{"self":[{"href":"https:\/\/aconteceunovale.com.br\/portal\/index.php?rest_route=\/wp\/v2\/posts\/182824","targetHints":{"allow":["GET"]}}],"collection":[{"href":"https:\/\/aconteceunovale.com.br\/portal\/index.php?rest_route=\/wp\/v2\/posts"}],"about":[{"href":"https:\/\/aconteceunovale.com.br\/portal\/index.php?rest_route=\/wp\/v2\/types\/post"}],"author":[{"embeddable":true,"href":"https:\/\/aconteceunovale.com.br\/portal\/index.php?rest_route=\/wp\/v2\/users\/4"}],"replies":[{"embeddable":true,"href":"https:\/\/aconteceunovale.com.br\/portal\/index.php?rest_route=%2Fwp%2Fv2%2Fcomments&post=182824"}],"version-history":[{"count":1,"href":"https:\/\/aconteceunovale.com.br\/portal\/index.php?rest_route=\/wp\/v2\/posts\/182824\/revisions"}],"predecessor-version":[{"id":182827,"href":"https:\/\/aconteceunovale.com.br\/portal\/index.php?rest_route=\/wp\/v2\/posts\/182824\/revisions\/182827"}],"wp:featuredmedia":[{"embeddable":true,"href":"https:\/\/aconteceunovale.com.br\/portal\/index.php?rest_route=\/wp\/v2\/media\/182826"}],"wp:attachment":[{"href":"https:\/\/aconteceunovale.com.br\/portal\/index.php?rest_route=%2Fwp%2Fv2%2Fmedia&parent=182824"}],"wp:term":[{"taxonomy":"category","embeddable":true,"href":"https:\/\/aconteceunovale.com.br\/portal\/index.php?rest_route=%2Fwp%2Fv2%2Fcategories&post=182824"},{"taxonomy":"post_tag","embeddable":true,"href":"https:\/\/aconteceunovale.com.br\/portal\/index.php?rest_route=%2Fwp%2Fv2%2Ftags&post=182824"}],"curies":[{"name":"wp","href":"https:\/\/api.w.org\/{rel}","templated":true}]}}