{"id":182729,"date":"2021-10-06T21:44:02","date_gmt":"2021-10-07T00:44:02","guid":{"rendered":"https:\/\/aconteceunovale.com.br\/portal\/?p=182729"},"modified":"2021-10-06T21:46:28","modified_gmt":"2021-10-07T00:46:28","slug":"foragido-da-justica-capixaba-e-preso-em-montes-claros","status":"publish","type":"post","link":"https:\/\/aconteceunovale.com.br\/portal\/?p=182729","title":{"rendered":"Foragido da Justi\u00e7a capixaba \u00e9 preso em Montes Claros"},"content":{"rendered":"\n<p class=\"wp-block-paragraph\">A Pol\u00edcia Civil de Minas Gerais (PCMG) cumpriu, na tarde dessa ter\u00e7a-feira (5\/10), em Montes Claros, mandado de pris\u00e3o preventiva contra um homem, de 38 anos, por envolvimento em crime de homic\u00eddio. A medida judicial foi expedida pela Comarca de S\u00e3o Mateus, no Esp\u00edrito Santos, depois que o suspeito foi condenado a 14 anos de reclus\u00e3o.<\/p>\n\n\n\n<p class=\"wp-block-paragraph\">O homem foi localizado no bairro S\u00e3o Luiz por equipes da Delegacia Especializada de Homic\u00eddios e da Ag\u00eancia de Intelig\u00eancia da PCMG em Montes Claros. O delegado Bruno Rezende informa que o suspeito ainda teria participa\u00e7\u00e3o em sequestros, roubo a banco, entre outros crimes. Ele explica que, a partir dessas informa\u00e7\u00f5es, os policiais se empenharam para cumprir a ordem com maior brevidade, pois, al\u00e9m da ficha criminal, havia chance de retalia\u00e7\u00e3o por causa das mortes \u00e0s quais o foragido estaria vinculado.<\/p>\n\n\n\n<p class=\"wp-block-paragraph\">Foi levantando tamb\u00e9m que o condenado pertence \u00e0 etnia cigana e faz parte de uma fam\u00edlia que h\u00e1 anos trava uma guerra sangrenta entre seus parentes. O confronto teria provocado a morte de cerca de 15 pessoas e se espalhou por v\u00e1rios estados, como Bahia, Rond\u00f4nia, Goi\u00e1s, Tocantins, S\u00e3o Paulo e Esp\u00edrito Santo, bem como o Distrito Federal. Com isso, a PCMG acredita que poderia haver, inclusive, um atentado, na cidade de Montes Claros, contra a fam\u00edlia do suspeito.<\/p>\n\n\n\n<p class=\"wp-block-paragraph\">\u00c0 pol\u00edcia, o homem disse que reside no munic\u00edpio do Norte de Minas h\u00e1 aproximadamente quatro anos e exercia a profiss\u00e3o de comerciante de carros. O mandado de pris\u00e3o foi expedido em abril deste ano. Para conseguir ficar foragido, ele alegou que fazia uso de identidades falsas. Sobre os crimes imputados, o suspeito se negou a prestar informa\u00e7\u00f5es.<\/p>\n\n\n\n<p class=\"wp-block-paragraph\">A medida foi cumprida e o suspeito encontra-se \u00e0 disposi\u00e7\u00e3o da Justi\u00e7a no Sistema Prisional.<\/p>\n\n\n\n<p class=\"wp-block-paragraph\">&#8212;&#8212;&#8212;&#8212;&#8212;&#8212;<br><em>Quer receber as not\u00edcias do <strong>Aconteceu no Vale<\/strong> em primeira m\u00e3o? Siga-nos no Facebook <a rel=\"noreferrer noopener\" href=\"http:\/\/facebook.com\/aconteceunovale\" target=\"_blank\">@aconteceunovale<\/a>, Twitter <a rel=\"noreferrer noopener\" href=\"https:\/\/twitter.com\/noticiadosvales\" target=\"_blank\">@noticiadosvales<\/a> e Instagram <a rel=\"noreferrer noopener\" href=\"https:\/\/www.instagram.com\/aconteceunovale\" target=\"_blank\">@aconteceunovale<\/a>.<\/em><\/p>\n","protected":false},"excerpt":{"rendered":"<p>A Pol\u00edcia Civil de Minas Gerais (PCMG) cumpriu, na tarde dessa ter\u00e7a-feira (5\/10), em Montes Claros, mandado de pris\u00e3o preventiva contra um homem, de 38 anos, por envolvimento em crime de homic\u00eddio. A medida judicial foi expedida pela Comarca de S\u00e3o Mateus, no Esp\u00edrito Santos, depois que o suspeito foi condenado a 14 anos de [&hellip;]<\/p>\n","protected":false},"author":4,"featured_media":162079,"comment_status":"open","ping_status":"closed","sticky":false,"template":"","format":"standard","meta":{"amp_status":"","footnotes":""},"categories":[6,1236],"tags":[252643,252641,252638,252639,86200,1018,4484,252637,252644,210,245698,30798,252642,15950,252640],"class_list":["post-182729","post","type-post","status-publish","format-standard","has-post-thumbnail","hentry","category-br","category-norte_de_minas","tag-cigano-foragido-de-sao-mateus","tag-cigano-foragido-preso-em-montes-claros","tag-cigano-preso-em-montes-claros","tag-comerciante-preso-em-montes-claros","tag-delegado-bruno-rezende","tag-destaque","tag-espirito-santo","tag-foragido-da-justica-capixaba-e-preso-em-montes-claros","tag-foragido-de-sao-mateus-e-preso-em-montes-claros","tag-montes-claros","tag-pcmg-em-montes-claros","tag-policia-civil-de-montes-claros","tag-prisao-de-cigano-em-montes-claros","tag-sao-mateus","tag-vendedor-de-carros-preso-em-montes-claros"],"yoast_head":"<!-- This site is optimized with the Yoast SEO plugin v28.3 - https:\/\/yoast.com\/product\/yoast-seo-wordpress\/ -->\n<title>Foragido da Justi\u00e7a capixaba \u00e9 preso em Montes Claros - Aconteceu no Vale<\/title>\n<meta name=\"robots\" content=\"index, follow, max-snippet:-1, max-image-preview:large, max-video-preview:-1\" \/>\n<link rel=\"canonical\" href=\"https:\/\/aconteceunovale.com.br\/portal\/?p=182729\" \/>\n<meta property=\"og:locale\" content=\"pt_BR\" \/>\n<meta property=\"og:type\" content=\"article\" \/>\n<meta property=\"og:title\" content=\"Foragido da Justi\u00e7a capixaba \u00e9 preso em Montes Claros - Aconteceu no Vale\" \/>\n<meta property=\"og:description\" content=\"A Pol\u00edcia Civil de Minas Gerais (PCMG) cumpriu, na tarde dessa ter\u00e7a-feira (5\/10), em Montes Claros, mandado de pris\u00e3o preventiva contra um homem, de 38 anos, por envolvimento em crime de homic\u00eddio. A medida judicial foi expedida pela Comarca de S\u00e3o Mateus, no Esp\u00edrito Santos, depois que o suspeito foi condenado a 14 anos de [&hellip;]\" \/>\n<meta property=\"og:url\" content=\"https:\/\/aconteceunovale.com.br\/portal\/?p=182729\" \/>\n<meta property=\"og:site_name\" content=\"Aconteceu no Vale\" \/>\n<meta property=\"article:publisher\" content=\"https:\/\/www.facebook.com\/aconteceunovale\/\" \/>\n<meta property=\"article:published_time\" content=\"2021-10-07T00:44:02+00:00\" \/>\n<meta property=\"article:modified_time\" content=\"2021-10-07T00:46:28+00:00\" \/>\n<meta property=\"og:image\" content=\"https:\/\/aconteceunovale.com.br\/portal\/wp-content\/uploads\/2020\/05\/pcmg.jpg\" \/>\n\t<meta property=\"og:image:width\" content=\"650\" \/>\n\t<meta property=\"og:image:height\" content=\"402\" \/>\n\t<meta property=\"og:image:type\" content=\"image\/jpeg\" \/>\n<meta name=\"author\" content=\"Reda\u00e7\u00e3o Aconteceu no Vale\" \/>\n<meta name=\"twitter:card\" content=\"summary_large_image\" \/>\n<meta name=\"twitter:creator\" content=\"@noticiadosvales\" \/>\n<meta name=\"twitter:site\" content=\"@noticiadosvales\" \/>\n<meta name=\"twitter:label1\" content=\"Escrito por\" \/>\n\t<meta name=\"twitter:data1\" content=\"Reda\u00e7\u00e3o Aconteceu no Vale\" \/>\n\t<meta name=\"twitter:label2\" content=\"Est. tempo de leitura\" \/>\n\t<meta name=\"twitter:data2\" content=\"2 minutos\" \/>\n<script type=\"application\/ld+json\" class=\"yoast-schema-graph\">{\"@context\":\"https:\\\/\\\/schema.org\",\"@graph\":[{\"@type\":\"Article\",\"@id\":\"https:\\\/\\\/aconteceunovale.com.br\\\/portal\\\/?p=182729#article\",\"isPartOf\":{\"@id\":\"https:\\\/\\\/aconteceunovale.com.br\\\/portal\\\/?p=182729\"},\"author\":{\"name\":\"Reda\u00e7\u00e3o Aconteceu no Vale\",\"@id\":\"https:\\\/\\\/aconteceunovale.com.br\\\/portal\\\/#\\\/schema\\\/person\\\/7d2f26d1483f8a63de73da1ee0754d35\"},\"headline\":\"Foragido da Justi\u00e7a capixaba \u00e9 preso em Montes Claros\",\"datePublished\":\"2021-10-07T00:44:02+00:00\",\"dateModified\":\"2021-10-07T00:46:28+00:00\",\"mainEntityOfPage\":{\"@id\":\"https:\\\/\\\/aconteceunovale.com.br\\\/portal\\\/?p=182729\"},\"wordCount\":344,\"commentCount\":0,\"image\":{\"@id\":\"https:\\\/\\\/aconteceunovale.com.br\\\/portal\\\/?p=182729#primaryimage\"},\"thumbnailUrl\":\"https:\\\/\\\/aconteceunovale.com.br\\\/portal\\\/wp-content\\\/uploads\\\/2020\\\/05\\\/pcmg.jpg\",\"keywords\":[\"Cigano foragido de S\u00e3o Mateus\",\"Cigano foragido preso em Montes Claros\",\"Cigano preso em Montes Claros\",\"Comerciante preso em Montes Claros\",\"delegado Bruno Rezende\",\"destaque\",\"Esp\u00edrito Santo\",\"Foragido da Justi\u00e7a capixaba \u00e9 preso em Montes Claros\",\"Foragido de S\u00e3o Mateus \u00e9 preso em Montes Claros\",\"Montes Claros\",\"PCMG em Montes Claros\",\"Pol\u00edcia Civil de Montes Claros\",\"Pris\u00e3o de cigano em Montes Claros\",\"S\u00e3o Mateus\",\"Vendedor de carros preso em Montes Claros\"],\"articleSection\":[\"Brasil\",\"Norte de Minas\"],\"inLanguage\":\"pt-BR\",\"potentialAction\":[{\"@type\":\"CommentAction\",\"name\":\"Comment\",\"target\":[\"https:\\\/\\\/aconteceunovale.com.br\\\/portal\\\/?p=182729#respond\"]}]},{\"@type\":\"WebPage\",\"@id\":\"https:\\\/\\\/aconteceunovale.com.br\\\/portal\\\/?p=182729\",\"url\":\"https:\\\/\\\/aconteceunovale.com.br\\\/portal\\\/?p=182729\",\"name\":\"Foragido da Justi\u00e7a capixaba \u00e9 preso em Montes Claros - Aconteceu no Vale\",\"isPartOf\":{\"@id\":\"https:\\\/\\\/aconteceunovale.com.br\\\/portal\\\/#website\"},\"primaryImageOfPage\":{\"@id\":\"https:\\\/\\\/aconteceunovale.com.br\\\/portal\\\/?p=182729#primaryimage\"},\"image\":{\"@id\":\"https:\\\/\\\/aconteceunovale.com.br\\\/portal\\\/?p=182729#primaryimage\"},\"thumbnailUrl\":\"https:\\\/\\\/aconteceunovale.com.br\\\/portal\\\/wp-content\\\/uploads\\\/2020\\\/05\\\/pcmg.jpg\",\"datePublished\":\"2021-10-07T00:44:02+00:00\",\"dateModified\":\"2021-10-07T00:46:28+00:00\",\"author\":{\"@id\":\"https:\\\/\\\/aconteceunovale.com.br\\\/portal\\\/#\\\/schema\\\/person\\\/7d2f26d1483f8a63de73da1ee0754d35\"},\"breadcrumb\":{\"@id\":\"https:\\\/\\\/aconteceunovale.com.br\\\/portal\\\/?p=182729#breadcrumb\"},\"inLanguage\":\"pt-BR\",\"potentialAction\":[{\"@type\":\"ReadAction\",\"target\":[\"https:\\\/\\\/aconteceunovale.com.br\\\/portal\\\/?p=182729\"]}]},{\"@type\":\"ImageObject\",\"inLanguage\":\"pt-BR\",\"@id\":\"https:\\\/\\\/aconteceunovale.com.br\\\/portal\\\/?p=182729#primaryimage\",\"url\":\"https:\\\/\\\/aconteceunovale.com.br\\\/portal\\\/wp-content\\\/uploads\\\/2020\\\/05\\\/pcmg.jpg\",\"contentUrl\":\"https:\\\/\\\/aconteceunovale.com.br\\\/portal\\\/wp-content\\\/uploads\\\/2020\\\/05\\\/pcmg.jpg\",\"width\":650,\"height\":402},{\"@type\":\"BreadcrumbList\",\"@id\":\"https:\\\/\\\/aconteceunovale.com.br\\\/portal\\\/?p=182729#breadcrumb\",\"itemListElement\":[{\"@type\":\"ListItem\",\"position\":1,\"name\":\"In\u00edcio\",\"item\":\"https:\\\/\\\/aconteceunovale.com.br\\\/portal\\\/\"},{\"@type\":\"ListItem\",\"position\":2,\"name\":\"Foragido da Justi\u00e7a capixaba \u00e9 preso em Montes Claros\"}]},{\"@type\":\"WebSite\",\"@id\":\"https:\\\/\\\/aconteceunovale.com.br\\\/portal\\\/#website\",\"url\":\"https:\\\/\\\/aconteceunovale.com.br\\\/portal\\\/\",\"name\":\"Aconteceu no Vale\",\"description\":\"Portal de Not\u00edcias\",\"potentialAction\":[{\"@type\":\"SearchAction\",\"target\":{\"@type\":\"EntryPoint\",\"urlTemplate\":\"https:\\\/\\\/aconteceunovale.com.br\\\/portal\\\/?s={search_term_string}\"},\"query-input\":{\"@type\":\"PropertyValueSpecification\",\"valueRequired\":true,\"valueName\":\"search_term_string\"}}],\"inLanguage\":\"pt-BR\"},{\"@type\":\"Person\",\"@id\":\"https:\\\/\\\/aconteceunovale.com.br\\\/portal\\\/#\\\/schema\\\/person\\\/7d2f26d1483f8a63de73da1ee0754d35\",\"name\":\"Reda\u00e7\u00e3o Aconteceu no Vale\",\"description\":\"Equipe de reportagem do Aconteceu no Vale, portal de not\u00edcias do Vale do Jequitinhonha, em Minas Gerais. Cobrimos as 51 cidades do Vale desde 2013. Sugest\u00f5es de pauta e pedidos de corre\u00e7\u00e3o: contato@aconteceunovale.com.br\",\"url\":\"https:\\\/\\\/aconteceunovale.com.br\\\/portal\\\/?author=4\"}]}<\/script>\n<!-- \/ Yoast SEO plugin. -->","yoast_head_json":{"title":"Foragido da Justi\u00e7a capixaba \u00e9 preso em Montes Claros - Aconteceu no Vale","robots":{"index":"index","follow":"follow","max-snippet":"max-snippet:-1","max-image-preview":"max-image-preview:large","max-video-preview":"max-video-preview:-1"},"canonical":"https:\/\/aconteceunovale.com.br\/portal\/?p=182729","og_locale":"pt_BR","og_type":"article","og_title":"Foragido da Justi\u00e7a capixaba \u00e9 preso em Montes Claros - Aconteceu no Vale","og_description":"A Pol\u00edcia Civil de Minas Gerais (PCMG) cumpriu, na tarde dessa ter\u00e7a-feira (5\/10), em Montes Claros, mandado de pris\u00e3o preventiva contra um homem, de 38 anos, por envolvimento em crime de homic\u00eddio. A medida judicial foi expedida pela Comarca de S\u00e3o Mateus, no Esp\u00edrito Santos, depois que o suspeito foi condenado a 14 anos de [&hellip;]","og_url":"https:\/\/aconteceunovale.com.br\/portal\/?p=182729","og_site_name":"Aconteceu no Vale","article_publisher":"https:\/\/www.facebook.com\/aconteceunovale\/","article_published_time":"2021-10-07T00:44:02+00:00","article_modified_time":"2021-10-07T00:46:28+00:00","og_image":[{"width":650,"height":402,"url":"https:\/\/aconteceunovale.com.br\/portal\/wp-content\/uploads\/2020\/05\/pcmg.jpg","type":"image\/jpeg"}],"author":"Reda\u00e7\u00e3o Aconteceu no Vale","twitter_card":"summary_large_image","twitter_creator":"@noticiadosvales","twitter_site":"@noticiadosvales","twitter_misc":{"Escrito por":"Reda\u00e7\u00e3o Aconteceu no Vale","Est. tempo de leitura":"2 minutos"},"schema":{"@context":"https:\/\/schema.org","@graph":[{"@type":"Article","@id":"https:\/\/aconteceunovale.com.br\/portal\/?p=182729#article","isPartOf":{"@id":"https:\/\/aconteceunovale.com.br\/portal\/?p=182729"},"author":{"name":"Reda\u00e7\u00e3o Aconteceu no Vale","@id":"https:\/\/aconteceunovale.com.br\/portal\/#\/schema\/person\/7d2f26d1483f8a63de73da1ee0754d35"},"headline":"Foragido da Justi\u00e7a capixaba \u00e9 preso em Montes Claros","datePublished":"2021-10-07T00:44:02+00:00","dateModified":"2021-10-07T00:46:28+00:00","mainEntityOfPage":{"@id":"https:\/\/aconteceunovale.com.br\/portal\/?p=182729"},"wordCount":344,"commentCount":0,"image":{"@id":"https:\/\/aconteceunovale.com.br\/portal\/?p=182729#primaryimage"},"thumbnailUrl":"https:\/\/aconteceunovale.com.br\/portal\/wp-content\/uploads\/2020\/05\/pcmg.jpg","keywords":["Cigano foragido de S\u00e3o Mateus","Cigano foragido preso em Montes Claros","Cigano preso em Montes Claros","Comerciante preso em Montes Claros","delegado Bruno Rezende","destaque","Esp\u00edrito Santo","Foragido da Justi\u00e7a capixaba \u00e9 preso em Montes Claros","Foragido de S\u00e3o Mateus \u00e9 preso em Montes Claros","Montes Claros","PCMG em Montes Claros","Pol\u00edcia Civil de Montes Claros","Pris\u00e3o de cigano em Montes Claros","S\u00e3o Mateus","Vendedor de carros preso em Montes Claros"],"articleSection":["Brasil","Norte de Minas"],"inLanguage":"pt-BR","potentialAction":[{"@type":"CommentAction","name":"Comment","target":["https:\/\/aconteceunovale.com.br\/portal\/?p=182729#respond"]}]},{"@type":"WebPage","@id":"https:\/\/aconteceunovale.com.br\/portal\/?p=182729","url":"https:\/\/aconteceunovale.com.br\/portal\/?p=182729","name":"Foragido da Justi\u00e7a capixaba \u00e9 preso em Montes Claros - Aconteceu no Vale","isPartOf":{"@id":"https:\/\/aconteceunovale.com.br\/portal\/#website"},"primaryImageOfPage":{"@id":"https:\/\/aconteceunovale.com.br\/portal\/?p=182729#primaryimage"},"image":{"@id":"https:\/\/aconteceunovale.com.br\/portal\/?p=182729#primaryimage"},"thumbnailUrl":"https:\/\/aconteceunovale.com.br\/portal\/wp-content\/uploads\/2020\/05\/pcmg.jpg","datePublished":"2021-10-07T00:44:02+00:00","dateModified":"2021-10-07T00:46:28+00:00","author":{"@id":"https:\/\/aconteceunovale.com.br\/portal\/#\/schema\/person\/7d2f26d1483f8a63de73da1ee0754d35"},"breadcrumb":{"@id":"https:\/\/aconteceunovale.com.br\/portal\/?p=182729#breadcrumb"},"inLanguage":"pt-BR","potentialAction":[{"@type":"ReadAction","target":["https:\/\/aconteceunovale.com.br\/portal\/?p=182729"]}]},{"@type":"ImageObject","inLanguage":"pt-BR","@id":"https:\/\/aconteceunovale.com.br\/portal\/?p=182729#primaryimage","url":"https:\/\/aconteceunovale.com.br\/portal\/wp-content\/uploads\/2020\/05\/pcmg.jpg","contentUrl":"https:\/\/aconteceunovale.com.br\/portal\/wp-content\/uploads\/2020\/05\/pcmg.jpg","width":650,"height":402},{"@type":"BreadcrumbList","@id":"https:\/\/aconteceunovale.com.br\/portal\/?p=182729#breadcrumb","itemListElement":[{"@type":"ListItem","position":1,"name":"In\u00edcio","item":"https:\/\/aconteceunovale.com.br\/portal\/"},{"@type":"ListItem","position":2,"name":"Foragido da Justi\u00e7a capixaba \u00e9 preso em Montes Claros"}]},{"@type":"WebSite","@id":"https:\/\/aconteceunovale.com.br\/portal\/#website","url":"https:\/\/aconteceunovale.com.br\/portal\/","name":"Aconteceu no Vale","description":"Portal de Not\u00edcias","potentialAction":[{"@type":"SearchAction","target":{"@type":"EntryPoint","urlTemplate":"https:\/\/aconteceunovale.com.br\/portal\/?s={search_term_string}"},"query-input":{"@type":"PropertyValueSpecification","valueRequired":true,"valueName":"search_term_string"}}],"inLanguage":"pt-BR"},{"@type":"Person","@id":"https:\/\/aconteceunovale.com.br\/portal\/#\/schema\/person\/7d2f26d1483f8a63de73da1ee0754d35","name":"Reda\u00e7\u00e3o Aconteceu no Vale","description":"Equipe de reportagem do Aconteceu no Vale, portal de not\u00edcias do Vale do Jequitinhonha, em Minas Gerais. Cobrimos as 51 cidades do Vale desde 2013. Sugest\u00f5es de pauta e pedidos de corre\u00e7\u00e3o: contato@aconteceunovale.com.br","url":"https:\/\/aconteceunovale.com.br\/portal\/?author=4"}]}},"_links":{"self":[{"href":"https:\/\/aconteceunovale.com.br\/portal\/index.php?rest_route=\/wp\/v2\/posts\/182729","targetHints":{"allow":["GET"]}}],"collection":[{"href":"https:\/\/aconteceunovale.com.br\/portal\/index.php?rest_route=\/wp\/v2\/posts"}],"about":[{"href":"https:\/\/aconteceunovale.com.br\/portal\/index.php?rest_route=\/wp\/v2\/types\/post"}],"author":[{"embeddable":true,"href":"https:\/\/aconteceunovale.com.br\/portal\/index.php?rest_route=\/wp\/v2\/users\/4"}],"replies":[{"embeddable":true,"href":"https:\/\/aconteceunovale.com.br\/portal\/index.php?rest_route=%2Fwp%2Fv2%2Fcomments&post=182729"}],"version-history":[{"count":1,"href":"https:\/\/aconteceunovale.com.br\/portal\/index.php?rest_route=\/wp\/v2\/posts\/182729\/revisions"}],"predecessor-version":[{"id":182730,"href":"https:\/\/aconteceunovale.com.br\/portal\/index.php?rest_route=\/wp\/v2\/posts\/182729\/revisions\/182730"}],"wp:featuredmedia":[{"embeddable":true,"href":"https:\/\/aconteceunovale.com.br\/portal\/index.php?rest_route=\/wp\/v2\/media\/162079"}],"wp:attachment":[{"href":"https:\/\/aconteceunovale.com.br\/portal\/index.php?rest_route=%2Fwp%2Fv2%2Fmedia&parent=182729"}],"wp:term":[{"taxonomy":"category","embeddable":true,"href":"https:\/\/aconteceunovale.com.br\/portal\/index.php?rest_route=%2Fwp%2Fv2%2Fcategories&post=182729"},{"taxonomy":"post_tag","embeddable":true,"href":"https:\/\/aconteceunovale.com.br\/portal\/index.php?rest_route=%2Fwp%2Fv2%2Ftags&post=182729"}],"curies":[{"name":"wp","href":"https:\/\/api.w.org\/{rel}","templated":true}]}}