{"id":182726,"date":"2021-10-06T21:35:25","date_gmt":"2021-10-07T00:35:25","guid":{"rendered":"https:\/\/aconteceunovale.com.br\/portal\/?p=182726"},"modified":"2021-10-06T21:36:28","modified_gmt":"2021-10-07T00:36:28","slug":"homem-e-preso-por-importunacao-sexual-em-sao-joao-evangelista","status":"publish","type":"post","link":"https:\/\/aconteceunovale.com.br\/portal\/?p=182726","title":{"rendered":"Homem \u00e9 preso por importuna\u00e7\u00e3o sexual em S\u00e3o Jo\u00e3o Evangelista"},"content":{"rendered":"\n<p class=\"wp-block-paragraph\">Um homem de 21 anos foi preso em S\u00e3o Jo\u00e3o Evangelista, no Leste do Estado, por importuna\u00e7\u00e3o sexual. Segundo informa\u00e7\u00f5es da Pol\u00edcia Civil de Minas Gerais (PCMG), o crime aconteceu na madrugada do dia 26 de setembro deste ano. A v\u00edtima estava dormindo quando o indiv\u00edduo invadiu a sua resid\u00eancia.<\/p>\n\n\n\n<figure class=\"wp-block-gallery columns-1 is-cropped wp-block-gallery-1 is-layout-flex wp-block-gallery-is-layout-flex\"><ul class=\"blocks-gallery-grid\"><li class=\"blocks-gallery-item\"><figure><img loading=\"lazy\" decoding=\"async\" width=\"671\" height=\"450\" src=\"https:\/\/aconteceunovale.com.br\/portal\/wp-content\/uploads\/2021\/10\/pcmg_sao_joao_evangelista_sje.jpeg\" alt=\"\" data-id=\"182727\" data-full-url=\"https:\/\/aconteceunovale.com.br\/portal\/wp-content\/uploads\/2021\/10\/pcmg_sao_joao_evangelista_sje.jpeg\" data-link=\"https:\/\/aconteceunovale.com.br\/portal\/?attachment_id=182727\" class=\"wp-image-182727\" srcset=\"https:\/\/aconteceunovale.com.br\/portal\/wp-content\/uploads\/2021\/10\/pcmg_sao_joao_evangelista_sje.jpeg 671w, https:\/\/aconteceunovale.com.br\/portal\/wp-content\/uploads\/2021\/10\/pcmg_sao_joao_evangelista_sje-300x201.jpeg 300w, https:\/\/aconteceunovale.com.br\/portal\/wp-content\/uploads\/2021\/10\/pcmg_sao_joao_evangelista_sje-626x420.jpeg 626w\" sizes=\"auto, (max-width: 671px) 100vw, 671px\" \/><figcaption class=\"blocks-gallery-item__caption\"><em>Foto: Divulga\u00e7\u00e3o\/PCMG<\/em><\/figcaption><\/figure><\/li><\/ul><\/figure>\n\n\n\n<p class=\"wp-block-paragraph\">De acordo com o relato da mulher, que tem 19 anos, ela sentiu seu corpo sendo tocado, acordou assustada e come\u00e7ou a gritar. Nesse momento, o homem pediu para que ela n\u00e3o chamasse a pol\u00edcia e fugiu em seguida. Com medo de novas investidas do investigado, a v\u00edtima decidiu se mudar do local.<\/p>\n\n\n\n<p class=\"wp-block-paragraph\"><em>\u201cConsiderando os elementos informativos acostados no inqu\u00e9rito, com ind\u00edcios de autoria e prova da materialidade, mais os requisitos da constri\u00e7\u00e3o cautelar da liberdade do investigado, foi representado ao judici\u00e1rio pela pris\u00e3o preventiva que, com parecer favor\u00e1vel do Minist\u00e9rio P\u00fablico, foi deferida e cumprida pela PCMG\u201d,<\/em> salienta o delegado Robert Salles.<\/p>\n\n\n\n<p class=\"wp-block-paragraph\">Ap\u00f3s o cumprimento da ordem judicial, nesta quarta-feira (6\/10\/2021), o investigado foi encaminhado ao Sistema Prisional. A Pol\u00edcia Civil em S\u00e3o Jo\u00e3o Evangelista concluiu o inqu\u00e9rito e o remeteu \u00e0 Justi\u00e7a para o devido processo legal.<\/p>\n\n\n\n<p class=\"wp-block-paragraph\">&#8212;&#8212;&#8212;&#8212;&#8212;&#8212;<br><em>Quer receber as not\u00edcias do <strong>Aconteceu no Vale<\/strong> em primeira m\u00e3o? Siga-nos no Facebook <a rel=\"noreferrer noopener\" href=\"http:\/\/facebook.com\/aconteceunovale\" target=\"_blank\">@aconteceunovale<\/a>, Twitter <a rel=\"noreferrer noopener\" href=\"https:\/\/twitter.com\/noticiadosvales\" target=\"_blank\">@noticiadosvales<\/a> e Instagram <a rel=\"noreferrer noopener\" href=\"https:\/\/www.instagram.com\/aconteceunovale\" target=\"_blank\">@aconteceunovale<\/a>.<\/em><\/p>\n","protected":false},"excerpt":{"rendered":"<p>Um homem de 21 anos foi preso em S\u00e3o Jo\u00e3o Evangelista, no Leste do Estado, por importuna\u00e7\u00e3o sexual. Segundo informa\u00e7\u00f5es da Pol\u00edcia Civil de Minas Gerais (PCMG), o crime aconteceu na madrugada do dia 26 de setembro deste ano. A v\u00edtima estava dormindo quando o indiv\u00edduo invadiu a sua resid\u00eancia. De acordo com o relato [&hellip;]<\/p>\n","protected":false},"author":4,"featured_media":182727,"comment_status":"open","ping_status":"closed","sticky":false,"template":"","format":"standard","meta":{"amp_status":"","footnotes":""},"categories":[121],"tags":[252636,242102,1018,252632,252634,252635,225161,48029,252633,162],"class_list":["post-182726","post","type-post","status-publish","format-standard","has-post-thumbnail","hentry","category-leste","tag-delegacia-de-policia-civil-em-sao-joao-evangelista","tag-delegado-robert-salles","tag-destaque","tag-homem-e-preso-por-importunacao-sexual-em-sao-joao-evangelista","tag-mulher-vitima-de-importunacao-sexual-em-sao-joao-evangelista","tag-pcmg-em-sao-joao-evangelista","tag-policia-civil-de-sao-joao-evangelista","tag-preso-em-sao-joao-evangelista","tag-preso-por-importunacao-sexual-em-sao-joao-evangelista","tag-sao-joao-evangelista"],"yoast_head":"<!-- This site is optimized with the Yoast SEO plugin v28.3 - https:\/\/yoast.com\/product\/yoast-seo-wordpress\/ -->\n<title>Homem \u00e9 preso por importuna\u00e7\u00e3o sexual em S\u00e3o Jo\u00e3o Evangelista - Aconteceu no Vale<\/title>\n<meta name=\"robots\" content=\"index, follow, max-snippet:-1, max-image-preview:large, max-video-preview:-1\" \/>\n<link rel=\"canonical\" href=\"https:\/\/aconteceunovale.com.br\/portal\/?p=182726\" \/>\n<meta property=\"og:locale\" content=\"pt_BR\" \/>\n<meta property=\"og:type\" content=\"article\" \/>\n<meta property=\"og:title\" content=\"Homem \u00e9 preso por importuna\u00e7\u00e3o sexual em S\u00e3o Jo\u00e3o Evangelista - Aconteceu no Vale\" \/>\n<meta property=\"og:description\" content=\"Um homem de 21 anos foi preso em S\u00e3o Jo\u00e3o Evangelista, no Leste do Estado, por importuna\u00e7\u00e3o sexual. Segundo informa\u00e7\u00f5es da Pol\u00edcia Civil de Minas Gerais (PCMG), o crime aconteceu na madrugada do dia 26 de setembro deste ano. A v\u00edtima estava dormindo quando o indiv\u00edduo invadiu a sua resid\u00eancia. De acordo com o relato [&hellip;]\" \/>\n<meta property=\"og:url\" content=\"https:\/\/aconteceunovale.com.br\/portal\/?p=182726\" \/>\n<meta property=\"og:site_name\" content=\"Aconteceu no Vale\" \/>\n<meta property=\"article:publisher\" content=\"https:\/\/www.facebook.com\/aconteceunovale\/\" \/>\n<meta property=\"article:published_time\" content=\"2021-10-07T00:35:25+00:00\" \/>\n<meta property=\"article:modified_time\" content=\"2021-10-07T00:36:28+00:00\" \/>\n<meta property=\"og:image\" content=\"https:\/\/aconteceunovale.com.br\/portal\/wp-content\/uploads\/2021\/10\/pcmg_sao_joao_evangelista_sje.jpeg\" \/>\n\t<meta property=\"og:image:width\" content=\"671\" \/>\n\t<meta property=\"og:image:height\" content=\"450\" \/>\n\t<meta property=\"og:image:type\" content=\"image\/jpeg\" \/>\n<meta name=\"author\" content=\"Reda\u00e7\u00e3o Aconteceu no Vale\" \/>\n<meta name=\"twitter:card\" content=\"summary_large_image\" \/>\n<meta name=\"twitter:creator\" content=\"@noticiadosvales\" \/>\n<meta name=\"twitter:site\" content=\"@noticiadosvales\" \/>\n<meta name=\"twitter:label1\" content=\"Escrito por\" \/>\n\t<meta name=\"twitter:data1\" content=\"Reda\u00e7\u00e3o Aconteceu no Vale\" \/>\n\t<meta name=\"twitter:label2\" content=\"Est. tempo de leitura\" \/>\n\t<meta name=\"twitter:data2\" content=\"1 minuto\" \/>\n<script type=\"application\/ld+json\" class=\"yoast-schema-graph\">{\"@context\":\"https:\\\/\\\/schema.org\",\"@graph\":[{\"@type\":\"Article\",\"@id\":\"https:\\\/\\\/aconteceunovale.com.br\\\/portal\\\/?p=182726#article\",\"isPartOf\":{\"@id\":\"https:\\\/\\\/aconteceunovale.com.br\\\/portal\\\/?p=182726\"},\"author\":{\"name\":\"Reda\u00e7\u00e3o Aconteceu no Vale\",\"@id\":\"https:\\\/\\\/aconteceunovale.com.br\\\/portal\\\/#\\\/schema\\\/person\\\/7d2f26d1483f8a63de73da1ee0754d35\"},\"headline\":\"Homem \u00e9 preso por importuna\u00e7\u00e3o sexual em S\u00e3o Jo\u00e3o Evangelista\",\"datePublished\":\"2021-10-07T00:35:25+00:00\",\"dateModified\":\"2021-10-07T00:36:28+00:00\",\"mainEntityOfPage\":{\"@id\":\"https:\\\/\\\/aconteceunovale.com.br\\\/portal\\\/?p=182726\"},\"wordCount\":249,\"commentCount\":0,\"image\":{\"@id\":\"https:\\\/\\\/aconteceunovale.com.br\\\/portal\\\/?p=182726#primaryimage\"},\"thumbnailUrl\":\"https:\\\/\\\/aconteceunovale.com.br\\\/portal\\\/wp-content\\\/uploads\\\/2021\\\/10\\\/pcmg_sao_joao_evangelista_sje.jpeg\",\"keywords\":[\"Delegacia de Pol\u00edcia Civil em S\u00e3o Jo\u00e3o Evangelista\",\"Delegado Robert Salles\",\"destaque\",\"Homem \u00e9 preso por importuna\u00e7\u00e3o sexual em S\u00e3o Jo\u00e3o Evangelista\",\"Mulher v\u00edtima de importuna\u00e7\u00e3o sexual em S\u00e3o Jo\u00e3o Evangelista\",\"PCMG em S\u00e3o Jo\u00e3o Evangelista\",\"Pol\u00edcia Civil de S\u00e3o Jo\u00e3o Evangelista\",\"Preso em S\u00e3o Jo\u00e3o Evangelista\",\"Preso por importuna\u00e7\u00e3o sexual em S\u00e3o Jo\u00e3o Evangelista\",\"S\u00e3o Jo\u00e3o Evangelista\"],\"articleSection\":[\"Leste de Minas\"],\"inLanguage\":\"pt-BR\",\"potentialAction\":[{\"@type\":\"CommentAction\",\"name\":\"Comment\",\"target\":[\"https:\\\/\\\/aconteceunovale.com.br\\\/portal\\\/?p=182726#respond\"]}]},{\"@type\":\"WebPage\",\"@id\":\"https:\\\/\\\/aconteceunovale.com.br\\\/portal\\\/?p=182726\",\"url\":\"https:\\\/\\\/aconteceunovale.com.br\\\/portal\\\/?p=182726\",\"name\":\"Homem \u00e9 preso por importuna\u00e7\u00e3o sexual em S\u00e3o Jo\u00e3o Evangelista - Aconteceu no Vale\",\"isPartOf\":{\"@id\":\"https:\\\/\\\/aconteceunovale.com.br\\\/portal\\\/#website\"},\"primaryImageOfPage\":{\"@id\":\"https:\\\/\\\/aconteceunovale.com.br\\\/portal\\\/?p=182726#primaryimage\"},\"image\":{\"@id\":\"https:\\\/\\\/aconteceunovale.com.br\\\/portal\\\/?p=182726#primaryimage\"},\"thumbnailUrl\":\"https:\\\/\\\/aconteceunovale.com.br\\\/portal\\\/wp-content\\\/uploads\\\/2021\\\/10\\\/pcmg_sao_joao_evangelista_sje.jpeg\",\"datePublished\":\"2021-10-07T00:35:25+00:00\",\"dateModified\":\"2021-10-07T00:36:28+00:00\",\"author\":{\"@id\":\"https:\\\/\\\/aconteceunovale.com.br\\\/portal\\\/#\\\/schema\\\/person\\\/7d2f26d1483f8a63de73da1ee0754d35\"},\"breadcrumb\":{\"@id\":\"https:\\\/\\\/aconteceunovale.com.br\\\/portal\\\/?p=182726#breadcrumb\"},\"inLanguage\":\"pt-BR\",\"potentialAction\":[{\"@type\":\"ReadAction\",\"target\":[\"https:\\\/\\\/aconteceunovale.com.br\\\/portal\\\/?p=182726\"]}]},{\"@type\":\"ImageObject\",\"inLanguage\":\"pt-BR\",\"@id\":\"https:\\\/\\\/aconteceunovale.com.br\\\/portal\\\/?p=182726#primaryimage\",\"url\":\"https:\\\/\\\/aconteceunovale.com.br\\\/portal\\\/wp-content\\\/uploads\\\/2021\\\/10\\\/pcmg_sao_joao_evangelista_sje.jpeg\",\"contentUrl\":\"https:\\\/\\\/aconteceunovale.com.br\\\/portal\\\/wp-content\\\/uploads\\\/2021\\\/10\\\/pcmg_sao_joao_evangelista_sje.jpeg\",\"width\":671,\"height\":450},{\"@type\":\"BreadcrumbList\",\"@id\":\"https:\\\/\\\/aconteceunovale.com.br\\\/portal\\\/?p=182726#breadcrumb\",\"itemListElement\":[{\"@type\":\"ListItem\",\"position\":1,\"name\":\"In\u00edcio\",\"item\":\"https:\\\/\\\/aconteceunovale.com.br\\\/portal\\\/\"},{\"@type\":\"ListItem\",\"position\":2,\"name\":\"Homem \u00e9 preso por importuna\u00e7\u00e3o sexual em S\u00e3o Jo\u00e3o Evangelista\"}]},{\"@type\":\"WebSite\",\"@id\":\"https:\\\/\\\/aconteceunovale.com.br\\\/portal\\\/#website\",\"url\":\"https:\\\/\\\/aconteceunovale.com.br\\\/portal\\\/\",\"name\":\"Aconteceu no Vale\",\"description\":\"Portal de Not\u00edcias\",\"potentialAction\":[{\"@type\":\"SearchAction\",\"target\":{\"@type\":\"EntryPoint\",\"urlTemplate\":\"https:\\\/\\\/aconteceunovale.com.br\\\/portal\\\/?s={search_term_string}\"},\"query-input\":{\"@type\":\"PropertyValueSpecification\",\"valueRequired\":true,\"valueName\":\"search_term_string\"}}],\"inLanguage\":\"pt-BR\"},{\"@type\":\"Person\",\"@id\":\"https:\\\/\\\/aconteceunovale.com.br\\\/portal\\\/#\\\/schema\\\/person\\\/7d2f26d1483f8a63de73da1ee0754d35\",\"name\":\"Reda\u00e7\u00e3o Aconteceu no Vale\",\"description\":\"Equipe de reportagem do Aconteceu no Vale, portal de not\u00edcias do Vale do Jequitinhonha, em Minas Gerais. Cobrimos as 51 cidades do Vale desde 2013. Sugest\u00f5es de pauta e pedidos de corre\u00e7\u00e3o: contato@aconteceunovale.com.br\",\"url\":\"https:\\\/\\\/aconteceunovale.com.br\\\/portal\\\/?author=4\"}]}<\/script>\n<!-- \/ Yoast SEO plugin. -->","yoast_head_json":{"title":"Homem \u00e9 preso por importuna\u00e7\u00e3o sexual em S\u00e3o Jo\u00e3o Evangelista - Aconteceu no Vale","robots":{"index":"index","follow":"follow","max-snippet":"max-snippet:-1","max-image-preview":"max-image-preview:large","max-video-preview":"max-video-preview:-1"},"canonical":"https:\/\/aconteceunovale.com.br\/portal\/?p=182726","og_locale":"pt_BR","og_type":"article","og_title":"Homem \u00e9 preso por importuna\u00e7\u00e3o sexual em S\u00e3o Jo\u00e3o Evangelista - Aconteceu no Vale","og_description":"Um homem de 21 anos foi preso em S\u00e3o Jo\u00e3o Evangelista, no Leste do Estado, por importuna\u00e7\u00e3o sexual. Segundo informa\u00e7\u00f5es da Pol\u00edcia Civil de Minas Gerais (PCMG), o crime aconteceu na madrugada do dia 26 de setembro deste ano. A v\u00edtima estava dormindo quando o indiv\u00edduo invadiu a sua resid\u00eancia. De acordo com o relato [&hellip;]","og_url":"https:\/\/aconteceunovale.com.br\/portal\/?p=182726","og_site_name":"Aconteceu no Vale","article_publisher":"https:\/\/www.facebook.com\/aconteceunovale\/","article_published_time":"2021-10-07T00:35:25+00:00","article_modified_time":"2021-10-07T00:36:28+00:00","og_image":[{"width":671,"height":450,"url":"https:\/\/aconteceunovale.com.br\/portal\/wp-content\/uploads\/2021\/10\/pcmg_sao_joao_evangelista_sje.jpeg","type":"image\/jpeg"}],"author":"Reda\u00e7\u00e3o Aconteceu no Vale","twitter_card":"summary_large_image","twitter_creator":"@noticiadosvales","twitter_site":"@noticiadosvales","twitter_misc":{"Escrito por":"Reda\u00e7\u00e3o Aconteceu no Vale","Est. tempo de leitura":"1 minuto"},"schema":{"@context":"https:\/\/schema.org","@graph":[{"@type":"Article","@id":"https:\/\/aconteceunovale.com.br\/portal\/?p=182726#article","isPartOf":{"@id":"https:\/\/aconteceunovale.com.br\/portal\/?p=182726"},"author":{"name":"Reda\u00e7\u00e3o Aconteceu no Vale","@id":"https:\/\/aconteceunovale.com.br\/portal\/#\/schema\/person\/7d2f26d1483f8a63de73da1ee0754d35"},"headline":"Homem \u00e9 preso por importuna\u00e7\u00e3o sexual em S\u00e3o Jo\u00e3o Evangelista","datePublished":"2021-10-07T00:35:25+00:00","dateModified":"2021-10-07T00:36:28+00:00","mainEntityOfPage":{"@id":"https:\/\/aconteceunovale.com.br\/portal\/?p=182726"},"wordCount":249,"commentCount":0,"image":{"@id":"https:\/\/aconteceunovale.com.br\/portal\/?p=182726#primaryimage"},"thumbnailUrl":"https:\/\/aconteceunovale.com.br\/portal\/wp-content\/uploads\/2021\/10\/pcmg_sao_joao_evangelista_sje.jpeg","keywords":["Delegacia de Pol\u00edcia Civil em S\u00e3o Jo\u00e3o Evangelista","Delegado Robert Salles","destaque","Homem \u00e9 preso por importuna\u00e7\u00e3o sexual em S\u00e3o Jo\u00e3o Evangelista","Mulher v\u00edtima de importuna\u00e7\u00e3o sexual em S\u00e3o Jo\u00e3o Evangelista","PCMG em S\u00e3o Jo\u00e3o Evangelista","Pol\u00edcia Civil de S\u00e3o Jo\u00e3o Evangelista","Preso em S\u00e3o Jo\u00e3o Evangelista","Preso por importuna\u00e7\u00e3o sexual em S\u00e3o Jo\u00e3o Evangelista","S\u00e3o Jo\u00e3o Evangelista"],"articleSection":["Leste de Minas"],"inLanguage":"pt-BR","potentialAction":[{"@type":"CommentAction","name":"Comment","target":["https:\/\/aconteceunovale.com.br\/portal\/?p=182726#respond"]}]},{"@type":"WebPage","@id":"https:\/\/aconteceunovale.com.br\/portal\/?p=182726","url":"https:\/\/aconteceunovale.com.br\/portal\/?p=182726","name":"Homem \u00e9 preso por importuna\u00e7\u00e3o sexual em S\u00e3o Jo\u00e3o Evangelista - Aconteceu no Vale","isPartOf":{"@id":"https:\/\/aconteceunovale.com.br\/portal\/#website"},"primaryImageOfPage":{"@id":"https:\/\/aconteceunovale.com.br\/portal\/?p=182726#primaryimage"},"image":{"@id":"https:\/\/aconteceunovale.com.br\/portal\/?p=182726#primaryimage"},"thumbnailUrl":"https:\/\/aconteceunovale.com.br\/portal\/wp-content\/uploads\/2021\/10\/pcmg_sao_joao_evangelista_sje.jpeg","datePublished":"2021-10-07T00:35:25+00:00","dateModified":"2021-10-07T00:36:28+00:00","author":{"@id":"https:\/\/aconteceunovale.com.br\/portal\/#\/schema\/person\/7d2f26d1483f8a63de73da1ee0754d35"},"breadcrumb":{"@id":"https:\/\/aconteceunovale.com.br\/portal\/?p=182726#breadcrumb"},"inLanguage":"pt-BR","potentialAction":[{"@type":"ReadAction","target":["https:\/\/aconteceunovale.com.br\/portal\/?p=182726"]}]},{"@type":"ImageObject","inLanguage":"pt-BR","@id":"https:\/\/aconteceunovale.com.br\/portal\/?p=182726#primaryimage","url":"https:\/\/aconteceunovale.com.br\/portal\/wp-content\/uploads\/2021\/10\/pcmg_sao_joao_evangelista_sje.jpeg","contentUrl":"https:\/\/aconteceunovale.com.br\/portal\/wp-content\/uploads\/2021\/10\/pcmg_sao_joao_evangelista_sje.jpeg","width":671,"height":450},{"@type":"BreadcrumbList","@id":"https:\/\/aconteceunovale.com.br\/portal\/?p=182726#breadcrumb","itemListElement":[{"@type":"ListItem","position":1,"name":"In\u00edcio","item":"https:\/\/aconteceunovale.com.br\/portal\/"},{"@type":"ListItem","position":2,"name":"Homem \u00e9 preso por importuna\u00e7\u00e3o sexual em S\u00e3o Jo\u00e3o Evangelista"}]},{"@type":"WebSite","@id":"https:\/\/aconteceunovale.com.br\/portal\/#website","url":"https:\/\/aconteceunovale.com.br\/portal\/","name":"Aconteceu no Vale","description":"Portal de Not\u00edcias","potentialAction":[{"@type":"SearchAction","target":{"@type":"EntryPoint","urlTemplate":"https:\/\/aconteceunovale.com.br\/portal\/?s={search_term_string}"},"query-input":{"@type":"PropertyValueSpecification","valueRequired":true,"valueName":"search_term_string"}}],"inLanguage":"pt-BR"},{"@type":"Person","@id":"https:\/\/aconteceunovale.com.br\/portal\/#\/schema\/person\/7d2f26d1483f8a63de73da1ee0754d35","name":"Reda\u00e7\u00e3o Aconteceu no Vale","description":"Equipe de reportagem do Aconteceu no Vale, portal de not\u00edcias do Vale do Jequitinhonha, em Minas Gerais. Cobrimos as 51 cidades do Vale desde 2013. Sugest\u00f5es de pauta e pedidos de corre\u00e7\u00e3o: contato@aconteceunovale.com.br","url":"https:\/\/aconteceunovale.com.br\/portal\/?author=4"}]}},"_links":{"self":[{"href":"https:\/\/aconteceunovale.com.br\/portal\/index.php?rest_route=\/wp\/v2\/posts\/182726","targetHints":{"allow":["GET"]}}],"collection":[{"href":"https:\/\/aconteceunovale.com.br\/portal\/index.php?rest_route=\/wp\/v2\/posts"}],"about":[{"href":"https:\/\/aconteceunovale.com.br\/portal\/index.php?rest_route=\/wp\/v2\/types\/post"}],"author":[{"embeddable":true,"href":"https:\/\/aconteceunovale.com.br\/portal\/index.php?rest_route=\/wp\/v2\/users\/4"}],"replies":[{"embeddable":true,"href":"https:\/\/aconteceunovale.com.br\/portal\/index.php?rest_route=%2Fwp%2Fv2%2Fcomments&post=182726"}],"version-history":[{"count":1,"href":"https:\/\/aconteceunovale.com.br\/portal\/index.php?rest_route=\/wp\/v2\/posts\/182726\/revisions"}],"predecessor-version":[{"id":182728,"href":"https:\/\/aconteceunovale.com.br\/portal\/index.php?rest_route=\/wp\/v2\/posts\/182726\/revisions\/182728"}],"wp:featuredmedia":[{"embeddable":true,"href":"https:\/\/aconteceunovale.com.br\/portal\/index.php?rest_route=\/wp\/v2\/media\/182727"}],"wp:attachment":[{"href":"https:\/\/aconteceunovale.com.br\/portal\/index.php?rest_route=%2Fwp%2Fv2%2Fmedia&parent=182726"}],"wp:term":[{"taxonomy":"category","embeddable":true,"href":"https:\/\/aconteceunovale.com.br\/portal\/index.php?rest_route=%2Fwp%2Fv2%2Fcategories&post=182726"},{"taxonomy":"post_tag","embeddable":true,"href":"https:\/\/aconteceunovale.com.br\/portal\/index.php?rest_route=%2Fwp%2Fv2%2Ftags&post=182726"}],"curies":[{"name":"wp","href":"https:\/\/api.w.org\/{rel}","templated":true}]}}