{"id":182723,"date":"2021-10-06T19:52:53","date_gmt":"2021-10-06T22:52:53","guid":{"rendered":"https:\/\/aconteceunovale.com.br\/portal\/?p=182723"},"modified":"2021-10-06T19:54:43","modified_gmt":"2021-10-06T22:54:43","slug":"dem-e-psl-confirmam-fusao-e-criacao-do-uniao-brasil","status":"publish","type":"post","link":"https:\/\/aconteceunovale.com.br\/portal\/?p=182723","title":{"rendered":"DEM e PSL confirmam fus\u00e3o e cria\u00e7\u00e3o do Uni\u00e3o Brasil"},"content":{"rendered":"\n<p class=\"wp-block-paragraph\">O DEM e o PSL oficializaram\u00a0hoje\u00a0(6\/10\/2021) a decis\u00e3o de se fundirem em um s\u00f3 partido\u00a0que se chamar\u00e1 Uni\u00e3o Brasil. A fus\u00e3o foi confirmada pelas duas legendas ap\u00f3s conven\u00e7\u00f5es partid\u00e1rias. O Uni\u00e3o Brasil, no entanto, s\u00f3 existir\u00e1 oficialmente ap\u00f3s aprova\u00e7\u00e3o do Tribunal Superior Eleitoral (TSE).<img decoding=\"async\" src=\"https:\/\/agenciabrasil.ebc.com.br\/ebc.png?id=1423749&amp;o=node\"><img decoding=\"async\" src=\"https:\/\/agenciabrasil.ebc.com.br\/ebc.gif?id=1423749&amp;o=node\"><\/p>\n\n\n\n<p class=\"wp-block-paragraph\">Embora n\u00e3o haja uma posi\u00e7\u00e3o definida, o novo partido trabalha com a possibilidade de lan\u00e7ar um candidato \u00e0 Presid\u00eancia da Rep\u00fablica em 2022. \u201cO que vamos discutir no momento oportuno \u00e9 se vamos&nbsp;ter&nbsp;uma candidatura do pr\u00f3prio partido ou uma candidatura de um partido que se aglutine a n\u00f3s. Em breve, depois de estarmos juntos, vamos come\u00e7ar a discutir um nome comum\u201d, disse o presidente do PSL, Luciano Bivar.<\/p>\n\n\n\n<p class=\"wp-block-paragraph\">Bivar concedeu coletiva \u00e0 imprensa junto com o presidente do DEM, ACM Neto. A expectativa dos dois dirigentes&nbsp;\u00e9 que o TSE leve de dois a tr\u00eas meses para confirmar a fus\u00e3o e o nascimento oficial do novo partido.<\/p>\n\n\n\n<p class=\"wp-block-paragraph\">O PSL tem, atualmente, a maior bancada da C\u00e2mara, com 54 deputados. No Senado, o partido tem dois representantes. J\u00e1 o Democratas tem 28 deputados, a 11\u00aa maior bancada. No Senado, o partido tem seis representantes, al\u00e9m do presidente da Casa\u00a0e do Congresso, Rodrigo Pacheco, de Minas Gerais.<\/p>\n\n\n\n<figure class=\"wp-block-gallery columns-1 is-cropped wp-block-gallery-1 is-layout-flex wp-block-gallery-is-layout-flex\"><ul class=\"blocks-gallery-grid\"><li class=\"blocks-gallery-item\"><figure><img loading=\"lazy\" decoding=\"async\" width=\"678\" height=\"424\" src=\"https:\/\/aconteceunovale.com.br\/portal\/wp-content\/uploads\/2021\/10\/uniao_brasil.jpg\" alt=\"\" data-id=\"182724\" data-full-url=\"https:\/\/aconteceunovale.com.br\/portal\/wp-content\/uploads\/2021\/10\/uniao_brasil.jpg\" data-link=\"https:\/\/aconteceunovale.com.br\/portal\/?attachment_id=182724\" class=\"wp-image-182724\" srcset=\"https:\/\/aconteceunovale.com.br\/portal\/wp-content\/uploads\/2021\/10\/uniao_brasil.jpg 678w, https:\/\/aconteceunovale.com.br\/portal\/wp-content\/uploads\/2021\/10\/uniao_brasil-300x188.jpg 300w, https:\/\/aconteceunovale.com.br\/portal\/wp-content\/uploads\/2021\/10\/uniao_brasil-672x420.jpg 672w\" sizes=\"auto, (max-width: 678px) 100vw, 678px\" \/><figcaption class=\"blocks-gallery-item__caption\"><em>O presidente Luciano Caldas Bivar e o secret\u00e1rio-geral ACM Neto, lideran\u00e7as do Uni\u00e3o Brasil, participaram da conven\u00e7\u00e3o nacional que selou a fus\u00e3o entre Democratas e PSL (Foto: Divulga\u00e7\u00e3o \/ Uni\u00e3o Brasil 44)<\/em><\/figcaption><\/figure><\/li><\/ul><\/figure>\n\n\n\n<p class=\"wp-block-paragraph\">&#8212;&#8212;&#8212;&#8212;&#8212;&#8212;<br><em>Quer receber as not\u00edcias do <strong>Aconteceu no Vale<\/strong> em primeira m\u00e3o? Siga-nos no Facebook <a rel=\"noreferrer noopener\" href=\"http:\/\/facebook.com\/aconteceunovale\" target=\"_blank\">@aconteceunovale<\/a>, Twitter <a rel=\"noreferrer noopener\" href=\"https:\/\/twitter.com\/noticiadosvales\" target=\"_blank\">@noticiadosvales<\/a> e Instagram <a rel=\"noreferrer noopener\" href=\"https:\/\/www.instagram.com\/aconteceunovale\" target=\"_blank\">@aconteceunovale<\/a>.<\/em><\/p>\n","protected":false},"excerpt":{"rendered":"<p>O DEM e o PSL oficializaram\u00a0hoje\u00a0(6\/10\/2021) a decis\u00e3o de se fundirem em um s\u00f3 partido\u00a0que se chamar\u00e1 Uni\u00e3o Brasil. A fus\u00e3o foi confirmada pelas duas legendas ap\u00f3s conven\u00e7\u00f5es partid\u00e1rias. O Uni\u00e3o Brasil, no entanto, s\u00f3 existir\u00e1 oficialmente ap\u00f3s aprova\u00e7\u00e3o do Tribunal Superior Eleitoral (TSE). Embora n\u00e3o haja uma posi\u00e7\u00e3o definida, o novo partido trabalha com [&hellip;]<\/p>\n","protected":false},"author":4,"featured_media":182724,"comment_status":"open","ping_status":"closed","sticky":false,"template":"","format":"standard","meta":{"amp_status":"","footnotes":""},"categories":[6,249933,40240],"tags":[231141,252629,252630,252625,21936,1018,252626,252627,252622,252631,252621,252628,153200,41221,94060,267,252624,252623],"class_list":["post-182723","post","type-post","status-publish","format-standard","has-post-thumbnail","hentry","category-br","category-eleicoes-2022","category-politica","tag-acm-neto","tag-criacao-do-maior-partido-do-brasil","tag-criacao-do-partido-politico-uniao-brasil","tag-criacao-do-partido-uniao-brasil","tag-democratas","tag-destaque","tag-fusao-de-dem-e-psl","tag-fusao-de-democratas-em-psl","tag-liderancas-do-uniao-brasil","tag-luciano-bivar","tag-luciano-caldas-bivar","tag-novo-partido-no-brasil","tag-psl","tag-rodrigo-pacheco","tag-tribunal-superior-eleitoral","tag-tse","tag-uniao-brasil","tag-uniao-brasil-44"],"yoast_head":"<!-- This site is optimized with the Yoast SEO plugin v28.3 - https:\/\/yoast.com\/product\/yoast-seo-wordpress\/ -->\n<title>DEM e PSL confirmam fus\u00e3o e cria\u00e7\u00e3o do Uni\u00e3o Brasil - Aconteceu no Vale<\/title>\n<meta name=\"robots\" content=\"index, follow, max-snippet:-1, max-image-preview:large, max-video-preview:-1\" \/>\n<link rel=\"canonical\" href=\"https:\/\/aconteceunovale.com.br\/portal\/?p=182723\" \/>\n<meta property=\"og:locale\" content=\"pt_BR\" \/>\n<meta property=\"og:type\" content=\"article\" \/>\n<meta property=\"og:title\" content=\"DEM e PSL confirmam fus\u00e3o e cria\u00e7\u00e3o do Uni\u00e3o Brasil - Aconteceu no Vale\" \/>\n<meta property=\"og:description\" content=\"O DEM e o PSL oficializaram\u00a0hoje\u00a0(6\/10\/2021) a decis\u00e3o de se fundirem em um s\u00f3 partido\u00a0que se chamar\u00e1 Uni\u00e3o Brasil. A fus\u00e3o foi confirmada pelas duas legendas ap\u00f3s conven\u00e7\u00f5es partid\u00e1rias. O Uni\u00e3o Brasil, no entanto, s\u00f3 existir\u00e1 oficialmente ap\u00f3s aprova\u00e7\u00e3o do Tribunal Superior Eleitoral (TSE). Embora n\u00e3o haja uma posi\u00e7\u00e3o definida, o novo partido trabalha com [&hellip;]\" \/>\n<meta property=\"og:url\" content=\"https:\/\/aconteceunovale.com.br\/portal\/?p=182723\" \/>\n<meta property=\"og:site_name\" content=\"Aconteceu no Vale\" \/>\n<meta property=\"article:publisher\" content=\"https:\/\/www.facebook.com\/aconteceunovale\/\" \/>\n<meta property=\"article:published_time\" content=\"2021-10-06T22:52:53+00:00\" \/>\n<meta property=\"article:modified_time\" content=\"2021-10-06T22:54:43+00:00\" \/>\n<meta property=\"og:image\" content=\"https:\/\/aconteceunovale.com.br\/portal\/wp-content\/uploads\/2021\/10\/uniao_brasil.jpg\" \/>\n\t<meta property=\"og:image:width\" content=\"678\" \/>\n\t<meta property=\"og:image:height\" content=\"424\" \/>\n\t<meta property=\"og:image:type\" content=\"image\/jpeg\" \/>\n<meta name=\"author\" content=\"Reda\u00e7\u00e3o Aconteceu no Vale\" \/>\n<meta name=\"twitter:card\" content=\"summary_large_image\" \/>\n<meta name=\"twitter:creator\" content=\"@noticiadosvales\" \/>\n<meta name=\"twitter:site\" content=\"@noticiadosvales\" \/>\n<meta name=\"twitter:label1\" content=\"Escrito por\" \/>\n\t<meta name=\"twitter:data1\" content=\"Reda\u00e7\u00e3o Aconteceu no Vale\" \/>\n\t<meta name=\"twitter:label2\" content=\"Est. tempo de leitura\" \/>\n\t<meta name=\"twitter:data2\" content=\"1 minuto\" \/>\n<script type=\"application\/ld+json\" class=\"yoast-schema-graph\">{\"@context\":\"https:\\\/\\\/schema.org\",\"@graph\":[{\"@type\":\"Article\",\"@id\":\"https:\\\/\\\/aconteceunovale.com.br\\\/portal\\\/?p=182723#article\",\"isPartOf\":{\"@id\":\"https:\\\/\\\/aconteceunovale.com.br\\\/portal\\\/?p=182723\"},\"author\":{\"name\":\"Reda\u00e7\u00e3o Aconteceu no Vale\",\"@id\":\"https:\\\/\\\/aconteceunovale.com.br\\\/portal\\\/#\\\/schema\\\/person\\\/7d2f26d1483f8a63de73da1ee0754d35\"},\"headline\":\"DEM e PSL confirmam fus\u00e3o e cria\u00e7\u00e3o do Uni\u00e3o Brasil\",\"datePublished\":\"2021-10-06T22:52:53+00:00\",\"dateModified\":\"2021-10-06T22:54:43+00:00\",\"mainEntityOfPage\":{\"@id\":\"https:\\\/\\\/aconteceunovale.com.br\\\/portal\\\/?p=182723\"},\"wordCount\":293,\"commentCount\":0,\"image\":{\"@id\":\"https:\\\/\\\/aconteceunovale.com.br\\\/portal\\\/?p=182723#primaryimage\"},\"thumbnailUrl\":\"https:\\\/\\\/aconteceunovale.com.br\\\/portal\\\/wp-content\\\/uploads\\\/2021\\\/10\\\/uniao_brasil.jpg\",\"keywords\":[\"ACM Neto\",\"Cria\u00e7\u00e3o do maior partido do Brasil\",\"Cria\u00e7\u00e3o do partido pol\u00edtico Uni\u00e3o Brasil\",\"Cria\u00e7\u00e3o do partido Uni\u00e3o Brasil\",\"Democratas\",\"destaque\",\"Fus\u00e3o de DEM e PSL\",\"Fus\u00e3o de Democratas em PSL\",\"Lideran\u00e7as do Uni\u00e3o Brasil\",\"Luciano Bivar\",\"Luciano Caldas Bivar\",\"Novo partido no Brasil\",\"PSL\",\"Rodrigo Pacheco\",\"Tribunal Superior Eleitoral\",\"TSE\",\"Uni\u00e3o Brasil\",\"Uni\u00e3o Brasil 44\"],\"articleSection\":[\"Brasil\",\"Elei\u00e7\u00f5es 2022\",\"Pol\u00edtica\"],\"inLanguage\":\"pt-BR\",\"potentialAction\":[{\"@type\":\"CommentAction\",\"name\":\"Comment\",\"target\":[\"https:\\\/\\\/aconteceunovale.com.br\\\/portal\\\/?p=182723#respond\"]}]},{\"@type\":\"WebPage\",\"@id\":\"https:\\\/\\\/aconteceunovale.com.br\\\/portal\\\/?p=182723\",\"url\":\"https:\\\/\\\/aconteceunovale.com.br\\\/portal\\\/?p=182723\",\"name\":\"DEM e PSL confirmam fus\u00e3o e cria\u00e7\u00e3o do Uni\u00e3o Brasil - Aconteceu no Vale\",\"isPartOf\":{\"@id\":\"https:\\\/\\\/aconteceunovale.com.br\\\/portal\\\/#website\"},\"primaryImageOfPage\":{\"@id\":\"https:\\\/\\\/aconteceunovale.com.br\\\/portal\\\/?p=182723#primaryimage\"},\"image\":{\"@id\":\"https:\\\/\\\/aconteceunovale.com.br\\\/portal\\\/?p=182723#primaryimage\"},\"thumbnailUrl\":\"https:\\\/\\\/aconteceunovale.com.br\\\/portal\\\/wp-content\\\/uploads\\\/2021\\\/10\\\/uniao_brasil.jpg\",\"datePublished\":\"2021-10-06T22:52:53+00:00\",\"dateModified\":\"2021-10-06T22:54:43+00:00\",\"author\":{\"@id\":\"https:\\\/\\\/aconteceunovale.com.br\\\/portal\\\/#\\\/schema\\\/person\\\/7d2f26d1483f8a63de73da1ee0754d35\"},\"breadcrumb\":{\"@id\":\"https:\\\/\\\/aconteceunovale.com.br\\\/portal\\\/?p=182723#breadcrumb\"},\"inLanguage\":\"pt-BR\",\"potentialAction\":[{\"@type\":\"ReadAction\",\"target\":[\"https:\\\/\\\/aconteceunovale.com.br\\\/portal\\\/?p=182723\"]}]},{\"@type\":\"ImageObject\",\"inLanguage\":\"pt-BR\",\"@id\":\"https:\\\/\\\/aconteceunovale.com.br\\\/portal\\\/?p=182723#primaryimage\",\"url\":\"https:\\\/\\\/aconteceunovale.com.br\\\/portal\\\/wp-content\\\/uploads\\\/2021\\\/10\\\/uniao_brasil.jpg\",\"contentUrl\":\"https:\\\/\\\/aconteceunovale.com.br\\\/portal\\\/wp-content\\\/uploads\\\/2021\\\/10\\\/uniao_brasil.jpg\",\"width\":678,\"height\":424},{\"@type\":\"BreadcrumbList\",\"@id\":\"https:\\\/\\\/aconteceunovale.com.br\\\/portal\\\/?p=182723#breadcrumb\",\"itemListElement\":[{\"@type\":\"ListItem\",\"position\":1,\"name\":\"In\u00edcio\",\"item\":\"https:\\\/\\\/aconteceunovale.com.br\\\/portal\\\/\"},{\"@type\":\"ListItem\",\"position\":2,\"name\":\"DEM e PSL confirmam fus\u00e3o e cria\u00e7\u00e3o do Uni\u00e3o Brasil\"}]},{\"@type\":\"WebSite\",\"@id\":\"https:\\\/\\\/aconteceunovale.com.br\\\/portal\\\/#website\",\"url\":\"https:\\\/\\\/aconteceunovale.com.br\\\/portal\\\/\",\"name\":\"Aconteceu no Vale\",\"description\":\"Portal de Not\u00edcias\",\"potentialAction\":[{\"@type\":\"SearchAction\",\"target\":{\"@type\":\"EntryPoint\",\"urlTemplate\":\"https:\\\/\\\/aconteceunovale.com.br\\\/portal\\\/?s={search_term_string}\"},\"query-input\":{\"@type\":\"PropertyValueSpecification\",\"valueRequired\":true,\"valueName\":\"search_term_string\"}}],\"inLanguage\":\"pt-BR\"},{\"@type\":\"Person\",\"@id\":\"https:\\\/\\\/aconteceunovale.com.br\\\/portal\\\/#\\\/schema\\\/person\\\/7d2f26d1483f8a63de73da1ee0754d35\",\"name\":\"Reda\u00e7\u00e3o Aconteceu no Vale\",\"description\":\"Equipe de reportagem do Aconteceu no Vale, portal de not\u00edcias do Vale do Jequitinhonha, em Minas Gerais. Cobrimos as 51 cidades do Vale desde 2013. Sugest\u00f5es de pauta e pedidos de corre\u00e7\u00e3o: contato@aconteceunovale.com.br\",\"url\":\"https:\\\/\\\/aconteceunovale.com.br\\\/portal\\\/?author=4\"}]}<\/script>\n<!-- \/ Yoast SEO plugin. -->","yoast_head_json":{"title":"DEM e PSL confirmam fus\u00e3o e cria\u00e7\u00e3o do Uni\u00e3o Brasil - Aconteceu no Vale","robots":{"index":"index","follow":"follow","max-snippet":"max-snippet:-1","max-image-preview":"max-image-preview:large","max-video-preview":"max-video-preview:-1"},"canonical":"https:\/\/aconteceunovale.com.br\/portal\/?p=182723","og_locale":"pt_BR","og_type":"article","og_title":"DEM e PSL confirmam fus\u00e3o e cria\u00e7\u00e3o do Uni\u00e3o Brasil - Aconteceu no Vale","og_description":"O DEM e o PSL oficializaram\u00a0hoje\u00a0(6\/10\/2021) a decis\u00e3o de se fundirem em um s\u00f3 partido\u00a0que se chamar\u00e1 Uni\u00e3o Brasil. A fus\u00e3o foi confirmada pelas duas legendas ap\u00f3s conven\u00e7\u00f5es partid\u00e1rias. O Uni\u00e3o Brasil, no entanto, s\u00f3 existir\u00e1 oficialmente ap\u00f3s aprova\u00e7\u00e3o do Tribunal Superior Eleitoral (TSE). Embora n\u00e3o haja uma posi\u00e7\u00e3o definida, o novo partido trabalha com [&hellip;]","og_url":"https:\/\/aconteceunovale.com.br\/portal\/?p=182723","og_site_name":"Aconteceu no Vale","article_publisher":"https:\/\/www.facebook.com\/aconteceunovale\/","article_published_time":"2021-10-06T22:52:53+00:00","article_modified_time":"2021-10-06T22:54:43+00:00","og_image":[{"width":678,"height":424,"url":"https:\/\/aconteceunovale.com.br\/portal\/wp-content\/uploads\/2021\/10\/uniao_brasil.jpg","type":"image\/jpeg"}],"author":"Reda\u00e7\u00e3o Aconteceu no Vale","twitter_card":"summary_large_image","twitter_creator":"@noticiadosvales","twitter_site":"@noticiadosvales","twitter_misc":{"Escrito por":"Reda\u00e7\u00e3o Aconteceu no Vale","Est. tempo de leitura":"1 minuto"},"schema":{"@context":"https:\/\/schema.org","@graph":[{"@type":"Article","@id":"https:\/\/aconteceunovale.com.br\/portal\/?p=182723#article","isPartOf":{"@id":"https:\/\/aconteceunovale.com.br\/portal\/?p=182723"},"author":{"name":"Reda\u00e7\u00e3o Aconteceu no Vale","@id":"https:\/\/aconteceunovale.com.br\/portal\/#\/schema\/person\/7d2f26d1483f8a63de73da1ee0754d35"},"headline":"DEM e PSL confirmam fus\u00e3o e cria\u00e7\u00e3o do Uni\u00e3o Brasil","datePublished":"2021-10-06T22:52:53+00:00","dateModified":"2021-10-06T22:54:43+00:00","mainEntityOfPage":{"@id":"https:\/\/aconteceunovale.com.br\/portal\/?p=182723"},"wordCount":293,"commentCount":0,"image":{"@id":"https:\/\/aconteceunovale.com.br\/portal\/?p=182723#primaryimage"},"thumbnailUrl":"https:\/\/aconteceunovale.com.br\/portal\/wp-content\/uploads\/2021\/10\/uniao_brasil.jpg","keywords":["ACM Neto","Cria\u00e7\u00e3o do maior partido do Brasil","Cria\u00e7\u00e3o do partido pol\u00edtico Uni\u00e3o Brasil","Cria\u00e7\u00e3o do partido Uni\u00e3o Brasil","Democratas","destaque","Fus\u00e3o de DEM e PSL","Fus\u00e3o de Democratas em PSL","Lideran\u00e7as do Uni\u00e3o Brasil","Luciano Bivar","Luciano Caldas Bivar","Novo partido no Brasil","PSL","Rodrigo Pacheco","Tribunal Superior Eleitoral","TSE","Uni\u00e3o Brasil","Uni\u00e3o Brasil 44"],"articleSection":["Brasil","Elei\u00e7\u00f5es 2022","Pol\u00edtica"],"inLanguage":"pt-BR","potentialAction":[{"@type":"CommentAction","name":"Comment","target":["https:\/\/aconteceunovale.com.br\/portal\/?p=182723#respond"]}]},{"@type":"WebPage","@id":"https:\/\/aconteceunovale.com.br\/portal\/?p=182723","url":"https:\/\/aconteceunovale.com.br\/portal\/?p=182723","name":"DEM e PSL confirmam fus\u00e3o e cria\u00e7\u00e3o do Uni\u00e3o Brasil - Aconteceu no Vale","isPartOf":{"@id":"https:\/\/aconteceunovale.com.br\/portal\/#website"},"primaryImageOfPage":{"@id":"https:\/\/aconteceunovale.com.br\/portal\/?p=182723#primaryimage"},"image":{"@id":"https:\/\/aconteceunovale.com.br\/portal\/?p=182723#primaryimage"},"thumbnailUrl":"https:\/\/aconteceunovale.com.br\/portal\/wp-content\/uploads\/2021\/10\/uniao_brasil.jpg","datePublished":"2021-10-06T22:52:53+00:00","dateModified":"2021-10-06T22:54:43+00:00","author":{"@id":"https:\/\/aconteceunovale.com.br\/portal\/#\/schema\/person\/7d2f26d1483f8a63de73da1ee0754d35"},"breadcrumb":{"@id":"https:\/\/aconteceunovale.com.br\/portal\/?p=182723#breadcrumb"},"inLanguage":"pt-BR","potentialAction":[{"@type":"ReadAction","target":["https:\/\/aconteceunovale.com.br\/portal\/?p=182723"]}]},{"@type":"ImageObject","inLanguage":"pt-BR","@id":"https:\/\/aconteceunovale.com.br\/portal\/?p=182723#primaryimage","url":"https:\/\/aconteceunovale.com.br\/portal\/wp-content\/uploads\/2021\/10\/uniao_brasil.jpg","contentUrl":"https:\/\/aconteceunovale.com.br\/portal\/wp-content\/uploads\/2021\/10\/uniao_brasil.jpg","width":678,"height":424},{"@type":"BreadcrumbList","@id":"https:\/\/aconteceunovale.com.br\/portal\/?p=182723#breadcrumb","itemListElement":[{"@type":"ListItem","position":1,"name":"In\u00edcio","item":"https:\/\/aconteceunovale.com.br\/portal\/"},{"@type":"ListItem","position":2,"name":"DEM e PSL confirmam fus\u00e3o e cria\u00e7\u00e3o do Uni\u00e3o Brasil"}]},{"@type":"WebSite","@id":"https:\/\/aconteceunovale.com.br\/portal\/#website","url":"https:\/\/aconteceunovale.com.br\/portal\/","name":"Aconteceu no Vale","description":"Portal de Not\u00edcias","potentialAction":[{"@type":"SearchAction","target":{"@type":"EntryPoint","urlTemplate":"https:\/\/aconteceunovale.com.br\/portal\/?s={search_term_string}"},"query-input":{"@type":"PropertyValueSpecification","valueRequired":true,"valueName":"search_term_string"}}],"inLanguage":"pt-BR"},{"@type":"Person","@id":"https:\/\/aconteceunovale.com.br\/portal\/#\/schema\/person\/7d2f26d1483f8a63de73da1ee0754d35","name":"Reda\u00e7\u00e3o Aconteceu no Vale","description":"Equipe de reportagem do Aconteceu no Vale, portal de not\u00edcias do Vale do Jequitinhonha, em Minas Gerais. Cobrimos as 51 cidades do Vale desde 2013. Sugest\u00f5es de pauta e pedidos de corre\u00e7\u00e3o: contato@aconteceunovale.com.br","url":"https:\/\/aconteceunovale.com.br\/portal\/?author=4"}]}},"_links":{"self":[{"href":"https:\/\/aconteceunovale.com.br\/portal\/index.php?rest_route=\/wp\/v2\/posts\/182723","targetHints":{"allow":["GET"]}}],"collection":[{"href":"https:\/\/aconteceunovale.com.br\/portal\/index.php?rest_route=\/wp\/v2\/posts"}],"about":[{"href":"https:\/\/aconteceunovale.com.br\/portal\/index.php?rest_route=\/wp\/v2\/types\/post"}],"author":[{"embeddable":true,"href":"https:\/\/aconteceunovale.com.br\/portal\/index.php?rest_route=\/wp\/v2\/users\/4"}],"replies":[{"embeddable":true,"href":"https:\/\/aconteceunovale.com.br\/portal\/index.php?rest_route=%2Fwp%2Fv2%2Fcomments&post=182723"}],"version-history":[{"count":1,"href":"https:\/\/aconteceunovale.com.br\/portal\/index.php?rest_route=\/wp\/v2\/posts\/182723\/revisions"}],"predecessor-version":[{"id":182725,"href":"https:\/\/aconteceunovale.com.br\/portal\/index.php?rest_route=\/wp\/v2\/posts\/182723\/revisions\/182725"}],"wp:featuredmedia":[{"embeddable":true,"href":"https:\/\/aconteceunovale.com.br\/portal\/index.php?rest_route=\/wp\/v2\/media\/182724"}],"wp:attachment":[{"href":"https:\/\/aconteceunovale.com.br\/portal\/index.php?rest_route=%2Fwp%2Fv2%2Fmedia&parent=182723"}],"wp:term":[{"taxonomy":"category","embeddable":true,"href":"https:\/\/aconteceunovale.com.br\/portal\/index.php?rest_route=%2Fwp%2Fv2%2Fcategories&post=182723"},{"taxonomy":"post_tag","embeddable":true,"href":"https:\/\/aconteceunovale.com.br\/portal\/index.php?rest_route=%2Fwp%2Fv2%2Ftags&post=182723"}],"curies":[{"name":"wp","href":"https:\/\/api.w.org\/{rel}","templated":true}]}}