{"id":182661,"date":"2021-10-05T13:11:03","date_gmt":"2021-10-05T16:11:03","guid":{"rendered":"https:\/\/aconteceunovale.com.br\/portal\/?p=182661"},"modified":"2021-10-05T13:13:04","modified_gmt":"2021-10-05T16:13:04","slug":"conmebol-rejeita-pedido-para-anular-jogo-entre-atletico-mg-e-palmeiras","status":"publish","type":"post","link":"https:\/\/aconteceunovale.com.br\/portal\/?p=182661","title":{"rendered":"Conmebol rejeita pedido para anular jogo entre Atl\u00e9tico-MG e Palmeiras"},"content":{"rendered":"\n<p class=\"wp-block-paragraph\">Em documento publicado na noite de ontem (4\/10\/2021) em seu\u00a0<em>site<\/em>, a Conmebol revelou que os pedidos do Atl\u00e9tico Mineiro pela anula\u00e7\u00e3o do gol do Palmeiras ou pela repeti\u00e7\u00e3o do segundo duelo pela semifinal da Copa Libertadores foram rejeitados. A decis\u00e3o foi assinada pelo presidente da Comiss\u00e3o Disciplinar da entidade, Eduardo Goss Brown.<img decoding=\"async\" src=\"https:\/\/agenciabrasil.ebc.com.br\/ebc.png?id=1423605&amp;o=node\"><img decoding=\"async\" src=\"https:\/\/agenciabrasil.ebc.com.br\/ebc.gif?id=1423605&amp;o=node\"><\/p>\n\n\n\n<p class=\"wp-block-paragraph\">Tamb\u00e9m de acordo com a decis\u00e3o, existe a possibilidade de recurso do Galo. Para isso, o clube mineiro deve acionar a Comiss\u00e3o de Apela\u00e7\u00f5es da Conmebol at\u00e9 24 horas depois da notifica\u00e7\u00e3o sobre a determina\u00e7\u00e3o.<\/p>\n\n\n\n<p class=\"wp-block-paragraph\">A reclama\u00e7\u00e3o do Galo diz respeito ao lance do gol de empate do clube paulista na partida disputada na \u00faltima ter\u00e7a-feira (28 de setembro) no Mineir\u00e3o, em Belo Horizonte. Na ocasi\u00e3o, o atacante Deyverson, que figurava entre os reservas do Palmeiras, estava dentro do gramado antes mesmo que Dudu igualasse ao placar, aos 23 do segundo tempo. O Atl\u00e9tico alegou descumprimento do regulamento (atletas no banco de reservas n\u00e3o podem entrar em campo com a bola em jogo) para pedir uma de duas poss\u00edveis a\u00e7\u00f5es: a anula\u00e7\u00e3o da jogada ou a realiza\u00e7\u00e3o de uma nova partida.<\/p>\n\n\n\n<p class=\"wp-block-paragraph\">Caso a decis\u00e3o da Conmebol se mantenha, o Palmeiras ser\u00e1 o advers\u00e1rio do Flamengo na final da competi\u00e7\u00e3o, marcada para acontecer no dia 27 de novembro, em Montevid\u00e9u, no Uruguai.<\/p>\n\n\n\n<p class=\"wp-block-paragraph\">&#8212;&#8212;&#8212;&#8212;&#8212;&#8212;<br><em>Quer receber as not\u00edcias do <strong>Aconteceu no Vale<\/strong> em primeira m\u00e3o? Siga-nos no Facebook <a rel=\"noreferrer noopener\" href=\"http:\/\/facebook.com\/aconteceunovale\" target=\"_blank\">@aconteceunovale<\/a>, Twitter <a rel=\"noreferrer noopener\" href=\"https:\/\/twitter.com\/noticiadosvales\" target=\"_blank\">@noticiadosvales<\/a> e Instagram <a rel=\"noreferrer noopener\" href=\"https:\/\/www.instagram.com\/aconteceunovale\" target=\"_blank\">@aconteceunovale<\/a>.<\/em><\/p>\n","protected":false},"excerpt":{"rendered":"<p>Em documento publicado na noite de ontem (4\/10\/2021) em seu\u00a0site, a Conmebol revelou que os pedidos do Atl\u00e9tico Mineiro pela anula\u00e7\u00e3o do gol do Palmeiras ou pela repeti\u00e7\u00e3o do segundo duelo pela semifinal da Copa Libertadores foram rejeitados. A decis\u00e3o foi assinada pelo presidente da Comiss\u00e3o Disciplinar da entidade, Eduardo Goss Brown. Tamb\u00e9m de acordo [&hellip;]<\/p>\n","protected":false},"author":4,"featured_media":182338,"comment_status":"open","ping_status":"closed","sticky":false,"template":"","format":"standard","meta":{"amp_status":"","footnotes":""},"categories":[6,59,123,28848],"tags":[2741,40575,194,1017,78024,252526,35552,252529,14190,12312,34438,16500,143442,1093,252527,252528,34071,19714],"class_list":["post-182661","post","type-post","status-publish","format-standard","has-post-thumbnail","hentry","category-br","category-esportes","category-gerais","category-mundo","tag-atletico-mineiro","tag-atletico-mg","tag-belo-horizonte","tag-bh","tag-conmebol","tag-conmebol-rejeita-pedido-para-anular-jogo-entre-atletico-mg-e-palmeiras","tag-copa-libertadores","tag-flamengo","tag-galo","tag-libertadores","tag-mineirao","tag-montevideu","tag-palmeiras","tag-pedido-para-anulacao-de-jogo-entre-atletico-mg-e-palmeiras","tag-pedido-para-anulacao-de-jogo-entre-galo-e-palmeiras","tag-taca-libertadores","tag-uruguai"],"yoast_head":"<!-- This site is optimized with the Yoast SEO plugin v28.3 - https:\/\/yoast.com\/product\/yoast-seo-wordpress\/ -->\n<title>Conmebol rejeita pedido para anular jogo entre Atl\u00e9tico-MG e Palmeiras - Aconteceu no Vale<\/title>\n<meta name=\"robots\" content=\"index, follow, max-snippet:-1, max-image-preview:large, max-video-preview:-1\" \/>\n<link rel=\"canonical\" href=\"https:\/\/aconteceunovale.com.br\/portal\/?p=182661\" \/>\n<meta property=\"og:locale\" content=\"pt_BR\" \/>\n<meta property=\"og:type\" content=\"article\" \/>\n<meta property=\"og:title\" content=\"Conmebol rejeita pedido para anular jogo entre Atl\u00e9tico-MG e Palmeiras - Aconteceu no Vale\" \/>\n<meta property=\"og:description\" content=\"Em documento publicado na noite de ontem (4\/10\/2021) em seu\u00a0site, a Conmebol revelou que os pedidos do Atl\u00e9tico Mineiro pela anula\u00e7\u00e3o do gol do Palmeiras ou pela repeti\u00e7\u00e3o do segundo duelo pela semifinal da Copa Libertadores foram rejeitados. A decis\u00e3o foi assinada pelo presidente da Comiss\u00e3o Disciplinar da entidade, Eduardo Goss Brown. Tamb\u00e9m de acordo [&hellip;]\" \/>\n<meta property=\"og:url\" content=\"https:\/\/aconteceunovale.com.br\/portal\/?p=182661\" \/>\n<meta property=\"og:site_name\" content=\"Aconteceu no Vale\" \/>\n<meta property=\"article:publisher\" content=\"https:\/\/www.facebook.com\/aconteceunovale\/\" \/>\n<meta property=\"article:published_time\" content=\"2021-10-05T16:11:03+00:00\" \/>\n<meta property=\"article:modified_time\" content=\"2021-10-05T16:13:04+00:00\" \/>\n<meta property=\"og:image\" content=\"https:\/\/aconteceunovale.com.br\/portal\/wp-content\/uploads\/2021\/09\/atletico_palmeiras_final.jpg\" \/>\n\t<meta property=\"og:image:width\" content=\"678\" \/>\n\t<meta property=\"og:image:height\" content=\"406\" \/>\n\t<meta property=\"og:image:type\" content=\"image\/jpeg\" \/>\n<meta name=\"author\" content=\"Reda\u00e7\u00e3o Aconteceu no Vale\" \/>\n<meta name=\"twitter:card\" content=\"summary_large_image\" \/>\n<meta name=\"twitter:creator\" content=\"@noticiadosvales\" \/>\n<meta name=\"twitter:site\" content=\"@noticiadosvales\" \/>\n<meta name=\"twitter:label1\" content=\"Escrito por\" \/>\n\t<meta name=\"twitter:data1\" content=\"Reda\u00e7\u00e3o Aconteceu no Vale\" \/>\n\t<meta name=\"twitter:label2\" content=\"Est. tempo de leitura\" \/>\n\t<meta name=\"twitter:data2\" content=\"1 minuto\" \/>\n<script type=\"application\/ld+json\" class=\"yoast-schema-graph\">{\"@context\":\"https:\\\/\\\/schema.org\",\"@graph\":[{\"@type\":\"Article\",\"@id\":\"https:\\\/\\\/aconteceunovale.com.br\\\/portal\\\/?p=182661#article\",\"isPartOf\":{\"@id\":\"https:\\\/\\\/aconteceunovale.com.br\\\/portal\\\/?p=182661\"},\"author\":{\"name\":\"Reda\u00e7\u00e3o Aconteceu no Vale\",\"@id\":\"https:\\\/\\\/aconteceunovale.com.br\\\/portal\\\/#\\\/schema\\\/person\\\/7d2f26d1483f8a63de73da1ee0754d35\"},\"headline\":\"Conmebol rejeita pedido para anular jogo entre Atl\u00e9tico-MG e Palmeiras\",\"datePublished\":\"2021-10-05T16:11:03+00:00\",\"dateModified\":\"2021-10-05T16:13:04+00:00\",\"mainEntityOfPage\":{\"@id\":\"https:\\\/\\\/aconteceunovale.com.br\\\/portal\\\/?p=182661\"},\"wordCount\":268,\"commentCount\":0,\"image\":{\"@id\":\"https:\\\/\\\/aconteceunovale.com.br\\\/portal\\\/?p=182661#primaryimage\"},\"thumbnailUrl\":\"https:\\\/\\\/aconteceunovale.com.br\\\/portal\\\/wp-content\\\/uploads\\\/2021\\\/09\\\/atletico_palmeiras_final.jpg\",\"keywords\":[\"Atl\u00e9tico Mineiro\",\"Atl\u00e9tico-MG\",\"Belo Horizonte\",\"bh\",\"Conmebol\",\"Conmebol rejeita pedido para anular jogo entre Atl\u00e9tico-MG e Palmeiras\",\"Copa Libertadores\",\"Eduardo Goss Brown\",\"Flamengo\",\"galo\",\"Libertadores\",\"Mineir\u00e3o\",\"Montevid\u00e9u\",\"palmeiras\",\"Pedido para anula\u00e7\u00e3o de jogo entre Atl\u00e9tico-MG e Palmeiras\",\"Pedido para anula\u00e7\u00e3o de jogo entre Galo e Palmeiras\",\"Ta\u00e7a Libertadores\",\"Uruguai\"],\"articleSection\":[\"Brasil\",\"Esportes\",\"Minas Gerais\",\"Mundo\"],\"inLanguage\":\"pt-BR\",\"potentialAction\":[{\"@type\":\"CommentAction\",\"name\":\"Comment\",\"target\":[\"https:\\\/\\\/aconteceunovale.com.br\\\/portal\\\/?p=182661#respond\"]}]},{\"@type\":\"WebPage\",\"@id\":\"https:\\\/\\\/aconteceunovale.com.br\\\/portal\\\/?p=182661\",\"url\":\"https:\\\/\\\/aconteceunovale.com.br\\\/portal\\\/?p=182661\",\"name\":\"Conmebol rejeita pedido para anular jogo entre Atl\u00e9tico-MG e Palmeiras - Aconteceu no Vale\",\"isPartOf\":{\"@id\":\"https:\\\/\\\/aconteceunovale.com.br\\\/portal\\\/#website\"},\"primaryImageOfPage\":{\"@id\":\"https:\\\/\\\/aconteceunovale.com.br\\\/portal\\\/?p=182661#primaryimage\"},\"image\":{\"@id\":\"https:\\\/\\\/aconteceunovale.com.br\\\/portal\\\/?p=182661#primaryimage\"},\"thumbnailUrl\":\"https:\\\/\\\/aconteceunovale.com.br\\\/portal\\\/wp-content\\\/uploads\\\/2021\\\/09\\\/atletico_palmeiras_final.jpg\",\"datePublished\":\"2021-10-05T16:11:03+00:00\",\"dateModified\":\"2021-10-05T16:13:04+00:00\",\"author\":{\"@id\":\"https:\\\/\\\/aconteceunovale.com.br\\\/portal\\\/#\\\/schema\\\/person\\\/7d2f26d1483f8a63de73da1ee0754d35\"},\"breadcrumb\":{\"@id\":\"https:\\\/\\\/aconteceunovale.com.br\\\/portal\\\/?p=182661#breadcrumb\"},\"inLanguage\":\"pt-BR\",\"potentialAction\":[{\"@type\":\"ReadAction\",\"target\":[\"https:\\\/\\\/aconteceunovale.com.br\\\/portal\\\/?p=182661\"]}]},{\"@type\":\"ImageObject\",\"inLanguage\":\"pt-BR\",\"@id\":\"https:\\\/\\\/aconteceunovale.com.br\\\/portal\\\/?p=182661#primaryimage\",\"url\":\"https:\\\/\\\/aconteceunovale.com.br\\\/portal\\\/wp-content\\\/uploads\\\/2021\\\/09\\\/atletico_palmeiras_final.jpg\",\"contentUrl\":\"https:\\\/\\\/aconteceunovale.com.br\\\/portal\\\/wp-content\\\/uploads\\\/2021\\\/09\\\/atletico_palmeiras_final.jpg\",\"width\":678,\"height\":406},{\"@type\":\"BreadcrumbList\",\"@id\":\"https:\\\/\\\/aconteceunovale.com.br\\\/portal\\\/?p=182661#breadcrumb\",\"itemListElement\":[{\"@type\":\"ListItem\",\"position\":1,\"name\":\"In\u00edcio\",\"item\":\"https:\\\/\\\/aconteceunovale.com.br\\\/portal\\\/\"},{\"@type\":\"ListItem\",\"position\":2,\"name\":\"Conmebol rejeita pedido para anular jogo entre Atl\u00e9tico-MG e Palmeiras\"}]},{\"@type\":\"WebSite\",\"@id\":\"https:\\\/\\\/aconteceunovale.com.br\\\/portal\\\/#website\",\"url\":\"https:\\\/\\\/aconteceunovale.com.br\\\/portal\\\/\",\"name\":\"Aconteceu no Vale\",\"description\":\"Portal de Not\u00edcias\",\"potentialAction\":[{\"@type\":\"SearchAction\",\"target\":{\"@type\":\"EntryPoint\",\"urlTemplate\":\"https:\\\/\\\/aconteceunovale.com.br\\\/portal\\\/?s={search_term_string}\"},\"query-input\":{\"@type\":\"PropertyValueSpecification\",\"valueRequired\":true,\"valueName\":\"search_term_string\"}}],\"inLanguage\":\"pt-BR\"},{\"@type\":\"Person\",\"@id\":\"https:\\\/\\\/aconteceunovale.com.br\\\/portal\\\/#\\\/schema\\\/person\\\/7d2f26d1483f8a63de73da1ee0754d35\",\"name\":\"Reda\u00e7\u00e3o Aconteceu no Vale\",\"description\":\"Equipe de reportagem do Aconteceu no Vale, portal de not\u00edcias do Vale do Jequitinhonha, em Minas Gerais. Cobrimos as 51 cidades do Vale desde 2013. Sugest\u00f5es de pauta e pedidos de corre\u00e7\u00e3o: contato@aconteceunovale.com.br\",\"url\":\"https:\\\/\\\/aconteceunovale.com.br\\\/portal\\\/?author=4\"}]}<\/script>\n<!-- \/ Yoast SEO plugin. -->","yoast_head_json":{"title":"Conmebol rejeita pedido para anular jogo entre Atl\u00e9tico-MG e Palmeiras - Aconteceu no Vale","robots":{"index":"index","follow":"follow","max-snippet":"max-snippet:-1","max-image-preview":"max-image-preview:large","max-video-preview":"max-video-preview:-1"},"canonical":"https:\/\/aconteceunovale.com.br\/portal\/?p=182661","og_locale":"pt_BR","og_type":"article","og_title":"Conmebol rejeita pedido para anular jogo entre Atl\u00e9tico-MG e Palmeiras - Aconteceu no Vale","og_description":"Em documento publicado na noite de ontem (4\/10\/2021) em seu\u00a0site, a Conmebol revelou que os pedidos do Atl\u00e9tico Mineiro pela anula\u00e7\u00e3o do gol do Palmeiras ou pela repeti\u00e7\u00e3o do segundo duelo pela semifinal da Copa Libertadores foram rejeitados. A decis\u00e3o foi assinada pelo presidente da Comiss\u00e3o Disciplinar da entidade, Eduardo Goss Brown. Tamb\u00e9m de acordo [&hellip;]","og_url":"https:\/\/aconteceunovale.com.br\/portal\/?p=182661","og_site_name":"Aconteceu no Vale","article_publisher":"https:\/\/www.facebook.com\/aconteceunovale\/","article_published_time":"2021-10-05T16:11:03+00:00","article_modified_time":"2021-10-05T16:13:04+00:00","og_image":[{"width":678,"height":406,"url":"https:\/\/aconteceunovale.com.br\/portal\/wp-content\/uploads\/2021\/09\/atletico_palmeiras_final.jpg","type":"image\/jpeg"}],"author":"Reda\u00e7\u00e3o Aconteceu no Vale","twitter_card":"summary_large_image","twitter_creator":"@noticiadosvales","twitter_site":"@noticiadosvales","twitter_misc":{"Escrito por":"Reda\u00e7\u00e3o Aconteceu no Vale","Est. tempo de leitura":"1 minuto"},"schema":{"@context":"https:\/\/schema.org","@graph":[{"@type":"Article","@id":"https:\/\/aconteceunovale.com.br\/portal\/?p=182661#article","isPartOf":{"@id":"https:\/\/aconteceunovale.com.br\/portal\/?p=182661"},"author":{"name":"Reda\u00e7\u00e3o Aconteceu no Vale","@id":"https:\/\/aconteceunovale.com.br\/portal\/#\/schema\/person\/7d2f26d1483f8a63de73da1ee0754d35"},"headline":"Conmebol rejeita pedido para anular jogo entre Atl\u00e9tico-MG e Palmeiras","datePublished":"2021-10-05T16:11:03+00:00","dateModified":"2021-10-05T16:13:04+00:00","mainEntityOfPage":{"@id":"https:\/\/aconteceunovale.com.br\/portal\/?p=182661"},"wordCount":268,"commentCount":0,"image":{"@id":"https:\/\/aconteceunovale.com.br\/portal\/?p=182661#primaryimage"},"thumbnailUrl":"https:\/\/aconteceunovale.com.br\/portal\/wp-content\/uploads\/2021\/09\/atletico_palmeiras_final.jpg","keywords":["Atl\u00e9tico Mineiro","Atl\u00e9tico-MG","Belo Horizonte","bh","Conmebol","Conmebol rejeita pedido para anular jogo entre Atl\u00e9tico-MG e Palmeiras","Copa Libertadores","Eduardo Goss Brown","Flamengo","galo","Libertadores","Mineir\u00e3o","Montevid\u00e9u","palmeiras","Pedido para anula\u00e7\u00e3o de jogo entre Atl\u00e9tico-MG e Palmeiras","Pedido para anula\u00e7\u00e3o de jogo entre Galo e Palmeiras","Ta\u00e7a Libertadores","Uruguai"],"articleSection":["Brasil","Esportes","Minas Gerais","Mundo"],"inLanguage":"pt-BR","potentialAction":[{"@type":"CommentAction","name":"Comment","target":["https:\/\/aconteceunovale.com.br\/portal\/?p=182661#respond"]}]},{"@type":"WebPage","@id":"https:\/\/aconteceunovale.com.br\/portal\/?p=182661","url":"https:\/\/aconteceunovale.com.br\/portal\/?p=182661","name":"Conmebol rejeita pedido para anular jogo entre Atl\u00e9tico-MG e Palmeiras - Aconteceu no Vale","isPartOf":{"@id":"https:\/\/aconteceunovale.com.br\/portal\/#website"},"primaryImageOfPage":{"@id":"https:\/\/aconteceunovale.com.br\/portal\/?p=182661#primaryimage"},"image":{"@id":"https:\/\/aconteceunovale.com.br\/portal\/?p=182661#primaryimage"},"thumbnailUrl":"https:\/\/aconteceunovale.com.br\/portal\/wp-content\/uploads\/2021\/09\/atletico_palmeiras_final.jpg","datePublished":"2021-10-05T16:11:03+00:00","dateModified":"2021-10-05T16:13:04+00:00","author":{"@id":"https:\/\/aconteceunovale.com.br\/portal\/#\/schema\/person\/7d2f26d1483f8a63de73da1ee0754d35"},"breadcrumb":{"@id":"https:\/\/aconteceunovale.com.br\/portal\/?p=182661#breadcrumb"},"inLanguage":"pt-BR","potentialAction":[{"@type":"ReadAction","target":["https:\/\/aconteceunovale.com.br\/portal\/?p=182661"]}]},{"@type":"ImageObject","inLanguage":"pt-BR","@id":"https:\/\/aconteceunovale.com.br\/portal\/?p=182661#primaryimage","url":"https:\/\/aconteceunovale.com.br\/portal\/wp-content\/uploads\/2021\/09\/atletico_palmeiras_final.jpg","contentUrl":"https:\/\/aconteceunovale.com.br\/portal\/wp-content\/uploads\/2021\/09\/atletico_palmeiras_final.jpg","width":678,"height":406},{"@type":"BreadcrumbList","@id":"https:\/\/aconteceunovale.com.br\/portal\/?p=182661#breadcrumb","itemListElement":[{"@type":"ListItem","position":1,"name":"In\u00edcio","item":"https:\/\/aconteceunovale.com.br\/portal\/"},{"@type":"ListItem","position":2,"name":"Conmebol rejeita pedido para anular jogo entre Atl\u00e9tico-MG e Palmeiras"}]},{"@type":"WebSite","@id":"https:\/\/aconteceunovale.com.br\/portal\/#website","url":"https:\/\/aconteceunovale.com.br\/portal\/","name":"Aconteceu no Vale","description":"Portal de Not\u00edcias","potentialAction":[{"@type":"SearchAction","target":{"@type":"EntryPoint","urlTemplate":"https:\/\/aconteceunovale.com.br\/portal\/?s={search_term_string}"},"query-input":{"@type":"PropertyValueSpecification","valueRequired":true,"valueName":"search_term_string"}}],"inLanguage":"pt-BR"},{"@type":"Person","@id":"https:\/\/aconteceunovale.com.br\/portal\/#\/schema\/person\/7d2f26d1483f8a63de73da1ee0754d35","name":"Reda\u00e7\u00e3o Aconteceu no Vale","description":"Equipe de reportagem do Aconteceu no Vale, portal de not\u00edcias do Vale do Jequitinhonha, em Minas Gerais. Cobrimos as 51 cidades do Vale desde 2013. Sugest\u00f5es de pauta e pedidos de corre\u00e7\u00e3o: contato@aconteceunovale.com.br","url":"https:\/\/aconteceunovale.com.br\/portal\/?author=4"}]}},"_links":{"self":[{"href":"https:\/\/aconteceunovale.com.br\/portal\/index.php?rest_route=\/wp\/v2\/posts\/182661","targetHints":{"allow":["GET"]}}],"collection":[{"href":"https:\/\/aconteceunovale.com.br\/portal\/index.php?rest_route=\/wp\/v2\/posts"}],"about":[{"href":"https:\/\/aconteceunovale.com.br\/portal\/index.php?rest_route=\/wp\/v2\/types\/post"}],"author":[{"embeddable":true,"href":"https:\/\/aconteceunovale.com.br\/portal\/index.php?rest_route=\/wp\/v2\/users\/4"}],"replies":[{"embeddable":true,"href":"https:\/\/aconteceunovale.com.br\/portal\/index.php?rest_route=%2Fwp%2Fv2%2Fcomments&post=182661"}],"version-history":[{"count":1,"href":"https:\/\/aconteceunovale.com.br\/portal\/index.php?rest_route=\/wp\/v2\/posts\/182661\/revisions"}],"predecessor-version":[{"id":182662,"href":"https:\/\/aconteceunovale.com.br\/portal\/index.php?rest_route=\/wp\/v2\/posts\/182661\/revisions\/182662"}],"wp:featuredmedia":[{"embeddable":true,"href":"https:\/\/aconteceunovale.com.br\/portal\/index.php?rest_route=\/wp\/v2\/media\/182338"}],"wp:attachment":[{"href":"https:\/\/aconteceunovale.com.br\/portal\/index.php?rest_route=%2Fwp%2Fv2%2Fmedia&parent=182661"}],"wp:term":[{"taxonomy":"category","embeddable":true,"href":"https:\/\/aconteceunovale.com.br\/portal\/index.php?rest_route=%2Fwp%2Fv2%2Fcategories&post=182661"},{"taxonomy":"post_tag","embeddable":true,"href":"https:\/\/aconteceunovale.com.br\/portal\/index.php?rest_route=%2Fwp%2Fv2%2Ftags&post=182661"}],"curies":[{"name":"wp","href":"https:\/\/api.w.org\/{rel}","templated":true}]}}