{"id":182658,"date":"2021-10-05T12:24:02","date_gmt":"2021-10-05T15:24:02","guid":{"rendered":"https:\/\/aconteceunovale.com.br\/portal\/?p=182658"},"modified":"2021-10-05T12:26:22","modified_gmt":"2021-10-05T15:26:22","slug":"avo-e-preso-por-estuprar-e-engravidar-neta-de-10-anos-em-minas","status":"publish","type":"post","link":"https:\/\/aconteceunovale.com.br\/portal\/?p=182658","title":{"rendered":"Av\u00f4 \u00e9 preso por estuprar e engravidar neta de 10 anos em Minas"},"content":{"rendered":"\n<p class=\"wp-block-paragraph\">Um idoso foi preso em Arax\u00e1, na regi\u00e3o do Alto Parana\u00edba, na \u00faltima sexta-feira (1\/10\/2021), por suspeita de estuprar e engravidar uma neta de 10 anos. Segundo informa\u00e7\u00f5es da Pol\u00edcia Civil de Minas Gerais (PCMG), um inqu\u00e9rito foi aberto ap\u00f3s den\u00fancia indicando que a v\u00edtima sofria viol\u00eancia sexual por parte do av\u00f4 materno. Um pedido de pris\u00e3o preventiva foi encaminhado ao judici\u00e1rio local e, ap\u00f3s o deferimento, o investigado foi levado para o Sistema Prisional.<\/p>\n\n\n\n<figure class=\"wp-block-gallery columns-1 is-cropped wp-block-gallery-1 is-layout-flex wp-block-gallery-is-layout-flex\"><ul class=\"blocks-gallery-grid\"><li class=\"blocks-gallery-item\"><figure><img loading=\"lazy\" decoding=\"async\" width=\"652\" height=\"450\" src=\"https:\/\/aconteceunovale.com.br\/portal\/wp-content\/uploads\/2021\/10\/depol_araxa.jpg\" alt=\"\" data-id=\"182659\" data-full-url=\"https:\/\/aconteceunovale.com.br\/portal\/wp-content\/uploads\/2021\/10\/depol_araxa.jpg\" data-link=\"https:\/\/aconteceunovale.com.br\/portal\/?attachment_id=182659\" class=\"wp-image-182659\" srcset=\"https:\/\/aconteceunovale.com.br\/portal\/wp-content\/uploads\/2021\/10\/depol_araxa.jpg 652w, https:\/\/aconteceunovale.com.br\/portal\/wp-content\/uploads\/2021\/10\/depol_araxa-300x207.jpg 300w, https:\/\/aconteceunovale.com.br\/portal\/wp-content\/uploads\/2021\/10\/depol_araxa-100x70.jpg 100w, https:\/\/aconteceunovale.com.br\/portal\/wp-content\/uploads\/2021\/10\/depol_araxa-218x150.jpg 218w, https:\/\/aconteceunovale.com.br\/portal\/wp-content\/uploads\/2021\/10\/depol_araxa-609x420.jpg 609w\" sizes=\"auto, (max-width: 652px) 100vw, 652px\" \/><figcaption class=\"blocks-gallery-item__caption\"><em>Foto: Divulga\u00e7\u00e3o\/PCMG<\/em><\/figcaption><\/figure><\/li><\/ul><\/figure>\n\n\n\n<p class=\"wp-block-paragraph\">De acordo com as investiga\u00e7\u00f5es da PCMG, a v\u00edtima estava sendo estuprada pelo av\u00f4 h\u00e1 alguns meses. A viol\u00eancia sexual, por meio de conjun\u00e7\u00e3o carnal, resultou na gravidez da menina. A fam\u00edlia s\u00f3 percebeu o crime ap\u00f3s mudan\u00e7as corporais na crian\u00e7a.<\/p>\n\n\n\n<p class=\"wp-block-paragraph\">A v\u00edtima foi encaminhada ao Hospital Santa Casa de Miseric\u00f3rdia para a realiza\u00e7\u00e3o de exames m\u00e9dicos. A Pol\u00edcia Civil tamb\u00e9m acionou os \u00f3rg\u00e3os de prote\u00e7\u00e3o do munic\u00edpio para que as devidas provid\u00eancias sejam tomadas.<\/p>\n\n\n\n<p class=\"wp-block-paragraph\">As investiga\u00e7\u00f5es sobre o caso prosseguem e est\u00e3o a cargo da Delegacia de Orienta\u00e7\u00e3o e Prote\u00e7\u00e3o \u00e0 Fam\u00edlia em Arax\u00e1. O inqu\u00e9rito policial ser\u00e1 conclu\u00eddo e remetido \u00e0 Justi\u00e7a.<\/p>\n\n\n\n<p class=\"wp-block-paragraph\">&#8212;&#8212;&#8212;&#8212;&#8212;&#8212;<br><em>Quer receber as not\u00edcias do <strong>Aconteceu no Vale<\/strong> em primeira m\u00e3o? Siga-nos no Facebook <a rel=\"noreferrer noopener\" href=\"http:\/\/facebook.com\/aconteceunovale\" target=\"_blank\">@aconteceunovale<\/a>, Twitter <a rel=\"noreferrer noopener\" href=\"https:\/\/twitter.com\/noticiadosvales\" target=\"_blank\">@noticiadosvales<\/a> e Instagram <a rel=\"noreferrer noopener\" href=\"https:\/\/www.instagram.com\/aconteceunovale\" target=\"_blank\">@aconteceunovale<\/a>.<\/em><\/p>\n","protected":false},"excerpt":{"rendered":"<p>Um idoso foi preso em Arax\u00e1, na regi\u00e3o do Alto Parana\u00edba, na \u00faltima sexta-feira (1\/10\/2021), por suspeita de estuprar e engravidar uma neta de 10 anos. Segundo informa\u00e7\u00f5es da Pol\u00edcia Civil de Minas Gerais (PCMG), um inqu\u00e9rito foi aberto ap\u00f3s den\u00fancia indicando que a v\u00edtima sofria viol\u00eancia sexual por parte do av\u00f4 materno. Um pedido [&hellip;]<\/p>\n","protected":false},"author":4,"featured_media":182659,"comment_status":"open","ping_status":"closed","sticky":false,"template":"","format":"standard","meta":{"amp_status":"","footnotes":""},"categories":[123],"tags":[1504,252518,252517,252521,252525,1018,252520,252519,252516,252515,252523,604,252524,252522],"class_list":["post-182658","post","type-post","status-publish","format-standard","has-post-thumbnail","hentry","category-gerais","tag-araxa","tag-avo-e-preso-por-estuprar-e-engravidar-neta-de-10-anos-em-araxa","tag-avo-e-preso-por-estuprar-e-engravidar-neta-de-10-anos-em-minas","tag-avo-preso-em-araxa","tag-delegacia-de-orientacao-e-protecao-a-familia-em-araxa","tag-destaque","tag-homem-e-preso-por-estuprar-e-engravidar-neta-de-10-anos-em-araxa","tag-homem-e-preso-por-estuprar-e-engravidar-neta-de-10-anos-em-minas","tag-idoso-e-preso-por-estuprar-e-engravidar-neta-de-10-anos-em-araxa","tag-idoso-e-preso-por-estuprar-e-engravidar-neta-de-10-anos-em-minas","tag-neta-gravida-do-avo-em-araxa","tag-pcmg","tag-pcmg-em-araxa","tag-preso-por-estuprar-e-engravidar-neta-em-araxa"],"yoast_head":"<!-- This site is optimized with the Yoast SEO plugin v28.3 - https:\/\/yoast.com\/product\/yoast-seo-wordpress\/ -->\n<title>Av\u00f4 \u00e9 preso por estuprar e engravidar neta de 10 anos em Minas - Aconteceu no Vale<\/title>\n<meta name=\"robots\" content=\"index, follow, max-snippet:-1, max-image-preview:large, max-video-preview:-1\" \/>\n<link rel=\"canonical\" href=\"https:\/\/aconteceunovale.com.br\/portal\/?p=182658\" \/>\n<meta property=\"og:locale\" content=\"pt_BR\" \/>\n<meta property=\"og:type\" content=\"article\" \/>\n<meta property=\"og:title\" content=\"Av\u00f4 \u00e9 preso por estuprar e engravidar neta de 10 anos em Minas - Aconteceu no Vale\" \/>\n<meta property=\"og:description\" content=\"Um idoso foi preso em Arax\u00e1, na regi\u00e3o do Alto Parana\u00edba, na \u00faltima sexta-feira (1\/10\/2021), por suspeita de estuprar e engravidar uma neta de 10 anos. Segundo informa\u00e7\u00f5es da Pol\u00edcia Civil de Minas Gerais (PCMG), um inqu\u00e9rito foi aberto ap\u00f3s den\u00fancia indicando que a v\u00edtima sofria viol\u00eancia sexual por parte do av\u00f4 materno. Um pedido [&hellip;]\" \/>\n<meta property=\"og:url\" content=\"https:\/\/aconteceunovale.com.br\/portal\/?p=182658\" \/>\n<meta property=\"og:site_name\" content=\"Aconteceu no Vale\" \/>\n<meta property=\"article:publisher\" content=\"https:\/\/www.facebook.com\/aconteceunovale\/\" \/>\n<meta property=\"article:published_time\" content=\"2021-10-05T15:24:02+00:00\" \/>\n<meta property=\"article:modified_time\" content=\"2021-10-05T15:26:22+00:00\" \/>\n<meta property=\"og:image\" content=\"https:\/\/aconteceunovale.com.br\/portal\/wp-content\/uploads\/2021\/10\/depol_araxa.jpg\" \/>\n\t<meta property=\"og:image:width\" content=\"652\" \/>\n\t<meta property=\"og:image:height\" content=\"450\" \/>\n\t<meta property=\"og:image:type\" content=\"image\/jpeg\" \/>\n<meta name=\"author\" content=\"Reda\u00e7\u00e3o Aconteceu no Vale\" \/>\n<meta name=\"twitter:card\" content=\"summary_large_image\" \/>\n<meta name=\"twitter:creator\" content=\"@noticiadosvales\" \/>\n<meta name=\"twitter:site\" content=\"@noticiadosvales\" \/>\n<meta name=\"twitter:label1\" content=\"Escrito por\" \/>\n\t<meta name=\"twitter:data1\" content=\"Reda\u00e7\u00e3o Aconteceu no Vale\" \/>\n\t<meta name=\"twitter:label2\" content=\"Est. tempo de leitura\" \/>\n\t<meta name=\"twitter:data2\" content=\"1 minuto\" \/>\n<script type=\"application\/ld+json\" class=\"yoast-schema-graph\">{\"@context\":\"https:\\\/\\\/schema.org\",\"@graph\":[{\"@type\":\"Article\",\"@id\":\"https:\\\/\\\/aconteceunovale.com.br\\\/portal\\\/?p=182658#article\",\"isPartOf\":{\"@id\":\"https:\\\/\\\/aconteceunovale.com.br\\\/portal\\\/?p=182658\"},\"author\":{\"name\":\"Reda\u00e7\u00e3o Aconteceu no Vale\",\"@id\":\"https:\\\/\\\/aconteceunovale.com.br\\\/portal\\\/#\\\/schema\\\/person\\\/7d2f26d1483f8a63de73da1ee0754d35\"},\"headline\":\"Av\u00f4 \u00e9 preso por estuprar e engravidar neta de 10 anos em Minas\",\"datePublished\":\"2021-10-05T15:24:02+00:00\",\"dateModified\":\"2021-10-05T15:26:22+00:00\",\"mainEntityOfPage\":{\"@id\":\"https:\\\/\\\/aconteceunovale.com.br\\\/portal\\\/?p=182658\"},\"wordCount\":251,\"commentCount\":0,\"image\":{\"@id\":\"https:\\\/\\\/aconteceunovale.com.br\\\/portal\\\/?p=182658#primaryimage\"},\"thumbnailUrl\":\"https:\\\/\\\/aconteceunovale.com.br\\\/portal\\\/wp-content\\\/uploads\\\/2021\\\/10\\\/depol_araxa.jpg\",\"keywords\":[\"Arax\u00e1\",\"Av\u00f4 \u00e9 preso por estuprar e engravidar neta de 10 anos em Arax\u00e1\",\"Av\u00f4 \u00e9 preso por estuprar e engravidar neta de 10 anos em Minas\",\"Av\u00f4 preso em Arax\u00e1\",\"Delegacia de Orienta\u00e7\u00e3o e Prote\u00e7\u00e3o \u00e0 Fam\u00edlia em Arax\u00e1\",\"destaque\",\"Homem \u00e9 preso por estuprar e engravidar neta de 10 anos em Arax\u00e1\",\"Homem \u00e9 preso por estuprar e engravidar neta de 10 anos em Minas\",\"Idoso \u00e9 preso por estuprar e engravidar neta de 10 anos em Arax\u00e1\",\"Idoso \u00e9 preso por estuprar e engravidar neta de 10 anos em Minas\",\"Neta gr\u00e1vida do av\u00f4 em Arax\u00e1\",\"PCMG\",\"PCMG em Arax\u00e1\",\"Preso por estuprar e engravidar neta em Arax\u00e1\"],\"articleSection\":[\"Minas Gerais\"],\"inLanguage\":\"pt-BR\",\"potentialAction\":[{\"@type\":\"CommentAction\",\"name\":\"Comment\",\"target\":[\"https:\\\/\\\/aconteceunovale.com.br\\\/portal\\\/?p=182658#respond\"]}]},{\"@type\":\"WebPage\",\"@id\":\"https:\\\/\\\/aconteceunovale.com.br\\\/portal\\\/?p=182658\",\"url\":\"https:\\\/\\\/aconteceunovale.com.br\\\/portal\\\/?p=182658\",\"name\":\"Av\u00f4 \u00e9 preso por estuprar e engravidar neta de 10 anos em Minas - Aconteceu no Vale\",\"isPartOf\":{\"@id\":\"https:\\\/\\\/aconteceunovale.com.br\\\/portal\\\/#website\"},\"primaryImageOfPage\":{\"@id\":\"https:\\\/\\\/aconteceunovale.com.br\\\/portal\\\/?p=182658#primaryimage\"},\"image\":{\"@id\":\"https:\\\/\\\/aconteceunovale.com.br\\\/portal\\\/?p=182658#primaryimage\"},\"thumbnailUrl\":\"https:\\\/\\\/aconteceunovale.com.br\\\/portal\\\/wp-content\\\/uploads\\\/2021\\\/10\\\/depol_araxa.jpg\",\"datePublished\":\"2021-10-05T15:24:02+00:00\",\"dateModified\":\"2021-10-05T15:26:22+00:00\",\"author\":{\"@id\":\"https:\\\/\\\/aconteceunovale.com.br\\\/portal\\\/#\\\/schema\\\/person\\\/7d2f26d1483f8a63de73da1ee0754d35\"},\"breadcrumb\":{\"@id\":\"https:\\\/\\\/aconteceunovale.com.br\\\/portal\\\/?p=182658#breadcrumb\"},\"inLanguage\":\"pt-BR\",\"potentialAction\":[{\"@type\":\"ReadAction\",\"target\":[\"https:\\\/\\\/aconteceunovale.com.br\\\/portal\\\/?p=182658\"]}]},{\"@type\":\"ImageObject\",\"inLanguage\":\"pt-BR\",\"@id\":\"https:\\\/\\\/aconteceunovale.com.br\\\/portal\\\/?p=182658#primaryimage\",\"url\":\"https:\\\/\\\/aconteceunovale.com.br\\\/portal\\\/wp-content\\\/uploads\\\/2021\\\/10\\\/depol_araxa.jpg\",\"contentUrl\":\"https:\\\/\\\/aconteceunovale.com.br\\\/portal\\\/wp-content\\\/uploads\\\/2021\\\/10\\\/depol_araxa.jpg\",\"width\":652,\"height\":450},{\"@type\":\"BreadcrumbList\",\"@id\":\"https:\\\/\\\/aconteceunovale.com.br\\\/portal\\\/?p=182658#breadcrumb\",\"itemListElement\":[{\"@type\":\"ListItem\",\"position\":1,\"name\":\"In\u00edcio\",\"item\":\"https:\\\/\\\/aconteceunovale.com.br\\\/portal\\\/\"},{\"@type\":\"ListItem\",\"position\":2,\"name\":\"Av\u00f4 \u00e9 preso por estuprar e engravidar neta de 10 anos em Minas\"}]},{\"@type\":\"WebSite\",\"@id\":\"https:\\\/\\\/aconteceunovale.com.br\\\/portal\\\/#website\",\"url\":\"https:\\\/\\\/aconteceunovale.com.br\\\/portal\\\/\",\"name\":\"Aconteceu no Vale\",\"description\":\"Portal de Not\u00edcias\",\"potentialAction\":[{\"@type\":\"SearchAction\",\"target\":{\"@type\":\"EntryPoint\",\"urlTemplate\":\"https:\\\/\\\/aconteceunovale.com.br\\\/portal\\\/?s={search_term_string}\"},\"query-input\":{\"@type\":\"PropertyValueSpecification\",\"valueRequired\":true,\"valueName\":\"search_term_string\"}}],\"inLanguage\":\"pt-BR\"},{\"@type\":\"Person\",\"@id\":\"https:\\\/\\\/aconteceunovale.com.br\\\/portal\\\/#\\\/schema\\\/person\\\/7d2f26d1483f8a63de73da1ee0754d35\",\"name\":\"Reda\u00e7\u00e3o Aconteceu no Vale\",\"description\":\"Equipe de reportagem do Aconteceu no Vale, portal de not\u00edcias do Vale do Jequitinhonha, em Minas Gerais. Cobrimos as 51 cidades do Vale desde 2013. Sugest\u00f5es de pauta e pedidos de corre\u00e7\u00e3o: contato@aconteceunovale.com.br\",\"url\":\"https:\\\/\\\/aconteceunovale.com.br\\\/portal\\\/?author=4\"}]}<\/script>\n<!-- \/ Yoast SEO plugin. -->","yoast_head_json":{"title":"Av\u00f4 \u00e9 preso por estuprar e engravidar neta de 10 anos em Minas - Aconteceu no Vale","robots":{"index":"index","follow":"follow","max-snippet":"max-snippet:-1","max-image-preview":"max-image-preview:large","max-video-preview":"max-video-preview:-1"},"canonical":"https:\/\/aconteceunovale.com.br\/portal\/?p=182658","og_locale":"pt_BR","og_type":"article","og_title":"Av\u00f4 \u00e9 preso por estuprar e engravidar neta de 10 anos em Minas - Aconteceu no Vale","og_description":"Um idoso foi preso em Arax\u00e1, na regi\u00e3o do Alto Parana\u00edba, na \u00faltima sexta-feira (1\/10\/2021), por suspeita de estuprar e engravidar uma neta de 10 anos. Segundo informa\u00e7\u00f5es da Pol\u00edcia Civil de Minas Gerais (PCMG), um inqu\u00e9rito foi aberto ap\u00f3s den\u00fancia indicando que a v\u00edtima sofria viol\u00eancia sexual por parte do av\u00f4 materno. Um pedido [&hellip;]","og_url":"https:\/\/aconteceunovale.com.br\/portal\/?p=182658","og_site_name":"Aconteceu no Vale","article_publisher":"https:\/\/www.facebook.com\/aconteceunovale\/","article_published_time":"2021-10-05T15:24:02+00:00","article_modified_time":"2021-10-05T15:26:22+00:00","og_image":[{"width":652,"height":450,"url":"https:\/\/aconteceunovale.com.br\/portal\/wp-content\/uploads\/2021\/10\/depol_araxa.jpg","type":"image\/jpeg"}],"author":"Reda\u00e7\u00e3o Aconteceu no Vale","twitter_card":"summary_large_image","twitter_creator":"@noticiadosvales","twitter_site":"@noticiadosvales","twitter_misc":{"Escrito por":"Reda\u00e7\u00e3o Aconteceu no Vale","Est. tempo de leitura":"1 minuto"},"schema":{"@context":"https:\/\/schema.org","@graph":[{"@type":"Article","@id":"https:\/\/aconteceunovale.com.br\/portal\/?p=182658#article","isPartOf":{"@id":"https:\/\/aconteceunovale.com.br\/portal\/?p=182658"},"author":{"name":"Reda\u00e7\u00e3o Aconteceu no Vale","@id":"https:\/\/aconteceunovale.com.br\/portal\/#\/schema\/person\/7d2f26d1483f8a63de73da1ee0754d35"},"headline":"Av\u00f4 \u00e9 preso por estuprar e engravidar neta de 10 anos em Minas","datePublished":"2021-10-05T15:24:02+00:00","dateModified":"2021-10-05T15:26:22+00:00","mainEntityOfPage":{"@id":"https:\/\/aconteceunovale.com.br\/portal\/?p=182658"},"wordCount":251,"commentCount":0,"image":{"@id":"https:\/\/aconteceunovale.com.br\/portal\/?p=182658#primaryimage"},"thumbnailUrl":"https:\/\/aconteceunovale.com.br\/portal\/wp-content\/uploads\/2021\/10\/depol_araxa.jpg","keywords":["Arax\u00e1","Av\u00f4 \u00e9 preso por estuprar e engravidar neta de 10 anos em Arax\u00e1","Av\u00f4 \u00e9 preso por estuprar e engravidar neta de 10 anos em Minas","Av\u00f4 preso em Arax\u00e1","Delegacia de Orienta\u00e7\u00e3o e Prote\u00e7\u00e3o \u00e0 Fam\u00edlia em Arax\u00e1","destaque","Homem \u00e9 preso por estuprar e engravidar neta de 10 anos em Arax\u00e1","Homem \u00e9 preso por estuprar e engravidar neta de 10 anos em Minas","Idoso \u00e9 preso por estuprar e engravidar neta de 10 anos em Arax\u00e1","Idoso \u00e9 preso por estuprar e engravidar neta de 10 anos em Minas","Neta gr\u00e1vida do av\u00f4 em Arax\u00e1","PCMG","PCMG em Arax\u00e1","Preso por estuprar e engravidar neta em Arax\u00e1"],"articleSection":["Minas Gerais"],"inLanguage":"pt-BR","potentialAction":[{"@type":"CommentAction","name":"Comment","target":["https:\/\/aconteceunovale.com.br\/portal\/?p=182658#respond"]}]},{"@type":"WebPage","@id":"https:\/\/aconteceunovale.com.br\/portal\/?p=182658","url":"https:\/\/aconteceunovale.com.br\/portal\/?p=182658","name":"Av\u00f4 \u00e9 preso por estuprar e engravidar neta de 10 anos em Minas - Aconteceu no Vale","isPartOf":{"@id":"https:\/\/aconteceunovale.com.br\/portal\/#website"},"primaryImageOfPage":{"@id":"https:\/\/aconteceunovale.com.br\/portal\/?p=182658#primaryimage"},"image":{"@id":"https:\/\/aconteceunovale.com.br\/portal\/?p=182658#primaryimage"},"thumbnailUrl":"https:\/\/aconteceunovale.com.br\/portal\/wp-content\/uploads\/2021\/10\/depol_araxa.jpg","datePublished":"2021-10-05T15:24:02+00:00","dateModified":"2021-10-05T15:26:22+00:00","author":{"@id":"https:\/\/aconteceunovale.com.br\/portal\/#\/schema\/person\/7d2f26d1483f8a63de73da1ee0754d35"},"breadcrumb":{"@id":"https:\/\/aconteceunovale.com.br\/portal\/?p=182658#breadcrumb"},"inLanguage":"pt-BR","potentialAction":[{"@type":"ReadAction","target":["https:\/\/aconteceunovale.com.br\/portal\/?p=182658"]}]},{"@type":"ImageObject","inLanguage":"pt-BR","@id":"https:\/\/aconteceunovale.com.br\/portal\/?p=182658#primaryimage","url":"https:\/\/aconteceunovale.com.br\/portal\/wp-content\/uploads\/2021\/10\/depol_araxa.jpg","contentUrl":"https:\/\/aconteceunovale.com.br\/portal\/wp-content\/uploads\/2021\/10\/depol_araxa.jpg","width":652,"height":450},{"@type":"BreadcrumbList","@id":"https:\/\/aconteceunovale.com.br\/portal\/?p=182658#breadcrumb","itemListElement":[{"@type":"ListItem","position":1,"name":"In\u00edcio","item":"https:\/\/aconteceunovale.com.br\/portal\/"},{"@type":"ListItem","position":2,"name":"Av\u00f4 \u00e9 preso por estuprar e engravidar neta de 10 anos em Minas"}]},{"@type":"WebSite","@id":"https:\/\/aconteceunovale.com.br\/portal\/#website","url":"https:\/\/aconteceunovale.com.br\/portal\/","name":"Aconteceu no Vale","description":"Portal de Not\u00edcias","potentialAction":[{"@type":"SearchAction","target":{"@type":"EntryPoint","urlTemplate":"https:\/\/aconteceunovale.com.br\/portal\/?s={search_term_string}"},"query-input":{"@type":"PropertyValueSpecification","valueRequired":true,"valueName":"search_term_string"}}],"inLanguage":"pt-BR"},{"@type":"Person","@id":"https:\/\/aconteceunovale.com.br\/portal\/#\/schema\/person\/7d2f26d1483f8a63de73da1ee0754d35","name":"Reda\u00e7\u00e3o Aconteceu no Vale","description":"Equipe de reportagem do Aconteceu no Vale, portal de not\u00edcias do Vale do Jequitinhonha, em Minas Gerais. Cobrimos as 51 cidades do Vale desde 2013. Sugest\u00f5es de pauta e pedidos de corre\u00e7\u00e3o: contato@aconteceunovale.com.br","url":"https:\/\/aconteceunovale.com.br\/portal\/?author=4"}]}},"_links":{"self":[{"href":"https:\/\/aconteceunovale.com.br\/portal\/index.php?rest_route=\/wp\/v2\/posts\/182658","targetHints":{"allow":["GET"]}}],"collection":[{"href":"https:\/\/aconteceunovale.com.br\/portal\/index.php?rest_route=\/wp\/v2\/posts"}],"about":[{"href":"https:\/\/aconteceunovale.com.br\/portal\/index.php?rest_route=\/wp\/v2\/types\/post"}],"author":[{"embeddable":true,"href":"https:\/\/aconteceunovale.com.br\/portal\/index.php?rest_route=\/wp\/v2\/users\/4"}],"replies":[{"embeddable":true,"href":"https:\/\/aconteceunovale.com.br\/portal\/index.php?rest_route=%2Fwp%2Fv2%2Fcomments&post=182658"}],"version-history":[{"count":1,"href":"https:\/\/aconteceunovale.com.br\/portal\/index.php?rest_route=\/wp\/v2\/posts\/182658\/revisions"}],"predecessor-version":[{"id":182660,"href":"https:\/\/aconteceunovale.com.br\/portal\/index.php?rest_route=\/wp\/v2\/posts\/182658\/revisions\/182660"}],"wp:featuredmedia":[{"embeddable":true,"href":"https:\/\/aconteceunovale.com.br\/portal\/index.php?rest_route=\/wp\/v2\/media\/182659"}],"wp:attachment":[{"href":"https:\/\/aconteceunovale.com.br\/portal\/index.php?rest_route=%2Fwp%2Fv2%2Fmedia&parent=182658"}],"wp:term":[{"taxonomy":"category","embeddable":true,"href":"https:\/\/aconteceunovale.com.br\/portal\/index.php?rest_route=%2Fwp%2Fv2%2Fcategories&post=182658"},{"taxonomy":"post_tag","embeddable":true,"href":"https:\/\/aconteceunovale.com.br\/portal\/index.php?rest_route=%2Fwp%2Fv2%2Ftags&post=182658"}],"curies":[{"name":"wp","href":"https:\/\/api.w.org\/{rel}","templated":true}]}}