{"id":182643,"date":"2021-10-04T23:21:15","date_gmt":"2021-10-05T02:21:15","guid":{"rendered":"https:\/\/aconteceunovale.com.br\/portal\/?p=182643"},"modified":"2021-10-04T23:23:03","modified_gmt":"2021-10-05T02:23:03","slug":"acidente-deixa-um-morto-e-feridos-no-norte-de-minas","status":"publish","type":"post","link":"https:\/\/aconteceunovale.com.br\/portal\/?p=182643","title":{"rendered":"Acidente deixa um morto e feridos no Norte de Minas"},"content":{"rendered":"\n<p class=\"wp-block-paragraph\">Um motorista de 41 anos morreu em um acidente envolvendo tr\u00eas carretas e um caminh\u00e3o na BR-251, no Norte de Minas, na manh\u00e3 de domingo (3\/10\/2021). A ocorr\u00eancia foi registrada na altura do km 400 da rodovia, no trecho da comunidade de Bocaina, no munic\u00edpio de Gr\u00e3o Mogol.<\/p>\n\n\n\n<figure class=\"wp-block-gallery columns-1 is-cropped wp-block-gallery-1 is-layout-flex wp-block-gallery-is-layout-flex\"><ul class=\"blocks-gallery-grid\"><li class=\"blocks-gallery-item\"><figure><img loading=\"lazy\" decoding=\"async\" width=\"654\" height=\"416\" src=\"https:\/\/aconteceunovale.com.br\/portal\/wp-content\/uploads\/2021\/10\/acidente_carretas_251_3.jpg\" alt=\"\" data-id=\"182644\" data-full-url=\"https:\/\/aconteceunovale.com.br\/portal\/wp-content\/uploads\/2021\/10\/acidente_carretas_251_3.jpg\" data-link=\"https:\/\/aconteceunovale.com.br\/portal\/?attachment_id=182644\" class=\"wp-image-182644\" srcset=\"https:\/\/aconteceunovale.com.br\/portal\/wp-content\/uploads\/2021\/10\/acidente_carretas_251_3.jpg 654w, https:\/\/aconteceunovale.com.br\/portal\/wp-content\/uploads\/2021\/10\/acidente_carretas_251_3-300x191.jpg 300w\" sizes=\"auto, (max-width: 654px) 100vw, 654px\" \/><figcaption class=\"blocks-gallery-item__caption\"><em>Foto: Corpo de Bombeiros\/Divulga\u00e7\u00e3o<\/em><\/figcaption><\/figure><\/li><\/ul><\/figure>\n\n\n\n<p class=\"wp-block-paragraph\">Segundo informa\u00e7\u00f5es do Corpo de Bombeiros, a v\u00edtima estava em uma carreta carregada com bananas (placa de Po\u00e7os de Caldas-MG) que colidiu frontalmente contra uma carreta-tanque que transportava maltose (placa de S\u00e3o Paulo). Os dois ve\u00edculos pegaram fogo e o motorista morreu carbonizado. Quando os militares chegaram ao local, o outro condutor j\u00e1 havia sido socorrido por pessoas que passavam pela rodovia.<\/p>\n\n\n\n<p class=\"wp-block-paragraph\">Ap\u00f3s a primeira batida, uma carreta carregada com bobinas de papel (placa de Irani-SC) e um caminh\u00e3o-ba\u00fa (placa de Cambu\u00ed-MG) tamb\u00e9m se envolveram no acidente. Os dois condutores foram socorridos pelo Samu com escoria\u00e7\u00f5es leves e n\u00e3o precisaram ser levados para o hospital.<\/p>\n\n\n\n<p class=\"wp-block-paragraph\">Os bombeiros usaram cerca de 20 mil litros de \u00e1gua para extinguir o inc\u00eandio. A a\u00e7\u00e3o contou com aux\u00edlio de dois caminh\u00f5es-pipa disponibilizados por empresas da regi\u00e3o.<\/p>\n\n\n\n<p class=\"wp-block-paragraph\">Segundo a Pol\u00edcia Rodovi\u00e1ria Federal, a rodovia ficou interditada nos dois sentidos por aproximadamente 9 horas. Foi formado um congestionamento de cerca de 100 km nos dois sentidos.<\/p>\n\n\n\n<p class=\"wp-block-paragraph\">A identifica\u00e7\u00e3o da v\u00edtima fatal n\u00e3o foi divulgada. As causas da trag\u00e9dia ser\u00e3o apuradas pelas autoridades locais.<\/p>\n\n\n\n<figure class=\"wp-block-gallery columns-1 is-cropped wp-block-gallery-2 is-layout-flex wp-block-gallery-is-layout-flex\"><ul class=\"blocks-gallery-grid\"><li class=\"blocks-gallery-item\"><figure><img loading=\"lazy\" decoding=\"async\" width=\"678\" height=\"435\" src=\"https:\/\/aconteceunovale.com.br\/portal\/wp-content\/uploads\/2021\/10\/acidente_carretas_251_4.jpeg\" alt=\"\" data-id=\"182645\" data-full-url=\"https:\/\/aconteceunovale.com.br\/portal\/wp-content\/uploads\/2021\/10\/acidente_carretas_251_4.jpeg\" data-link=\"https:\/\/aconteceunovale.com.br\/portal\/?attachment_id=182645\" class=\"wp-image-182645\" srcset=\"https:\/\/aconteceunovale.com.br\/portal\/wp-content\/uploads\/2021\/10\/acidente_carretas_251_4.jpeg 678w, https:\/\/aconteceunovale.com.br\/portal\/wp-content\/uploads\/2021\/10\/acidente_carretas_251_4-300x192.jpeg 300w, https:\/\/aconteceunovale.com.br\/portal\/wp-content\/uploads\/2021\/10\/acidente_carretas_251_4-655x420.jpeg 655w\" sizes=\"auto, (max-width: 678px) 100vw, 678px\" \/><figcaption class=\"blocks-gallery-item__caption\"> <em>Foto: Corpo de Bombeiros\/Divulga\u00e7\u00e3o<\/em><\/figcaption><\/figure><\/li><li class=\"blocks-gallery-item\"><figure><img loading=\"lazy\" decoding=\"async\" width=\"658\" height=\"434\" src=\"https:\/\/aconteceunovale.com.br\/portal\/wp-content\/uploads\/2021\/10\/acidente_carretas_251_2.jpg\" alt=\"\" data-id=\"182646\" data-full-url=\"https:\/\/aconteceunovale.com.br\/portal\/wp-content\/uploads\/2021\/10\/acidente_carretas_251_2.jpg\" data-link=\"https:\/\/aconteceunovale.com.br\/portal\/?attachment_id=182646\" class=\"wp-image-182646\" srcset=\"https:\/\/aconteceunovale.com.br\/portal\/wp-content\/uploads\/2021\/10\/acidente_carretas_251_2.jpg 658w, https:\/\/aconteceunovale.com.br\/portal\/wp-content\/uploads\/2021\/10\/acidente_carretas_251_2-300x198.jpg 300w, https:\/\/aconteceunovale.com.br\/portal\/wp-content\/uploads\/2021\/10\/acidente_carretas_251_2-637x420.jpg 637w\" sizes=\"auto, (max-width: 658px) 100vw, 658px\" \/><figcaption class=\"blocks-gallery-item__caption\"> <em>Foto: Corpo de Bombeiros\/Divulga\u00e7\u00e3o<\/em><\/figcaption><\/figure><\/li><li class=\"blocks-gallery-item\"><figure><img loading=\"lazy\" decoding=\"async\" width=\"678\" height=\"429\" src=\"https:\/\/aconteceunovale.com.br\/portal\/wp-content\/uploads\/2021\/10\/acidente_carretas_251_1.jpg\" alt=\"\" data-id=\"182647\" data-full-url=\"https:\/\/aconteceunovale.com.br\/portal\/wp-content\/uploads\/2021\/10\/acidente_carretas_251_1.jpg\" data-link=\"https:\/\/aconteceunovale.com.br\/portal\/?attachment_id=182647\" class=\"wp-image-182647\" srcset=\"https:\/\/aconteceunovale.com.br\/portal\/wp-content\/uploads\/2021\/10\/acidente_carretas_251_1.jpg 678w, https:\/\/aconteceunovale.com.br\/portal\/wp-content\/uploads\/2021\/10\/acidente_carretas_251_1-300x190.jpg 300w, https:\/\/aconteceunovale.com.br\/portal\/wp-content\/uploads\/2021\/10\/acidente_carretas_251_1-664x420.jpg 664w\" sizes=\"auto, (max-width: 678px) 100vw, 678px\" \/><figcaption class=\"blocks-gallery-item__caption\"> <em>Foto: Corpo de Bombeiros\/Divulga\u00e7\u00e3o<\/em><\/figcaption><\/figure><\/li><\/ul><\/figure>\n\n\n\n<p class=\"wp-block-paragraph\">&#8212;&#8212;&#8212;&#8212;&#8212;&#8212;<br><em>Quer receber as not\u00edcias do <strong>Aconteceu no Vale<\/strong> em primeira m\u00e3o? Siga-nos no Facebook <a rel=\"noreferrer noopener\" href=\"http:\/\/facebook.com\/aconteceunovale\" target=\"_blank\">@aconteceunovale<\/a>, Twitter <a rel=\"noreferrer noopener\" href=\"https:\/\/twitter.com\/noticiadosvales\" target=\"_blank\">@noticiadosvales<\/a> e Instagram <a rel=\"noreferrer noopener\" href=\"https:\/\/www.instagram.com\/aconteceunovale\" target=\"_blank\">@aconteceunovale<\/a>.<\/em><\/p>\n","protected":false},"excerpt":{"rendered":"<p>Um motorista de 41 anos morreu em um acidente envolvendo tr\u00eas carretas e um caminh\u00e3o na BR-251, no Norte de Minas, na manh\u00e3 de domingo (3\/10\/2021). A ocorr\u00eancia foi registrada na altura do km 400 da rodovia, no trecho da comunidade de Bocaina, no munic\u00edpio de Gr\u00e3o Mogol. Segundo informa\u00e7\u00f5es do Corpo de Bombeiros, a [&hellip;]<\/p>\n","protected":false},"author":4,"featured_media":182647,"comment_status":"open","ping_status":"closed","sticky":false,"template":"","format":"standard","meta":{"amp_status":"","footnotes":""},"categories":[1236],"tags":[252488,252486,252485,252484,252483,214502,252482,163630,206350,206351,206349,26332,1018,1395,252487,210,215,2382],"class_list":["post-182643","post","type-post","status-publish","format-standard","has-post-thumbnail","hentry","category-norte_de_minas","tag-acidente-com-caminhao-de-cambui","tag-acidente-com-caminhao-de-irani","tag-acidente-com-carreta-de-maltose","tag-acidente-com-carreta-de-pocos-de-caldas","tag-acidente-deixa-um-morto-e-feridos-em-grao-mogol","tag-acidente-deixa-um-morto-e-feridos-na-br-251","tag-acidente-deixa-um-morto-e-feridos-no-norte-de-minas","tag-acidente-entre-caminhoes-na-br-251","tag-acidente-na-br-251-2","tag-acidente-na-br-251-em-grao-mogol-2","tag-br-251-2","tag-cambui","tag-destaque","tag-francisco-sa","tag-irani","tag-montes-claros","tag-pocos-de-caldas","tag-sao-paulo"],"yoast_head":"<!-- This site is optimized with the Yoast SEO plugin v28.3 - https:\/\/yoast.com\/product\/yoast-seo-wordpress\/ -->\n<title>Acidente deixa um morto e feridos no Norte de Minas - Aconteceu no Vale<\/title>\n<meta name=\"robots\" content=\"index, follow, max-snippet:-1, max-image-preview:large, max-video-preview:-1\" \/>\n<link rel=\"canonical\" href=\"https:\/\/aconteceunovale.com.br\/portal\/?p=182643\" \/>\n<meta property=\"og:locale\" content=\"pt_BR\" \/>\n<meta property=\"og:type\" content=\"article\" \/>\n<meta property=\"og:title\" content=\"Acidente deixa um morto e feridos no Norte de Minas - Aconteceu no Vale\" \/>\n<meta property=\"og:description\" content=\"Um motorista de 41 anos morreu em um acidente envolvendo tr\u00eas carretas e um caminh\u00e3o na BR-251, no Norte de Minas, na manh\u00e3 de domingo (3\/10\/2021). A ocorr\u00eancia foi registrada na altura do km 400 da rodovia, no trecho da comunidade de Bocaina, no munic\u00edpio de Gr\u00e3o Mogol. Segundo informa\u00e7\u00f5es do Corpo de Bombeiros, a [&hellip;]\" \/>\n<meta property=\"og:url\" content=\"https:\/\/aconteceunovale.com.br\/portal\/?p=182643\" \/>\n<meta property=\"og:site_name\" content=\"Aconteceu no Vale\" \/>\n<meta property=\"article:publisher\" content=\"https:\/\/www.facebook.com\/aconteceunovale\/\" \/>\n<meta property=\"article:published_time\" content=\"2021-10-05T02:21:15+00:00\" \/>\n<meta property=\"article:modified_time\" content=\"2021-10-05T02:23:03+00:00\" \/>\n<meta property=\"og:image\" content=\"https:\/\/aconteceunovale.com.br\/portal\/wp-content\/uploads\/2021\/10\/acidente_carretas_251_1.jpg\" \/>\n\t<meta property=\"og:image:width\" content=\"678\" \/>\n\t<meta property=\"og:image:height\" content=\"429\" \/>\n\t<meta property=\"og:image:type\" content=\"image\/jpeg\" \/>\n<meta name=\"author\" content=\"Reda\u00e7\u00e3o Aconteceu no Vale\" \/>\n<meta name=\"twitter:card\" content=\"summary_large_image\" \/>\n<meta name=\"twitter:creator\" content=\"@noticiadosvales\" \/>\n<meta name=\"twitter:site\" content=\"@noticiadosvales\" \/>\n<meta name=\"twitter:label1\" content=\"Escrito por\" \/>\n\t<meta name=\"twitter:data1\" content=\"Reda\u00e7\u00e3o Aconteceu no Vale\" \/>\n\t<meta name=\"twitter:label2\" content=\"Est. tempo de leitura\" \/>\n\t<meta name=\"twitter:data2\" content=\"1 minuto\" \/>\n<script type=\"application\/ld+json\" class=\"yoast-schema-graph\">{\"@context\":\"https:\\\/\\\/schema.org\",\"@graph\":[{\"@type\":\"Article\",\"@id\":\"https:\\\/\\\/aconteceunovale.com.br\\\/portal\\\/?p=182643#article\",\"isPartOf\":{\"@id\":\"https:\\\/\\\/aconteceunovale.com.br\\\/portal\\\/?p=182643\"},\"author\":{\"name\":\"Reda\u00e7\u00e3o Aconteceu no Vale\",\"@id\":\"https:\\\/\\\/aconteceunovale.com.br\\\/portal\\\/#\\\/schema\\\/person\\\/7d2f26d1483f8a63de73da1ee0754d35\"},\"headline\":\"Acidente deixa um morto e feridos no Norte de Minas\",\"datePublished\":\"2021-10-05T02:21:15+00:00\",\"dateModified\":\"2021-10-05T02:23:03+00:00\",\"mainEntityOfPage\":{\"@id\":\"https:\\\/\\\/aconteceunovale.com.br\\\/portal\\\/?p=182643\"},\"wordCount\":304,\"commentCount\":0,\"image\":{\"@id\":\"https:\\\/\\\/aconteceunovale.com.br\\\/portal\\\/?p=182643#primaryimage\"},\"thumbnailUrl\":\"https:\\\/\\\/aconteceunovale.com.br\\\/portal\\\/wp-content\\\/uploads\\\/2021\\\/10\\\/acidente_carretas_251_1.jpg\",\"keywords\":[\"Acidente com caminh\u00e3o de Cambu\u00ed\",\"Acidente com caminh\u00e3o de Irani\",\"Acidente com carreta de maltose\",\"Acidente com carreta de Po\u00e7os de Caldas\",\"Acidente deixa um morto e feridos em Gr\u00e3o Mogol\",\"Acidente deixa um morto e feridos na BR-251\",\"Acidente deixa um morto e feridos no Norte de Minas\",\"Acidente entre caminh\u00f5es na BR-251\",\"Acidente na BR-251\",\"Acidente na BR-251 em Gr\u00e3o Mogol\",\"BR-251\",\"Cambu\u00ed\",\"destaque\",\"francisco s\u00e1\",\"Irani\",\"Montes Claros\",\"Po\u00e7os de Caldas\",\"S\u00e3o Paulo\"],\"articleSection\":[\"Norte de Minas\"],\"inLanguage\":\"pt-BR\",\"potentialAction\":[{\"@type\":\"CommentAction\",\"name\":\"Comment\",\"target\":[\"https:\\\/\\\/aconteceunovale.com.br\\\/portal\\\/?p=182643#respond\"]}]},{\"@type\":\"WebPage\",\"@id\":\"https:\\\/\\\/aconteceunovale.com.br\\\/portal\\\/?p=182643\",\"url\":\"https:\\\/\\\/aconteceunovale.com.br\\\/portal\\\/?p=182643\",\"name\":\"Acidente deixa um morto e feridos no Norte de Minas - Aconteceu no Vale\",\"isPartOf\":{\"@id\":\"https:\\\/\\\/aconteceunovale.com.br\\\/portal\\\/#website\"},\"primaryImageOfPage\":{\"@id\":\"https:\\\/\\\/aconteceunovale.com.br\\\/portal\\\/?p=182643#primaryimage\"},\"image\":{\"@id\":\"https:\\\/\\\/aconteceunovale.com.br\\\/portal\\\/?p=182643#primaryimage\"},\"thumbnailUrl\":\"https:\\\/\\\/aconteceunovale.com.br\\\/portal\\\/wp-content\\\/uploads\\\/2021\\\/10\\\/acidente_carretas_251_1.jpg\",\"datePublished\":\"2021-10-05T02:21:15+00:00\",\"dateModified\":\"2021-10-05T02:23:03+00:00\",\"author\":{\"@id\":\"https:\\\/\\\/aconteceunovale.com.br\\\/portal\\\/#\\\/schema\\\/person\\\/7d2f26d1483f8a63de73da1ee0754d35\"},\"breadcrumb\":{\"@id\":\"https:\\\/\\\/aconteceunovale.com.br\\\/portal\\\/?p=182643#breadcrumb\"},\"inLanguage\":\"pt-BR\",\"potentialAction\":[{\"@type\":\"ReadAction\",\"target\":[\"https:\\\/\\\/aconteceunovale.com.br\\\/portal\\\/?p=182643\"]}]},{\"@type\":\"ImageObject\",\"inLanguage\":\"pt-BR\",\"@id\":\"https:\\\/\\\/aconteceunovale.com.br\\\/portal\\\/?p=182643#primaryimage\",\"url\":\"https:\\\/\\\/aconteceunovale.com.br\\\/portal\\\/wp-content\\\/uploads\\\/2021\\\/10\\\/acidente_carretas_251_1.jpg\",\"contentUrl\":\"https:\\\/\\\/aconteceunovale.com.br\\\/portal\\\/wp-content\\\/uploads\\\/2021\\\/10\\\/acidente_carretas_251_1.jpg\",\"width\":678,\"height\":429},{\"@type\":\"BreadcrumbList\",\"@id\":\"https:\\\/\\\/aconteceunovale.com.br\\\/portal\\\/?p=182643#breadcrumb\",\"itemListElement\":[{\"@type\":\"ListItem\",\"position\":1,\"name\":\"In\u00edcio\",\"item\":\"https:\\\/\\\/aconteceunovale.com.br\\\/portal\\\/\"},{\"@type\":\"ListItem\",\"position\":2,\"name\":\"Acidente deixa um morto e feridos no Norte de Minas\"}]},{\"@type\":\"WebSite\",\"@id\":\"https:\\\/\\\/aconteceunovale.com.br\\\/portal\\\/#website\",\"url\":\"https:\\\/\\\/aconteceunovale.com.br\\\/portal\\\/\",\"name\":\"Aconteceu no Vale\",\"description\":\"Portal de Not\u00edcias\",\"potentialAction\":[{\"@type\":\"SearchAction\",\"target\":{\"@type\":\"EntryPoint\",\"urlTemplate\":\"https:\\\/\\\/aconteceunovale.com.br\\\/portal\\\/?s={search_term_string}\"},\"query-input\":{\"@type\":\"PropertyValueSpecification\",\"valueRequired\":true,\"valueName\":\"search_term_string\"}}],\"inLanguage\":\"pt-BR\"},{\"@type\":\"Person\",\"@id\":\"https:\\\/\\\/aconteceunovale.com.br\\\/portal\\\/#\\\/schema\\\/person\\\/7d2f26d1483f8a63de73da1ee0754d35\",\"name\":\"Reda\u00e7\u00e3o Aconteceu no Vale\",\"description\":\"Equipe de reportagem do Aconteceu no Vale, portal de not\u00edcias do Vale do Jequitinhonha, em Minas Gerais. Cobrimos as 51 cidades do Vale desde 2013. Sugest\u00f5es de pauta e pedidos de corre\u00e7\u00e3o: contato@aconteceunovale.com.br\",\"url\":\"https:\\\/\\\/aconteceunovale.com.br\\\/portal\\\/?author=4\"}]}<\/script>\n<!-- \/ Yoast SEO plugin. -->","yoast_head_json":{"title":"Acidente deixa um morto e feridos no Norte de Minas - Aconteceu no Vale","robots":{"index":"index","follow":"follow","max-snippet":"max-snippet:-1","max-image-preview":"max-image-preview:large","max-video-preview":"max-video-preview:-1"},"canonical":"https:\/\/aconteceunovale.com.br\/portal\/?p=182643","og_locale":"pt_BR","og_type":"article","og_title":"Acidente deixa um morto e feridos no Norte de Minas - Aconteceu no Vale","og_description":"Um motorista de 41 anos morreu em um acidente envolvendo tr\u00eas carretas e um caminh\u00e3o na BR-251, no Norte de Minas, na manh\u00e3 de domingo (3\/10\/2021). A ocorr\u00eancia foi registrada na altura do km 400 da rodovia, no trecho da comunidade de Bocaina, no munic\u00edpio de Gr\u00e3o Mogol. Segundo informa\u00e7\u00f5es do Corpo de Bombeiros, a [&hellip;]","og_url":"https:\/\/aconteceunovale.com.br\/portal\/?p=182643","og_site_name":"Aconteceu no Vale","article_publisher":"https:\/\/www.facebook.com\/aconteceunovale\/","article_published_time":"2021-10-05T02:21:15+00:00","article_modified_time":"2021-10-05T02:23:03+00:00","og_image":[{"width":678,"height":429,"url":"https:\/\/aconteceunovale.com.br\/portal\/wp-content\/uploads\/2021\/10\/acidente_carretas_251_1.jpg","type":"image\/jpeg"}],"author":"Reda\u00e7\u00e3o Aconteceu no Vale","twitter_card":"summary_large_image","twitter_creator":"@noticiadosvales","twitter_site":"@noticiadosvales","twitter_misc":{"Escrito por":"Reda\u00e7\u00e3o Aconteceu no Vale","Est. tempo de leitura":"1 minuto"},"schema":{"@context":"https:\/\/schema.org","@graph":[{"@type":"Article","@id":"https:\/\/aconteceunovale.com.br\/portal\/?p=182643#article","isPartOf":{"@id":"https:\/\/aconteceunovale.com.br\/portal\/?p=182643"},"author":{"name":"Reda\u00e7\u00e3o Aconteceu no Vale","@id":"https:\/\/aconteceunovale.com.br\/portal\/#\/schema\/person\/7d2f26d1483f8a63de73da1ee0754d35"},"headline":"Acidente deixa um morto e feridos no Norte de Minas","datePublished":"2021-10-05T02:21:15+00:00","dateModified":"2021-10-05T02:23:03+00:00","mainEntityOfPage":{"@id":"https:\/\/aconteceunovale.com.br\/portal\/?p=182643"},"wordCount":304,"commentCount":0,"image":{"@id":"https:\/\/aconteceunovale.com.br\/portal\/?p=182643#primaryimage"},"thumbnailUrl":"https:\/\/aconteceunovale.com.br\/portal\/wp-content\/uploads\/2021\/10\/acidente_carretas_251_1.jpg","keywords":["Acidente com caminh\u00e3o de Cambu\u00ed","Acidente com caminh\u00e3o de Irani","Acidente com carreta de maltose","Acidente com carreta de Po\u00e7os de Caldas","Acidente deixa um morto e feridos em Gr\u00e3o Mogol","Acidente deixa um morto e feridos na BR-251","Acidente deixa um morto e feridos no Norte de Minas","Acidente entre caminh\u00f5es na BR-251","Acidente na BR-251","Acidente na BR-251 em Gr\u00e3o Mogol","BR-251","Cambu\u00ed","destaque","francisco s\u00e1","Irani","Montes Claros","Po\u00e7os de Caldas","S\u00e3o Paulo"],"articleSection":["Norte de Minas"],"inLanguage":"pt-BR","potentialAction":[{"@type":"CommentAction","name":"Comment","target":["https:\/\/aconteceunovale.com.br\/portal\/?p=182643#respond"]}]},{"@type":"WebPage","@id":"https:\/\/aconteceunovale.com.br\/portal\/?p=182643","url":"https:\/\/aconteceunovale.com.br\/portal\/?p=182643","name":"Acidente deixa um morto e feridos no Norte de Minas - Aconteceu no Vale","isPartOf":{"@id":"https:\/\/aconteceunovale.com.br\/portal\/#website"},"primaryImageOfPage":{"@id":"https:\/\/aconteceunovale.com.br\/portal\/?p=182643#primaryimage"},"image":{"@id":"https:\/\/aconteceunovale.com.br\/portal\/?p=182643#primaryimage"},"thumbnailUrl":"https:\/\/aconteceunovale.com.br\/portal\/wp-content\/uploads\/2021\/10\/acidente_carretas_251_1.jpg","datePublished":"2021-10-05T02:21:15+00:00","dateModified":"2021-10-05T02:23:03+00:00","author":{"@id":"https:\/\/aconteceunovale.com.br\/portal\/#\/schema\/person\/7d2f26d1483f8a63de73da1ee0754d35"},"breadcrumb":{"@id":"https:\/\/aconteceunovale.com.br\/portal\/?p=182643#breadcrumb"},"inLanguage":"pt-BR","potentialAction":[{"@type":"ReadAction","target":["https:\/\/aconteceunovale.com.br\/portal\/?p=182643"]}]},{"@type":"ImageObject","inLanguage":"pt-BR","@id":"https:\/\/aconteceunovale.com.br\/portal\/?p=182643#primaryimage","url":"https:\/\/aconteceunovale.com.br\/portal\/wp-content\/uploads\/2021\/10\/acidente_carretas_251_1.jpg","contentUrl":"https:\/\/aconteceunovale.com.br\/portal\/wp-content\/uploads\/2021\/10\/acidente_carretas_251_1.jpg","width":678,"height":429},{"@type":"BreadcrumbList","@id":"https:\/\/aconteceunovale.com.br\/portal\/?p=182643#breadcrumb","itemListElement":[{"@type":"ListItem","position":1,"name":"In\u00edcio","item":"https:\/\/aconteceunovale.com.br\/portal\/"},{"@type":"ListItem","position":2,"name":"Acidente deixa um morto e feridos no Norte de Minas"}]},{"@type":"WebSite","@id":"https:\/\/aconteceunovale.com.br\/portal\/#website","url":"https:\/\/aconteceunovale.com.br\/portal\/","name":"Aconteceu no Vale","description":"Portal de Not\u00edcias","potentialAction":[{"@type":"SearchAction","target":{"@type":"EntryPoint","urlTemplate":"https:\/\/aconteceunovale.com.br\/portal\/?s={search_term_string}"},"query-input":{"@type":"PropertyValueSpecification","valueRequired":true,"valueName":"search_term_string"}}],"inLanguage":"pt-BR"},{"@type":"Person","@id":"https:\/\/aconteceunovale.com.br\/portal\/#\/schema\/person\/7d2f26d1483f8a63de73da1ee0754d35","name":"Reda\u00e7\u00e3o Aconteceu no Vale","description":"Equipe de reportagem do Aconteceu no Vale, portal de not\u00edcias do Vale do Jequitinhonha, em Minas Gerais. Cobrimos as 51 cidades do Vale desde 2013. Sugest\u00f5es de pauta e pedidos de corre\u00e7\u00e3o: contato@aconteceunovale.com.br","url":"https:\/\/aconteceunovale.com.br\/portal\/?author=4"}]}},"_links":{"self":[{"href":"https:\/\/aconteceunovale.com.br\/portal\/index.php?rest_route=\/wp\/v2\/posts\/182643","targetHints":{"allow":["GET"]}}],"collection":[{"href":"https:\/\/aconteceunovale.com.br\/portal\/index.php?rest_route=\/wp\/v2\/posts"}],"about":[{"href":"https:\/\/aconteceunovale.com.br\/portal\/index.php?rest_route=\/wp\/v2\/types\/post"}],"author":[{"embeddable":true,"href":"https:\/\/aconteceunovale.com.br\/portal\/index.php?rest_route=\/wp\/v2\/users\/4"}],"replies":[{"embeddable":true,"href":"https:\/\/aconteceunovale.com.br\/portal\/index.php?rest_route=%2Fwp%2Fv2%2Fcomments&post=182643"}],"version-history":[{"count":1,"href":"https:\/\/aconteceunovale.com.br\/portal\/index.php?rest_route=\/wp\/v2\/posts\/182643\/revisions"}],"predecessor-version":[{"id":182648,"href":"https:\/\/aconteceunovale.com.br\/portal\/index.php?rest_route=\/wp\/v2\/posts\/182643\/revisions\/182648"}],"wp:featuredmedia":[{"embeddable":true,"href":"https:\/\/aconteceunovale.com.br\/portal\/index.php?rest_route=\/wp\/v2\/media\/182647"}],"wp:attachment":[{"href":"https:\/\/aconteceunovale.com.br\/portal\/index.php?rest_route=%2Fwp%2Fv2%2Fmedia&parent=182643"}],"wp:term":[{"taxonomy":"category","embeddable":true,"href":"https:\/\/aconteceunovale.com.br\/portal\/index.php?rest_route=%2Fwp%2Fv2%2Fcategories&post=182643"},{"taxonomy":"post_tag","embeddable":true,"href":"https:\/\/aconteceunovale.com.br\/portal\/index.php?rest_route=%2Fwp%2Fv2%2Ftags&post=182643"}],"curies":[{"name":"wp","href":"https:\/\/api.w.org\/{rel}","templated":true}]}}