{"id":182640,"date":"2021-10-04T22:47:15","date_gmt":"2021-10-05T01:47:15","guid":{"rendered":"https:\/\/aconteceunovale.com.br\/portal\/?p=182640"},"modified":"2026-09-02T12:29:32","modified_gmt":"2026-09-02T15:29:32","slug":"brasil-tem-recorde-de-praias-e-marinas-premiadas-com-a-bandeira-azul-em-2021","status":"publish","type":"post","link":"https:\/\/aconteceunovale.com.br\/portal\/?p=182640","title":{"rendered":"Brasil tem recorde de praias e marinas premiadas com a Bandeira Azul em 2021"},"content":{"rendered":"\n<p class=\"wp-block-paragraph\">A temporada de ver\u00e3o de 2021\/2022 no Brasil vai contar com recorde de praias e marinas premiadas com a Bandeira Azul, principal certifica\u00e7\u00e3o internacional dedicada \u00e0 gest\u00e3o de praias, marinas e embarca\u00e7\u00f5es de turismo. O an\u00fancio foi feito na sexta-feira (01) e confirma as indica\u00e7\u00f5es realizadas pelo j\u00fari nacional do programa, composto pelo Minist\u00e9rio do Turismo e outros \u00f3rg\u00e3os do pa\u00eds,\u00a0que recomendou 22 praias e 6 marinas. Em compara\u00e7\u00e3o \u00e0 \u00faltima temporada, o Brasil ampliou em 16% o n\u00famero de locais com a certifica\u00e7\u00e3o, quando 24 foram premiados.<\/p>\n\n\n\n<figure class=\"wp-block-gallery aligncenter columns-1 is-cropped wp-block-gallery-1 is-layout-flex wp-block-gallery-is-layout-flex\"><ul class=\"blocks-gallery-grid\"><li class=\"blocks-gallery-item\"><figure><img loading=\"lazy\" decoding=\"async\" width=\"678\" height=\"383\" src=\"https:\/\/aconteceunovale.com.br\/portal\/wp-content\/uploads\/2021\/10\/patacho.jpeg\" alt=\"\" data-id=\"182641\" data-full-url=\"https:\/\/aconteceunovale.com.br\/portal\/wp-content\/uploads\/2021\/10\/patacho.jpeg\" data-link=\"https:\/\/aconteceunovale.com.br\/portal\/?attachment_id=182641\" class=\"wp-image-182641\" srcset=\"https:\/\/aconteceunovale.com.br\/portal\/wp-content\/uploads\/2021\/10\/patacho.jpeg 678w, https:\/\/aconteceunovale.com.br\/portal\/wp-content\/uploads\/2021\/10\/patacho-300x169.jpeg 300w\" sizes=\"auto, (max-width: 678px) 100vw, 678px\" \/><figcaption class=\"blocks-gallery-item__caption\"><em>A praia do Patacho, em S\u00e3o Miguel dos Milagres (AL), foi uma das premiadas &#8211; Foto: Marco Ankosqui\/MTur<\/em><\/figcaption><\/figure><\/li><\/ul><\/figure>\n\n\n\n<p class=\"wp-block-paragraph\">Somando as praias e marinas, o pa\u00eds ter\u00e1 ao todo 28 locais premiados pela iniciativa, sendo 15 em Santa Catarina, 5 no Rio de Janeiro, 3 na Bahia e 3 em S\u00e3o Paulo, um em Alagoas e outra no Esp\u00edrito Santo. A cerim\u00f4nia de entrega das bandeiras est\u00e1 prevista para novembro, no in\u00edcio da temporada Bandeira Azul no hemisf\u00e9rio sul. Veja a lista abaixo.<\/p>\n\n\n\n<p class=\"wp-block-paragraph\">Para o ministro do Turismo, Gilson Machado Neto, o aumento no n\u00famero de certifica\u00e7\u00f5es vem para selar o compromisso do governo federal na preserva\u00e7\u00e3o ambiental, principalmente da orla mar\u00edtima brasileira. \u201cN\u00f3s estamos empenhados em ofertar locais limpos, preservados e aptos para que os nossos turistas possam aproveitar o nosso litoral, que podemos considerar como um dos mais lindos do mundo. Vamos continuar trabalhando para que possamos aprimorar os nossos destinos para recebermos cada vez melhor o nosso turista\u201d, pontuou.<\/p>\n\n\n\n<p class=\"wp-block-paragraph\">Para se qualificar para o Bandeira Azul, uma s\u00e9rie de crit\u00e9rios com foco em gest\u00e3o ambiental, qualidade da \u00e1gua, educa\u00e7\u00e3o ambiental, seguran\u00e7a e servi\u00e7os, turismo sustent\u00e1vel e responsabilidade social devem ser atendidos, mantidos e comprovados anualmente. O principal objetivo do Programa \u00e9 elevar o grau de participa\u00e7\u00e3o e, consequentemente, de conscientiza\u00e7\u00e3o da sociedade, empres\u00e1rios do segmento n\u00e1utico e gestores p\u00fablicos quanto \u00e0 necessidade de proteger os ambientes marinho\/costeiro, incentivando a realiza\u00e7\u00e3o de a\u00e7\u00f5es que conduzam \u00e0 resolu\u00e7\u00e3o dos problemas existentes na busca da qualidade e prote\u00e7\u00e3o ambiental.<\/p>\n\n\n\n<p class=\"wp-block-paragraph\">A coordenadora do Programa Bandeira Azul no Brasil, Leana Bernardi, destacou que a premia\u00e7\u00e3o vem para vencer os desafios encontrados nos \u00faltimos tempos. \u201cPor conta da pandemia, houve dificuldade para alguns em realizar testes de balneabilidade da \u00e1gua e certas atividades relacionadas ao programa. No entanto, com a ajuda de nossos parceiros, todos os crit\u00e9rios foram cumpridos, ganhando reconhecimento do j\u00fari nacional e internacional\u201d, concluiu.<\/p>\n\n\n\n<p class=\"wp-block-paragraph\">Al\u00e9m do MTur, tamb\u00e9m fazem parte do J\u00fari Nacional do Programa os minist\u00e9rios da Educa\u00e7\u00e3o e do Meio Ambiente, a Secretaria de Coordena\u00e7\u00e3o e Governan\u00e7a Patrim\u00f4nio da Uni\u00e3o do Minist\u00e9rio da Economia, o Instituto Ambientes em Rede, a Associa\u00e7\u00e3o N\u00e1utica Brasileira &#8211; ACATMAR, a Ag\u00eancia Brasileira de Gerenciamento Costeiro, a Funda\u00e7\u00e3o SOS Mata Atl\u00e2ntica, a Sociedade Brasileira de Salvamento Aqu\u00e1tico e a Associa\u00e7\u00e3o Nacional de \u00d3rg\u00e3os Municipais de Meio Ambiente &#8211; ANAMMA . Anualmente, as entidades se re\u00fanem para aferi\u00e7\u00e3o do cumprimento dos crit\u00e9rios e delibera\u00e7\u00e3o sobre quais praias, marinas e embarca\u00e7\u00f5es ser\u00e3o submetidas ao J\u00fari Internacional.<\/p>\n\n\n\n<h3 class=\"wp-block-heading\">Bandeira Azul<\/h3>\n\n\n\n<p class=\"wp-block-paragraph\">O Programa Bandeira Azul promove o desenvolvimento sustent\u00e1vel em \u00e1reas de \u00e1gua doce e marinhas. O Programa desafia as autoridades locais e os gestores de praia a alcan\u00e7arem altos padr\u00f5es de qualidade em quatro temas: qualidade da \u00e1gua, gest\u00e3o ambiental, educa\u00e7\u00e3o ambiental e seguran\u00e7a. Ao longo dos anos, o Bandeira Azul tornou-se um r\u00f3tulo ecol\u00f3gico altamente respeitado e reconhecido trabalhando para reunir os setores de turismo e meio ambiente de maneira local, regional e internacional.<\/p>\n\n\n\n<p class=\"wp-block-paragraph\">O Programa Bandeira Azul foi criado pela FEE \u2013 Foundation for Environmental Education (www.fee.global), uma institui\u00e7\u00e3o internacional com diversos integrantes representando seu respectivo pa\u00eds. No Brasil, o Operador Nacional do Programa \u00e9 o IAR \u2013 Instituto Ambientes em Rede (<a href=\"http:\/\/www.iarbrasil.org.br\/\" target=\"_blank\" rel=\"noreferrer noopener\">www.iarbrasil.org.br<\/a>).<\/p>\n\n\n\n<p class=\"wp-block-paragraph\"><strong>Praias premiadas na temporada 2021\/2022:<\/strong><\/p>\n\n\n\n<ul class=\"wp-block-list\"><li>Praia do Patacho, Porto de Pedras \u2013 AL<\/li><li>Praia da Ponta de Nossa Senhora de Guadalupe, Salvador \u2013 BA<\/li><li>Praia de Guarajuba, Cama\u00e7ari \u2013 BA<\/li><li>Praia de Itacimirim, Cama\u00e7ari \u2013 BA<\/li><li>Praia da Sereia, Vila Velha \u2013 ES<\/li><li>Praia do Sossego, Niter\u00f3i \u2013 RJ<\/li><li>Prainha, Rio de Janeiro \u2013 RJ<\/li><li>Praia da Reserva, Rio de Janeiro \u2013 RJ<\/li><li>Praia do Per\u00f3, Cabo Frio \u2013 RJ<\/li><li>Praia Grande, Governador Celso Ramos \u2013 SC<\/li><li>Praia do Estaleiro, Balne\u00e1rio Cambori\u00fa \u2013 SC<\/li><li>Praia do Estaleirinho, Balne\u00e1rio Cambori\u00fa \u2013 SC<\/li><li>Praia de Pi\u00e7arras \u2013 Balne\u00e1rio Pi\u00e7arras \u2013 SC<\/li><li>Praia de Quatro Ilhas, Bombinhas \u2013 SC<\/li><li>Praia de Mariscal, Bombinhas \u2013 SC<\/li><li>Praia da Concei\u00e7\u00e3o, Bombinhas \u2013 SC<\/li><li>Prainha, S\u00e3o Francisco do Sul \u2013 SC<\/li><li>Praia do Forte, S\u00e3o Francisco do Sul \u2013 SC<\/li><li>Praia Grande, Penha \u2013 SC<\/li><li>Praia da Bacia da Vov\u00f3, Penha \u2013 SC<\/li><li>Praia da Saudade, Penha \u2013 SC<\/li><li>Praia do Tombo, Guaruj\u00e1 \u2013 SP<\/li><\/ul>\n\n\n\n<p class=\"wp-block-paragraph\"><strong>Marinas premiadas na temporada 2021\/2022:<\/strong><\/p>\n\n\n\n<ul class=\"wp-block-list\"><li>Marina Costabella, Angra dos Reis \u2013 RJ<\/li><li>Tedesco Marina \u2013 Balne\u00e1rio Cambori\u00fa \u2013 SC<\/li><li>Marina Itaja\u00ed, Itaja\u00ed \u2013 SC<\/li><li>Iate Clube de Santa Catarina (sede Centro), Florian\u00f3polis \u2013 SC<\/li><li>Marinas Nacionais, Guaruj\u00e1 \u2013 SP<\/li><li>Marina Kauai, Ubatuba \u2013 SP<\/li><\/ul>\n\n\n\n<p class=\"wp-block-paragraph\">&#8212;&#8212;&#8212;&#8212;&#8212;&#8212;<br><em>Quer receber as not\u00edcias do <strong>Aconteceu no Vale<\/strong> em primeira m\u00e3o? Siga-nos no Facebook <a rel=\"noreferrer noopener\" href=\"http:\/\/facebook.com\/aconteceunovale\" target=\"_blank\">@aconteceunovale<\/a>, Twitter <a rel=\"noreferrer noopener\" href=\"https:\/\/twitter.com\/noticiadosvales\" target=\"_blank\">@noticiadosvales<\/a> e Instagram <a rel=\"noreferrer noopener\" href=\"https:\/\/www.instagram.com\/aconteceunovale\" target=\"_blank\">@aconteceunovale<\/a>.<\/em><\/p>\n","protected":false},"excerpt":{"rendered":"<p>A temporada de ver\u00e3o de 2021\/2022 no Brasil vai contar com recorde de praias e marinas premiadas com a Bandeira Azul, principal certifica\u00e7\u00e3o internacional dedicada \u00e0 gest\u00e3o de praias, marinas e embarca\u00e7\u00f5es de turismo. O an\u00fancio foi feito na sexta-feira (01) e confirma as indica\u00e7\u00f5es realizadas pelo j\u00fari nacional do programa, composto pelo Minist\u00e9rio do [&hellip;]<\/p>\n","protected":false},"author":4,"featured_media":182641,"comment_status":"open","ping_status":"closed","sticky":false,"template":"","format":"standard","meta":{"amp_status":"","footnotes":""},"categories":[6,28848],"tags":[58565,104609,252467,203660,87939,6685,6527,252479,252454,252451,252464,7247,252478,20643,252453,252475,252477,252481,252450,252480,44607,73438,252471,252456,252472,135297,252462,252473,252460,252458,252459,252469,252466,252457,252468,252465,252455,252463,252461,252474,28307,252449,226770,252452,1104,6531,252470,252476,20699,9636],"class_list":["post-182640","post","type-post","status-publish","format-standard","has-post-thumbnail","hentry","category-br","category-mundo","tag-angra-dos-reis","tag-balneario-camboriu","tag-balneario-picarras","tag-bandeira-azul","tag-bombinhas","tag-cabo-frio","tag-camacari","tag-florinopolis","tag-foundation-for-environmental-education","tag-gilson-machado-neto","tag-governador-celso-ramos","tag-guaruja","tag-iate-clube-de-santa-catarina","tag-itajai","tag-leana-bernardi","tag-marina-costabella","tag-marina-itajai","tag-marina-kauai","tag-marina-premiada-com-a-bandeira-azul","tag-marinas-nacionais","tag-ministerio-do-turismo","tag-niteroi","tag-penha","tag-porto-de-pedras","tag-praia-da-bacia-da-vovo","tag-praia-da-conceicao","tag-praia-da-reserva","tag-praia-da-saudade","tag-praia-da-sereia","tag-praia-de-guarajuba","tag-praia-de-itacimirim","tag-praia-de-mariscal","tag-praia-de-picarras","tag-praia-de-ponta-de-nossa-senhora-de-guadalupe","tag-praia-de-quatro-ilhas","tag-praia-do-estaleiro","tag-praia-do-patacho","tag-praia-do-pero","tag-praia-do-sossego","tag-praia-do-tombo","tag-praia-grande","tag-praia-premiada-com-a-bandeira-azul","tag-prainha","tag-programa-bandeira-azul-no-brasil","tag-rio-de-janeiro","tag-salvador","tag-sao-francisco-do-sul","tag-tedesco-marina","tag-ubatuba","tag-vila-velha"],"yoast_head":"<!-- This site is optimized with the Yoast SEO plugin v28.3 - https:\/\/yoast.com\/product\/yoast-seo-wordpress\/ -->\n<title>Brasil tem recorde de praias e marinas premiadas com a Bandeira Azul em 2021 - Aconteceu no Vale<\/title>\n<meta name=\"robots\" content=\"index, follow, max-snippet:-1, max-image-preview:large, max-video-preview:-1\" \/>\n<link rel=\"canonical\" href=\"https:\/\/aconteceunovale.com.br\/portal\/?p=182640\" \/>\n<meta property=\"og:locale\" content=\"pt_BR\" \/>\n<meta property=\"og:type\" content=\"article\" \/>\n<meta property=\"og:title\" content=\"Brasil tem recorde de praias e marinas premiadas com a Bandeira Azul em 2021 - Aconteceu no Vale\" \/>\n<meta property=\"og:description\" content=\"A temporada de ver\u00e3o de 2021\/2022 no Brasil vai contar com recorde de praias e marinas premiadas com a Bandeira Azul, principal certifica\u00e7\u00e3o internacional dedicada \u00e0 gest\u00e3o de praias, marinas e embarca\u00e7\u00f5es de turismo. O an\u00fancio foi feito na sexta-feira (01) e confirma as indica\u00e7\u00f5es realizadas pelo j\u00fari nacional do programa, composto pelo Minist\u00e9rio do [&hellip;]\" \/>\n<meta property=\"og:url\" content=\"https:\/\/aconteceunovale.com.br\/portal\/?p=182640\" \/>\n<meta property=\"og:site_name\" content=\"Aconteceu no Vale\" \/>\n<meta property=\"article:publisher\" content=\"https:\/\/www.facebook.com\/aconteceunovale\/\" \/>\n<meta property=\"article:published_time\" content=\"2021-10-05T01:47:15+00:00\" \/>\n<meta property=\"article:modified_time\" content=\"2026-09-02T15:29:32+00:00\" \/>\n<meta property=\"og:image\" content=\"https:\/\/aconteceunovale.com.br\/portal\/wp-content\/uploads\/2021\/10\/patacho.jpeg\" \/>\n\t<meta property=\"og:image:width\" content=\"678\" \/>\n\t<meta property=\"og:image:height\" content=\"383\" \/>\n\t<meta property=\"og:image:type\" content=\"image\/jpeg\" \/>\n<meta name=\"author\" content=\"Reda\u00e7\u00e3o Aconteceu no Vale\" \/>\n<meta name=\"twitter:card\" content=\"summary_large_image\" \/>\n<meta name=\"twitter:creator\" content=\"@noticiadosvales\" \/>\n<meta name=\"twitter:site\" content=\"@noticiadosvales\" \/>\n<meta name=\"twitter:label1\" content=\"Escrito por\" \/>\n\t<meta name=\"twitter:data1\" content=\"Reda\u00e7\u00e3o Aconteceu no Vale\" \/>\n\t<meta name=\"twitter:label2\" content=\"Est. tempo de leitura\" \/>\n\t<meta name=\"twitter:data2\" content=\"4 minutos\" \/>\n<script type=\"application\/ld+json\" class=\"yoast-schema-graph\">{\"@context\":\"https:\\\/\\\/schema.org\",\"@graph\":[{\"@type\":\"Article\",\"@id\":\"https:\\\/\\\/aconteceunovale.com.br\\\/portal\\\/?p=182640#article\",\"isPartOf\":{\"@id\":\"https:\\\/\\\/aconteceunovale.com.br\\\/portal\\\/?p=182640\"},\"author\":{\"name\":\"Reda\u00e7\u00e3o Aconteceu no Vale\",\"@id\":\"https:\\\/\\\/aconteceunovale.com.br\\\/portal\\\/#\\\/schema\\\/person\\\/7d2f26d1483f8a63de73da1ee0754d35\"},\"headline\":\"Brasil tem recorde de praias e marinas premiadas com a Bandeira Azul em 2021\",\"datePublished\":\"2021-10-05T01:47:15+00:00\",\"dateModified\":\"2026-09-02T15:29:32+00:00\",\"mainEntityOfPage\":{\"@id\":\"https:\\\/\\\/aconteceunovale.com.br\\\/portal\\\/?p=182640\"},\"wordCount\":902,\"commentCount\":0,\"image\":{\"@id\":\"https:\\\/\\\/aconteceunovale.com.br\\\/portal\\\/?p=182640#primaryimage\"},\"thumbnailUrl\":\"https:\\\/\\\/aconteceunovale.com.br\\\/portal\\\/wp-content\\\/uploads\\\/2021\\\/10\\\/patacho.jpeg\",\"keywords\":[\"Angra dos Reis\",\"Balne\u00e1rio Cambori\u00fa\",\"Balne\u00e1rio Pi\u00e7arras\",\"Bandeira Azul\",\"Bombinhas\",\"Cabo Frio\",\"Cama\u00e7ari\",\"Florin\u00f3polis\",\"Foundation for Environmental Education\",\"Gilson Machado Neto\",\"Governador Celso Ramos\",\"Guaruj\u00e1\",\"Iate Clube de Santa Catarina\",\"Itaja\u00ed\",\"Leana Bernardi\",\"Marina Costabella\",\"Marina Itaja\u00ed\",\"Marina Kauai\",\"Marina premiada com a Bandeira Azul\",\"Marinas Nacionais\",\"Minist\u00e9rio do Turismo\",\"Niter\u00f3i\",\"Penha\",\"Porto de Pedras\",\"Praia da Bacia da Vov\u00f3\",\"Praia da Concei\u00e7\u00e3o\",\"Praia da Reserva\",\"Praia da Saudade\",\"Praia da Sereia\",\"Praia de Guarajuba\",\"Praia de Itacimirim\",\"Praia de Mariscal\",\"Praia de Pi\u00e7arras\",\"Praia de Ponta de Nossa Senhora de Guadalupe\",\"Praia de Quatro Ilhas\",\"Praia do Estaleiro\",\"Praia do Patacho\",\"Praia do Pero\",\"Praia do Sossego\",\"Praia do Tombo\",\"Praia Grande\",\"Praia premiada com a Bandeira Azul\",\"Prainha\",\"Programa Bandeira Azul no Brasil\",\"Rio de Janeiro\",\"Salvador\",\"S\u00e3o Francisco do Sul\",\"Tedesco Marina\",\"Ubatuba\",\"Vila Velha\"],\"articleSection\":[\"Brasil\",\"Mundo\"],\"inLanguage\":\"pt-BR\",\"potentialAction\":[{\"@type\":\"CommentAction\",\"name\":\"Comment\",\"target\":[\"https:\\\/\\\/aconteceunovale.com.br\\\/portal\\\/?p=182640#respond\"]}]},{\"@type\":\"WebPage\",\"@id\":\"https:\\\/\\\/aconteceunovale.com.br\\\/portal\\\/?p=182640\",\"url\":\"https:\\\/\\\/aconteceunovale.com.br\\\/portal\\\/?p=182640\",\"name\":\"Brasil tem recorde de praias e marinas premiadas com a Bandeira Azul em 2021 - Aconteceu no Vale\",\"isPartOf\":{\"@id\":\"https:\\\/\\\/aconteceunovale.com.br\\\/portal\\\/#website\"},\"primaryImageOfPage\":{\"@id\":\"https:\\\/\\\/aconteceunovale.com.br\\\/portal\\\/?p=182640#primaryimage\"},\"image\":{\"@id\":\"https:\\\/\\\/aconteceunovale.com.br\\\/portal\\\/?p=182640#primaryimage\"},\"thumbnailUrl\":\"https:\\\/\\\/aconteceunovale.com.br\\\/portal\\\/wp-content\\\/uploads\\\/2021\\\/10\\\/patacho.jpeg\",\"datePublished\":\"2021-10-05T01:47:15+00:00\",\"dateModified\":\"2026-09-02T15:29:32+00:00\",\"author\":{\"@id\":\"https:\\\/\\\/aconteceunovale.com.br\\\/portal\\\/#\\\/schema\\\/person\\\/7d2f26d1483f8a63de73da1ee0754d35\"},\"breadcrumb\":{\"@id\":\"https:\\\/\\\/aconteceunovale.com.br\\\/portal\\\/?p=182640#breadcrumb\"},\"inLanguage\":\"pt-BR\",\"potentialAction\":[{\"@type\":\"ReadAction\",\"target\":[\"https:\\\/\\\/aconteceunovale.com.br\\\/portal\\\/?p=182640\"]}]},{\"@type\":\"ImageObject\",\"inLanguage\":\"pt-BR\",\"@id\":\"https:\\\/\\\/aconteceunovale.com.br\\\/portal\\\/?p=182640#primaryimage\",\"url\":\"https:\\\/\\\/aconteceunovale.com.br\\\/portal\\\/wp-content\\\/uploads\\\/2021\\\/10\\\/patacho.jpeg\",\"contentUrl\":\"https:\\\/\\\/aconteceunovale.com.br\\\/portal\\\/wp-content\\\/uploads\\\/2021\\\/10\\\/patacho.jpeg\",\"width\":678,\"height\":383},{\"@type\":\"BreadcrumbList\",\"@id\":\"https:\\\/\\\/aconteceunovale.com.br\\\/portal\\\/?p=182640#breadcrumb\",\"itemListElement\":[{\"@type\":\"ListItem\",\"position\":1,\"name\":\"In\u00edcio\",\"item\":\"https:\\\/\\\/aconteceunovale.com.br\\\/portal\\\/\"},{\"@type\":\"ListItem\",\"position\":2,\"name\":\"Brasil tem recorde de praias e marinas premiadas com a Bandeira Azul em 2021\"}]},{\"@type\":\"WebSite\",\"@id\":\"https:\\\/\\\/aconteceunovale.com.br\\\/portal\\\/#website\",\"url\":\"https:\\\/\\\/aconteceunovale.com.br\\\/portal\\\/\",\"name\":\"Aconteceu no Vale\",\"description\":\"Portal de Not\u00edcias\",\"potentialAction\":[{\"@type\":\"SearchAction\",\"target\":{\"@type\":\"EntryPoint\",\"urlTemplate\":\"https:\\\/\\\/aconteceunovale.com.br\\\/portal\\\/?s={search_term_string}\"},\"query-input\":{\"@type\":\"PropertyValueSpecification\",\"valueRequired\":true,\"valueName\":\"search_term_string\"}}],\"inLanguage\":\"pt-BR\"},{\"@type\":\"Person\",\"@id\":\"https:\\\/\\\/aconteceunovale.com.br\\\/portal\\\/#\\\/schema\\\/person\\\/7d2f26d1483f8a63de73da1ee0754d35\",\"name\":\"Reda\u00e7\u00e3o Aconteceu no Vale\",\"description\":\"Equipe de reportagem do Aconteceu no Vale, portal de not\u00edcias do Vale do Jequitinhonha, em Minas Gerais. Cobrimos as 51 cidades do Vale desde 2013. Sugest\u00f5es de pauta e pedidos de corre\u00e7\u00e3o: contato@aconteceunovale.com.br\",\"url\":\"https:\\\/\\\/aconteceunovale.com.br\\\/portal\\\/?author=4\"}]}<\/script>\n<!-- \/ Yoast SEO plugin. -->","yoast_head_json":{"title":"Brasil tem recorde de praias e marinas premiadas com a Bandeira Azul em 2021 - Aconteceu no Vale","robots":{"index":"index","follow":"follow","max-snippet":"max-snippet:-1","max-image-preview":"max-image-preview:large","max-video-preview":"max-video-preview:-1"},"canonical":"https:\/\/aconteceunovale.com.br\/portal\/?p=182640","og_locale":"pt_BR","og_type":"article","og_title":"Brasil tem recorde de praias e marinas premiadas com a Bandeira Azul em 2021 - Aconteceu no Vale","og_description":"A temporada de ver\u00e3o de 2021\/2022 no Brasil vai contar com recorde de praias e marinas premiadas com a Bandeira Azul, principal certifica\u00e7\u00e3o internacional dedicada \u00e0 gest\u00e3o de praias, marinas e embarca\u00e7\u00f5es de turismo. O an\u00fancio foi feito na sexta-feira (01) e confirma as indica\u00e7\u00f5es realizadas pelo j\u00fari nacional do programa, composto pelo Minist\u00e9rio do [&hellip;]","og_url":"https:\/\/aconteceunovale.com.br\/portal\/?p=182640","og_site_name":"Aconteceu no Vale","article_publisher":"https:\/\/www.facebook.com\/aconteceunovale\/","article_published_time":"2021-10-05T01:47:15+00:00","article_modified_time":"2026-09-02T15:29:32+00:00","og_image":[{"width":678,"height":383,"url":"https:\/\/aconteceunovale.com.br\/portal\/wp-content\/uploads\/2021\/10\/patacho.jpeg","type":"image\/jpeg"}],"author":"Reda\u00e7\u00e3o Aconteceu no Vale","twitter_card":"summary_large_image","twitter_creator":"@noticiadosvales","twitter_site":"@noticiadosvales","twitter_misc":{"Escrito por":"Reda\u00e7\u00e3o Aconteceu no Vale","Est. tempo de leitura":"4 minutos"},"schema":{"@context":"https:\/\/schema.org","@graph":[{"@type":"Article","@id":"https:\/\/aconteceunovale.com.br\/portal\/?p=182640#article","isPartOf":{"@id":"https:\/\/aconteceunovale.com.br\/portal\/?p=182640"},"author":{"name":"Reda\u00e7\u00e3o Aconteceu no Vale","@id":"https:\/\/aconteceunovale.com.br\/portal\/#\/schema\/person\/7d2f26d1483f8a63de73da1ee0754d35"},"headline":"Brasil tem recorde de praias e marinas premiadas com a Bandeira Azul em 2021","datePublished":"2021-10-05T01:47:15+00:00","dateModified":"2026-09-02T15:29:32+00:00","mainEntityOfPage":{"@id":"https:\/\/aconteceunovale.com.br\/portal\/?p=182640"},"wordCount":902,"commentCount":0,"image":{"@id":"https:\/\/aconteceunovale.com.br\/portal\/?p=182640#primaryimage"},"thumbnailUrl":"https:\/\/aconteceunovale.com.br\/portal\/wp-content\/uploads\/2021\/10\/patacho.jpeg","keywords":["Angra dos Reis","Balne\u00e1rio Cambori\u00fa","Balne\u00e1rio Pi\u00e7arras","Bandeira Azul","Bombinhas","Cabo Frio","Cama\u00e7ari","Florin\u00f3polis","Foundation for Environmental Education","Gilson Machado Neto","Governador Celso Ramos","Guaruj\u00e1","Iate Clube de Santa Catarina","Itaja\u00ed","Leana Bernardi","Marina Costabella","Marina Itaja\u00ed","Marina Kauai","Marina premiada com a Bandeira Azul","Marinas Nacionais","Minist\u00e9rio do Turismo","Niter\u00f3i","Penha","Porto de Pedras","Praia da Bacia da Vov\u00f3","Praia da Concei\u00e7\u00e3o","Praia da Reserva","Praia da Saudade","Praia da Sereia","Praia de Guarajuba","Praia de Itacimirim","Praia de Mariscal","Praia de Pi\u00e7arras","Praia de Ponta de Nossa Senhora de Guadalupe","Praia de Quatro Ilhas","Praia do Estaleiro","Praia do Patacho","Praia do Pero","Praia do Sossego","Praia do Tombo","Praia Grande","Praia premiada com a Bandeira Azul","Prainha","Programa Bandeira Azul no Brasil","Rio de Janeiro","Salvador","S\u00e3o Francisco do Sul","Tedesco Marina","Ubatuba","Vila Velha"],"articleSection":["Brasil","Mundo"],"inLanguage":"pt-BR","potentialAction":[{"@type":"CommentAction","name":"Comment","target":["https:\/\/aconteceunovale.com.br\/portal\/?p=182640#respond"]}]},{"@type":"WebPage","@id":"https:\/\/aconteceunovale.com.br\/portal\/?p=182640","url":"https:\/\/aconteceunovale.com.br\/portal\/?p=182640","name":"Brasil tem recorde de praias e marinas premiadas com a Bandeira Azul em 2021 - Aconteceu no Vale","isPartOf":{"@id":"https:\/\/aconteceunovale.com.br\/portal\/#website"},"primaryImageOfPage":{"@id":"https:\/\/aconteceunovale.com.br\/portal\/?p=182640#primaryimage"},"image":{"@id":"https:\/\/aconteceunovale.com.br\/portal\/?p=182640#primaryimage"},"thumbnailUrl":"https:\/\/aconteceunovale.com.br\/portal\/wp-content\/uploads\/2021\/10\/patacho.jpeg","datePublished":"2021-10-05T01:47:15+00:00","dateModified":"2026-09-02T15:29:32+00:00","author":{"@id":"https:\/\/aconteceunovale.com.br\/portal\/#\/schema\/person\/7d2f26d1483f8a63de73da1ee0754d35"},"breadcrumb":{"@id":"https:\/\/aconteceunovale.com.br\/portal\/?p=182640#breadcrumb"},"inLanguage":"pt-BR","potentialAction":[{"@type":"ReadAction","target":["https:\/\/aconteceunovale.com.br\/portal\/?p=182640"]}]},{"@type":"ImageObject","inLanguage":"pt-BR","@id":"https:\/\/aconteceunovale.com.br\/portal\/?p=182640#primaryimage","url":"https:\/\/aconteceunovale.com.br\/portal\/wp-content\/uploads\/2021\/10\/patacho.jpeg","contentUrl":"https:\/\/aconteceunovale.com.br\/portal\/wp-content\/uploads\/2021\/10\/patacho.jpeg","width":678,"height":383},{"@type":"BreadcrumbList","@id":"https:\/\/aconteceunovale.com.br\/portal\/?p=182640#breadcrumb","itemListElement":[{"@type":"ListItem","position":1,"name":"In\u00edcio","item":"https:\/\/aconteceunovale.com.br\/portal\/"},{"@type":"ListItem","position":2,"name":"Brasil tem recorde de praias e marinas premiadas com a Bandeira Azul em 2021"}]},{"@type":"WebSite","@id":"https:\/\/aconteceunovale.com.br\/portal\/#website","url":"https:\/\/aconteceunovale.com.br\/portal\/","name":"Aconteceu no Vale","description":"Portal de Not\u00edcias","potentialAction":[{"@type":"SearchAction","target":{"@type":"EntryPoint","urlTemplate":"https:\/\/aconteceunovale.com.br\/portal\/?s={search_term_string}"},"query-input":{"@type":"PropertyValueSpecification","valueRequired":true,"valueName":"search_term_string"}}],"inLanguage":"pt-BR"},{"@type":"Person","@id":"https:\/\/aconteceunovale.com.br\/portal\/#\/schema\/person\/7d2f26d1483f8a63de73da1ee0754d35","name":"Reda\u00e7\u00e3o Aconteceu no Vale","description":"Equipe de reportagem do Aconteceu no Vale, portal de not\u00edcias do Vale do Jequitinhonha, em Minas Gerais. Cobrimos as 51 cidades do Vale desde 2013. Sugest\u00f5es de pauta e pedidos de corre\u00e7\u00e3o: contato@aconteceunovale.com.br","url":"https:\/\/aconteceunovale.com.br\/portal\/?author=4"}]}},"_links":{"self":[{"href":"https:\/\/aconteceunovale.com.br\/portal\/index.php?rest_route=\/wp\/v2\/posts\/182640","targetHints":{"allow":["GET"]}}],"collection":[{"href":"https:\/\/aconteceunovale.com.br\/portal\/index.php?rest_route=\/wp\/v2\/posts"}],"about":[{"href":"https:\/\/aconteceunovale.com.br\/portal\/index.php?rest_route=\/wp\/v2\/types\/post"}],"author":[{"embeddable":true,"href":"https:\/\/aconteceunovale.com.br\/portal\/index.php?rest_route=\/wp\/v2\/users\/4"}],"replies":[{"embeddable":true,"href":"https:\/\/aconteceunovale.com.br\/portal\/index.php?rest_route=%2Fwp%2Fv2%2Fcomments&post=182640"}],"version-history":[{"count":1,"href":"https:\/\/aconteceunovale.com.br\/portal\/index.php?rest_route=\/wp\/v2\/posts\/182640\/revisions"}],"predecessor-version":[{"id":182642,"href":"https:\/\/aconteceunovale.com.br\/portal\/index.php?rest_route=\/wp\/v2\/posts\/182640\/revisions\/182642"}],"wp:featuredmedia":[{"embeddable":true,"href":"https:\/\/aconteceunovale.com.br\/portal\/index.php?rest_route=\/wp\/v2\/media\/182641"}],"wp:attachment":[{"href":"https:\/\/aconteceunovale.com.br\/portal\/index.php?rest_route=%2Fwp%2Fv2%2Fmedia&parent=182640"}],"wp:term":[{"taxonomy":"category","embeddable":true,"href":"https:\/\/aconteceunovale.com.br\/portal\/index.php?rest_route=%2Fwp%2Fv2%2Fcategories&post=182640"},{"taxonomy":"post_tag","embeddable":true,"href":"https:\/\/aconteceunovale.com.br\/portal\/index.php?rest_route=%2Fwp%2Fv2%2Ftags&post=182640"}],"curies":[{"name":"wp","href":"https:\/\/api.w.org\/{rel}","templated":true}]}}