{"id":182630,"date":"2021-10-04T19:46:06","date_gmt":"2021-10-04T22:46:06","guid":{"rendered":"https:\/\/aconteceunovale.com.br\/portal\/?p=182630"},"modified":"2021-10-04T19:47:11","modified_gmt":"2021-10-04T22:47:11","slug":"saiba-quais-sao-os-requisitos-para-uma-pessoa-ser-candidata","status":"publish","type":"post","link":"https:\/\/aconteceunovale.com.br\/portal\/?p=182630","title":{"rendered":"Saiba quais s\u00e3o os requisitos para uma pessoa ser candidata"},"content":{"rendered":"\n<p class=\"wp-block-paragraph\">Faltando pouco menos de um ano para as Elei\u00e7\u00f5es 2022, quem tem interesse em disputar uma vaga de deputado, senador, governador\/vice ou presidente\/vice j\u00e1 deve ficar atento a algumas regras. A cidad\u00e3 ou cidad\u00e3o que quer se candidatar a um cargo eletivo precisa cumprir as condi\u00e7\u00f5es de elegibilidade, previstas no art. 14 da Constitui\u00e7\u00e3o Federal:<\/p>\n\n\n\n<ul class=\"wp-block-list\"><li>nacionalidade brasileira;<\/li><li>pleno exerc\u00edcio dos direitos pol\u00edticos;<\/li><li>alistamento eleitoral;<\/li><li>domic\u00edlio eleitoral na circunscri\u00e7\u00e3o (registrado at\u00e9 seis meses antes do pleito);<\/li><li>filia\u00e7\u00e3o partid\u00e1ria (at\u00e9 seis meses antes do pleito);<\/li><li>idade m\u00ednima.<\/li><\/ul>\n\n\n\n<p class=\"wp-block-paragraph\">Para os cargos que estar\u00e3o em disputa em 2022, as idades m\u00ednimas s\u00e3o:<\/p>\n\n\n\n<figure class=\"wp-block-table is-style-stripes\"><table><tbody><tr><td><strong>CARGO<\/strong><\/td><td class=\"has-text-align-left\" data-align=\"left\"><strong>IDADE M\u00cdNIMA<\/strong><\/td><\/tr><tr><td>Presidente, vice-presidente, senador<\/td><td class=\"has-text-align-left\" data-align=\"left\">35 anos<\/td><\/tr><tr><td>Governador e vice-governador<\/td><td class=\"has-text-align-left\" data-align=\"left\">30 anos&nbsp;&nbsp;&nbsp;&nbsp;&nbsp;&nbsp;<\/td><\/tr><tr><td>Deputado federal e estadual<\/td><td class=\"has-text-align-left\" data-align=\"left\">21 anos<\/td><\/tr><\/tbody><\/table><\/figure>\n\n\n\n<p class=\"wp-block-paragraph\">Para as Elei\u00e7\u00f5es 2022, o domic\u00edlio eleitoral e a filia\u00e7\u00e3o partid\u00e1ria devem ser registrados at\u00e9 o dia 2 de abril. Quem vai concorrer aos cargos de deputado, senador, governador e vice-governador deve estar registrado como eleitor no estado onde pretende disputar a elei\u00e7\u00e3o. Para concorrer aos cargos de presidente e vice-presidente, o domic\u00edlio eleitoral pode ser em qualquer unidade da federa\u00e7\u00e3o.<\/p>\n\n\n\n<p class=\"wp-block-paragraph\">\u00c9 importante ressaltar que o candidato, al\u00e9m de atender as condi\u00e7\u00f5es de elegibilidade, n\u00e3o pode incidir em causas de inelegibilidade ou incompatibilidade, previstas na Constitui\u00e7\u00e3o Federal ou em legisla\u00e7\u00e3o espec\u00edfica (Lei Complementar 64\/1990).<\/p>\n\n\n\n<p class=\"wp-block-paragraph\">Tamb\u00e9m existe a necessidade de que o candidato tenha seu nome aprovado em conven\u00e7\u00e3o realizada pelo partido pol\u00edtico ao qual \u00e9 filiado. A candidatura avulsa \u00e9 vedada pela atual legisla\u00e7\u00e3o. Uma vez escolhido em conven\u00e7\u00e3o, o pedido de registro do candidato deve ser apresentado pelo partido pol\u00edtico \u00e0 Justi\u00e7a Eleitoral, para an\u00e1lise dos requisitos e documentos exigidos.<\/p>\n\n\n\n<p class=\"wp-block-paragraph\">As pessoas que se tornarem candidatas s\u00f3 poder\u00e3o fazer campanha a partir do dia 16 de agosto. Antes dessa data, s\u00e3o permitidas apenas a men\u00e7\u00e3o \u00e0 pretensa candidatura e exalta\u00e7\u00e3o das qualidades pessoais dos poss\u00edveis candidatos, sem pedido expl\u00edcito de votos, conforme previsto no artigo 36-A da Lei 9.504\/1997.<\/p>\n\n\n\n<p class=\"wp-block-paragraph\">Vale lembrar que quem tiver sua candidatura requerida dever\u00e1 fazer a presta\u00e7\u00e3o de contas de campanha, mesmo que seja substitu\u00eddo, renuncie ou tenha seu registro indeferido. A arrecada\u00e7\u00e3o de recursos e realiza\u00e7\u00e3o de gastos devem ser acompanhadas por profissional habilitado em contabilidade, desde o in\u00edcio da campanha. A candidata ou candidato deve, ainda, constituir advogado para o processo de presta\u00e7\u00e3o de contas de campanha, que \u00e9 feito em sistema pr\u00f3prio da Justi\u00e7a Eleitoral. \u00a0<\/p>\n\n\n\n<p class=\"wp-block-paragraph\">&#8212;&#8212;&#8212;&#8212;&#8212;&#8212;<br><em>Quer receber as not\u00edcias do <strong>Aconteceu no Vale<\/strong> em primeira m\u00e3o? Siga-nos no Facebook <a rel=\"noreferrer noopener\" href=\"http:\/\/facebook.com\/aconteceunovale\" target=\"_blank\">@aconteceunovale<\/a>, Twitter <a rel=\"noreferrer noopener\" href=\"https:\/\/twitter.com\/noticiadosvales\" target=\"_blank\">@noticiadosvales<\/a> e Instagram <a rel=\"noreferrer noopener\" href=\"https:\/\/www.instagram.com\/aconteceunovale\" target=\"_blank\">@aconteceunovale<\/a>.<\/em><\/p>\n","protected":false},"excerpt":{"rendered":"<p>Faltando pouco menos de um ano para as Elei\u00e7\u00f5es 2022, quem tem interesse em disputar uma vaga de deputado, senador, governador\/vice ou presidente\/vice j\u00e1 deve ficar atento a algumas regras. A cidad\u00e3 ou cidad\u00e3o que quer se candidatar a um cargo eletivo precisa cumprir as condi\u00e7\u00f5es de elegibilidade, previstas no art. 14 da Constitui\u00e7\u00e3o Federal: [&hellip;]<\/p>\n","protected":false},"author":4,"featured_media":182490,"comment_status":"open","ping_status":"closed","sticky":false,"template":"","format":"standard","meta":{"amp_status":"","footnotes":""},"categories":[6,249933,40240],"tags":[252240,252248,252241,252239,252246,252238,252244,252237,17165,131,252245,249781,252247,252242,252243,252448,252447,252446,115951,267],"class_list":["post-182630","post","type-post","status-publish","format-standard","has-post-thumbnail","hentry","category-br","category-eleicoes-2022","category-politica","tag-calendario-das-eleicoes-2022","tag-calendario-eleitoral-2022","tag-cronograma-das-eleicoes-2022","tag-data-das-eleicoes-2022","tag-datas-e-prazos-eleicoes-2022","tag-eleicoes-2022","tag-eleicoes-2022-em-minas-gerais","tag-falta-um-ano-para-as-eleicoes-2022","tag-justica-eleitoral","tag-minas-gerais","tag-mudancas-na-legislacao-para-as-eleicoes-2022","tag-mudancas-para-as-eleicoes-2022","tag-prazos-eleicoes-2022","tag-quantidade-de-deputados-estaduais-em-minas-gerais","tag-quantidade-de-deputados-federais-em-minas-gerais","tag-regras-para-ser-candidato-nas-eleicoes-2022","tag-requisitos-para-ser-candidato-nas-eleicoes-2022","tag-requisitos-para-uma-pessoa-ser-candidata-nas-eleicoes-2022","tag-tre-mg","tag-tse"],"yoast_head":"<!-- This site is optimized with the Yoast SEO plugin v28.3 - https:\/\/yoast.com\/product\/yoast-seo-wordpress\/ -->\n<title>Saiba quais s\u00e3o os requisitos para uma pessoa ser candidata - Aconteceu no Vale<\/title>\n<meta name=\"robots\" content=\"index, follow, max-snippet:-1, max-image-preview:large, max-video-preview:-1\" \/>\n<link rel=\"canonical\" href=\"https:\/\/aconteceunovale.com.br\/portal\/?p=182630\" \/>\n<meta property=\"og:locale\" content=\"pt_BR\" \/>\n<meta property=\"og:type\" content=\"article\" \/>\n<meta property=\"og:title\" content=\"Saiba quais s\u00e3o os requisitos para uma pessoa ser candidata - Aconteceu no Vale\" \/>\n<meta property=\"og:description\" content=\"Faltando pouco menos de um ano para as Elei\u00e7\u00f5es 2022, quem tem interesse em disputar uma vaga de deputado, senador, governador\/vice ou presidente\/vice j\u00e1 deve ficar atento a algumas regras. A cidad\u00e3 ou cidad\u00e3o que quer se candidatar a um cargo eletivo precisa cumprir as condi\u00e7\u00f5es de elegibilidade, previstas no art. 14 da Constitui\u00e7\u00e3o Federal: [&hellip;]\" \/>\n<meta property=\"og:url\" content=\"https:\/\/aconteceunovale.com.br\/portal\/?p=182630\" \/>\n<meta property=\"og:site_name\" content=\"Aconteceu no Vale\" \/>\n<meta property=\"article:publisher\" content=\"https:\/\/www.facebook.com\/aconteceunovale\/\" \/>\n<meta property=\"article:published_time\" content=\"2021-10-04T22:46:06+00:00\" \/>\n<meta property=\"article:modified_time\" content=\"2021-10-04T22:47:11+00:00\" \/>\n<meta property=\"og:image\" content=\"https:\/\/aconteceunovale.com.br\/portal\/wp-content\/uploads\/2021\/10\/eleicoes_2022.jpeg\" \/>\n\t<meta property=\"og:image:width\" content=\"678\" \/>\n\t<meta property=\"og:image:height\" content=\"365\" \/>\n\t<meta property=\"og:image:type\" content=\"image\/jpeg\" \/>\n<meta name=\"author\" content=\"Reda\u00e7\u00e3o Aconteceu no Vale\" \/>\n<meta name=\"twitter:card\" content=\"summary_large_image\" \/>\n<meta name=\"twitter:creator\" content=\"@noticiadosvales\" \/>\n<meta name=\"twitter:site\" content=\"@noticiadosvales\" \/>\n<meta name=\"twitter:label1\" content=\"Escrito por\" \/>\n\t<meta name=\"twitter:data1\" content=\"Reda\u00e7\u00e3o Aconteceu no Vale\" \/>\n\t<meta name=\"twitter:label2\" content=\"Est. tempo de leitura\" \/>\n\t<meta name=\"twitter:data2\" content=\"2 minutos\" \/>\n<script type=\"application\/ld+json\" class=\"yoast-schema-graph\">{\"@context\":\"https:\\\/\\\/schema.org\",\"@graph\":[{\"@type\":\"Article\",\"@id\":\"https:\\\/\\\/aconteceunovale.com.br\\\/portal\\\/?p=182630#article\",\"isPartOf\":{\"@id\":\"https:\\\/\\\/aconteceunovale.com.br\\\/portal\\\/?p=182630\"},\"author\":{\"name\":\"Reda\u00e7\u00e3o Aconteceu no Vale\",\"@id\":\"https:\\\/\\\/aconteceunovale.com.br\\\/portal\\\/#\\\/schema\\\/person\\\/7d2f26d1483f8a63de73da1ee0754d35\"},\"headline\":\"Saiba quais s\u00e3o os requisitos para uma pessoa ser candidata\",\"datePublished\":\"2021-10-04T22:46:06+00:00\",\"dateModified\":\"2021-10-04T22:47:11+00:00\",\"mainEntityOfPage\":{\"@id\":\"https:\\\/\\\/aconteceunovale.com.br\\\/portal\\\/?p=182630\"},\"wordCount\":465,\"commentCount\":0,\"image\":{\"@id\":\"https:\\\/\\\/aconteceunovale.com.br\\\/portal\\\/?p=182630#primaryimage\"},\"thumbnailUrl\":\"https:\\\/\\\/aconteceunovale.com.br\\\/portal\\\/wp-content\\\/uploads\\\/2021\\\/10\\\/eleicoes_2022.jpeg\",\"keywords\":[\"Calend\u00e1rio das Elei\u00e7\u00f5es 2022\",\"Calend\u00e1rio eleitoral 2022\",\"Cronograma das Elei\u00e7\u00f5es 2022\",\"Data das Elei\u00e7\u00f5es 2022\",\"Datas e prazos Elei\u00e7\u00f5es 2022\",\"Elei\u00e7\u00f5es 2022\",\"Elei\u00e7\u00f5es 2022 em Minas Gerais\",\"Falta um ano para as Elei\u00e7\u00f5es 2022\",\"Justi\u00e7a Eleitoral\",\"Minas Gerais\",\"Mudan\u00e7as na legisla\u00e7\u00e3o para as Elei\u00e7\u00f5es 2022\",\"Mudan\u00e7as para as elei\u00e7\u00f5es 2022\",\"Prazos Elei\u00e7\u00f5es 2022\",\"Quantidade de deputados estaduais em Minas Gerais\",\"Quantidade de deputados federais em Minas Gerais\",\"Regras para ser candidato nas elei\u00e7\u00f5es 2022\",\"Requisitos para ser candidato nas elei\u00e7\u00f5es 2022\",\"Requisitos para uma pessoa ser candidata nas elei\u00e7\u00f5es 2022\",\"TRE-MG\",\"TSE\"],\"articleSection\":[\"Brasil\",\"Elei\u00e7\u00f5es 2022\",\"Pol\u00edtica\"],\"inLanguage\":\"pt-BR\",\"potentialAction\":[{\"@type\":\"CommentAction\",\"name\":\"Comment\",\"target\":[\"https:\\\/\\\/aconteceunovale.com.br\\\/portal\\\/?p=182630#respond\"]}]},{\"@type\":\"WebPage\",\"@id\":\"https:\\\/\\\/aconteceunovale.com.br\\\/portal\\\/?p=182630\",\"url\":\"https:\\\/\\\/aconteceunovale.com.br\\\/portal\\\/?p=182630\",\"name\":\"Saiba quais s\u00e3o os requisitos para uma pessoa ser candidata - Aconteceu no Vale\",\"isPartOf\":{\"@id\":\"https:\\\/\\\/aconteceunovale.com.br\\\/portal\\\/#website\"},\"primaryImageOfPage\":{\"@id\":\"https:\\\/\\\/aconteceunovale.com.br\\\/portal\\\/?p=182630#primaryimage\"},\"image\":{\"@id\":\"https:\\\/\\\/aconteceunovale.com.br\\\/portal\\\/?p=182630#primaryimage\"},\"thumbnailUrl\":\"https:\\\/\\\/aconteceunovale.com.br\\\/portal\\\/wp-content\\\/uploads\\\/2021\\\/10\\\/eleicoes_2022.jpeg\",\"datePublished\":\"2021-10-04T22:46:06+00:00\",\"dateModified\":\"2021-10-04T22:47:11+00:00\",\"author\":{\"@id\":\"https:\\\/\\\/aconteceunovale.com.br\\\/portal\\\/#\\\/schema\\\/person\\\/7d2f26d1483f8a63de73da1ee0754d35\"},\"breadcrumb\":{\"@id\":\"https:\\\/\\\/aconteceunovale.com.br\\\/portal\\\/?p=182630#breadcrumb\"},\"inLanguage\":\"pt-BR\",\"potentialAction\":[{\"@type\":\"ReadAction\",\"target\":[\"https:\\\/\\\/aconteceunovale.com.br\\\/portal\\\/?p=182630\"]}]},{\"@type\":\"ImageObject\",\"inLanguage\":\"pt-BR\",\"@id\":\"https:\\\/\\\/aconteceunovale.com.br\\\/portal\\\/?p=182630#primaryimage\",\"url\":\"https:\\\/\\\/aconteceunovale.com.br\\\/portal\\\/wp-content\\\/uploads\\\/2021\\\/10\\\/eleicoes_2022.jpeg\",\"contentUrl\":\"https:\\\/\\\/aconteceunovale.com.br\\\/portal\\\/wp-content\\\/uploads\\\/2021\\\/10\\\/eleicoes_2022.jpeg\",\"width\":678,\"height\":365},{\"@type\":\"BreadcrumbList\",\"@id\":\"https:\\\/\\\/aconteceunovale.com.br\\\/portal\\\/?p=182630#breadcrumb\",\"itemListElement\":[{\"@type\":\"ListItem\",\"position\":1,\"name\":\"In\u00edcio\",\"item\":\"https:\\\/\\\/aconteceunovale.com.br\\\/portal\\\/\"},{\"@type\":\"ListItem\",\"position\":2,\"name\":\"Saiba quais s\u00e3o os requisitos para uma pessoa ser candidata\"}]},{\"@type\":\"WebSite\",\"@id\":\"https:\\\/\\\/aconteceunovale.com.br\\\/portal\\\/#website\",\"url\":\"https:\\\/\\\/aconteceunovale.com.br\\\/portal\\\/\",\"name\":\"Aconteceu no Vale\",\"description\":\"Portal de Not\u00edcias\",\"potentialAction\":[{\"@type\":\"SearchAction\",\"target\":{\"@type\":\"EntryPoint\",\"urlTemplate\":\"https:\\\/\\\/aconteceunovale.com.br\\\/portal\\\/?s={search_term_string}\"},\"query-input\":{\"@type\":\"PropertyValueSpecification\",\"valueRequired\":true,\"valueName\":\"search_term_string\"}}],\"inLanguage\":\"pt-BR\"},{\"@type\":\"Person\",\"@id\":\"https:\\\/\\\/aconteceunovale.com.br\\\/portal\\\/#\\\/schema\\\/person\\\/7d2f26d1483f8a63de73da1ee0754d35\",\"name\":\"Reda\u00e7\u00e3o Aconteceu no Vale\",\"description\":\"Equipe de reportagem do Aconteceu no Vale, portal de not\u00edcias do Vale do Jequitinhonha, em Minas Gerais. Cobrimos as 51 cidades do Vale desde 2013. Sugest\u00f5es de pauta e pedidos de corre\u00e7\u00e3o: contato@aconteceunovale.com.br\",\"url\":\"https:\\\/\\\/aconteceunovale.com.br\\\/portal\\\/?author=4\"}]}<\/script>\n<!-- \/ Yoast SEO plugin. -->","yoast_head_json":{"title":"Saiba quais s\u00e3o os requisitos para uma pessoa ser candidata - Aconteceu no Vale","robots":{"index":"index","follow":"follow","max-snippet":"max-snippet:-1","max-image-preview":"max-image-preview:large","max-video-preview":"max-video-preview:-1"},"canonical":"https:\/\/aconteceunovale.com.br\/portal\/?p=182630","og_locale":"pt_BR","og_type":"article","og_title":"Saiba quais s\u00e3o os requisitos para uma pessoa ser candidata - Aconteceu no Vale","og_description":"Faltando pouco menos de um ano para as Elei\u00e7\u00f5es 2022, quem tem interesse em disputar uma vaga de deputado, senador, governador\/vice ou presidente\/vice j\u00e1 deve ficar atento a algumas regras. A cidad\u00e3 ou cidad\u00e3o que quer se candidatar a um cargo eletivo precisa cumprir as condi\u00e7\u00f5es de elegibilidade, previstas no art. 14 da Constitui\u00e7\u00e3o Federal: [&hellip;]","og_url":"https:\/\/aconteceunovale.com.br\/portal\/?p=182630","og_site_name":"Aconteceu no Vale","article_publisher":"https:\/\/www.facebook.com\/aconteceunovale\/","article_published_time":"2021-10-04T22:46:06+00:00","article_modified_time":"2021-10-04T22:47:11+00:00","og_image":[{"width":678,"height":365,"url":"https:\/\/aconteceunovale.com.br\/portal\/wp-content\/uploads\/2021\/10\/eleicoes_2022.jpeg","type":"image\/jpeg"}],"author":"Reda\u00e7\u00e3o Aconteceu no Vale","twitter_card":"summary_large_image","twitter_creator":"@noticiadosvales","twitter_site":"@noticiadosvales","twitter_misc":{"Escrito por":"Reda\u00e7\u00e3o Aconteceu no Vale","Est. tempo de leitura":"2 minutos"},"schema":{"@context":"https:\/\/schema.org","@graph":[{"@type":"Article","@id":"https:\/\/aconteceunovale.com.br\/portal\/?p=182630#article","isPartOf":{"@id":"https:\/\/aconteceunovale.com.br\/portal\/?p=182630"},"author":{"name":"Reda\u00e7\u00e3o Aconteceu no Vale","@id":"https:\/\/aconteceunovale.com.br\/portal\/#\/schema\/person\/7d2f26d1483f8a63de73da1ee0754d35"},"headline":"Saiba quais s\u00e3o os requisitos para uma pessoa ser candidata","datePublished":"2021-10-04T22:46:06+00:00","dateModified":"2021-10-04T22:47:11+00:00","mainEntityOfPage":{"@id":"https:\/\/aconteceunovale.com.br\/portal\/?p=182630"},"wordCount":465,"commentCount":0,"image":{"@id":"https:\/\/aconteceunovale.com.br\/portal\/?p=182630#primaryimage"},"thumbnailUrl":"https:\/\/aconteceunovale.com.br\/portal\/wp-content\/uploads\/2021\/10\/eleicoes_2022.jpeg","keywords":["Calend\u00e1rio das Elei\u00e7\u00f5es 2022","Calend\u00e1rio eleitoral 2022","Cronograma das Elei\u00e7\u00f5es 2022","Data das Elei\u00e7\u00f5es 2022","Datas e prazos Elei\u00e7\u00f5es 2022","Elei\u00e7\u00f5es 2022","Elei\u00e7\u00f5es 2022 em Minas Gerais","Falta um ano para as Elei\u00e7\u00f5es 2022","Justi\u00e7a Eleitoral","Minas Gerais","Mudan\u00e7as na legisla\u00e7\u00e3o para as Elei\u00e7\u00f5es 2022","Mudan\u00e7as para as elei\u00e7\u00f5es 2022","Prazos Elei\u00e7\u00f5es 2022","Quantidade de deputados estaduais em Minas Gerais","Quantidade de deputados federais em Minas Gerais","Regras para ser candidato nas elei\u00e7\u00f5es 2022","Requisitos para ser candidato nas elei\u00e7\u00f5es 2022","Requisitos para uma pessoa ser candidata nas elei\u00e7\u00f5es 2022","TRE-MG","TSE"],"articleSection":["Brasil","Elei\u00e7\u00f5es 2022","Pol\u00edtica"],"inLanguage":"pt-BR","potentialAction":[{"@type":"CommentAction","name":"Comment","target":["https:\/\/aconteceunovale.com.br\/portal\/?p=182630#respond"]}]},{"@type":"WebPage","@id":"https:\/\/aconteceunovale.com.br\/portal\/?p=182630","url":"https:\/\/aconteceunovale.com.br\/portal\/?p=182630","name":"Saiba quais s\u00e3o os requisitos para uma pessoa ser candidata - Aconteceu no Vale","isPartOf":{"@id":"https:\/\/aconteceunovale.com.br\/portal\/#website"},"primaryImageOfPage":{"@id":"https:\/\/aconteceunovale.com.br\/portal\/?p=182630#primaryimage"},"image":{"@id":"https:\/\/aconteceunovale.com.br\/portal\/?p=182630#primaryimage"},"thumbnailUrl":"https:\/\/aconteceunovale.com.br\/portal\/wp-content\/uploads\/2021\/10\/eleicoes_2022.jpeg","datePublished":"2021-10-04T22:46:06+00:00","dateModified":"2021-10-04T22:47:11+00:00","author":{"@id":"https:\/\/aconteceunovale.com.br\/portal\/#\/schema\/person\/7d2f26d1483f8a63de73da1ee0754d35"},"breadcrumb":{"@id":"https:\/\/aconteceunovale.com.br\/portal\/?p=182630#breadcrumb"},"inLanguage":"pt-BR","potentialAction":[{"@type":"ReadAction","target":["https:\/\/aconteceunovale.com.br\/portal\/?p=182630"]}]},{"@type":"ImageObject","inLanguage":"pt-BR","@id":"https:\/\/aconteceunovale.com.br\/portal\/?p=182630#primaryimage","url":"https:\/\/aconteceunovale.com.br\/portal\/wp-content\/uploads\/2021\/10\/eleicoes_2022.jpeg","contentUrl":"https:\/\/aconteceunovale.com.br\/portal\/wp-content\/uploads\/2021\/10\/eleicoes_2022.jpeg","width":678,"height":365},{"@type":"BreadcrumbList","@id":"https:\/\/aconteceunovale.com.br\/portal\/?p=182630#breadcrumb","itemListElement":[{"@type":"ListItem","position":1,"name":"In\u00edcio","item":"https:\/\/aconteceunovale.com.br\/portal\/"},{"@type":"ListItem","position":2,"name":"Saiba quais s\u00e3o os requisitos para uma pessoa ser candidata"}]},{"@type":"WebSite","@id":"https:\/\/aconteceunovale.com.br\/portal\/#website","url":"https:\/\/aconteceunovale.com.br\/portal\/","name":"Aconteceu no Vale","description":"Portal de Not\u00edcias","potentialAction":[{"@type":"SearchAction","target":{"@type":"EntryPoint","urlTemplate":"https:\/\/aconteceunovale.com.br\/portal\/?s={search_term_string}"},"query-input":{"@type":"PropertyValueSpecification","valueRequired":true,"valueName":"search_term_string"}}],"inLanguage":"pt-BR"},{"@type":"Person","@id":"https:\/\/aconteceunovale.com.br\/portal\/#\/schema\/person\/7d2f26d1483f8a63de73da1ee0754d35","name":"Reda\u00e7\u00e3o Aconteceu no Vale","description":"Equipe de reportagem do Aconteceu no Vale, portal de not\u00edcias do Vale do Jequitinhonha, em Minas Gerais. Cobrimos as 51 cidades do Vale desde 2013. Sugest\u00f5es de pauta e pedidos de corre\u00e7\u00e3o: contato@aconteceunovale.com.br","url":"https:\/\/aconteceunovale.com.br\/portal\/?author=4"}]}},"_links":{"self":[{"href":"https:\/\/aconteceunovale.com.br\/portal\/index.php?rest_route=\/wp\/v2\/posts\/182630","targetHints":{"allow":["GET"]}}],"collection":[{"href":"https:\/\/aconteceunovale.com.br\/portal\/index.php?rest_route=\/wp\/v2\/posts"}],"about":[{"href":"https:\/\/aconteceunovale.com.br\/portal\/index.php?rest_route=\/wp\/v2\/types\/post"}],"author":[{"embeddable":true,"href":"https:\/\/aconteceunovale.com.br\/portal\/index.php?rest_route=\/wp\/v2\/users\/4"}],"replies":[{"embeddable":true,"href":"https:\/\/aconteceunovale.com.br\/portal\/index.php?rest_route=%2Fwp%2Fv2%2Fcomments&post=182630"}],"version-history":[{"count":1,"href":"https:\/\/aconteceunovale.com.br\/portal\/index.php?rest_route=\/wp\/v2\/posts\/182630\/revisions"}],"predecessor-version":[{"id":182631,"href":"https:\/\/aconteceunovale.com.br\/portal\/index.php?rest_route=\/wp\/v2\/posts\/182630\/revisions\/182631"}],"wp:featuredmedia":[{"embeddable":true,"href":"https:\/\/aconteceunovale.com.br\/portal\/index.php?rest_route=\/wp\/v2\/media\/182490"}],"wp:attachment":[{"href":"https:\/\/aconteceunovale.com.br\/portal\/index.php?rest_route=%2Fwp%2Fv2%2Fmedia&parent=182630"}],"wp:term":[{"taxonomy":"category","embeddable":true,"href":"https:\/\/aconteceunovale.com.br\/portal\/index.php?rest_route=%2Fwp%2Fv2%2Fcategories&post=182630"},{"taxonomy":"post_tag","embeddable":true,"href":"https:\/\/aconteceunovale.com.br\/portal\/index.php?rest_route=%2Fwp%2Fv2%2Ftags&post=182630"}],"curies":[{"name":"wp","href":"https:\/\/api.w.org\/{rel}","templated":true}]}}