{"id":182620,"date":"2021-10-04T18:57:30","date_gmt":"2021-10-04T21:57:30","guid":{"rendered":"https:\/\/aconteceunovale.com.br\/portal\/?p=182620"},"modified":"2021-10-04T18:59:02","modified_gmt":"2021-10-04T21:59:02","slug":"imunizacao-contra-a-covid-19-e-outras-doencas-pode-ser-feita-ao-mesmo-tempo","status":"publish","type":"post","link":"https:\/\/aconteceunovale.com.br\/portal\/?p=182620","title":{"rendered":"Imuniza\u00e7\u00e3o contra a Covid-19 e outras doen\u00e7as pode ser feita ao mesmo tempo"},"content":{"rendered":"\n<p class=\"wp-block-paragraph\">A Campanha Nacional de Multivacina\u00e7\u00e3o, voltada a menores de 15 anos, iniciada na \u00faltima sexta-feira (1\/10\/2021), conta com uma importante mudan\u00e7a. A partir da publica\u00e7\u00e3o da Nota T\u00e9cnica n\u00ba 1203\/2021 pelo Minist\u00e9rio da Sa\u00fade, as vacinas contra a covid-19 poder\u00e3o ser administradas de maneira simult\u00e2nea com as demais do calend\u00e1rio vacinal, ou sem necessidade de intervalo m\u00ednimo. Portanto, aqueles adolescentes com idades entre 12 e 15 anos que buscarem a unidade b\u00e1sica de sa\u00fade para se imunizar contra o coronav\u00edrus, poder\u00e3o tomar os outros imunizantes, conforme a necessidade de atualiza\u00e7\u00e3o do cart\u00e3o de vacina. A\u00a0Secretaria de Estado de Sa\u00fade de Minas Gerais (SES-MG)\u00a0vai seguir as novas recomenda\u00e7\u00f5es previstas no informe t\u00e9cnico do \u00f3rg\u00e3o federal.<\/p>\n\n\n\n<figure class=\"wp-block-gallery aligncenter columns-1 is-cropped wp-block-gallery-1 is-layout-flex wp-block-gallery-is-layout-flex\"><ul class=\"blocks-gallery-grid\"><li class=\"blocks-gallery-item\"><figure><img loading=\"lazy\" decoding=\"async\" width=\"639\" height=\"350\" src=\"https:\/\/aconteceunovale.com.br\/portal\/wp-content\/uploads\/2021\/10\/vacina_covid_outras.jpg\" alt=\"\" data-id=\"182621\" data-full-url=\"https:\/\/aconteceunovale.com.br\/portal\/wp-content\/uploads\/2021\/10\/vacina_covid_outras.jpg\" data-link=\"https:\/\/aconteceunovale.com.br\/portal\/?attachment_id=182621\" class=\"wp-image-182621\" srcset=\"https:\/\/aconteceunovale.com.br\/portal\/wp-content\/uploads\/2021\/10\/vacina_covid_outras.jpg 639w, https:\/\/aconteceunovale.com.br\/portal\/wp-content\/uploads\/2021\/10\/vacina_covid_outras-300x164.jpg 300w\" sizes=\"auto, (max-width: 639px) 100vw, 639px\" \/><figcaption class=\"blocks-gallery-item__caption\"><em>Foto: Gil Leonardi \/ Imprensa MG<\/em><\/figcaption><\/figure><\/li><\/ul><\/figure>\n\n\n\n<p class=\"wp-block-paragraph\">A coordenadora do Programa Estadual de Imuniza\u00e7\u00f5es da SES-MG, Josianne Dias Gusm\u00e3o, explica que a nova orienta\u00e7\u00e3o contribui para garantia da atualiza\u00e7\u00e3o do calend\u00e1rio vacinal, com incentivo de amplia\u00e7\u00e3o de coberturas tamb\u00e9m para outras doen\u00e7as. \u201cAt\u00e9 ent\u00e3o, poderia acontecer de um adolescente nessa faixa et\u00e1ria, de 12 a 15 anos, precisar se vacinar contra a meningite C ou HPV, por exemplo. Se recebesse o imunizante contra covid, deveria observar intervalo de aplica\u00e7\u00e3o, ou vice-versa. Agora \u00e9 poss\u00edvel aplicar de forma simult\u00e2nea ou sem esse intervalo m\u00ednimo. Como a pessoa poderia demorar a retornar \u00e0 unidade de sa\u00fade, acabamos ganhando tempo e incentivando aumento da cobertura\u201d, explica.<\/p>\n\n\n\n<p class=\"wp-block-paragraph\">A coordenadora destaca que a altera\u00e7\u00e3o n\u00e3o abrange apenas os adolescentes p\u00fablico-alvo da campanha, mas \u00e9 v\u00e1lida para todos aqueles que precisam atualizar seu cart\u00e3o de vacina e podem procurar os postos de vacina\u00e7\u00e3o para se imunizar contra a covid-19. \u201cComo regra geral e considerando algumas exce\u00e7\u00f5es, todas as vacinas recomendadas no calend\u00e1rio nacional de vacina\u00e7\u00e3o podem ser administradas no mesmo dia, o que se aplica, agora, \u00e0 vacina da covid-19\u201d.<\/p>\n\n\n\n<p class=\"wp-block-paragraph\">A coordenadora reitera a seguran\u00e7a da aplica\u00e7\u00e3o, no mesmo momento, da vacina contra a covid e aquelas do calend\u00e1rio de rotina. \u201cA orienta\u00e7\u00e3o inicial de um intervalo de 14 dias entre a aplica\u00e7\u00e3o das vacinas se dava pela necessidade de um monitoramento mais aprofundado do perfil de seguran\u00e7a. Atualmente, h\u00e1 um volume de dados que permite essas avalia\u00e7\u00f5es, o que possibilita recomendar a administra\u00e7\u00e3o dos imunizantes covid ao mesmo tempo das outras e conta com o respaldo da C\u00e2mara T\u00e9cnica de Imuniza\u00e7\u00f5es do Minist\u00e9rio da Sa\u00fade\u201d, informa Josianne. Recentemente, pa\u00edses como Estados Unidos e Reino Unido optaram por atualizar suas orienta\u00e7\u00f5es referentes a coadministra\u00e7\u00e3o das vacinas covid-19 com as demais vacinas, para permitir esta pr\u00e1tica.<\/p>\n\n\n\n<p class=\"wp-block-paragraph\">Outro ponto destacado de forma positiva pela medida \u00e9 o enfoque tamb\u00e9m nas outras doen\u00e7as imunoprevin\u00edveis. \u201cAs pessoas t\u00eam procurado muito a vacina contra a covid, essa nova doen\u00e7a \u00e9 um assunto muito debatido. Mas temos que ter um olhar tamb\u00e9m para outras doen\u00e7as, que contam com vacinas dispon\u00edveis e que n\u00f3s precisamos ampliar as coberturas junto \u00e0 popula\u00e7\u00e3o\u201d, diz a coordenadora da SES-MG.<\/p>\n\n\n\n<h2 class=\"wp-block-heading\"><strong>Indica\u00e7\u00f5es<\/strong><\/h2>\n\n\n\n<p class=\"wp-block-paragraph\">Ao realizar a administra\u00e7\u00e3o simult\u00e2nea de diferentes vacinas, o profissional de sa\u00fade dever\u00e1 estar atento para as diferentes vias de administra\u00e7\u00e3o de cada vacina (oral, intrad\u00e9rmica, subcut\u00e2nea ou intramuscular) e estabelecer estrat\u00e9gias adequadas.<\/p>\n\n\n\n<p class=\"wp-block-paragraph\">A nova recomenda\u00e7\u00e3o se estende, ainda, a administra\u00e7\u00e3o de imunoglobulinas e\/ou anticorpos monoclonais, bem como soros heter\u00f3logos. A exce\u00e7\u00e3o fica por conta de pacientes que tiveram covid-19 e utilizaram, como parte de seu tratamento, anticorpos monoclonais espec\u00edficos contra o SARS-CoV-2, plasma convalescente ou imunoglobulina espec\u00edfica contra o SARS-CoV-2. Para essas situa\u00e7\u00f5es deve-se, preferencialmente, aguardar um intervalo de 90 dias para receber uma dose de vacina covid-19.<\/p>\n\n\n\n<p class=\"wp-block-paragraph\">&#8212;&#8212;&#8212;&#8212;&#8212;&#8212;<br><em>Quer receber as not\u00edcias do <strong>Aconteceu no Vale<\/strong> em primeira m\u00e3o? Siga-nos no Facebook <a rel=\"noreferrer noopener\" href=\"http:\/\/facebook.com\/aconteceunovale\" target=\"_blank\">@aconteceunovale<\/a>, Twitter <a rel=\"noreferrer noopener\" href=\"https:\/\/twitter.com\/noticiadosvales\" target=\"_blank\">@noticiadosvales<\/a> e Instagram <a rel=\"noreferrer noopener\" href=\"https:\/\/www.instagram.com\/aconteceunovale\" target=\"_blank\">@aconteceunovale<\/a>.<\/em><\/p>\n","protected":false},"excerpt":{"rendered":"<p>A Campanha Nacional de Multivacina\u00e7\u00e3o, voltada a menores de 15 anos, iniciada na \u00faltima sexta-feira (1\/10\/2021), conta com uma importante mudan\u00e7a. A partir da publica\u00e7\u00e3o da Nota T\u00e9cnica n\u00ba 1203\/2021 pelo Minist\u00e9rio da Sa\u00fade, as vacinas contra a covid-19 poder\u00e3o ser administradas de maneira simult\u00e2nea com as demais do calend\u00e1rio vacinal, ou sem necessidade de [&hellip;]<\/p>\n","protected":false},"author":4,"featured_media":182621,"comment_status":"open","ping_status":"closed","sticky":false,"template":"","format":"standard","meta":{"amp_status":"","footnotes":""},"categories":[123,40242],"tags":[115294,214884,216498,252425,252426,252429,216144,19326,215653,140166,219312,52113,252427,252428],"class_list":["post-182620","post","type-post","status-publish","format-standard","has-post-thumbnail","hentry","category-gerais","category-saude-2","tag-campanha-nacional-de-multivacinacao","tag-coronavirus","tag-covid-19","tag-imunizacao-contra-a-covid-19-e-outras-doencas-ao-mesmo-tempo","tag-imunizacao-contra-covid","tag-imunizacao-simultanea","tag-josianne-dias-gusmao","tag-ministerio-da-saude","tag-novo-coronavirus","tag-pandemia","tag-sars-cov-2","tag-ses-mg","tag-vacinacao-contra-covid","tag-vacinacao-simultanea"],"yoast_head":"<!-- This site is optimized with the Yoast SEO plugin v28.3 - https:\/\/yoast.com\/product\/yoast-seo-wordpress\/ -->\n<title>Imuniza\u00e7\u00e3o contra a Covid-19 e outras doen\u00e7as pode ser feita ao mesmo tempo - Aconteceu no Vale<\/title>\n<meta name=\"robots\" content=\"index, follow, max-snippet:-1, max-image-preview:large, max-video-preview:-1\" \/>\n<link rel=\"canonical\" href=\"https:\/\/aconteceunovale.com.br\/portal\/?p=182620\" \/>\n<meta property=\"og:locale\" content=\"pt_BR\" \/>\n<meta property=\"og:type\" content=\"article\" \/>\n<meta property=\"og:title\" content=\"Imuniza\u00e7\u00e3o contra a Covid-19 e outras doen\u00e7as pode ser feita ao mesmo tempo - Aconteceu no Vale\" \/>\n<meta property=\"og:description\" content=\"A Campanha Nacional de Multivacina\u00e7\u00e3o, voltada a menores de 15 anos, iniciada na \u00faltima sexta-feira (1\/10\/2021), conta com uma importante mudan\u00e7a. A partir da publica\u00e7\u00e3o da Nota T\u00e9cnica n\u00ba 1203\/2021 pelo Minist\u00e9rio da Sa\u00fade, as vacinas contra a covid-19 poder\u00e3o ser administradas de maneira simult\u00e2nea com as demais do calend\u00e1rio vacinal, ou sem necessidade de [&hellip;]\" \/>\n<meta property=\"og:url\" content=\"https:\/\/aconteceunovale.com.br\/portal\/?p=182620\" \/>\n<meta property=\"og:site_name\" content=\"Aconteceu no Vale\" \/>\n<meta property=\"article:publisher\" content=\"https:\/\/www.facebook.com\/aconteceunovale\/\" \/>\n<meta property=\"article:published_time\" content=\"2021-10-04T21:57:30+00:00\" \/>\n<meta property=\"article:modified_time\" content=\"2021-10-04T21:59:02+00:00\" \/>\n<meta property=\"og:image\" content=\"https:\/\/aconteceunovale.com.br\/portal\/wp-content\/uploads\/2021\/10\/vacina_covid_outras.jpg\" \/>\n\t<meta property=\"og:image:width\" content=\"639\" \/>\n\t<meta property=\"og:image:height\" content=\"350\" \/>\n\t<meta property=\"og:image:type\" content=\"image\/jpeg\" \/>\n<meta name=\"author\" content=\"Reda\u00e7\u00e3o Aconteceu no Vale\" \/>\n<meta name=\"twitter:card\" content=\"summary_large_image\" \/>\n<meta name=\"twitter:creator\" content=\"@noticiadosvales\" \/>\n<meta name=\"twitter:site\" content=\"@noticiadosvales\" \/>\n<meta name=\"twitter:label1\" content=\"Escrito por\" \/>\n\t<meta name=\"twitter:data1\" content=\"Reda\u00e7\u00e3o Aconteceu no Vale\" \/>\n\t<meta name=\"twitter:label2\" content=\"Est. tempo de leitura\" \/>\n\t<meta name=\"twitter:data2\" content=\"3 minutos\" \/>\n<script type=\"application\/ld+json\" class=\"yoast-schema-graph\">{\"@context\":\"https:\\\/\\\/schema.org\",\"@graph\":[{\"@type\":\"Article\",\"@id\":\"https:\\\/\\\/aconteceunovale.com.br\\\/portal\\\/?p=182620#article\",\"isPartOf\":{\"@id\":\"https:\\\/\\\/aconteceunovale.com.br\\\/portal\\\/?p=182620\"},\"author\":{\"name\":\"Reda\u00e7\u00e3o Aconteceu no Vale\",\"@id\":\"https:\\\/\\\/aconteceunovale.com.br\\\/portal\\\/#\\\/schema\\\/person\\\/7d2f26d1483f8a63de73da1ee0754d35\"},\"headline\":\"Imuniza\u00e7\u00e3o contra a Covid-19 e outras doen\u00e7as pode ser feita ao mesmo tempo\",\"datePublished\":\"2021-10-04T21:57:30+00:00\",\"dateModified\":\"2021-10-04T21:59:02+00:00\",\"mainEntityOfPage\":{\"@id\":\"https:\\\/\\\/aconteceunovale.com.br\\\/portal\\\/?p=182620\"},\"wordCount\":686,\"commentCount\":0,\"image\":{\"@id\":\"https:\\\/\\\/aconteceunovale.com.br\\\/portal\\\/?p=182620#primaryimage\"},\"thumbnailUrl\":\"https:\\\/\\\/aconteceunovale.com.br\\\/portal\\\/wp-content\\\/uploads\\\/2021\\\/10\\\/vacina_covid_outras.jpg\",\"keywords\":[\"Campanha Nacional de Multivacina\u00e7\u00e3o\",\"Coronav\u00edrus\",\"COVID-19\",\"Imuniza\u00e7\u00e3o contra a Covid-19 e outras doen\u00e7as ao mesmo tempo\",\"Imuniza\u00e7\u00e3o contra covid\",\"Imuniza\u00e7\u00e3o simult\u00e2nea\",\"Josianne Dias Gusm\u00e3o\",\"Minist\u00e9rio da Sa\u00fade\",\"Novo coronav\u00edrus\",\"pandemia\",\"Sars-Cov-2\",\"SES-MG\",\"Vacina\u00e7\u00e3o contra covid\",\"Vacina\u00e7\u00e3o simult\u00e2nea\"],\"articleSection\":[\"Minas Gerais\",\"Sa\u00fade\"],\"inLanguage\":\"pt-BR\",\"potentialAction\":[{\"@type\":\"CommentAction\",\"name\":\"Comment\",\"target\":[\"https:\\\/\\\/aconteceunovale.com.br\\\/portal\\\/?p=182620#respond\"]}]},{\"@type\":\"WebPage\",\"@id\":\"https:\\\/\\\/aconteceunovale.com.br\\\/portal\\\/?p=182620\",\"url\":\"https:\\\/\\\/aconteceunovale.com.br\\\/portal\\\/?p=182620\",\"name\":\"Imuniza\u00e7\u00e3o contra a Covid-19 e outras doen\u00e7as pode ser feita ao mesmo tempo - Aconteceu no Vale\",\"isPartOf\":{\"@id\":\"https:\\\/\\\/aconteceunovale.com.br\\\/portal\\\/#website\"},\"primaryImageOfPage\":{\"@id\":\"https:\\\/\\\/aconteceunovale.com.br\\\/portal\\\/?p=182620#primaryimage\"},\"image\":{\"@id\":\"https:\\\/\\\/aconteceunovale.com.br\\\/portal\\\/?p=182620#primaryimage\"},\"thumbnailUrl\":\"https:\\\/\\\/aconteceunovale.com.br\\\/portal\\\/wp-content\\\/uploads\\\/2021\\\/10\\\/vacina_covid_outras.jpg\",\"datePublished\":\"2021-10-04T21:57:30+00:00\",\"dateModified\":\"2021-10-04T21:59:02+00:00\",\"author\":{\"@id\":\"https:\\\/\\\/aconteceunovale.com.br\\\/portal\\\/#\\\/schema\\\/person\\\/7d2f26d1483f8a63de73da1ee0754d35\"},\"breadcrumb\":{\"@id\":\"https:\\\/\\\/aconteceunovale.com.br\\\/portal\\\/?p=182620#breadcrumb\"},\"inLanguage\":\"pt-BR\",\"potentialAction\":[{\"@type\":\"ReadAction\",\"target\":[\"https:\\\/\\\/aconteceunovale.com.br\\\/portal\\\/?p=182620\"]}]},{\"@type\":\"ImageObject\",\"inLanguage\":\"pt-BR\",\"@id\":\"https:\\\/\\\/aconteceunovale.com.br\\\/portal\\\/?p=182620#primaryimage\",\"url\":\"https:\\\/\\\/aconteceunovale.com.br\\\/portal\\\/wp-content\\\/uploads\\\/2021\\\/10\\\/vacina_covid_outras.jpg\",\"contentUrl\":\"https:\\\/\\\/aconteceunovale.com.br\\\/portal\\\/wp-content\\\/uploads\\\/2021\\\/10\\\/vacina_covid_outras.jpg\",\"width\":639,\"height\":350},{\"@type\":\"BreadcrumbList\",\"@id\":\"https:\\\/\\\/aconteceunovale.com.br\\\/portal\\\/?p=182620#breadcrumb\",\"itemListElement\":[{\"@type\":\"ListItem\",\"position\":1,\"name\":\"In\u00edcio\",\"item\":\"https:\\\/\\\/aconteceunovale.com.br\\\/portal\\\/\"},{\"@type\":\"ListItem\",\"position\":2,\"name\":\"Imuniza\u00e7\u00e3o contra a Covid-19 e outras doen\u00e7as pode ser feita ao mesmo tempo\"}]},{\"@type\":\"WebSite\",\"@id\":\"https:\\\/\\\/aconteceunovale.com.br\\\/portal\\\/#website\",\"url\":\"https:\\\/\\\/aconteceunovale.com.br\\\/portal\\\/\",\"name\":\"Aconteceu no Vale\",\"description\":\"Portal de Not\u00edcias\",\"potentialAction\":[{\"@type\":\"SearchAction\",\"target\":{\"@type\":\"EntryPoint\",\"urlTemplate\":\"https:\\\/\\\/aconteceunovale.com.br\\\/portal\\\/?s={search_term_string}\"},\"query-input\":{\"@type\":\"PropertyValueSpecification\",\"valueRequired\":true,\"valueName\":\"search_term_string\"}}],\"inLanguage\":\"pt-BR\"},{\"@type\":\"Person\",\"@id\":\"https:\\\/\\\/aconteceunovale.com.br\\\/portal\\\/#\\\/schema\\\/person\\\/7d2f26d1483f8a63de73da1ee0754d35\",\"name\":\"Reda\u00e7\u00e3o Aconteceu no Vale\",\"description\":\"Equipe de reportagem do Aconteceu no Vale, portal de not\u00edcias do Vale do Jequitinhonha, em Minas Gerais. Cobrimos as 51 cidades do Vale desde 2013. Sugest\u00f5es de pauta e pedidos de corre\u00e7\u00e3o: contato@aconteceunovale.com.br\",\"url\":\"https:\\\/\\\/aconteceunovale.com.br\\\/portal\\\/?author=4\"}]}<\/script>\n<!-- \/ Yoast SEO plugin. -->","yoast_head_json":{"title":"Imuniza\u00e7\u00e3o contra a Covid-19 e outras doen\u00e7as pode ser feita ao mesmo tempo - Aconteceu no Vale","robots":{"index":"index","follow":"follow","max-snippet":"max-snippet:-1","max-image-preview":"max-image-preview:large","max-video-preview":"max-video-preview:-1"},"canonical":"https:\/\/aconteceunovale.com.br\/portal\/?p=182620","og_locale":"pt_BR","og_type":"article","og_title":"Imuniza\u00e7\u00e3o contra a Covid-19 e outras doen\u00e7as pode ser feita ao mesmo tempo - Aconteceu no Vale","og_description":"A Campanha Nacional de Multivacina\u00e7\u00e3o, voltada a menores de 15 anos, iniciada na \u00faltima sexta-feira (1\/10\/2021), conta com uma importante mudan\u00e7a. A partir da publica\u00e7\u00e3o da Nota T\u00e9cnica n\u00ba 1203\/2021 pelo Minist\u00e9rio da Sa\u00fade, as vacinas contra a covid-19 poder\u00e3o ser administradas de maneira simult\u00e2nea com as demais do calend\u00e1rio vacinal, ou sem necessidade de [&hellip;]","og_url":"https:\/\/aconteceunovale.com.br\/portal\/?p=182620","og_site_name":"Aconteceu no Vale","article_publisher":"https:\/\/www.facebook.com\/aconteceunovale\/","article_published_time":"2021-10-04T21:57:30+00:00","article_modified_time":"2021-10-04T21:59:02+00:00","og_image":[{"width":639,"height":350,"url":"https:\/\/aconteceunovale.com.br\/portal\/wp-content\/uploads\/2021\/10\/vacina_covid_outras.jpg","type":"image\/jpeg"}],"author":"Reda\u00e7\u00e3o Aconteceu no Vale","twitter_card":"summary_large_image","twitter_creator":"@noticiadosvales","twitter_site":"@noticiadosvales","twitter_misc":{"Escrito por":"Reda\u00e7\u00e3o Aconteceu no Vale","Est. tempo de leitura":"3 minutos"},"schema":{"@context":"https:\/\/schema.org","@graph":[{"@type":"Article","@id":"https:\/\/aconteceunovale.com.br\/portal\/?p=182620#article","isPartOf":{"@id":"https:\/\/aconteceunovale.com.br\/portal\/?p=182620"},"author":{"name":"Reda\u00e7\u00e3o Aconteceu no Vale","@id":"https:\/\/aconteceunovale.com.br\/portal\/#\/schema\/person\/7d2f26d1483f8a63de73da1ee0754d35"},"headline":"Imuniza\u00e7\u00e3o contra a Covid-19 e outras doen\u00e7as pode ser feita ao mesmo tempo","datePublished":"2021-10-04T21:57:30+00:00","dateModified":"2021-10-04T21:59:02+00:00","mainEntityOfPage":{"@id":"https:\/\/aconteceunovale.com.br\/portal\/?p=182620"},"wordCount":686,"commentCount":0,"image":{"@id":"https:\/\/aconteceunovale.com.br\/portal\/?p=182620#primaryimage"},"thumbnailUrl":"https:\/\/aconteceunovale.com.br\/portal\/wp-content\/uploads\/2021\/10\/vacina_covid_outras.jpg","keywords":["Campanha Nacional de Multivacina\u00e7\u00e3o","Coronav\u00edrus","COVID-19","Imuniza\u00e7\u00e3o contra a Covid-19 e outras doen\u00e7as ao mesmo tempo","Imuniza\u00e7\u00e3o contra covid","Imuniza\u00e7\u00e3o simult\u00e2nea","Josianne Dias Gusm\u00e3o","Minist\u00e9rio da Sa\u00fade","Novo coronav\u00edrus","pandemia","Sars-Cov-2","SES-MG","Vacina\u00e7\u00e3o contra covid","Vacina\u00e7\u00e3o simult\u00e2nea"],"articleSection":["Minas Gerais","Sa\u00fade"],"inLanguage":"pt-BR","potentialAction":[{"@type":"CommentAction","name":"Comment","target":["https:\/\/aconteceunovale.com.br\/portal\/?p=182620#respond"]}]},{"@type":"WebPage","@id":"https:\/\/aconteceunovale.com.br\/portal\/?p=182620","url":"https:\/\/aconteceunovale.com.br\/portal\/?p=182620","name":"Imuniza\u00e7\u00e3o contra a Covid-19 e outras doen\u00e7as pode ser feita ao mesmo tempo - Aconteceu no Vale","isPartOf":{"@id":"https:\/\/aconteceunovale.com.br\/portal\/#website"},"primaryImageOfPage":{"@id":"https:\/\/aconteceunovale.com.br\/portal\/?p=182620#primaryimage"},"image":{"@id":"https:\/\/aconteceunovale.com.br\/portal\/?p=182620#primaryimage"},"thumbnailUrl":"https:\/\/aconteceunovale.com.br\/portal\/wp-content\/uploads\/2021\/10\/vacina_covid_outras.jpg","datePublished":"2021-10-04T21:57:30+00:00","dateModified":"2021-10-04T21:59:02+00:00","author":{"@id":"https:\/\/aconteceunovale.com.br\/portal\/#\/schema\/person\/7d2f26d1483f8a63de73da1ee0754d35"},"breadcrumb":{"@id":"https:\/\/aconteceunovale.com.br\/portal\/?p=182620#breadcrumb"},"inLanguage":"pt-BR","potentialAction":[{"@type":"ReadAction","target":["https:\/\/aconteceunovale.com.br\/portal\/?p=182620"]}]},{"@type":"ImageObject","inLanguage":"pt-BR","@id":"https:\/\/aconteceunovale.com.br\/portal\/?p=182620#primaryimage","url":"https:\/\/aconteceunovale.com.br\/portal\/wp-content\/uploads\/2021\/10\/vacina_covid_outras.jpg","contentUrl":"https:\/\/aconteceunovale.com.br\/portal\/wp-content\/uploads\/2021\/10\/vacina_covid_outras.jpg","width":639,"height":350},{"@type":"BreadcrumbList","@id":"https:\/\/aconteceunovale.com.br\/portal\/?p=182620#breadcrumb","itemListElement":[{"@type":"ListItem","position":1,"name":"In\u00edcio","item":"https:\/\/aconteceunovale.com.br\/portal\/"},{"@type":"ListItem","position":2,"name":"Imuniza\u00e7\u00e3o contra a Covid-19 e outras doen\u00e7as pode ser feita ao mesmo tempo"}]},{"@type":"WebSite","@id":"https:\/\/aconteceunovale.com.br\/portal\/#website","url":"https:\/\/aconteceunovale.com.br\/portal\/","name":"Aconteceu no Vale","description":"Portal de Not\u00edcias","potentialAction":[{"@type":"SearchAction","target":{"@type":"EntryPoint","urlTemplate":"https:\/\/aconteceunovale.com.br\/portal\/?s={search_term_string}"},"query-input":{"@type":"PropertyValueSpecification","valueRequired":true,"valueName":"search_term_string"}}],"inLanguage":"pt-BR"},{"@type":"Person","@id":"https:\/\/aconteceunovale.com.br\/portal\/#\/schema\/person\/7d2f26d1483f8a63de73da1ee0754d35","name":"Reda\u00e7\u00e3o Aconteceu no Vale","description":"Equipe de reportagem do Aconteceu no Vale, portal de not\u00edcias do Vale do Jequitinhonha, em Minas Gerais. Cobrimos as 51 cidades do Vale desde 2013. Sugest\u00f5es de pauta e pedidos de corre\u00e7\u00e3o: contato@aconteceunovale.com.br","url":"https:\/\/aconteceunovale.com.br\/portal\/?author=4"}]}},"_links":{"self":[{"href":"https:\/\/aconteceunovale.com.br\/portal\/index.php?rest_route=\/wp\/v2\/posts\/182620","targetHints":{"allow":["GET"]}}],"collection":[{"href":"https:\/\/aconteceunovale.com.br\/portal\/index.php?rest_route=\/wp\/v2\/posts"}],"about":[{"href":"https:\/\/aconteceunovale.com.br\/portal\/index.php?rest_route=\/wp\/v2\/types\/post"}],"author":[{"embeddable":true,"href":"https:\/\/aconteceunovale.com.br\/portal\/index.php?rest_route=\/wp\/v2\/users\/4"}],"replies":[{"embeddable":true,"href":"https:\/\/aconteceunovale.com.br\/portal\/index.php?rest_route=%2Fwp%2Fv2%2Fcomments&post=182620"}],"version-history":[{"count":1,"href":"https:\/\/aconteceunovale.com.br\/portal\/index.php?rest_route=\/wp\/v2\/posts\/182620\/revisions"}],"predecessor-version":[{"id":182622,"href":"https:\/\/aconteceunovale.com.br\/portal\/index.php?rest_route=\/wp\/v2\/posts\/182620\/revisions\/182622"}],"wp:featuredmedia":[{"embeddable":true,"href":"https:\/\/aconteceunovale.com.br\/portal\/index.php?rest_route=\/wp\/v2\/media\/182621"}],"wp:attachment":[{"href":"https:\/\/aconteceunovale.com.br\/portal\/index.php?rest_route=%2Fwp%2Fv2%2Fmedia&parent=182620"}],"wp:term":[{"taxonomy":"category","embeddable":true,"href":"https:\/\/aconteceunovale.com.br\/portal\/index.php?rest_route=%2Fwp%2Fv2%2Fcategories&post=182620"},{"taxonomy":"post_tag","embeddable":true,"href":"https:\/\/aconteceunovale.com.br\/portal\/index.php?rest_route=%2Fwp%2Fv2%2Ftags&post=182620"}],"curies":[{"name":"wp","href":"https:\/\/api.w.org\/{rel}","templated":true}]}}