{"id":182616,"date":"2021-10-04T19:50:07","date_gmt":"2021-10-04T22:50:07","guid":{"rendered":"https:\/\/aconteceunovale.com.br\/portal\/?p=182616"},"modified":"2021-10-04T22:19:47","modified_gmt":"2021-10-05T01:19:47","slug":"whatsapp-instagram-e-facebook-permanecem-fora-do-ar","status":"publish","type":"post","link":"https:\/\/aconteceunovale.com.br\/portal\/?p=182616","title":{"rendered":"WhatsApp, Instagram e Facebook voltam a ser acess\u00edveis para usu\u00e1rios"},"content":{"rendered":"\n<p class=\"wp-block-paragraph\">Grandes redes sociais relacionadas ao Facebook ficaram inacess\u00edveis hoje (4\/10\/2021) no in\u00edcio da tarde\u00a0e come\u00e7aram a ser restabelecidas por volta de 19h20. O Facebook &#8211; a maior rede social do mundo -, o Instagram &#8211; a mais popular plataforma de compartilhamento de imagens &#8211; e o WhatsApp &#8211; o aplicativo de troca de mensagens via celular preferido dos brasileiros &#8211; ficaram indispon\u00edveis para os usu\u00e1rios por uma falha ainda n\u00e3o detalhada pelo conglomerado.<img decoding=\"async\" src=\"https:\/\/agenciabrasil.ebc.com.br\/ebc.png?id=1423518&amp;o=node\"><img decoding=\"async\" src=\"https:\/\/agenciabrasil.ebc.com.br\/ebc.gif?id=1423518&amp;o=node\"><\/p>\n\n\n\n<p class=\"wp-block-paragraph\">Outras plataformas sociais, como o Telegram e o Twitter, apresentaram instabilidades e funcionam de maneira intermitente, com usu\u00e1rios de todo o mundo registrando queixas pelo servi\u00e7o internacional de monitoramento de servidores e aplicativos Downdetector.<\/p>\n\n\n\n<p class=\"wp-block-paragraph\">Pouco antes das 17h, Mike Schroepfer, oficial-chefe de tecnologia do Facebook, publicou um pedido de desculpas para os usu\u00e1rios impactados pelo que classificou como \u201cerros de rede\u201d.<\/p>\n\n\n\n<p class=\"wp-block-paragraph\">A falha generalizada no acesso mostra para os usu\u00e1rios uma mensagem de erro no\u00a0<em>domain name system<\/em>\u00a0(DNS) &#8211; a tecnologia que liga o endere\u00e7o usado para se chegar aos sites\u00a0<em>internet protocols<\/em>\u00a0(IPs) dos servidores correspondentes que hospedam o conte\u00fado das p\u00e1ginas. Esta n\u00e3o \u00e9 a primeira vez que o grupo de servi\u00e7os administrados pelo Facebook apresenta problemas.\u00a0Em junho deste ano, uma interrup\u00e7\u00e3o semelhante aconteceu.<\/p>\n\n\n\n<p class=\"wp-block-paragraph\">Na pr\u00e1tica, \u00e9 como se os n\u00fameros de telefone dos servi\u00e7os do Facebook tivessem sido apagados da gigantesca agenda da internet. O gestor do DNS do Facebook e dos demais servi\u00e7os \u00e9 o pr\u00f3prio Facebook, o que pode significar que uma atualiza\u00e7\u00e3o malsucedida ou um erro grave nos principais servidores das redes sociais possa ter acontecido.<\/p>\n\n\n\n<p class=\"wp-block-paragraph\">Segundo os n\u00fameros da Nasdaq &#8211; a bolsa de valores do mercado de tecnologia -, o Facebook perdeu cerca de 5,34% de valor de mercado at\u00e9 o momento com a falha. Isso equivale a cerca de US$ 50 bilh\u00f5es &#8211; o valor total estimado da rede social Twitter. As a\u00e7\u00f5es do Facebook est\u00e3o cotadas no momento a US$ 326,23.<\/p>\n\n\n\n<p class=\"wp-block-paragraph\">&#8212;&#8212;&#8212;&#8212;&#8212;&#8212;<br><em>Quer receber as not\u00edcias do <strong>Aconteceu no Vale<\/strong> em primeira m\u00e3o? Siga-nos no Facebook <a rel=\"noreferrer noopener\" href=\"http:\/\/facebook.com\/aconteceunovale\" target=\"_blank\">@aconteceunovale<\/a>, Twitter <a rel=\"noreferrer noopener\" href=\"https:\/\/twitter.com\/noticiadosvales\" target=\"_blank\">@noticiadosvales<\/a> e Instagram <a rel=\"noreferrer noopener\" href=\"https:\/\/www.instagram.com\/aconteceunovale\" target=\"_blank\">@aconteceunovale<\/a>.<\/em><\/p>\n","protected":false},"excerpt":{"rendered":"<p>Grandes redes sociais relacionadas ao Facebook ficaram inacess\u00edveis hoje (4\/10\/2021) no in\u00edcio da tarde\u00a0e come\u00e7aram a ser restabelecidas por volta de 19h20. O Facebook &#8211; a maior rede social do mundo -, o Instagram &#8211; a mais popular plataforma de compartilhamento de imagens &#8211; e o WhatsApp &#8211; o aplicativo de troca de mensagens via [&hellip;]<\/p>\n","protected":false},"author":4,"featured_media":127024,"comment_status":"open","ping_status":"closed","sticky":false,"template":"","format":"standard","meta":{"amp_status":"","footnotes":""},"categories":[28848,40247],"tags":[1018,252392,252400,252408,252415,252394,12932,252396,252412,252398,252406,252414,252421,252397,252405,252413,252420,252395,252403,252411,252418,252402,252399,252404,4626,252410,252407,252393,252401,252409,252416,4856,13748,252417,147910,252419],"class_list":["post-182616","post","type-post","status-publish","format-standard","has-post-thumbnail","hentry","category-mundo","category-tecnologia-2","tag-destaque","tag-erro-no-facebook","tag-erro-no-instagram","tag-erro-no-messenger","tag-erro-no-whatsapp","tag-facebook-cai","tag-facebook-fora-do-ar","tag-facebook-passa-por-instabilidade","tag-facebook-passa-por-messenger","tag-falha-no-aplicativo-facebook","tag-falha-no-aplicativo-instagram","tag-falha-no-aplicativo-messenger","tag-falha-no-aplicativo-whatsapp","tag-falha-no-servico-facebook","tag-falha-no-servico-instagram","tag-falha-no-servico-messenger","tag-falha-no-servico-whatsapp","tag-instabilidade-no-facebook","tag-instabilidade-no-instagram","tag-instabilidade-no-messenger","tag-instabilidade-no-whatsapp","tag-instagram-cai","tag-instagram-fora-do-ar","tag-instagram-passa-por-instabilidade","tag-mark-zuckerberg","tag-messenger-cai","tag-messenger-fora-do-ar","tag-queda-do-facebook","tag-queda-do-instagram","tag-queda-do-messenger","tag-queda-do-whatsapp","tag-telegram","tag-twitter","tag-whatsapp-cai","tag-whatsapp-fora-do-ar","tag-whatsapp-passa-por-instabilidade"],"yoast_head":"<!-- This site is optimized with the Yoast SEO plugin v28.3 - https:\/\/yoast.com\/product\/yoast-seo-wordpress\/ -->\n<title>WhatsApp, Instagram e Facebook voltam a ser acess\u00edveis para usu\u00e1rios - Aconteceu no Vale<\/title>\n<meta name=\"robots\" content=\"index, follow, max-snippet:-1, max-image-preview:large, max-video-preview:-1\" \/>\n<link rel=\"canonical\" href=\"https:\/\/aconteceunovale.com.br\/portal\/?p=182616\" \/>\n<meta property=\"og:locale\" content=\"pt_BR\" \/>\n<meta property=\"og:type\" content=\"article\" \/>\n<meta property=\"og:title\" content=\"WhatsApp, Instagram e Facebook voltam a ser acess\u00edveis para usu\u00e1rios - Aconteceu no Vale\" \/>\n<meta property=\"og:description\" content=\"Grandes redes sociais relacionadas ao Facebook ficaram inacess\u00edveis hoje (4\/10\/2021) no in\u00edcio da tarde\u00a0e come\u00e7aram a ser restabelecidas por volta de 19h20. O Facebook &#8211; a maior rede social do mundo -, o Instagram &#8211; a mais popular plataforma de compartilhamento de imagens &#8211; e o WhatsApp &#8211; o aplicativo de troca de mensagens via [&hellip;]\" \/>\n<meta property=\"og:url\" content=\"https:\/\/aconteceunovale.com.br\/portal\/?p=182616\" \/>\n<meta property=\"og:site_name\" content=\"Aconteceu no Vale\" \/>\n<meta property=\"article:publisher\" content=\"https:\/\/www.facebook.com\/aconteceunovale\/\" \/>\n<meta property=\"article:published_time\" content=\"2021-10-04T22:50:07+00:00\" \/>\n<meta property=\"article:modified_time\" content=\"2021-10-05T01:19:47+00:00\" \/>\n<meta property=\"og:image\" content=\"https:\/\/aconteceunovale.com.br\/portal\/wp-content\/uploads\/2018\/01\/principios_facebook.jpg\" \/>\n\t<meta property=\"og:image:width\" content=\"678\" \/>\n\t<meta property=\"og:image:height\" content=\"381\" \/>\n\t<meta property=\"og:image:type\" content=\"image\/jpeg\" \/>\n<meta name=\"author\" content=\"Reda\u00e7\u00e3o Aconteceu no Vale\" \/>\n<meta name=\"twitter:card\" content=\"summary_large_image\" \/>\n<meta name=\"twitter:creator\" content=\"@noticiadosvales\" \/>\n<meta name=\"twitter:site\" content=\"@noticiadosvales\" \/>\n<meta name=\"twitter:label1\" content=\"Escrito por\" \/>\n\t<meta name=\"twitter:data1\" content=\"Reda\u00e7\u00e3o Aconteceu no Vale\" \/>\n\t<meta name=\"twitter:label2\" content=\"Est. tempo de leitura\" \/>\n\t<meta name=\"twitter:data2\" content=\"2 minutos\" \/>\n<script type=\"application\/ld+json\" class=\"yoast-schema-graph\">{\"@context\":\"https:\\\/\\\/schema.org\",\"@graph\":[{\"@type\":\"Article\",\"@id\":\"https:\\\/\\\/aconteceunovale.com.br\\\/portal\\\/?p=182616#article\",\"isPartOf\":{\"@id\":\"https:\\\/\\\/aconteceunovale.com.br\\\/portal\\\/?p=182616\"},\"author\":{\"name\":\"Reda\u00e7\u00e3o Aconteceu no Vale\",\"@id\":\"https:\\\/\\\/aconteceunovale.com.br\\\/portal\\\/#\\\/schema\\\/person\\\/7d2f26d1483f8a63de73da1ee0754d35\"},\"headline\":\"WhatsApp, Instagram e Facebook voltam a ser acess\u00edveis para usu\u00e1rios\",\"datePublished\":\"2021-10-04T22:50:07+00:00\",\"dateModified\":\"2021-10-05T01:19:47+00:00\",\"mainEntityOfPage\":{\"@id\":\"https:\\\/\\\/aconteceunovale.com.br\\\/portal\\\/?p=182616\"},\"wordCount\":371,\"commentCount\":0,\"image\":{\"@id\":\"https:\\\/\\\/aconteceunovale.com.br\\\/portal\\\/?p=182616#primaryimage\"},\"thumbnailUrl\":\"https:\\\/\\\/aconteceunovale.com.br\\\/portal\\\/wp-content\\\/uploads\\\/2018\\\/01\\\/principios_facebook.jpg\",\"keywords\":[\"destaque\",\"Erro no Facebook\",\"Erro no Instagram\",\"Erro no Messenger\",\"Erro no WhatsApp\",\"Facebook cai\",\"facebook fora do ar\",\"Facebook passa por instabilidade\",\"Facebook passa por Messenger\",\"Falha no aplicativo Facebook\",\"Falha no aplicativo Instagram\",\"Falha no aplicativo Messenger\",\"Falha no aplicativo WhatsApp\",\"Falha no servi\u00e7o Facebook\",\"Falha no servi\u00e7o Instagram\",\"Falha no servi\u00e7o Messenger\",\"Falha no servi\u00e7o WhatsApp\",\"Instabilidade no Facebook\",\"Instabilidade no Instagram\",\"Instabilidade no Messenger\",\"Instabilidade no WhatsApp\",\"Instagram cai\",\"Instagram fora do ar\",\"Instagram passa por instabilidade\",\"Mark Zuckerberg\",\"Messenger cai\",\"Messenger fora do ar\",\"Queda do Facebook\",\"Queda do Instagram\",\"Queda do Messenger\",\"Queda do WhatsApp\",\"Telegram\",\"twitter\",\"WhatsApp cai\",\"WhatsApp fora do ar\",\"WhatsApp passa por instabilidade\"],\"articleSection\":[\"Mundo\",\"Tecnologia\"],\"inLanguage\":\"pt-BR\",\"potentialAction\":[{\"@type\":\"CommentAction\",\"name\":\"Comment\",\"target\":[\"https:\\\/\\\/aconteceunovale.com.br\\\/portal\\\/?p=182616#respond\"]}]},{\"@type\":\"WebPage\",\"@id\":\"https:\\\/\\\/aconteceunovale.com.br\\\/portal\\\/?p=182616\",\"url\":\"https:\\\/\\\/aconteceunovale.com.br\\\/portal\\\/?p=182616\",\"name\":\"WhatsApp, Instagram e Facebook voltam a ser acess\u00edveis para usu\u00e1rios - Aconteceu no Vale\",\"isPartOf\":{\"@id\":\"https:\\\/\\\/aconteceunovale.com.br\\\/portal\\\/#website\"},\"primaryImageOfPage\":{\"@id\":\"https:\\\/\\\/aconteceunovale.com.br\\\/portal\\\/?p=182616#primaryimage\"},\"image\":{\"@id\":\"https:\\\/\\\/aconteceunovale.com.br\\\/portal\\\/?p=182616#primaryimage\"},\"thumbnailUrl\":\"https:\\\/\\\/aconteceunovale.com.br\\\/portal\\\/wp-content\\\/uploads\\\/2018\\\/01\\\/principios_facebook.jpg\",\"datePublished\":\"2021-10-04T22:50:07+00:00\",\"dateModified\":\"2021-10-05T01:19:47+00:00\",\"author\":{\"@id\":\"https:\\\/\\\/aconteceunovale.com.br\\\/portal\\\/#\\\/schema\\\/person\\\/7d2f26d1483f8a63de73da1ee0754d35\"},\"breadcrumb\":{\"@id\":\"https:\\\/\\\/aconteceunovale.com.br\\\/portal\\\/?p=182616#breadcrumb\"},\"inLanguage\":\"pt-BR\",\"potentialAction\":[{\"@type\":\"ReadAction\",\"target\":[\"https:\\\/\\\/aconteceunovale.com.br\\\/portal\\\/?p=182616\"]}]},{\"@type\":\"ImageObject\",\"inLanguage\":\"pt-BR\",\"@id\":\"https:\\\/\\\/aconteceunovale.com.br\\\/portal\\\/?p=182616#primaryimage\",\"url\":\"https:\\\/\\\/aconteceunovale.com.br\\\/portal\\\/wp-content\\\/uploads\\\/2018\\\/01\\\/principios_facebook.jpg\",\"contentUrl\":\"https:\\\/\\\/aconteceunovale.com.br\\\/portal\\\/wp-content\\\/uploads\\\/2018\\\/01\\\/principios_facebook.jpg\",\"width\":678,\"height\":381},{\"@type\":\"BreadcrumbList\",\"@id\":\"https:\\\/\\\/aconteceunovale.com.br\\\/portal\\\/?p=182616#breadcrumb\",\"itemListElement\":[{\"@type\":\"ListItem\",\"position\":1,\"name\":\"In\u00edcio\",\"item\":\"https:\\\/\\\/aconteceunovale.com.br\\\/portal\\\/\"},{\"@type\":\"ListItem\",\"position\":2,\"name\":\"WhatsApp, Instagram e Facebook voltam a ser acess\u00edveis para usu\u00e1rios\"}]},{\"@type\":\"WebSite\",\"@id\":\"https:\\\/\\\/aconteceunovale.com.br\\\/portal\\\/#website\",\"url\":\"https:\\\/\\\/aconteceunovale.com.br\\\/portal\\\/\",\"name\":\"Aconteceu no Vale\",\"description\":\"Portal de Not\u00edcias\",\"potentialAction\":[{\"@type\":\"SearchAction\",\"target\":{\"@type\":\"EntryPoint\",\"urlTemplate\":\"https:\\\/\\\/aconteceunovale.com.br\\\/portal\\\/?s={search_term_string}\"},\"query-input\":{\"@type\":\"PropertyValueSpecification\",\"valueRequired\":true,\"valueName\":\"search_term_string\"}}],\"inLanguage\":\"pt-BR\"},{\"@type\":\"Person\",\"@id\":\"https:\\\/\\\/aconteceunovale.com.br\\\/portal\\\/#\\\/schema\\\/person\\\/7d2f26d1483f8a63de73da1ee0754d35\",\"name\":\"Reda\u00e7\u00e3o Aconteceu no Vale\",\"description\":\"Equipe de reportagem do Aconteceu no Vale, portal de not\u00edcias do Vale do Jequitinhonha, em Minas Gerais. Cobrimos as 51 cidades do Vale desde 2013. Sugest\u00f5es de pauta e pedidos de corre\u00e7\u00e3o: contato@aconteceunovale.com.br\",\"url\":\"https:\\\/\\\/aconteceunovale.com.br\\\/portal\\\/?author=4\"}]}<\/script>\n<!-- \/ Yoast SEO plugin. -->","yoast_head_json":{"title":"WhatsApp, Instagram e Facebook voltam a ser acess\u00edveis para usu\u00e1rios - Aconteceu no Vale","robots":{"index":"index","follow":"follow","max-snippet":"max-snippet:-1","max-image-preview":"max-image-preview:large","max-video-preview":"max-video-preview:-1"},"canonical":"https:\/\/aconteceunovale.com.br\/portal\/?p=182616","og_locale":"pt_BR","og_type":"article","og_title":"WhatsApp, Instagram e Facebook voltam a ser acess\u00edveis para usu\u00e1rios - Aconteceu no Vale","og_description":"Grandes redes sociais relacionadas ao Facebook ficaram inacess\u00edveis hoje (4\/10\/2021) no in\u00edcio da tarde\u00a0e come\u00e7aram a ser restabelecidas por volta de 19h20. O Facebook &#8211; a maior rede social do mundo -, o Instagram &#8211; a mais popular plataforma de compartilhamento de imagens &#8211; e o WhatsApp &#8211; o aplicativo de troca de mensagens via [&hellip;]","og_url":"https:\/\/aconteceunovale.com.br\/portal\/?p=182616","og_site_name":"Aconteceu no Vale","article_publisher":"https:\/\/www.facebook.com\/aconteceunovale\/","article_published_time":"2021-10-04T22:50:07+00:00","article_modified_time":"2021-10-05T01:19:47+00:00","og_image":[{"width":678,"height":381,"url":"https:\/\/aconteceunovale.com.br\/portal\/wp-content\/uploads\/2018\/01\/principios_facebook.jpg","type":"image\/jpeg"}],"author":"Reda\u00e7\u00e3o Aconteceu no Vale","twitter_card":"summary_large_image","twitter_creator":"@noticiadosvales","twitter_site":"@noticiadosvales","twitter_misc":{"Escrito por":"Reda\u00e7\u00e3o Aconteceu no Vale","Est. tempo de leitura":"2 minutos"},"schema":{"@context":"https:\/\/schema.org","@graph":[{"@type":"Article","@id":"https:\/\/aconteceunovale.com.br\/portal\/?p=182616#article","isPartOf":{"@id":"https:\/\/aconteceunovale.com.br\/portal\/?p=182616"},"author":{"name":"Reda\u00e7\u00e3o Aconteceu no Vale","@id":"https:\/\/aconteceunovale.com.br\/portal\/#\/schema\/person\/7d2f26d1483f8a63de73da1ee0754d35"},"headline":"WhatsApp, Instagram e Facebook voltam a ser acess\u00edveis para usu\u00e1rios","datePublished":"2021-10-04T22:50:07+00:00","dateModified":"2021-10-05T01:19:47+00:00","mainEntityOfPage":{"@id":"https:\/\/aconteceunovale.com.br\/portal\/?p=182616"},"wordCount":371,"commentCount":0,"image":{"@id":"https:\/\/aconteceunovale.com.br\/portal\/?p=182616#primaryimage"},"thumbnailUrl":"https:\/\/aconteceunovale.com.br\/portal\/wp-content\/uploads\/2018\/01\/principios_facebook.jpg","keywords":["destaque","Erro no Facebook","Erro no Instagram","Erro no Messenger","Erro no WhatsApp","Facebook cai","facebook fora do ar","Facebook passa por instabilidade","Facebook passa por Messenger","Falha no aplicativo Facebook","Falha no aplicativo Instagram","Falha no aplicativo Messenger","Falha no aplicativo WhatsApp","Falha no servi\u00e7o Facebook","Falha no servi\u00e7o Instagram","Falha no servi\u00e7o Messenger","Falha no servi\u00e7o WhatsApp","Instabilidade no Facebook","Instabilidade no Instagram","Instabilidade no Messenger","Instabilidade no WhatsApp","Instagram cai","Instagram fora do ar","Instagram passa por instabilidade","Mark Zuckerberg","Messenger cai","Messenger fora do ar","Queda do Facebook","Queda do Instagram","Queda do Messenger","Queda do WhatsApp","Telegram","twitter","WhatsApp cai","WhatsApp fora do ar","WhatsApp passa por instabilidade"],"articleSection":["Mundo","Tecnologia"],"inLanguage":"pt-BR","potentialAction":[{"@type":"CommentAction","name":"Comment","target":["https:\/\/aconteceunovale.com.br\/portal\/?p=182616#respond"]}]},{"@type":"WebPage","@id":"https:\/\/aconteceunovale.com.br\/portal\/?p=182616","url":"https:\/\/aconteceunovale.com.br\/portal\/?p=182616","name":"WhatsApp, Instagram e Facebook voltam a ser acess\u00edveis para usu\u00e1rios - Aconteceu no Vale","isPartOf":{"@id":"https:\/\/aconteceunovale.com.br\/portal\/#website"},"primaryImageOfPage":{"@id":"https:\/\/aconteceunovale.com.br\/portal\/?p=182616#primaryimage"},"image":{"@id":"https:\/\/aconteceunovale.com.br\/portal\/?p=182616#primaryimage"},"thumbnailUrl":"https:\/\/aconteceunovale.com.br\/portal\/wp-content\/uploads\/2018\/01\/principios_facebook.jpg","datePublished":"2021-10-04T22:50:07+00:00","dateModified":"2021-10-05T01:19:47+00:00","author":{"@id":"https:\/\/aconteceunovale.com.br\/portal\/#\/schema\/person\/7d2f26d1483f8a63de73da1ee0754d35"},"breadcrumb":{"@id":"https:\/\/aconteceunovale.com.br\/portal\/?p=182616#breadcrumb"},"inLanguage":"pt-BR","potentialAction":[{"@type":"ReadAction","target":["https:\/\/aconteceunovale.com.br\/portal\/?p=182616"]}]},{"@type":"ImageObject","inLanguage":"pt-BR","@id":"https:\/\/aconteceunovale.com.br\/portal\/?p=182616#primaryimage","url":"https:\/\/aconteceunovale.com.br\/portal\/wp-content\/uploads\/2018\/01\/principios_facebook.jpg","contentUrl":"https:\/\/aconteceunovale.com.br\/portal\/wp-content\/uploads\/2018\/01\/principios_facebook.jpg","width":678,"height":381},{"@type":"BreadcrumbList","@id":"https:\/\/aconteceunovale.com.br\/portal\/?p=182616#breadcrumb","itemListElement":[{"@type":"ListItem","position":1,"name":"In\u00edcio","item":"https:\/\/aconteceunovale.com.br\/portal\/"},{"@type":"ListItem","position":2,"name":"WhatsApp, Instagram e Facebook voltam a ser acess\u00edveis para usu\u00e1rios"}]},{"@type":"WebSite","@id":"https:\/\/aconteceunovale.com.br\/portal\/#website","url":"https:\/\/aconteceunovale.com.br\/portal\/","name":"Aconteceu no Vale","description":"Portal de Not\u00edcias","potentialAction":[{"@type":"SearchAction","target":{"@type":"EntryPoint","urlTemplate":"https:\/\/aconteceunovale.com.br\/portal\/?s={search_term_string}"},"query-input":{"@type":"PropertyValueSpecification","valueRequired":true,"valueName":"search_term_string"}}],"inLanguage":"pt-BR"},{"@type":"Person","@id":"https:\/\/aconteceunovale.com.br\/portal\/#\/schema\/person\/7d2f26d1483f8a63de73da1ee0754d35","name":"Reda\u00e7\u00e3o Aconteceu no Vale","description":"Equipe de reportagem do Aconteceu no Vale, portal de not\u00edcias do Vale do Jequitinhonha, em Minas Gerais. Cobrimos as 51 cidades do Vale desde 2013. Sugest\u00f5es de pauta e pedidos de corre\u00e7\u00e3o: contato@aconteceunovale.com.br","url":"https:\/\/aconteceunovale.com.br\/portal\/?author=4"}]}},"_links":{"self":[{"href":"https:\/\/aconteceunovale.com.br\/portal\/index.php?rest_route=\/wp\/v2\/posts\/182616","targetHints":{"allow":["GET"]}}],"collection":[{"href":"https:\/\/aconteceunovale.com.br\/portal\/index.php?rest_route=\/wp\/v2\/posts"}],"about":[{"href":"https:\/\/aconteceunovale.com.br\/portal\/index.php?rest_route=\/wp\/v2\/types\/post"}],"author":[{"embeddable":true,"href":"https:\/\/aconteceunovale.com.br\/portal\/index.php?rest_route=\/wp\/v2\/users\/4"}],"replies":[{"embeddable":true,"href":"https:\/\/aconteceunovale.com.br\/portal\/index.php?rest_route=%2Fwp%2Fv2%2Fcomments&post=182616"}],"version-history":[{"count":2,"href":"https:\/\/aconteceunovale.com.br\/portal\/index.php?rest_route=\/wp\/v2\/posts\/182616\/revisions"}],"predecessor-version":[{"id":182639,"href":"https:\/\/aconteceunovale.com.br\/portal\/index.php?rest_route=\/wp\/v2\/posts\/182616\/revisions\/182639"}],"wp:featuredmedia":[{"embeddable":true,"href":"https:\/\/aconteceunovale.com.br\/portal\/index.php?rest_route=\/wp\/v2\/media\/127024"}],"wp:attachment":[{"href":"https:\/\/aconteceunovale.com.br\/portal\/index.php?rest_route=%2Fwp%2Fv2%2Fmedia&parent=182616"}],"wp:term":[{"taxonomy":"category","embeddable":true,"href":"https:\/\/aconteceunovale.com.br\/portal\/index.php?rest_route=%2Fwp%2Fv2%2Fcategories&post=182616"},{"taxonomy":"post_tag","embeddable":true,"href":"https:\/\/aconteceunovale.com.br\/portal\/index.php?rest_route=%2Fwp%2Fv2%2Ftags&post=182616"}],"curies":[{"name":"wp","href":"https:\/\/api.w.org\/{rel}","templated":true}]}}