{"id":182611,"date":"2021-10-04T13:20:08","date_gmt":"2021-10-04T16:20:08","guid":{"rendered":"https:\/\/aconteceunovale.com.br\/portal\/?p=182611"},"modified":"2021-10-04T16:55:58","modified_gmt":"2021-10-04T19:55:58","slug":"facebook-instagram-e-whatsapp-ficam-fora-do-ar","status":"publish","type":"post","link":"https:\/\/aconteceunovale.com.br\/portal\/?p=182611","title":{"rendered":"Facebook, Instagram e WhatsApp ficam fora do ar"},"content":{"rendered":"\n<p class=\"wp-block-paragraph\">O Facebook confirmou, no in\u00edcio da tarde desta\u00a0segunda-feira (4\/10\/2021), por meio do Twitter, que usu\u00e1rios est\u00e3o tendo dificuldades para acessar seus aplicativos, incluindo WhatsApp e Instagram. Em comunicado, a empresa afirmou que trabalha \u201cpara que tudo volte ao normal o quanto antes&#8221;.<img decoding=\"async\" src=\"https:\/\/agenciabrasil.ebc.com.br\/ebc.png?id=1423493&amp;o=node\"><img decoding=\"async\" src=\"https:\/\/agenciabrasil.ebc.com.br\/ebc.gif?id=1423493&amp;o=node\"><\/p>\n\n\n\n<p class=\"wp-block-paragraph\"><em>\u201cEstamos cientes de que algumas pessoas est\u00e3o tendo problemas para acessar nossos aplicativos e produtos. Estamos trabalhando para que as coisas voltem ao normal o mais r\u00e1pido poss\u00edvel e pedimos desculpas por qualquer inconveniente\u201d, <\/em>informou\u00a0o grupo norte-americano.<\/p>\n\n\n\n<p class=\"wp-block-paragraph\">O WhatsApp tamb\u00e9m usou o Twitter para\u00a0relatar o problema.<\/p>\n\n\n\n<p class=\"wp-block-paragraph\"><em>\u201cEstamos tra<\/em>balhando para que as coisas voltem ao normal e enviaremos uma atualiza\u00e7\u00e3o aqui assim que poss\u00edvel\u201d, diz o tu\u00edte.<\/p>\n\n\n\n<p class=\"wp-block-paragraph\"><em>O Instagram afirmou que a red<\/em>e social e <em>\u201cseus amigos est\u00e3o passando por um momento dif\u00edcil\u201d.<\/em><\/p>\n\n\n\n<p class=\"wp-block-paragraph\"><em>\u201cO Instagram e os amigos est\u00e3o passando por um momento dif\u00edcil e voc\u00ea pode estar tendo problemas para us\u00e1-los. Tenha paci\u00eancia conosco, estamos nisso! #instagramdown\u201d, <\/em>informou.<\/p>\n\n\n\n<p class=\"wp-block-paragraph\">A instabilidade na rede&nbsp;ganhou for\u00e7a no Twitter, principal rede social em atividade no momento, e est\u00e1 entre os assuntos mais comentados entre os usu\u00e1rios.&nbsp;<\/p>\n\n\n\n<p class=\"wp-block-paragraph\">&#8212;&#8212;&#8212;&#8212;&#8212;&#8212;<br><em>Quer receber as not\u00edcias do <strong>Aconteceu no Vale<\/strong> em primeira m\u00e3o? Siga-nos no Facebook <a rel=\"noreferrer noopener\" href=\"http:\/\/facebook.com\/aconteceunovale\" target=\"_blank\">@aconteceunovale<\/a>, Twitter <a rel=\"noreferrer noopener\" href=\"https:\/\/twitter.com\/noticiadosvales\" target=\"_blank\">@noticiadosvales<\/a> e Instagram <a rel=\"noreferrer noopener\" href=\"https:\/\/www.instagram.com\/aconteceunovale\" target=\"_blank\">@aconteceunovale<\/a>.<\/em><\/p>\n","protected":false},"excerpt":{"rendered":"<p>O Facebook confirmou, no in\u00edcio da tarde desta\u00a0segunda-feira (4\/10\/2021), por meio do Twitter, que usu\u00e1rios est\u00e3o tendo dificuldades para acessar seus aplicativos, incluindo WhatsApp e Instagram. Em comunicado, a empresa afirmou que trabalha \u201cpara que tudo volte ao normal o quanto antes&#8221;. \u201cEstamos cientes de que algumas pessoas est\u00e3o tendo problemas para acessar nossos aplicativos [&hellip;]<\/p>\n","protected":false},"author":4,"featured_media":182612,"comment_status":"open","ping_status":"closed","sticky":false,"template":"","format":"standard","meta":{"amp_status":"","footnotes":""},"categories":[6,28848,40247],"tags":[1018,252392,252400,252408,252415,252394,12932,252396,252412,252398,252406,252414,252421,252397,252405,252413,252420,252395,252403,252411,252418,252402,252399,252404,4626,252410,252407,252393,252401,252409,252416,4856,13748,252417,147910,252419],"class_list":["post-182611","post","type-post","status-publish","format-standard","has-post-thumbnail","hentry","category-br","category-mundo","category-tecnologia-2","tag-destaque","tag-erro-no-facebook","tag-erro-no-instagram","tag-erro-no-messenger","tag-erro-no-whatsapp","tag-facebook-cai","tag-facebook-fora-do-ar","tag-facebook-passa-por-instabilidade","tag-facebook-passa-por-messenger","tag-falha-no-aplicativo-facebook","tag-falha-no-aplicativo-instagram","tag-falha-no-aplicativo-messenger","tag-falha-no-aplicativo-whatsapp","tag-falha-no-servico-facebook","tag-falha-no-servico-instagram","tag-falha-no-servico-messenger","tag-falha-no-servico-whatsapp","tag-instabilidade-no-facebook","tag-instabilidade-no-instagram","tag-instabilidade-no-messenger","tag-instabilidade-no-whatsapp","tag-instagram-cai","tag-instagram-fora-do-ar","tag-instagram-passa-por-instabilidade","tag-mark-zuckerberg","tag-messenger-cai","tag-messenger-fora-do-ar","tag-queda-do-facebook","tag-queda-do-instagram","tag-queda-do-messenger","tag-queda-do-whatsapp","tag-telegram","tag-twitter","tag-whatsapp-cai","tag-whatsapp-fora-do-ar","tag-whatsapp-passa-por-instabilidade"],"yoast_head":"<!-- This site is optimized with the Yoast SEO plugin v28.3 - https:\/\/yoast.com\/product\/yoast-seo-wordpress\/ -->\n<title>Facebook, Instagram e WhatsApp ficam fora do ar - Aconteceu no Vale<\/title>\n<meta name=\"robots\" content=\"index, follow, max-snippet:-1, max-image-preview:large, max-video-preview:-1\" \/>\n<link rel=\"canonical\" href=\"https:\/\/aconteceunovale.com.br\/portal\/?p=182611\" \/>\n<meta property=\"og:locale\" content=\"pt_BR\" \/>\n<meta property=\"og:type\" content=\"article\" \/>\n<meta property=\"og:title\" content=\"Facebook, Instagram e WhatsApp ficam fora do ar - Aconteceu no Vale\" \/>\n<meta property=\"og:description\" content=\"O Facebook confirmou, no in\u00edcio da tarde desta\u00a0segunda-feira (4\/10\/2021), por meio do Twitter, que usu\u00e1rios est\u00e3o tendo dificuldades para acessar seus aplicativos, incluindo WhatsApp e Instagram. Em comunicado, a empresa afirmou que trabalha \u201cpara que tudo volte ao normal o quanto antes&#8221;. \u201cEstamos cientes de que algumas pessoas est\u00e3o tendo problemas para acessar nossos aplicativos [&hellip;]\" \/>\n<meta property=\"og:url\" content=\"https:\/\/aconteceunovale.com.br\/portal\/?p=182611\" \/>\n<meta property=\"og:site_name\" content=\"Aconteceu no Vale\" \/>\n<meta property=\"article:publisher\" content=\"https:\/\/www.facebook.com\/aconteceunovale\/\" \/>\n<meta property=\"article:published_time\" content=\"2021-10-04T16:20:08+00:00\" \/>\n<meta property=\"article:modified_time\" content=\"2021-10-04T19:55:58+00:00\" \/>\n<meta property=\"og:image\" content=\"https:\/\/aconteceunovale.com.br\/portal\/wp-content\/uploads\/2021\/10\/redes_sociais.jpg\" \/>\n\t<meta property=\"og:image:width\" content=\"678\" \/>\n\t<meta property=\"og:image:height\" content=\"381\" \/>\n\t<meta property=\"og:image:type\" content=\"image\/jpeg\" \/>\n<meta name=\"author\" content=\"Reda\u00e7\u00e3o Aconteceu no Vale\" \/>\n<meta name=\"twitter:card\" content=\"summary_large_image\" \/>\n<meta name=\"twitter:creator\" content=\"@noticiadosvales\" \/>\n<meta name=\"twitter:site\" content=\"@noticiadosvales\" \/>\n<meta name=\"twitter:label1\" content=\"Escrito por\" \/>\n\t<meta name=\"twitter:data1\" content=\"Reda\u00e7\u00e3o Aconteceu no Vale\" \/>\n\t<meta name=\"twitter:label2\" content=\"Est. tempo de leitura\" \/>\n\t<meta name=\"twitter:data2\" content=\"1 minuto\" \/>\n<script type=\"application\/ld+json\" class=\"yoast-schema-graph\">{\"@context\":\"https:\\\/\\\/schema.org\",\"@graph\":[{\"@type\":\"Article\",\"@id\":\"https:\\\/\\\/aconteceunovale.com.br\\\/portal\\\/?p=182611#article\",\"isPartOf\":{\"@id\":\"https:\\\/\\\/aconteceunovale.com.br\\\/portal\\\/?p=182611\"},\"author\":{\"name\":\"Reda\u00e7\u00e3o Aconteceu no Vale\",\"@id\":\"https:\\\/\\\/aconteceunovale.com.br\\\/portal\\\/#\\\/schema\\\/person\\\/7d2f26d1483f8a63de73da1ee0754d35\"},\"headline\":\"Facebook, Instagram e WhatsApp ficam fora do ar\",\"datePublished\":\"2021-10-04T16:20:08+00:00\",\"dateModified\":\"2021-10-04T19:55:58+00:00\",\"mainEntityOfPage\":{\"@id\":\"https:\\\/\\\/aconteceunovale.com.br\\\/portal\\\/?p=182611\"},\"wordCount\":228,\"commentCount\":0,\"image\":{\"@id\":\"https:\\\/\\\/aconteceunovale.com.br\\\/portal\\\/?p=182611#primaryimage\"},\"thumbnailUrl\":\"https:\\\/\\\/aconteceunovale.com.br\\\/portal\\\/wp-content\\\/uploads\\\/2021\\\/10\\\/redes_sociais.jpg\",\"keywords\":[\"destaque\",\"Erro no Facebook\",\"Erro no Instagram\",\"Erro no Messenger\",\"Erro no WhatsApp\",\"Facebook cai\",\"facebook fora do ar\",\"Facebook passa por instabilidade\",\"Facebook passa por Messenger\",\"Falha no aplicativo Facebook\",\"Falha no aplicativo Instagram\",\"Falha no aplicativo Messenger\",\"Falha no aplicativo WhatsApp\",\"Falha no servi\u00e7o Facebook\",\"Falha no servi\u00e7o Instagram\",\"Falha no servi\u00e7o Messenger\",\"Falha no servi\u00e7o WhatsApp\",\"Instabilidade no Facebook\",\"Instabilidade no Instagram\",\"Instabilidade no Messenger\",\"Instabilidade no WhatsApp\",\"Instagram cai\",\"Instagram fora do ar\",\"Instagram passa por instabilidade\",\"Mark Zuckerberg\",\"Messenger cai\",\"Messenger fora do ar\",\"Queda do Facebook\",\"Queda do Instagram\",\"Queda do Messenger\",\"Queda do WhatsApp\",\"Telegram\",\"twitter\",\"WhatsApp cai\",\"WhatsApp fora do ar\",\"WhatsApp passa por instabilidade\"],\"articleSection\":[\"Brasil\",\"Mundo\",\"Tecnologia\"],\"inLanguage\":\"pt-BR\",\"potentialAction\":[{\"@type\":\"CommentAction\",\"name\":\"Comment\",\"target\":[\"https:\\\/\\\/aconteceunovale.com.br\\\/portal\\\/?p=182611#respond\"]}]},{\"@type\":\"WebPage\",\"@id\":\"https:\\\/\\\/aconteceunovale.com.br\\\/portal\\\/?p=182611\",\"url\":\"https:\\\/\\\/aconteceunovale.com.br\\\/portal\\\/?p=182611\",\"name\":\"Facebook, Instagram e WhatsApp ficam fora do ar - Aconteceu no Vale\",\"isPartOf\":{\"@id\":\"https:\\\/\\\/aconteceunovale.com.br\\\/portal\\\/#website\"},\"primaryImageOfPage\":{\"@id\":\"https:\\\/\\\/aconteceunovale.com.br\\\/portal\\\/?p=182611#primaryimage\"},\"image\":{\"@id\":\"https:\\\/\\\/aconteceunovale.com.br\\\/portal\\\/?p=182611#primaryimage\"},\"thumbnailUrl\":\"https:\\\/\\\/aconteceunovale.com.br\\\/portal\\\/wp-content\\\/uploads\\\/2021\\\/10\\\/redes_sociais.jpg\",\"datePublished\":\"2021-10-04T16:20:08+00:00\",\"dateModified\":\"2021-10-04T19:55:58+00:00\",\"author\":{\"@id\":\"https:\\\/\\\/aconteceunovale.com.br\\\/portal\\\/#\\\/schema\\\/person\\\/7d2f26d1483f8a63de73da1ee0754d35\"},\"breadcrumb\":{\"@id\":\"https:\\\/\\\/aconteceunovale.com.br\\\/portal\\\/?p=182611#breadcrumb\"},\"inLanguage\":\"pt-BR\",\"potentialAction\":[{\"@type\":\"ReadAction\",\"target\":[\"https:\\\/\\\/aconteceunovale.com.br\\\/portal\\\/?p=182611\"]}]},{\"@type\":\"ImageObject\",\"inLanguage\":\"pt-BR\",\"@id\":\"https:\\\/\\\/aconteceunovale.com.br\\\/portal\\\/?p=182611#primaryimage\",\"url\":\"https:\\\/\\\/aconteceunovale.com.br\\\/portal\\\/wp-content\\\/uploads\\\/2021\\\/10\\\/redes_sociais.jpg\",\"contentUrl\":\"https:\\\/\\\/aconteceunovale.com.br\\\/portal\\\/wp-content\\\/uploads\\\/2021\\\/10\\\/redes_sociais.jpg\",\"width\":678,\"height\":381},{\"@type\":\"BreadcrumbList\",\"@id\":\"https:\\\/\\\/aconteceunovale.com.br\\\/portal\\\/?p=182611#breadcrumb\",\"itemListElement\":[{\"@type\":\"ListItem\",\"position\":1,\"name\":\"In\u00edcio\",\"item\":\"https:\\\/\\\/aconteceunovale.com.br\\\/portal\\\/\"},{\"@type\":\"ListItem\",\"position\":2,\"name\":\"Facebook, Instagram e WhatsApp ficam fora do ar\"}]},{\"@type\":\"WebSite\",\"@id\":\"https:\\\/\\\/aconteceunovale.com.br\\\/portal\\\/#website\",\"url\":\"https:\\\/\\\/aconteceunovale.com.br\\\/portal\\\/\",\"name\":\"Aconteceu no Vale\",\"description\":\"Portal de Not\u00edcias\",\"potentialAction\":[{\"@type\":\"SearchAction\",\"target\":{\"@type\":\"EntryPoint\",\"urlTemplate\":\"https:\\\/\\\/aconteceunovale.com.br\\\/portal\\\/?s={search_term_string}\"},\"query-input\":{\"@type\":\"PropertyValueSpecification\",\"valueRequired\":true,\"valueName\":\"search_term_string\"}}],\"inLanguage\":\"pt-BR\"},{\"@type\":\"Person\",\"@id\":\"https:\\\/\\\/aconteceunovale.com.br\\\/portal\\\/#\\\/schema\\\/person\\\/7d2f26d1483f8a63de73da1ee0754d35\",\"name\":\"Reda\u00e7\u00e3o Aconteceu no Vale\",\"description\":\"Equipe de reportagem do Aconteceu no Vale, portal de not\u00edcias do Vale do Jequitinhonha, em Minas Gerais. Cobrimos as 51 cidades do Vale desde 2013. Sugest\u00f5es de pauta e pedidos de corre\u00e7\u00e3o: contato@aconteceunovale.com.br\",\"url\":\"https:\\\/\\\/aconteceunovale.com.br\\\/portal\\\/?author=4\"}]}<\/script>\n<!-- \/ Yoast SEO plugin. -->","yoast_head_json":{"title":"Facebook, Instagram e WhatsApp ficam fora do ar - Aconteceu no Vale","robots":{"index":"index","follow":"follow","max-snippet":"max-snippet:-1","max-image-preview":"max-image-preview:large","max-video-preview":"max-video-preview:-1"},"canonical":"https:\/\/aconteceunovale.com.br\/portal\/?p=182611","og_locale":"pt_BR","og_type":"article","og_title":"Facebook, Instagram e WhatsApp ficam fora do ar - Aconteceu no Vale","og_description":"O Facebook confirmou, no in\u00edcio da tarde desta\u00a0segunda-feira (4\/10\/2021), por meio do Twitter, que usu\u00e1rios est\u00e3o tendo dificuldades para acessar seus aplicativos, incluindo WhatsApp e Instagram. Em comunicado, a empresa afirmou que trabalha \u201cpara que tudo volte ao normal o quanto antes&#8221;. \u201cEstamos cientes de que algumas pessoas est\u00e3o tendo problemas para acessar nossos aplicativos [&hellip;]","og_url":"https:\/\/aconteceunovale.com.br\/portal\/?p=182611","og_site_name":"Aconteceu no Vale","article_publisher":"https:\/\/www.facebook.com\/aconteceunovale\/","article_published_time":"2021-10-04T16:20:08+00:00","article_modified_time":"2021-10-04T19:55:58+00:00","og_image":[{"width":678,"height":381,"url":"https:\/\/aconteceunovale.com.br\/portal\/wp-content\/uploads\/2021\/10\/redes_sociais.jpg","type":"image\/jpeg"}],"author":"Reda\u00e7\u00e3o Aconteceu no Vale","twitter_card":"summary_large_image","twitter_creator":"@noticiadosvales","twitter_site":"@noticiadosvales","twitter_misc":{"Escrito por":"Reda\u00e7\u00e3o Aconteceu no Vale","Est. tempo de leitura":"1 minuto"},"schema":{"@context":"https:\/\/schema.org","@graph":[{"@type":"Article","@id":"https:\/\/aconteceunovale.com.br\/portal\/?p=182611#article","isPartOf":{"@id":"https:\/\/aconteceunovale.com.br\/portal\/?p=182611"},"author":{"name":"Reda\u00e7\u00e3o Aconteceu no Vale","@id":"https:\/\/aconteceunovale.com.br\/portal\/#\/schema\/person\/7d2f26d1483f8a63de73da1ee0754d35"},"headline":"Facebook, Instagram e WhatsApp ficam fora do ar","datePublished":"2021-10-04T16:20:08+00:00","dateModified":"2021-10-04T19:55:58+00:00","mainEntityOfPage":{"@id":"https:\/\/aconteceunovale.com.br\/portal\/?p=182611"},"wordCount":228,"commentCount":0,"image":{"@id":"https:\/\/aconteceunovale.com.br\/portal\/?p=182611#primaryimage"},"thumbnailUrl":"https:\/\/aconteceunovale.com.br\/portal\/wp-content\/uploads\/2021\/10\/redes_sociais.jpg","keywords":["destaque","Erro no Facebook","Erro no Instagram","Erro no Messenger","Erro no WhatsApp","Facebook cai","facebook fora do ar","Facebook passa por instabilidade","Facebook passa por Messenger","Falha no aplicativo Facebook","Falha no aplicativo Instagram","Falha no aplicativo Messenger","Falha no aplicativo WhatsApp","Falha no servi\u00e7o Facebook","Falha no servi\u00e7o Instagram","Falha no servi\u00e7o Messenger","Falha no servi\u00e7o WhatsApp","Instabilidade no Facebook","Instabilidade no Instagram","Instabilidade no Messenger","Instabilidade no WhatsApp","Instagram cai","Instagram fora do ar","Instagram passa por instabilidade","Mark Zuckerberg","Messenger cai","Messenger fora do ar","Queda do Facebook","Queda do Instagram","Queda do Messenger","Queda do WhatsApp","Telegram","twitter","WhatsApp cai","WhatsApp fora do ar","WhatsApp passa por instabilidade"],"articleSection":["Brasil","Mundo","Tecnologia"],"inLanguage":"pt-BR","potentialAction":[{"@type":"CommentAction","name":"Comment","target":["https:\/\/aconteceunovale.com.br\/portal\/?p=182611#respond"]}]},{"@type":"WebPage","@id":"https:\/\/aconteceunovale.com.br\/portal\/?p=182611","url":"https:\/\/aconteceunovale.com.br\/portal\/?p=182611","name":"Facebook, Instagram e WhatsApp ficam fora do ar - Aconteceu no Vale","isPartOf":{"@id":"https:\/\/aconteceunovale.com.br\/portal\/#website"},"primaryImageOfPage":{"@id":"https:\/\/aconteceunovale.com.br\/portal\/?p=182611#primaryimage"},"image":{"@id":"https:\/\/aconteceunovale.com.br\/portal\/?p=182611#primaryimage"},"thumbnailUrl":"https:\/\/aconteceunovale.com.br\/portal\/wp-content\/uploads\/2021\/10\/redes_sociais.jpg","datePublished":"2021-10-04T16:20:08+00:00","dateModified":"2021-10-04T19:55:58+00:00","author":{"@id":"https:\/\/aconteceunovale.com.br\/portal\/#\/schema\/person\/7d2f26d1483f8a63de73da1ee0754d35"},"breadcrumb":{"@id":"https:\/\/aconteceunovale.com.br\/portal\/?p=182611#breadcrumb"},"inLanguage":"pt-BR","potentialAction":[{"@type":"ReadAction","target":["https:\/\/aconteceunovale.com.br\/portal\/?p=182611"]}]},{"@type":"ImageObject","inLanguage":"pt-BR","@id":"https:\/\/aconteceunovale.com.br\/portal\/?p=182611#primaryimage","url":"https:\/\/aconteceunovale.com.br\/portal\/wp-content\/uploads\/2021\/10\/redes_sociais.jpg","contentUrl":"https:\/\/aconteceunovale.com.br\/portal\/wp-content\/uploads\/2021\/10\/redes_sociais.jpg","width":678,"height":381},{"@type":"BreadcrumbList","@id":"https:\/\/aconteceunovale.com.br\/portal\/?p=182611#breadcrumb","itemListElement":[{"@type":"ListItem","position":1,"name":"In\u00edcio","item":"https:\/\/aconteceunovale.com.br\/portal\/"},{"@type":"ListItem","position":2,"name":"Facebook, Instagram e WhatsApp ficam fora do ar"}]},{"@type":"WebSite","@id":"https:\/\/aconteceunovale.com.br\/portal\/#website","url":"https:\/\/aconteceunovale.com.br\/portal\/","name":"Aconteceu no Vale","description":"Portal de Not\u00edcias","potentialAction":[{"@type":"SearchAction","target":{"@type":"EntryPoint","urlTemplate":"https:\/\/aconteceunovale.com.br\/portal\/?s={search_term_string}"},"query-input":{"@type":"PropertyValueSpecification","valueRequired":true,"valueName":"search_term_string"}}],"inLanguage":"pt-BR"},{"@type":"Person","@id":"https:\/\/aconteceunovale.com.br\/portal\/#\/schema\/person\/7d2f26d1483f8a63de73da1ee0754d35","name":"Reda\u00e7\u00e3o Aconteceu no Vale","description":"Equipe de reportagem do Aconteceu no Vale, portal de not\u00edcias do Vale do Jequitinhonha, em Minas Gerais. Cobrimos as 51 cidades do Vale desde 2013. Sugest\u00f5es de pauta e pedidos de corre\u00e7\u00e3o: contato@aconteceunovale.com.br","url":"https:\/\/aconteceunovale.com.br\/portal\/?author=4"}]}},"_links":{"self":[{"href":"https:\/\/aconteceunovale.com.br\/portal\/index.php?rest_route=\/wp\/v2\/posts\/182611","targetHints":{"allow":["GET"]}}],"collection":[{"href":"https:\/\/aconteceunovale.com.br\/portal\/index.php?rest_route=\/wp\/v2\/posts"}],"about":[{"href":"https:\/\/aconteceunovale.com.br\/portal\/index.php?rest_route=\/wp\/v2\/types\/post"}],"author":[{"embeddable":true,"href":"https:\/\/aconteceunovale.com.br\/portal\/index.php?rest_route=\/wp\/v2\/users\/4"}],"replies":[{"embeddable":true,"href":"https:\/\/aconteceunovale.com.br\/portal\/index.php?rest_route=%2Fwp%2Fv2%2Fcomments&post=182611"}],"version-history":[{"count":2,"href":"https:\/\/aconteceunovale.com.br\/portal\/index.php?rest_route=\/wp\/v2\/posts\/182611\/revisions"}],"predecessor-version":[{"id":182615,"href":"https:\/\/aconteceunovale.com.br\/portal\/index.php?rest_route=\/wp\/v2\/posts\/182611\/revisions\/182615"}],"wp:featuredmedia":[{"embeddable":true,"href":"https:\/\/aconteceunovale.com.br\/portal\/index.php?rest_route=\/wp\/v2\/media\/182612"}],"wp:attachment":[{"href":"https:\/\/aconteceunovale.com.br\/portal\/index.php?rest_route=%2Fwp%2Fv2%2Fmedia&parent=182611"}],"wp:term":[{"taxonomy":"category","embeddable":true,"href":"https:\/\/aconteceunovale.com.br\/portal\/index.php?rest_route=%2Fwp%2Fv2%2Fcategories&post=182611"},{"taxonomy":"post_tag","embeddable":true,"href":"https:\/\/aconteceunovale.com.br\/portal\/index.php?rest_route=%2Fwp%2Fv2%2Ftags&post=182611"}],"curies":[{"name":"wp","href":"https:\/\/api.w.org\/{rel}","templated":true}]}}