{"id":182596,"date":"2021-10-04T11:55:57","date_gmt":"2021-10-04T14:55:57","guid":{"rendered":"https:\/\/aconteceunovale.com.br\/portal\/?p=182596"},"modified":"2021-10-04T11:59:21","modified_gmt":"2021-10-04T14:59:21","slug":"ficco-prende-suspeito-de-liderar-organizacao-criminosa-na-regiao-de-governador-valadares","status":"publish","type":"post","link":"https:\/\/aconteceunovale.com.br\/portal\/?p=182596","title":{"rendered":"Ficco prende suspeito de liderar organiza\u00e7\u00e3o criminosa na regi\u00e3o de Governador Valadares"},"content":{"rendered":"\n<p class=\"wp-block-paragraph\">A For\u00e7a Integrada de Combate ao Crime Organizado (Ficco), em Governador Valadares, prendeu na sexta-feira (1\/10\/2021) um homem foragido desde 2018. Ele \u00e9 suspeito de liderar uma organiza\u00e7\u00e3o criminosa voltada para o tr\u00e1fico de drogas na regi\u00e3o. A a\u00e7\u00e3o, que contou com o apoio da Pol\u00edcia Civil do Esp\u00edrito Santo, resultou, ainda, na pris\u00e3o de outros tr\u00eas homens.<\/p>\n\n\n\n<figure class=\"wp-block-gallery columns-1 is-cropped wp-block-gallery-1 is-layout-flex wp-block-gallery-is-layout-flex\"><ul class=\"blocks-gallery-grid\"><li class=\"blocks-gallery-item\"><figure><img loading=\"lazy\" decoding=\"async\" width=\"678\" height=\"368\" src=\"https:\/\/aconteceunovale.com.br\/portal\/wp-content\/uploads\/2021\/10\/preso_ficco_gv.jpg\" alt=\"\" data-id=\"182597\" data-full-url=\"https:\/\/aconteceunovale.com.br\/portal\/wp-content\/uploads\/2021\/10\/preso_ficco_gv.jpg\" data-link=\"https:\/\/aconteceunovale.com.br\/portal\/?attachment_id=182597\" class=\"wp-image-182597\" srcset=\"https:\/\/aconteceunovale.com.br\/portal\/wp-content\/uploads\/2021\/10\/preso_ficco_gv.jpg 678w, https:\/\/aconteceunovale.com.br\/portal\/wp-content\/uploads\/2021\/10\/preso_ficco_gv-300x163.jpg 300w\" sizes=\"auto, (max-width: 678px) 100vw, 678px\" \/><figcaption class=\"blocks-gallery-item__caption\"><em>Foto: Divulga\u00e7\u00e3o \/ PCMG<\/em><\/figcaption><\/figure><\/li><\/ul><\/figure>\n\n\n\n<p class=\"wp-block-paragraph\">Durante a abordagem policial, segundo a PCMG, o foragido foi flagrado com uma arma de fogo. Al\u00e9m de envolvimento com o tr\u00e1fico, o homem \u00e9 suspeito de participa\u00e7\u00e3o em homic\u00eddios. Na resid\u00eancia onde ele foi localizado, um comparsa foi preso em flagrante por uso de documento falso e outros dois por tr\u00e1fico de drogas.<\/p>\n\n\n\n<p class=\"wp-block-paragraph\">O foragido da Justi\u00e7a \u00e9 investigado por promover diversos conflitos com organiza\u00e7\u00e3o criminosa rival, sendo inclusive suspeito de ordenar a execu\u00e7\u00e3o de desafetos na regi\u00e3o.<\/p>\n\n\n\n<p class=\"wp-block-paragraph\">Todos os presos foram encaminhados ao Sistema Prisional.<\/p>\n\n\n\n<p class=\"wp-block-paragraph\">A Ficco \u00e9 composta pela Pol\u00edcia Civil de Minas Gerais, Pol\u00edcia Federal, Pol\u00edcia Rodovi\u00e1ria Federal, Pol\u00edcia Militar e Corpo de Bombeiros.<\/p>\n\n\n\n<p class=\"wp-block-paragraph\">&#8212;&#8212;&#8212;&#8212;&#8212;&#8212;<br><em>Quer receber as not\u00edcias do <strong>Aconteceu no Vale<\/strong> em primeira m\u00e3o? Siga-nos no Facebook <a rel=\"noreferrer noopener\" href=\"http:\/\/facebook.com\/aconteceunovale\" target=\"_blank\">@aconteceunovale<\/a>, Twitter <a rel=\"noreferrer noopener\" href=\"https:\/\/twitter.com\/noticiadosvales\" target=\"_blank\">@noticiadosvales<\/a> e Instagram <a rel=\"noreferrer noopener\" href=\"https:\/\/www.instagram.com\/aconteceunovale\" target=\"_blank\">@aconteceunovale<\/a>.<\/em><\/p>\n","protected":false},"excerpt":{"rendered":"<p>A For\u00e7a Integrada de Combate ao Crime Organizado (Ficco), em Governador Valadares, prendeu na sexta-feira (1\/10\/2021) um homem foragido desde 2018. Ele \u00e9 suspeito de liderar uma organiza\u00e7\u00e3o criminosa voltada para o tr\u00e1fico de drogas na regi\u00e3o. A a\u00e7\u00e3o, que contou com o apoio da Pol\u00edcia Civil do Esp\u00edrito Santo, resultou, ainda, na pris\u00e3o de [&hellip;]<\/p>\n","protected":false},"author":4,"featured_media":182597,"comment_status":"open","ping_status":"closed","sticky":false,"template":"","format":"standard","meta":{"amp_status":"","footnotes":""},"categories":[121],"tags":[29660,252378,1018,225638,252376,252377,247,604,20966,38187,156963,48037,239],"class_list":["post-182596","post","type-post","status-publish","format-standard","has-post-thumbnail","hentry","category-leste","tag-cbmmg","tag-criminoso-preso-em-governador-valadares","tag-destaque","tag-ficco-governador-valadares","tag-ficco-prende-suspeito-de-liderar-organizacao-criminosa-na-regiao-de-governador-valadares","tag-forca-integrada-de-combate-ao-crime-organizado-em-governador-valadares","tag-governador-valadares","tag-pcmg","tag-pf","tag-pmmg","tag-policia-civil-do-espirito-santo","tag-preso-em-governador-valadares","tag-prf"],"yoast_head":"<!-- This site is optimized with the Yoast SEO plugin v28.3 - https:\/\/yoast.com\/product\/yoast-seo-wordpress\/ -->\n<title>Ficco prende suspeito de liderar organiza\u00e7\u00e3o criminosa na regi\u00e3o de Governador Valadares - Aconteceu no Vale<\/title>\n<meta name=\"robots\" content=\"index, follow, max-snippet:-1, max-image-preview:large, max-video-preview:-1\" \/>\n<link rel=\"canonical\" href=\"https:\/\/aconteceunovale.com.br\/portal\/?p=182596\" \/>\n<meta property=\"og:locale\" content=\"pt_BR\" \/>\n<meta property=\"og:type\" content=\"article\" \/>\n<meta property=\"og:title\" content=\"Ficco prende suspeito de liderar organiza\u00e7\u00e3o criminosa na regi\u00e3o de Governador Valadares - Aconteceu no Vale\" \/>\n<meta property=\"og:description\" content=\"A For\u00e7a Integrada de Combate ao Crime Organizado (Ficco), em Governador Valadares, prendeu na sexta-feira (1\/10\/2021) um homem foragido desde 2018. Ele \u00e9 suspeito de liderar uma organiza\u00e7\u00e3o criminosa voltada para o tr\u00e1fico de drogas na regi\u00e3o. A a\u00e7\u00e3o, que contou com o apoio da Pol\u00edcia Civil do Esp\u00edrito Santo, resultou, ainda, na pris\u00e3o de [&hellip;]\" \/>\n<meta property=\"og:url\" content=\"https:\/\/aconteceunovale.com.br\/portal\/?p=182596\" \/>\n<meta property=\"og:site_name\" content=\"Aconteceu no Vale\" \/>\n<meta property=\"article:publisher\" content=\"https:\/\/www.facebook.com\/aconteceunovale\/\" \/>\n<meta property=\"article:published_time\" content=\"2021-10-04T14:55:57+00:00\" \/>\n<meta property=\"article:modified_time\" content=\"2021-10-04T14:59:21+00:00\" \/>\n<meta property=\"og:image\" content=\"https:\/\/aconteceunovale.com.br\/portal\/wp-content\/uploads\/2021\/10\/preso_ficco_gv.jpg\" \/>\n\t<meta property=\"og:image:width\" content=\"678\" \/>\n\t<meta property=\"og:image:height\" content=\"368\" \/>\n\t<meta property=\"og:image:type\" content=\"image\/jpeg\" \/>\n<meta name=\"author\" content=\"Reda\u00e7\u00e3o Aconteceu no Vale\" \/>\n<meta name=\"twitter:card\" content=\"summary_large_image\" \/>\n<meta name=\"twitter:creator\" content=\"@noticiadosvales\" \/>\n<meta name=\"twitter:site\" content=\"@noticiadosvales\" \/>\n<meta name=\"twitter:label1\" content=\"Escrito por\" \/>\n\t<meta name=\"twitter:data1\" content=\"Reda\u00e7\u00e3o Aconteceu no Vale\" \/>\n\t<meta name=\"twitter:label2\" content=\"Est. tempo de leitura\" \/>\n\t<meta name=\"twitter:data2\" content=\"1 minuto\" \/>\n<script type=\"application\/ld+json\" class=\"yoast-schema-graph\">{\"@context\":\"https:\\\/\\\/schema.org\",\"@graph\":[{\"@type\":\"Article\",\"@id\":\"https:\\\/\\\/aconteceunovale.com.br\\\/portal\\\/?p=182596#article\",\"isPartOf\":{\"@id\":\"https:\\\/\\\/aconteceunovale.com.br\\\/portal\\\/?p=182596\"},\"author\":{\"name\":\"Reda\u00e7\u00e3o Aconteceu no Vale\",\"@id\":\"https:\\\/\\\/aconteceunovale.com.br\\\/portal\\\/#\\\/schema\\\/person\\\/7d2f26d1483f8a63de73da1ee0754d35\"},\"headline\":\"Ficco prende suspeito de liderar organiza\u00e7\u00e3o criminosa na regi\u00e3o de Governador Valadares\",\"datePublished\":\"2021-10-04T14:55:57+00:00\",\"dateModified\":\"2021-10-04T14:59:21+00:00\",\"mainEntityOfPage\":{\"@id\":\"https:\\\/\\\/aconteceunovale.com.br\\\/portal\\\/?p=182596\"},\"wordCount\":225,\"commentCount\":0,\"image\":{\"@id\":\"https:\\\/\\\/aconteceunovale.com.br\\\/portal\\\/?p=182596#primaryimage\"},\"thumbnailUrl\":\"https:\\\/\\\/aconteceunovale.com.br\\\/portal\\\/wp-content\\\/uploads\\\/2021\\\/10\\\/preso_ficco_gv.jpg\",\"keywords\":[\"CBMMG\",\"Criminoso preso em Governador Valadares\",\"destaque\",\"FICCO Governador Valadares\",\"Ficco prende suspeito de liderar organiza\u00e7\u00e3o criminosa na regi\u00e3o de Governador Valadares\",\"For\u00e7a Integrada de Combate ao Crime Organizado em Governador Valadares\",\"Governador Valadares\",\"PCMG\",\"PF\",\"PMMG\",\"Pol\u00edcia Civil do Esp\u00edrito Santo\",\"preso em Governador Valadares\",\"PRF\"],\"articleSection\":[\"Leste de Minas\"],\"inLanguage\":\"pt-BR\",\"potentialAction\":[{\"@type\":\"CommentAction\",\"name\":\"Comment\",\"target\":[\"https:\\\/\\\/aconteceunovale.com.br\\\/portal\\\/?p=182596#respond\"]}]},{\"@type\":\"WebPage\",\"@id\":\"https:\\\/\\\/aconteceunovale.com.br\\\/portal\\\/?p=182596\",\"url\":\"https:\\\/\\\/aconteceunovale.com.br\\\/portal\\\/?p=182596\",\"name\":\"Ficco prende suspeito de liderar organiza\u00e7\u00e3o criminosa na regi\u00e3o de Governador Valadares - Aconteceu no Vale\",\"isPartOf\":{\"@id\":\"https:\\\/\\\/aconteceunovale.com.br\\\/portal\\\/#website\"},\"primaryImageOfPage\":{\"@id\":\"https:\\\/\\\/aconteceunovale.com.br\\\/portal\\\/?p=182596#primaryimage\"},\"image\":{\"@id\":\"https:\\\/\\\/aconteceunovale.com.br\\\/portal\\\/?p=182596#primaryimage\"},\"thumbnailUrl\":\"https:\\\/\\\/aconteceunovale.com.br\\\/portal\\\/wp-content\\\/uploads\\\/2021\\\/10\\\/preso_ficco_gv.jpg\",\"datePublished\":\"2021-10-04T14:55:57+00:00\",\"dateModified\":\"2021-10-04T14:59:21+00:00\",\"author\":{\"@id\":\"https:\\\/\\\/aconteceunovale.com.br\\\/portal\\\/#\\\/schema\\\/person\\\/7d2f26d1483f8a63de73da1ee0754d35\"},\"breadcrumb\":{\"@id\":\"https:\\\/\\\/aconteceunovale.com.br\\\/portal\\\/?p=182596#breadcrumb\"},\"inLanguage\":\"pt-BR\",\"potentialAction\":[{\"@type\":\"ReadAction\",\"target\":[\"https:\\\/\\\/aconteceunovale.com.br\\\/portal\\\/?p=182596\"]}]},{\"@type\":\"ImageObject\",\"inLanguage\":\"pt-BR\",\"@id\":\"https:\\\/\\\/aconteceunovale.com.br\\\/portal\\\/?p=182596#primaryimage\",\"url\":\"https:\\\/\\\/aconteceunovale.com.br\\\/portal\\\/wp-content\\\/uploads\\\/2021\\\/10\\\/preso_ficco_gv.jpg\",\"contentUrl\":\"https:\\\/\\\/aconteceunovale.com.br\\\/portal\\\/wp-content\\\/uploads\\\/2021\\\/10\\\/preso_ficco_gv.jpg\",\"width\":678,\"height\":368},{\"@type\":\"BreadcrumbList\",\"@id\":\"https:\\\/\\\/aconteceunovale.com.br\\\/portal\\\/?p=182596#breadcrumb\",\"itemListElement\":[{\"@type\":\"ListItem\",\"position\":1,\"name\":\"In\u00edcio\",\"item\":\"https:\\\/\\\/aconteceunovale.com.br\\\/portal\\\/\"},{\"@type\":\"ListItem\",\"position\":2,\"name\":\"Ficco prende suspeito de liderar organiza\u00e7\u00e3o criminosa na regi\u00e3o de Governador Valadares\"}]},{\"@type\":\"WebSite\",\"@id\":\"https:\\\/\\\/aconteceunovale.com.br\\\/portal\\\/#website\",\"url\":\"https:\\\/\\\/aconteceunovale.com.br\\\/portal\\\/\",\"name\":\"Aconteceu no Vale\",\"description\":\"Portal de Not\u00edcias\",\"potentialAction\":[{\"@type\":\"SearchAction\",\"target\":{\"@type\":\"EntryPoint\",\"urlTemplate\":\"https:\\\/\\\/aconteceunovale.com.br\\\/portal\\\/?s={search_term_string}\"},\"query-input\":{\"@type\":\"PropertyValueSpecification\",\"valueRequired\":true,\"valueName\":\"search_term_string\"}}],\"inLanguage\":\"pt-BR\"},{\"@type\":\"Person\",\"@id\":\"https:\\\/\\\/aconteceunovale.com.br\\\/portal\\\/#\\\/schema\\\/person\\\/7d2f26d1483f8a63de73da1ee0754d35\",\"name\":\"Reda\u00e7\u00e3o Aconteceu no Vale\",\"description\":\"Equipe de reportagem do Aconteceu no Vale, portal de not\u00edcias do Vale do Jequitinhonha, em Minas Gerais. Cobrimos as 51 cidades do Vale desde 2013. Sugest\u00f5es de pauta e pedidos de corre\u00e7\u00e3o: contato@aconteceunovale.com.br\",\"url\":\"https:\\\/\\\/aconteceunovale.com.br\\\/portal\\\/?author=4\"}]}<\/script>\n<!-- \/ Yoast SEO plugin. -->","yoast_head_json":{"title":"Ficco prende suspeito de liderar organiza\u00e7\u00e3o criminosa na regi\u00e3o de Governador Valadares - Aconteceu no Vale","robots":{"index":"index","follow":"follow","max-snippet":"max-snippet:-1","max-image-preview":"max-image-preview:large","max-video-preview":"max-video-preview:-1"},"canonical":"https:\/\/aconteceunovale.com.br\/portal\/?p=182596","og_locale":"pt_BR","og_type":"article","og_title":"Ficco prende suspeito de liderar organiza\u00e7\u00e3o criminosa na regi\u00e3o de Governador Valadares - Aconteceu no Vale","og_description":"A For\u00e7a Integrada de Combate ao Crime Organizado (Ficco), em Governador Valadares, prendeu na sexta-feira (1\/10\/2021) um homem foragido desde 2018. Ele \u00e9 suspeito de liderar uma organiza\u00e7\u00e3o criminosa voltada para o tr\u00e1fico de drogas na regi\u00e3o. A a\u00e7\u00e3o, que contou com o apoio da Pol\u00edcia Civil do Esp\u00edrito Santo, resultou, ainda, na pris\u00e3o de [&hellip;]","og_url":"https:\/\/aconteceunovale.com.br\/portal\/?p=182596","og_site_name":"Aconteceu no Vale","article_publisher":"https:\/\/www.facebook.com\/aconteceunovale\/","article_published_time":"2021-10-04T14:55:57+00:00","article_modified_time":"2021-10-04T14:59:21+00:00","og_image":[{"width":678,"height":368,"url":"https:\/\/aconteceunovale.com.br\/portal\/wp-content\/uploads\/2021\/10\/preso_ficco_gv.jpg","type":"image\/jpeg"}],"author":"Reda\u00e7\u00e3o Aconteceu no Vale","twitter_card":"summary_large_image","twitter_creator":"@noticiadosvales","twitter_site":"@noticiadosvales","twitter_misc":{"Escrito por":"Reda\u00e7\u00e3o Aconteceu no Vale","Est. tempo de leitura":"1 minuto"},"schema":{"@context":"https:\/\/schema.org","@graph":[{"@type":"Article","@id":"https:\/\/aconteceunovale.com.br\/portal\/?p=182596#article","isPartOf":{"@id":"https:\/\/aconteceunovale.com.br\/portal\/?p=182596"},"author":{"name":"Reda\u00e7\u00e3o Aconteceu no Vale","@id":"https:\/\/aconteceunovale.com.br\/portal\/#\/schema\/person\/7d2f26d1483f8a63de73da1ee0754d35"},"headline":"Ficco prende suspeito de liderar organiza\u00e7\u00e3o criminosa na regi\u00e3o de Governador Valadares","datePublished":"2021-10-04T14:55:57+00:00","dateModified":"2021-10-04T14:59:21+00:00","mainEntityOfPage":{"@id":"https:\/\/aconteceunovale.com.br\/portal\/?p=182596"},"wordCount":225,"commentCount":0,"image":{"@id":"https:\/\/aconteceunovale.com.br\/portal\/?p=182596#primaryimage"},"thumbnailUrl":"https:\/\/aconteceunovale.com.br\/portal\/wp-content\/uploads\/2021\/10\/preso_ficco_gv.jpg","keywords":["CBMMG","Criminoso preso em Governador Valadares","destaque","FICCO Governador Valadares","Ficco prende suspeito de liderar organiza\u00e7\u00e3o criminosa na regi\u00e3o de Governador Valadares","For\u00e7a Integrada de Combate ao Crime Organizado em Governador Valadares","Governador Valadares","PCMG","PF","PMMG","Pol\u00edcia Civil do Esp\u00edrito Santo","preso em Governador Valadares","PRF"],"articleSection":["Leste de Minas"],"inLanguage":"pt-BR","potentialAction":[{"@type":"CommentAction","name":"Comment","target":["https:\/\/aconteceunovale.com.br\/portal\/?p=182596#respond"]}]},{"@type":"WebPage","@id":"https:\/\/aconteceunovale.com.br\/portal\/?p=182596","url":"https:\/\/aconteceunovale.com.br\/portal\/?p=182596","name":"Ficco prende suspeito de liderar organiza\u00e7\u00e3o criminosa na regi\u00e3o de Governador Valadares - Aconteceu no Vale","isPartOf":{"@id":"https:\/\/aconteceunovale.com.br\/portal\/#website"},"primaryImageOfPage":{"@id":"https:\/\/aconteceunovale.com.br\/portal\/?p=182596#primaryimage"},"image":{"@id":"https:\/\/aconteceunovale.com.br\/portal\/?p=182596#primaryimage"},"thumbnailUrl":"https:\/\/aconteceunovale.com.br\/portal\/wp-content\/uploads\/2021\/10\/preso_ficco_gv.jpg","datePublished":"2021-10-04T14:55:57+00:00","dateModified":"2021-10-04T14:59:21+00:00","author":{"@id":"https:\/\/aconteceunovale.com.br\/portal\/#\/schema\/person\/7d2f26d1483f8a63de73da1ee0754d35"},"breadcrumb":{"@id":"https:\/\/aconteceunovale.com.br\/portal\/?p=182596#breadcrumb"},"inLanguage":"pt-BR","potentialAction":[{"@type":"ReadAction","target":["https:\/\/aconteceunovale.com.br\/portal\/?p=182596"]}]},{"@type":"ImageObject","inLanguage":"pt-BR","@id":"https:\/\/aconteceunovale.com.br\/portal\/?p=182596#primaryimage","url":"https:\/\/aconteceunovale.com.br\/portal\/wp-content\/uploads\/2021\/10\/preso_ficco_gv.jpg","contentUrl":"https:\/\/aconteceunovale.com.br\/portal\/wp-content\/uploads\/2021\/10\/preso_ficco_gv.jpg","width":678,"height":368},{"@type":"BreadcrumbList","@id":"https:\/\/aconteceunovale.com.br\/portal\/?p=182596#breadcrumb","itemListElement":[{"@type":"ListItem","position":1,"name":"In\u00edcio","item":"https:\/\/aconteceunovale.com.br\/portal\/"},{"@type":"ListItem","position":2,"name":"Ficco prende suspeito de liderar organiza\u00e7\u00e3o criminosa na regi\u00e3o de Governador Valadares"}]},{"@type":"WebSite","@id":"https:\/\/aconteceunovale.com.br\/portal\/#website","url":"https:\/\/aconteceunovale.com.br\/portal\/","name":"Aconteceu no Vale","description":"Portal de Not\u00edcias","potentialAction":[{"@type":"SearchAction","target":{"@type":"EntryPoint","urlTemplate":"https:\/\/aconteceunovale.com.br\/portal\/?s={search_term_string}"},"query-input":{"@type":"PropertyValueSpecification","valueRequired":true,"valueName":"search_term_string"}}],"inLanguage":"pt-BR"},{"@type":"Person","@id":"https:\/\/aconteceunovale.com.br\/portal\/#\/schema\/person\/7d2f26d1483f8a63de73da1ee0754d35","name":"Reda\u00e7\u00e3o Aconteceu no Vale","description":"Equipe de reportagem do Aconteceu no Vale, portal de not\u00edcias do Vale do Jequitinhonha, em Minas Gerais. Cobrimos as 51 cidades do Vale desde 2013. Sugest\u00f5es de pauta e pedidos de corre\u00e7\u00e3o: contato@aconteceunovale.com.br","url":"https:\/\/aconteceunovale.com.br\/portal\/?author=4"}]}},"_links":{"self":[{"href":"https:\/\/aconteceunovale.com.br\/portal\/index.php?rest_route=\/wp\/v2\/posts\/182596","targetHints":{"allow":["GET"]}}],"collection":[{"href":"https:\/\/aconteceunovale.com.br\/portal\/index.php?rest_route=\/wp\/v2\/posts"}],"about":[{"href":"https:\/\/aconteceunovale.com.br\/portal\/index.php?rest_route=\/wp\/v2\/types\/post"}],"author":[{"embeddable":true,"href":"https:\/\/aconteceunovale.com.br\/portal\/index.php?rest_route=\/wp\/v2\/users\/4"}],"replies":[{"embeddable":true,"href":"https:\/\/aconteceunovale.com.br\/portal\/index.php?rest_route=%2Fwp%2Fv2%2Fcomments&post=182596"}],"version-history":[{"count":1,"href":"https:\/\/aconteceunovale.com.br\/portal\/index.php?rest_route=\/wp\/v2\/posts\/182596\/revisions"}],"predecessor-version":[{"id":182598,"href":"https:\/\/aconteceunovale.com.br\/portal\/index.php?rest_route=\/wp\/v2\/posts\/182596\/revisions\/182598"}],"wp:featuredmedia":[{"embeddable":true,"href":"https:\/\/aconteceunovale.com.br\/portal\/index.php?rest_route=\/wp\/v2\/media\/182597"}],"wp:attachment":[{"href":"https:\/\/aconteceunovale.com.br\/portal\/index.php?rest_route=%2Fwp%2Fv2%2Fmedia&parent=182596"}],"wp:term":[{"taxonomy":"category","embeddable":true,"href":"https:\/\/aconteceunovale.com.br\/portal\/index.php?rest_route=%2Fwp%2Fv2%2Fcategories&post=182596"},{"taxonomy":"post_tag","embeddable":true,"href":"https:\/\/aconteceunovale.com.br\/portal\/index.php?rest_route=%2Fwp%2Fv2%2Ftags&post=182596"}],"curies":[{"name":"wp","href":"https:\/\/api.w.org\/{rel}","templated":true}]}}