{"id":182585,"date":"2021-10-04T08:25:46","date_gmt":"2021-10-04T11:25:46","guid":{"rendered":"https:\/\/aconteceunovale.com.br\/portal\/?p=182585"},"modified":"2026-09-02T12:10:43","modified_gmt":"2026-09-02T15:10:43","slug":"homem-e-assassinado-em-bar-no-municipio-de-angelandia-no-vale-do-jequitinhonha","status":"publish","type":"post","link":"https:\/\/aconteceunovale.com.br\/portal\/?p=182585","title":{"rendered":"Homem \u00e9 assassinado em bar no munic\u00edpio de Angel\u00e2ndia, no Vale do Jequitinhonha"},"content":{"rendered":"\n<p class=\"wp-block-paragraph\">Um homem de 56 anos foi esfaqueado em um bar no povoado de S\u00e3o Benedito, munic\u00edpio de Angel\u00e2ndia (MG), nesse domingo (3\/10\/2021). S\u00e9rgio Cardoso de Oliveira n\u00e3o resistiu aos graves ferimentos e morreu no local. O \u00f3bito foi confirmado por uma equipe da Policl\u00ednica Municipal.<\/p>\n\n\n\n<p class=\"wp-block-paragraph\">A per\u00edcia t\u00e9cnica da Pol\u00edcia Civil foi acionada e identificou quatro perfura\u00e7\u00f5es no abd\u00f4men da v\u00edtima. Ap\u00f3s os trabalhos de praxe, o corpo foi liberado para o Posto M\u00e9dico Legal de Capelinha.<\/p>\n\n\n\n<p class=\"wp-block-paragraph\">A motiva\u00e7\u00e3o do crime ainda n\u00e3o foi esclarecida. O autor \u00e9 procurado pela pol\u00edcia.<\/p>\n\n\n\n<h2 class=\"wp-block-heading\">Tentativa de homic\u00eddio<\/h2>\n\n\n\n<p class=\"wp-block-paragraph\">O assassinato de S\u00e9rgio Cardoso \u00e9 a segunda ocorr\u00eancia de crime dessa natureza registrada em bar no munic\u00edpio de Angel\u00e2ndia em menos de 15 dias. Na madrugada de 26 de setembro (domingo), segundo informa\u00e7\u00f5es da Pol\u00edcia Militar, um jovem de 18 anos foi atingido por golpes de faca em um estabelecimento localizado na rua Capelinha, na regi\u00e3o central da cidade. A.J.P.S foi socorrido com perfura\u00e7\u00f5es no abd\u00f4men e no pesco\u00e7o.<\/p>\n\n\n\n<p class=\"wp-block-paragraph\">&#8212;&#8212;&#8212;&#8212;&#8212;&#8212;<br><em>Quer receber as not\u00edcias do <strong>Aconteceu no Vale<\/strong> em primeira m\u00e3o? Siga-nos no Facebook <a rel=\"noreferrer noopener\" href=\"http:\/\/facebook.com\/aconteceunovale\" target=\"_blank\">@aconteceunovale<\/a>, Twitter <a rel=\"noreferrer noopener\" href=\"https:\/\/twitter.com\/noticiadosvales\" target=\"_blank\">@noticiadosvales<\/a> e Instagram <a rel=\"noreferrer noopener\" href=\"https:\/\/www.instagram.com\/aconteceunovale\" target=\"_blank\">@aconteceunovale<\/a>.<\/em><\/p>\n","protected":false},"excerpt":{"rendered":"<p>Um homem de 56 anos foi esfaqueado em um bar no povoado de S\u00e3o Benedito, munic\u00edpio de Angel\u00e2ndia (MG), nesse domingo (3\/10\/2021). S\u00e9rgio Cardoso de Oliveira n\u00e3o resistiu aos graves ferimentos e morreu no local. O \u00f3bito foi confirmado por uma equipe da Policl\u00ednica Municipal. A per\u00edcia t\u00e9cnica da Pol\u00edcia Civil foi acionada e identificou [&hellip;]<\/p>\n","protected":false},"author":4,"featured_media":180925,"comment_status":"open","ping_status":"closed","sticky":false,"template":"","format":"standard","meta":{"amp_status":"","footnotes":""},"categories":[272529,120],"tags":[657,132,252360,252353,252359,252356,252352,252354,252358,252357,131401,252361,157053,252355],"class_list":["post-182585","post","type-post","status-publish","format-standard","has-post-thumbnail","hentry","category-angelandia","category-jequi","tag-angelandia","tag-capelinha","tag-crime-em-angelandia","tag-esfaqueado-em-angelandia","tag-esfaqueado-em-sao-benedito","tag-homem-assassinado-em-bar-de-sao-benedito","tag-homem-e-assassinado-em-bar-no-municipio-de-angelandia","tag-homem-morto-a-facadas-em-angelandia","tag-homem-morto-em-bar-de-sao-benedito","tag-homem-morto-em-sao-benedito","tag-homicidio-em-angelandia","tag-ocorrencia-em-angelandia","tag-sao-benedito","tag-sergio-cardoso-de-oliveira"],"yoast_head":"<!-- This site is optimized with the Yoast SEO plugin v28.3 - https:\/\/yoast.com\/product\/yoast-seo-wordpress\/ -->\n<title>Homem \u00e9 assassinado em bar no munic\u00edpio de Angel\u00e2ndia, no Vale do Jequitinhonha - Aconteceu no Vale<\/title>\n<meta name=\"robots\" content=\"index, follow, max-snippet:-1, max-image-preview:large, max-video-preview:-1\" \/>\n<link rel=\"canonical\" href=\"https:\/\/aconteceunovale.com.br\/portal\/?p=182585\" \/>\n<meta property=\"og:locale\" content=\"pt_BR\" \/>\n<meta property=\"og:type\" content=\"article\" \/>\n<meta property=\"og:title\" content=\"Homem \u00e9 assassinado em bar no munic\u00edpio de Angel\u00e2ndia, no Vale do Jequitinhonha - Aconteceu no Vale\" \/>\n<meta property=\"og:description\" content=\"Um homem de 56 anos foi esfaqueado em um bar no povoado de S\u00e3o Benedito, munic\u00edpio de Angel\u00e2ndia (MG), nesse domingo (3\/10\/2021). S\u00e9rgio Cardoso de Oliveira n\u00e3o resistiu aos graves ferimentos e morreu no local. O \u00f3bito foi confirmado por uma equipe da Policl\u00ednica Municipal. A per\u00edcia t\u00e9cnica da Pol\u00edcia Civil foi acionada e identificou [&hellip;]\" \/>\n<meta property=\"og:url\" content=\"https:\/\/aconteceunovale.com.br\/portal\/?p=182585\" \/>\n<meta property=\"og:site_name\" content=\"Aconteceu no Vale\" \/>\n<meta property=\"article:publisher\" content=\"https:\/\/www.facebook.com\/aconteceunovale\/\" \/>\n<meta property=\"article:published_time\" content=\"2021-10-04T11:25:46+00:00\" \/>\n<meta property=\"article:modified_time\" content=\"2026-09-02T15:10:43+00:00\" \/>\n<meta property=\"og:image\" content=\"https:\/\/aconteceunovale.com.br\/portal\/wp-content\/uploads\/2021\/08\/plantao_sirene_policial.jpg\" \/>\n\t<meta property=\"og:image:width\" content=\"678\" \/>\n\t<meta property=\"og:image:height\" content=\"440\" \/>\n\t<meta property=\"og:image:type\" content=\"image\/jpeg\" \/>\n<meta name=\"author\" content=\"Reda\u00e7\u00e3o Aconteceu no Vale\" \/>\n<meta name=\"twitter:card\" content=\"summary_large_image\" \/>\n<meta name=\"twitter:creator\" content=\"@noticiadosvales\" \/>\n<meta name=\"twitter:site\" content=\"@noticiadosvales\" \/>\n<meta name=\"twitter:label1\" content=\"Escrito por\" \/>\n\t<meta name=\"twitter:data1\" content=\"Reda\u00e7\u00e3o Aconteceu no Vale\" \/>\n\t<meta name=\"twitter:label2\" content=\"Est. tempo de leitura\" \/>\n\t<meta name=\"twitter:data2\" content=\"1 minuto\" \/>\n<script type=\"application\/ld+json\" class=\"yoast-schema-graph\">{\"@context\":\"https:\\\/\\\/schema.org\",\"@graph\":[{\"@type\":\"Article\",\"@id\":\"https:\\\/\\\/aconteceunovale.com.br\\\/portal\\\/?p=182585#article\",\"isPartOf\":{\"@id\":\"https:\\\/\\\/aconteceunovale.com.br\\\/portal\\\/?p=182585\"},\"author\":{\"name\":\"Reda\u00e7\u00e3o Aconteceu no Vale\",\"@id\":\"https:\\\/\\\/aconteceunovale.com.br\\\/portal\\\/#\\\/schema\\\/person\\\/7d2f26d1483f8a63de73da1ee0754d35\"},\"headline\":\"Homem \u00e9 assassinado em bar no munic\u00edpio de Angel\u00e2ndia, no Vale do Jequitinhonha\",\"datePublished\":\"2021-10-04T11:25:46+00:00\",\"dateModified\":\"2026-09-02T15:10:43+00:00\",\"mainEntityOfPage\":{\"@id\":\"https:\\\/\\\/aconteceunovale.com.br\\\/portal\\\/?p=182585\"},\"wordCount\":225,\"commentCount\":0,\"image\":{\"@id\":\"https:\\\/\\\/aconteceunovale.com.br\\\/portal\\\/?p=182585#primaryimage\"},\"thumbnailUrl\":\"https:\\\/\\\/aconteceunovale.com.br\\\/portal\\\/wp-content\\\/uploads\\\/2021\\\/08\\\/plantao_sirene_policial.jpg\",\"keywords\":[\"Angel\u00e2ndia\",\"Capelinha\",\"Crime em Angel\u00e2ndia\",\"Esfaqueado em Angel\u00e2ndia\",\"Esfaqueado em S\u00e3o Benedito\",\"Homem assassinado em bar de S\u00e3o Benedito\",\"Homem \u00e9 assassinado em bar no munic\u00edpio de Angel\u00e2ndia\",\"Homem morto a facadas em Angel\u00e2ndia\",\"Homem morto em bar de S\u00e3o Benedito\",\"Homem morto em S\u00e3o Benedito\",\"Homic\u00eddio em Angel\u00e2ndia\",\"Ocorr\u00eancia em Angel\u00e2ndia\",\"S\u00e3o Benedito\",\"S\u00e9rgio Cardoso de Oliveira\"],\"articleSection\":[\"Angel\u00e2ndia\",\"Vale do Jequitinhonha\"],\"inLanguage\":\"pt-BR\",\"potentialAction\":[{\"@type\":\"CommentAction\",\"name\":\"Comment\",\"target\":[\"https:\\\/\\\/aconteceunovale.com.br\\\/portal\\\/?p=182585#respond\"]}]},{\"@type\":\"WebPage\",\"@id\":\"https:\\\/\\\/aconteceunovale.com.br\\\/portal\\\/?p=182585\",\"url\":\"https:\\\/\\\/aconteceunovale.com.br\\\/portal\\\/?p=182585\",\"name\":\"Homem \u00e9 assassinado em bar no munic\u00edpio de Angel\u00e2ndia, no Vale do Jequitinhonha - Aconteceu no Vale\",\"isPartOf\":{\"@id\":\"https:\\\/\\\/aconteceunovale.com.br\\\/portal\\\/#website\"},\"primaryImageOfPage\":{\"@id\":\"https:\\\/\\\/aconteceunovale.com.br\\\/portal\\\/?p=182585#primaryimage\"},\"image\":{\"@id\":\"https:\\\/\\\/aconteceunovale.com.br\\\/portal\\\/?p=182585#primaryimage\"},\"thumbnailUrl\":\"https:\\\/\\\/aconteceunovale.com.br\\\/portal\\\/wp-content\\\/uploads\\\/2021\\\/08\\\/plantao_sirene_policial.jpg\",\"datePublished\":\"2021-10-04T11:25:46+00:00\",\"dateModified\":\"2026-09-02T15:10:43+00:00\",\"author\":{\"@id\":\"https:\\\/\\\/aconteceunovale.com.br\\\/portal\\\/#\\\/schema\\\/person\\\/7d2f26d1483f8a63de73da1ee0754d35\"},\"breadcrumb\":{\"@id\":\"https:\\\/\\\/aconteceunovale.com.br\\\/portal\\\/?p=182585#breadcrumb\"},\"inLanguage\":\"pt-BR\",\"potentialAction\":[{\"@type\":\"ReadAction\",\"target\":[\"https:\\\/\\\/aconteceunovale.com.br\\\/portal\\\/?p=182585\"]}]},{\"@type\":\"ImageObject\",\"inLanguage\":\"pt-BR\",\"@id\":\"https:\\\/\\\/aconteceunovale.com.br\\\/portal\\\/?p=182585#primaryimage\",\"url\":\"https:\\\/\\\/aconteceunovale.com.br\\\/portal\\\/wp-content\\\/uploads\\\/2021\\\/08\\\/plantao_sirene_policial.jpg\",\"contentUrl\":\"https:\\\/\\\/aconteceunovale.com.br\\\/portal\\\/wp-content\\\/uploads\\\/2021\\\/08\\\/plantao_sirene_policial.jpg\",\"width\":678,\"height\":440},{\"@type\":\"BreadcrumbList\",\"@id\":\"https:\\\/\\\/aconteceunovale.com.br\\\/portal\\\/?p=182585#breadcrumb\",\"itemListElement\":[{\"@type\":\"ListItem\",\"position\":1,\"name\":\"In\u00edcio\",\"item\":\"https:\\\/\\\/aconteceunovale.com.br\\\/portal\\\/\"},{\"@type\":\"ListItem\",\"position\":2,\"name\":\"Homem \u00e9 assassinado em bar no munic\u00edpio de Angel\u00e2ndia, no Vale do Jequitinhonha\"}]},{\"@type\":\"WebSite\",\"@id\":\"https:\\\/\\\/aconteceunovale.com.br\\\/portal\\\/#website\",\"url\":\"https:\\\/\\\/aconteceunovale.com.br\\\/portal\\\/\",\"name\":\"Aconteceu no Vale\",\"description\":\"Portal de Not\u00edcias\",\"potentialAction\":[{\"@type\":\"SearchAction\",\"target\":{\"@type\":\"EntryPoint\",\"urlTemplate\":\"https:\\\/\\\/aconteceunovale.com.br\\\/portal\\\/?s={search_term_string}\"},\"query-input\":{\"@type\":\"PropertyValueSpecification\",\"valueRequired\":true,\"valueName\":\"search_term_string\"}}],\"inLanguage\":\"pt-BR\"},{\"@type\":\"Person\",\"@id\":\"https:\\\/\\\/aconteceunovale.com.br\\\/portal\\\/#\\\/schema\\\/person\\\/7d2f26d1483f8a63de73da1ee0754d35\",\"name\":\"Reda\u00e7\u00e3o Aconteceu no Vale\",\"description\":\"Equipe de reportagem do Aconteceu no Vale, portal de not\u00edcias do Vale do Jequitinhonha, em Minas Gerais. Cobrimos as 51 cidades do Vale desde 2013. Sugest\u00f5es de pauta e pedidos de corre\u00e7\u00e3o: contato@aconteceunovale.com.br\",\"url\":\"https:\\\/\\\/aconteceunovale.com.br\\\/portal\\\/?author=4\"}]}<\/script>\n<!-- \/ Yoast SEO plugin. -->","yoast_head_json":{"title":"Homem \u00e9 assassinado em bar no munic\u00edpio de Angel\u00e2ndia, no Vale do Jequitinhonha - Aconteceu no Vale","robots":{"index":"index","follow":"follow","max-snippet":"max-snippet:-1","max-image-preview":"max-image-preview:large","max-video-preview":"max-video-preview:-1"},"canonical":"https:\/\/aconteceunovale.com.br\/portal\/?p=182585","og_locale":"pt_BR","og_type":"article","og_title":"Homem \u00e9 assassinado em bar no munic\u00edpio de Angel\u00e2ndia, no Vale do Jequitinhonha - Aconteceu no Vale","og_description":"Um homem de 56 anos foi esfaqueado em um bar no povoado de S\u00e3o Benedito, munic\u00edpio de Angel\u00e2ndia (MG), nesse domingo (3\/10\/2021). S\u00e9rgio Cardoso de Oliveira n\u00e3o resistiu aos graves ferimentos e morreu no local. O \u00f3bito foi confirmado por uma equipe da Policl\u00ednica Municipal. A per\u00edcia t\u00e9cnica da Pol\u00edcia Civil foi acionada e identificou [&hellip;]","og_url":"https:\/\/aconteceunovale.com.br\/portal\/?p=182585","og_site_name":"Aconteceu no Vale","article_publisher":"https:\/\/www.facebook.com\/aconteceunovale\/","article_published_time":"2021-10-04T11:25:46+00:00","article_modified_time":"2026-09-02T15:10:43+00:00","og_image":[{"width":678,"height":440,"url":"https:\/\/aconteceunovale.com.br\/portal\/wp-content\/uploads\/2021\/08\/plantao_sirene_policial.jpg","type":"image\/jpeg"}],"author":"Reda\u00e7\u00e3o Aconteceu no Vale","twitter_card":"summary_large_image","twitter_creator":"@noticiadosvales","twitter_site":"@noticiadosvales","twitter_misc":{"Escrito por":"Reda\u00e7\u00e3o Aconteceu no Vale","Est. tempo de leitura":"1 minuto"},"schema":{"@context":"https:\/\/schema.org","@graph":[{"@type":"Article","@id":"https:\/\/aconteceunovale.com.br\/portal\/?p=182585#article","isPartOf":{"@id":"https:\/\/aconteceunovale.com.br\/portal\/?p=182585"},"author":{"name":"Reda\u00e7\u00e3o Aconteceu no Vale","@id":"https:\/\/aconteceunovale.com.br\/portal\/#\/schema\/person\/7d2f26d1483f8a63de73da1ee0754d35"},"headline":"Homem \u00e9 assassinado em bar no munic\u00edpio de Angel\u00e2ndia, no Vale do Jequitinhonha","datePublished":"2021-10-04T11:25:46+00:00","dateModified":"2026-09-02T15:10:43+00:00","mainEntityOfPage":{"@id":"https:\/\/aconteceunovale.com.br\/portal\/?p=182585"},"wordCount":225,"commentCount":0,"image":{"@id":"https:\/\/aconteceunovale.com.br\/portal\/?p=182585#primaryimage"},"thumbnailUrl":"https:\/\/aconteceunovale.com.br\/portal\/wp-content\/uploads\/2021\/08\/plantao_sirene_policial.jpg","keywords":["Angel\u00e2ndia","Capelinha","Crime em Angel\u00e2ndia","Esfaqueado em Angel\u00e2ndia","Esfaqueado em S\u00e3o Benedito","Homem assassinado em bar de S\u00e3o Benedito","Homem \u00e9 assassinado em bar no munic\u00edpio de Angel\u00e2ndia","Homem morto a facadas em Angel\u00e2ndia","Homem morto em bar de S\u00e3o Benedito","Homem morto em S\u00e3o Benedito","Homic\u00eddio em Angel\u00e2ndia","Ocorr\u00eancia em Angel\u00e2ndia","S\u00e3o Benedito","S\u00e9rgio Cardoso de Oliveira"],"articleSection":["Angel\u00e2ndia","Vale do Jequitinhonha"],"inLanguage":"pt-BR","potentialAction":[{"@type":"CommentAction","name":"Comment","target":["https:\/\/aconteceunovale.com.br\/portal\/?p=182585#respond"]}]},{"@type":"WebPage","@id":"https:\/\/aconteceunovale.com.br\/portal\/?p=182585","url":"https:\/\/aconteceunovale.com.br\/portal\/?p=182585","name":"Homem \u00e9 assassinado em bar no munic\u00edpio de Angel\u00e2ndia, no Vale do Jequitinhonha - Aconteceu no Vale","isPartOf":{"@id":"https:\/\/aconteceunovale.com.br\/portal\/#website"},"primaryImageOfPage":{"@id":"https:\/\/aconteceunovale.com.br\/portal\/?p=182585#primaryimage"},"image":{"@id":"https:\/\/aconteceunovale.com.br\/portal\/?p=182585#primaryimage"},"thumbnailUrl":"https:\/\/aconteceunovale.com.br\/portal\/wp-content\/uploads\/2021\/08\/plantao_sirene_policial.jpg","datePublished":"2021-10-04T11:25:46+00:00","dateModified":"2026-09-02T15:10:43+00:00","author":{"@id":"https:\/\/aconteceunovale.com.br\/portal\/#\/schema\/person\/7d2f26d1483f8a63de73da1ee0754d35"},"breadcrumb":{"@id":"https:\/\/aconteceunovale.com.br\/portal\/?p=182585#breadcrumb"},"inLanguage":"pt-BR","potentialAction":[{"@type":"ReadAction","target":["https:\/\/aconteceunovale.com.br\/portal\/?p=182585"]}]},{"@type":"ImageObject","inLanguage":"pt-BR","@id":"https:\/\/aconteceunovale.com.br\/portal\/?p=182585#primaryimage","url":"https:\/\/aconteceunovale.com.br\/portal\/wp-content\/uploads\/2021\/08\/plantao_sirene_policial.jpg","contentUrl":"https:\/\/aconteceunovale.com.br\/portal\/wp-content\/uploads\/2021\/08\/plantao_sirene_policial.jpg","width":678,"height":440},{"@type":"BreadcrumbList","@id":"https:\/\/aconteceunovale.com.br\/portal\/?p=182585#breadcrumb","itemListElement":[{"@type":"ListItem","position":1,"name":"In\u00edcio","item":"https:\/\/aconteceunovale.com.br\/portal\/"},{"@type":"ListItem","position":2,"name":"Homem \u00e9 assassinado em bar no munic\u00edpio de Angel\u00e2ndia, no Vale do Jequitinhonha"}]},{"@type":"WebSite","@id":"https:\/\/aconteceunovale.com.br\/portal\/#website","url":"https:\/\/aconteceunovale.com.br\/portal\/","name":"Aconteceu no Vale","description":"Portal de Not\u00edcias","potentialAction":[{"@type":"SearchAction","target":{"@type":"EntryPoint","urlTemplate":"https:\/\/aconteceunovale.com.br\/portal\/?s={search_term_string}"},"query-input":{"@type":"PropertyValueSpecification","valueRequired":true,"valueName":"search_term_string"}}],"inLanguage":"pt-BR"},{"@type":"Person","@id":"https:\/\/aconteceunovale.com.br\/portal\/#\/schema\/person\/7d2f26d1483f8a63de73da1ee0754d35","name":"Reda\u00e7\u00e3o Aconteceu no Vale","description":"Equipe de reportagem do Aconteceu no Vale, portal de not\u00edcias do Vale do Jequitinhonha, em Minas Gerais. Cobrimos as 51 cidades do Vale desde 2013. Sugest\u00f5es de pauta e pedidos de corre\u00e7\u00e3o: contato@aconteceunovale.com.br","url":"https:\/\/aconteceunovale.com.br\/portal\/?author=4"}]}},"_links":{"self":[{"href":"https:\/\/aconteceunovale.com.br\/portal\/index.php?rest_route=\/wp\/v2\/posts\/182585","targetHints":{"allow":["GET"]}}],"collection":[{"href":"https:\/\/aconteceunovale.com.br\/portal\/index.php?rest_route=\/wp\/v2\/posts"}],"about":[{"href":"https:\/\/aconteceunovale.com.br\/portal\/index.php?rest_route=\/wp\/v2\/types\/post"}],"author":[{"embeddable":true,"href":"https:\/\/aconteceunovale.com.br\/portal\/index.php?rest_route=\/wp\/v2\/users\/4"}],"replies":[{"embeddable":true,"href":"https:\/\/aconteceunovale.com.br\/portal\/index.php?rest_route=%2Fwp%2Fv2%2Fcomments&post=182585"}],"version-history":[{"count":2,"href":"https:\/\/aconteceunovale.com.br\/portal\/index.php?rest_route=\/wp\/v2\/posts\/182585\/revisions"}],"predecessor-version":[{"id":182587,"href":"https:\/\/aconteceunovale.com.br\/portal\/index.php?rest_route=\/wp\/v2\/posts\/182585\/revisions\/182587"}],"wp:featuredmedia":[{"embeddable":true,"href":"https:\/\/aconteceunovale.com.br\/portal\/index.php?rest_route=\/wp\/v2\/media\/180925"}],"wp:attachment":[{"href":"https:\/\/aconteceunovale.com.br\/portal\/index.php?rest_route=%2Fwp%2Fv2%2Fmedia&parent=182585"}],"wp:term":[{"taxonomy":"category","embeddable":true,"href":"https:\/\/aconteceunovale.com.br\/portal\/index.php?rest_route=%2Fwp%2Fv2%2Fcategories&post=182585"},{"taxonomy":"post_tag","embeddable":true,"href":"https:\/\/aconteceunovale.com.br\/portal\/index.php?rest_route=%2Fwp%2Fv2%2Ftags&post=182585"}],"curies":[{"name":"wp","href":"https:\/\/api.w.org\/{rel}","templated":true}]}}