{"id":182583,"date":"2021-10-03T22:29:20","date_gmt":"2021-10-04T01:29:20","guid":{"rendered":"https:\/\/aconteceunovale.com.br\/portal\/?p=182583"},"modified":"2021-10-03T22:30:46","modified_gmt":"2021-10-04T01:30:46","slug":"paulo-guedes-e-presidente-do-bc-dizem-que-offshores-foram-declaradas","status":"publish","type":"post","link":"https:\/\/aconteceunovale.com.br\/portal\/?p=182583","title":{"rendered":"Paulo Guedes e presidente do BC dizem que offshores foram declaradas"},"content":{"rendered":"\n<p class=\"wp-block-paragraph\">O ministro da Economia, Paulo Guedes, e o presidente do Banco Central (BC), Roberto Campos Neto, responderam\u00a0hoje\u00a0(3\/10\/2021) a mat\u00e9rias que afirmam que ambos teriam participa\u00e7\u00f5es em offshores localizadas em para\u00edsos fiscais. Os dois informaram que as empresas foram declaradas \u00e0 Receita Federal, \u00e0 Comiss\u00e3o de \u00c9tica P\u00fablica e \u00e0s demais autoridades brasileiras competentes e n\u00e3o violam a legisla\u00e7\u00e3o.<br><br>A exist\u00eancia de offshores no nome de Guedes e de Campos Neto foi revelada pelo Pandora Papers, investiga\u00e7\u00e3o de um cons\u00f3rcio internacional de jornalistas com base em documentos vazados de 14 escrit\u00f3rios internacionais de abertura de empresas em para\u00edsos fiscais no exterior. As mat\u00e9rias citam figuras p\u00fablicas como pol\u00edticos e at\u00e9 cantores e monarcas.<br><br>Segundo as reportagens, publicadas por quatro ve\u00edculos brasileiros, a offshore Dreadnoughts Internacional, nas Ilhas Virgens Brit\u00e2nicas, foi fundada por Guedes e por sua filha, a empres\u00e1ria Paula Drumond Guedes, em setembro de 2014. A companhia recebeu investimentos de US$ 8 milh\u00f5es na abertura e aportes de US$ 1,54 milh\u00e3o em 2015, totalizando US$ 9,54 milh\u00f5es. A empresa estava ativa at\u00e9 o \u00faltimo dia\u00a028 de setembro.<br><br>No caso do presidente do Banco Central, a Cor Assets foi fundada em abril de 2004 no Panam\u00e1 com capital de US$ 1,09 milh\u00e3o, tendo recebido mais US$ 1,08 milh\u00e3o dois meses mais tarde. A empresa foi fechada em\u00a012 de agosto\u00a0de 2020, mas passou 18 meses presidida por Campos Neto, desde que ele assumiu o comando do Banco Central, em fevereiro de 2019. O presidente do BC tamb\u00e9m foi controlador da offshore Rocn Limited, nas Ilhas Virgens Brit\u00e2nicas, entre janeiro de 2007 e novembro de 2016.<img decoding=\"async\" src=\"https:\/\/agenciabrasil.ebc.com.br\/ebc.png?id=1423426&amp;o=node\"><img decoding=\"async\" src=\"https:\/\/agenciabrasil.ebc.com.br\/ebc.gif?id=1423426&amp;o=node\"><\/p>\n\n\n\n<h2 class=\"wp-block-heading\">Respostas oficiais<\/h2>\n\n\n\n<p class=\"wp-block-paragraph\">Em nota, o Minist\u00e9rio da Economia informou que toda a atua\u00e7\u00e3o privada de Paulo Guedes foi devidamente informada \u00e0 Receita Federal, \u00e0 Comiss\u00e3o de \u00c9tica P\u00fablica da Presid\u00eancia da Rep\u00fablica e aos demais \u00f3rg\u00e3os competentes. As informa\u00e7\u00f5es foram prestadas no momento da posse, no in\u00edcio do governo, em 2019. \u201cSua atua\u00e7\u00e3o sempre respeitou a legisla\u00e7\u00e3o aplic\u00e1vel e se pautou pela \u00e9tica e pela responsabilidade\u201d, destacou o texto.<br><br>O comunicado informou que Guedes se desvinculou de toda a atua\u00e7\u00e3o no mercado privado desde que assumiu o cargo de ministro, conforme exigido pela Comiss\u00e3o de \u00c9tica P\u00fablica. O texto acrescentou que o Supremo Tribunal Federal (STF) atestou a idoneidade de Guedes e a capacidade para exercer o cargo, no julgamento de uma a\u00e7\u00e3o impetrada pelo PDT contra o ministro da Economia.<br><br>Por meio da assessoria de imprensa, Campos Neto informou que as empresas est\u00e3o declaradas \u00e0 Receita Federal e foram constitu\u00eddas h\u00e1 mais de 14 anos, com rendimentos obtidos em 22 anos de trabalho no mercado financeiro. Ele informou n\u00e3o\u00a0ter\u00a0feito nenhuma remessa de recursos para a Cor Assets ap\u00f3s a nomea\u00e7\u00e3o para fun\u00e7\u00e3o p\u00fablica.<br><br>Segundo Campos Neto, todo o patrim\u00f4nio em seu nome, no pa\u00eds e no exterior, foi declarado \u00e0 Receita Federal, ao Banco Central e \u00e0 Comiss\u00e3o de \u00c9tica P\u00fablica. Ele disse\u00a0ter\u00a0pagado todos os impostos devidos, \u201ccom recolhimento de toda a tributa\u00e7\u00e3o devida e observ\u00e2ncia de todas as regras legais e comandos \u00e9ticos aplic\u00e1veis aos agentes p\u00fablicos\u201d.<br><br>A abertura de contas no exterior e a manuten\u00e7\u00e3o de offshores n\u00e3o s\u00e3o ilegais, desde que declaradas \u00e0 Receita Federal e \u00e0s demais autoridades. No entanto, o C\u00f3digo de Conduta da Alta Administra\u00e7\u00e3o Federal pro\u00edbe que membros do alto escalam sejam administradores diretos de investimentos estrangeiros no Brasil e no exterior ap\u00f3s assumirem fun\u00e7\u00f5es p\u00fablicas.<\/p>\n\n\n\n<p class=\"wp-block-paragraph\">&#8212;&#8212;&#8212;&#8212;&#8212;&#8212;<br><em>Quer receber as not\u00edcias do <strong>Aconteceu no Vale<\/strong> em primeira m\u00e3o? Siga-nos no Facebook <a rel=\"noreferrer noopener\" href=\"http:\/\/facebook.com\/aconteceunovale\" target=\"_blank\">@aconteceunovale<\/a>, Twitter <a rel=\"noreferrer noopener\" href=\"https:\/\/twitter.com\/noticiadosvales\" target=\"_blank\">@noticiadosvales<\/a> e Instagram <a rel=\"noreferrer noopener\" href=\"https:\/\/www.instagram.com\/aconteceunovale\" target=\"_blank\">@aconteceunovale<\/a>.<\/em><\/p>\n","protected":false},"excerpt":{"rendered":"<p>O ministro da Economia, Paulo Guedes, e o presidente do Banco Central (BC), Roberto Campos Neto, responderam\u00a0hoje\u00a0(3\/10\/2021) a mat\u00e9rias que afirmam que ambos teriam participa\u00e7\u00f5es em offshores localizadas em para\u00edsos fiscais. Os dois informaram que as empresas foram declaradas \u00e0 Receita Federal, \u00e0 Comiss\u00e3o de \u00c9tica P\u00fablica e \u00e0s demais autoridades brasileiras competentes e n\u00e3o [&hellip;]<\/p>\n","protected":false},"author":4,"featured_media":180332,"comment_status":"open","ping_status":"closed","sticky":false,"template":"","format":"standard","meta":{"amp_status":"","footnotes":""},"categories":[6,40239,28848],"tags":[224152,252350,1018,252348,252344,252343,194202,252346,252347,252342,252349,17364,224149,252345,1464,186288,252351],"class_list":["post-182583","post","type-post","status-publish","format-standard","has-post-thumbnail","hentry","category-br","category-economia-2","category-mundo","tag-campos-neto","tag-cor-assets","tag-destaque","tag-dreadnoughts-internacional","tag-empresa-de-paulo-guedes-em-paraiso-fiscal","tag-empresa-no-exterior-de-paulo-guedes","tag-ministro-da-economia","tag-offshore-em-nome-de-paulo-guedes","tag-offshore-em-nome-de-roberto-campos-neto","tag-offshore-paulo-guedes","tag-paula-drumond-guedes","tag-paulo-guedes","tag-presidente-do-banco-central","tag-presidente-do-bc","tag-receita-federal","tag-roberto-campos-neto","tag-rocn-limited"],"yoast_head":"<!-- This site is optimized with the Yoast SEO plugin v28.3 - https:\/\/yoast.com\/product\/yoast-seo-wordpress\/ -->\n<title>Paulo Guedes e presidente do BC dizem que offshores foram declaradas - Aconteceu no Vale<\/title>\n<meta name=\"robots\" content=\"index, follow, max-snippet:-1, max-image-preview:large, max-video-preview:-1\" \/>\n<link rel=\"canonical\" href=\"https:\/\/aconteceunovale.com.br\/portal\/?p=182583\" \/>\n<meta property=\"og:locale\" content=\"pt_BR\" \/>\n<meta property=\"og:type\" content=\"article\" \/>\n<meta property=\"og:title\" content=\"Paulo Guedes e presidente do BC dizem que offshores foram declaradas - Aconteceu no Vale\" \/>\n<meta property=\"og:description\" content=\"O ministro da Economia, Paulo Guedes, e o presidente do Banco Central (BC), Roberto Campos Neto, responderam\u00a0hoje\u00a0(3\/10\/2021) a mat\u00e9rias que afirmam que ambos teriam participa\u00e7\u00f5es em offshores localizadas em para\u00edsos fiscais. Os dois informaram que as empresas foram declaradas \u00e0 Receita Federal, \u00e0 Comiss\u00e3o de \u00c9tica P\u00fablica e \u00e0s demais autoridades brasileiras competentes e n\u00e3o [&hellip;]\" \/>\n<meta property=\"og:url\" content=\"https:\/\/aconteceunovale.com.br\/portal\/?p=182583\" \/>\n<meta property=\"og:site_name\" content=\"Aconteceu no Vale\" \/>\n<meta property=\"article:publisher\" content=\"https:\/\/www.facebook.com\/aconteceunovale\/\" \/>\n<meta property=\"article:published_time\" content=\"2021-10-04T01:29:20+00:00\" \/>\n<meta property=\"article:modified_time\" content=\"2021-10-04T01:30:46+00:00\" \/>\n<meta property=\"og:image\" content=\"https:\/\/aconteceunovale.com.br\/portal\/wp-content\/uploads\/2021\/07\/paulo_guedes-1.jpg\" \/>\n\t<meta property=\"og:image:width\" content=\"678\" \/>\n\t<meta property=\"og:image:height\" content=\"406\" \/>\n\t<meta property=\"og:image:type\" content=\"image\/jpeg\" \/>\n<meta name=\"author\" content=\"Reda\u00e7\u00e3o Aconteceu no Vale\" \/>\n<meta name=\"twitter:card\" content=\"summary_large_image\" \/>\n<meta name=\"twitter:creator\" content=\"@noticiadosvales\" \/>\n<meta name=\"twitter:site\" content=\"@noticiadosvales\" \/>\n<meta name=\"twitter:label1\" content=\"Escrito por\" \/>\n\t<meta name=\"twitter:data1\" content=\"Reda\u00e7\u00e3o Aconteceu no Vale\" \/>\n\t<meta name=\"twitter:label2\" content=\"Est. tempo de leitura\" \/>\n\t<meta name=\"twitter:data2\" content=\"3 minutos\" \/>\n<script type=\"application\/ld+json\" class=\"yoast-schema-graph\">{\"@context\":\"https:\\\/\\\/schema.org\",\"@graph\":[{\"@type\":\"Article\",\"@id\":\"https:\\\/\\\/aconteceunovale.com.br\\\/portal\\\/?p=182583#article\",\"isPartOf\":{\"@id\":\"https:\\\/\\\/aconteceunovale.com.br\\\/portal\\\/?p=182583\"},\"author\":{\"name\":\"Reda\u00e7\u00e3o Aconteceu no Vale\",\"@id\":\"https:\\\/\\\/aconteceunovale.com.br\\\/portal\\\/#\\\/schema\\\/person\\\/7d2f26d1483f8a63de73da1ee0754d35\"},\"headline\":\"Paulo Guedes e presidente do BC dizem que offshores foram declaradas\",\"datePublished\":\"2021-10-04T01:29:20+00:00\",\"dateModified\":\"2021-10-04T01:30:46+00:00\",\"mainEntityOfPage\":{\"@id\":\"https:\\\/\\\/aconteceunovale.com.br\\\/portal\\\/?p=182583\"},\"wordCount\":637,\"commentCount\":0,\"image\":{\"@id\":\"https:\\\/\\\/aconteceunovale.com.br\\\/portal\\\/?p=182583#primaryimage\"},\"thumbnailUrl\":\"https:\\\/\\\/aconteceunovale.com.br\\\/portal\\\/wp-content\\\/uploads\\\/2021\\\/07\\\/paulo_guedes-1.jpg\",\"keywords\":[\"Campos Neto\",\"Cor Assets\",\"destaque\",\"Dreadnoughts Internacional\",\"Empresa de Paulo Guedes em Para\u00edso Fiscal\",\"Empresa no exterior de Paulo Guedes\",\"ministro da Economia\",\"Offshore em nome de Paulo Guedes\",\"Offshore em nome de Roberto Campos Neto\",\"Offshore Paulo Guedes\",\"Paula Drumond Guedes\",\"Paulo Guedes\",\"Presidente do Banco Central\",\"Presidente do BC\",\"receita federal\",\"Roberto Campos Neto\",\"Rocn Limited\"],\"articleSection\":[\"Brasil\",\"Economia\",\"Mundo\"],\"inLanguage\":\"pt-BR\",\"potentialAction\":[{\"@type\":\"CommentAction\",\"name\":\"Comment\",\"target\":[\"https:\\\/\\\/aconteceunovale.com.br\\\/portal\\\/?p=182583#respond\"]}]},{\"@type\":\"WebPage\",\"@id\":\"https:\\\/\\\/aconteceunovale.com.br\\\/portal\\\/?p=182583\",\"url\":\"https:\\\/\\\/aconteceunovale.com.br\\\/portal\\\/?p=182583\",\"name\":\"Paulo Guedes e presidente do BC dizem que offshores foram declaradas - Aconteceu no Vale\",\"isPartOf\":{\"@id\":\"https:\\\/\\\/aconteceunovale.com.br\\\/portal\\\/#website\"},\"primaryImageOfPage\":{\"@id\":\"https:\\\/\\\/aconteceunovale.com.br\\\/portal\\\/?p=182583#primaryimage\"},\"image\":{\"@id\":\"https:\\\/\\\/aconteceunovale.com.br\\\/portal\\\/?p=182583#primaryimage\"},\"thumbnailUrl\":\"https:\\\/\\\/aconteceunovale.com.br\\\/portal\\\/wp-content\\\/uploads\\\/2021\\\/07\\\/paulo_guedes-1.jpg\",\"datePublished\":\"2021-10-04T01:29:20+00:00\",\"dateModified\":\"2021-10-04T01:30:46+00:00\",\"author\":{\"@id\":\"https:\\\/\\\/aconteceunovale.com.br\\\/portal\\\/#\\\/schema\\\/person\\\/7d2f26d1483f8a63de73da1ee0754d35\"},\"breadcrumb\":{\"@id\":\"https:\\\/\\\/aconteceunovale.com.br\\\/portal\\\/?p=182583#breadcrumb\"},\"inLanguage\":\"pt-BR\",\"potentialAction\":[{\"@type\":\"ReadAction\",\"target\":[\"https:\\\/\\\/aconteceunovale.com.br\\\/portal\\\/?p=182583\"]}]},{\"@type\":\"ImageObject\",\"inLanguage\":\"pt-BR\",\"@id\":\"https:\\\/\\\/aconteceunovale.com.br\\\/portal\\\/?p=182583#primaryimage\",\"url\":\"https:\\\/\\\/aconteceunovale.com.br\\\/portal\\\/wp-content\\\/uploads\\\/2021\\\/07\\\/paulo_guedes-1.jpg\",\"contentUrl\":\"https:\\\/\\\/aconteceunovale.com.br\\\/portal\\\/wp-content\\\/uploads\\\/2021\\\/07\\\/paulo_guedes-1.jpg\",\"width\":678,\"height\":406,\"caption\":\"O ministro da Economia, Paulo Guedes, durante entrevista coletiva.\"},{\"@type\":\"BreadcrumbList\",\"@id\":\"https:\\\/\\\/aconteceunovale.com.br\\\/portal\\\/?p=182583#breadcrumb\",\"itemListElement\":[{\"@type\":\"ListItem\",\"position\":1,\"name\":\"In\u00edcio\",\"item\":\"https:\\\/\\\/aconteceunovale.com.br\\\/portal\\\/\"},{\"@type\":\"ListItem\",\"position\":2,\"name\":\"Paulo Guedes e presidente do BC dizem que offshores foram declaradas\"}]},{\"@type\":\"WebSite\",\"@id\":\"https:\\\/\\\/aconteceunovale.com.br\\\/portal\\\/#website\",\"url\":\"https:\\\/\\\/aconteceunovale.com.br\\\/portal\\\/\",\"name\":\"Aconteceu no Vale\",\"description\":\"Portal de Not\u00edcias\",\"potentialAction\":[{\"@type\":\"SearchAction\",\"target\":{\"@type\":\"EntryPoint\",\"urlTemplate\":\"https:\\\/\\\/aconteceunovale.com.br\\\/portal\\\/?s={search_term_string}\"},\"query-input\":{\"@type\":\"PropertyValueSpecification\",\"valueRequired\":true,\"valueName\":\"search_term_string\"}}],\"inLanguage\":\"pt-BR\"},{\"@type\":\"Person\",\"@id\":\"https:\\\/\\\/aconteceunovale.com.br\\\/portal\\\/#\\\/schema\\\/person\\\/7d2f26d1483f8a63de73da1ee0754d35\",\"name\":\"Reda\u00e7\u00e3o Aconteceu no Vale\",\"description\":\"Equipe de reportagem do Aconteceu no Vale, portal de not\u00edcias do Vale do Jequitinhonha, em Minas Gerais. Cobrimos as 51 cidades do Vale desde 2013. Sugest\u00f5es de pauta e pedidos de corre\u00e7\u00e3o: contato@aconteceunovale.com.br\",\"url\":\"https:\\\/\\\/aconteceunovale.com.br\\\/portal\\\/?author=4\"}]}<\/script>\n<!-- \/ Yoast SEO plugin. -->","yoast_head_json":{"title":"Paulo Guedes e presidente do BC dizem que offshores foram declaradas - Aconteceu no Vale","robots":{"index":"index","follow":"follow","max-snippet":"max-snippet:-1","max-image-preview":"max-image-preview:large","max-video-preview":"max-video-preview:-1"},"canonical":"https:\/\/aconteceunovale.com.br\/portal\/?p=182583","og_locale":"pt_BR","og_type":"article","og_title":"Paulo Guedes e presidente do BC dizem que offshores foram declaradas - Aconteceu no Vale","og_description":"O ministro da Economia, Paulo Guedes, e o presidente do Banco Central (BC), Roberto Campos Neto, responderam\u00a0hoje\u00a0(3\/10\/2021) a mat\u00e9rias que afirmam que ambos teriam participa\u00e7\u00f5es em offshores localizadas em para\u00edsos fiscais. Os dois informaram que as empresas foram declaradas \u00e0 Receita Federal, \u00e0 Comiss\u00e3o de \u00c9tica P\u00fablica e \u00e0s demais autoridades brasileiras competentes e n\u00e3o [&hellip;]","og_url":"https:\/\/aconteceunovale.com.br\/portal\/?p=182583","og_site_name":"Aconteceu no Vale","article_publisher":"https:\/\/www.facebook.com\/aconteceunovale\/","article_published_time":"2021-10-04T01:29:20+00:00","article_modified_time":"2021-10-04T01:30:46+00:00","og_image":[{"width":678,"height":406,"url":"https:\/\/aconteceunovale.com.br\/portal\/wp-content\/uploads\/2021\/07\/paulo_guedes-1.jpg","type":"image\/jpeg"}],"author":"Reda\u00e7\u00e3o Aconteceu no Vale","twitter_card":"summary_large_image","twitter_creator":"@noticiadosvales","twitter_site":"@noticiadosvales","twitter_misc":{"Escrito por":"Reda\u00e7\u00e3o Aconteceu no Vale","Est. tempo de leitura":"3 minutos"},"schema":{"@context":"https:\/\/schema.org","@graph":[{"@type":"Article","@id":"https:\/\/aconteceunovale.com.br\/portal\/?p=182583#article","isPartOf":{"@id":"https:\/\/aconteceunovale.com.br\/portal\/?p=182583"},"author":{"name":"Reda\u00e7\u00e3o Aconteceu no Vale","@id":"https:\/\/aconteceunovale.com.br\/portal\/#\/schema\/person\/7d2f26d1483f8a63de73da1ee0754d35"},"headline":"Paulo Guedes e presidente do BC dizem que offshores foram declaradas","datePublished":"2021-10-04T01:29:20+00:00","dateModified":"2021-10-04T01:30:46+00:00","mainEntityOfPage":{"@id":"https:\/\/aconteceunovale.com.br\/portal\/?p=182583"},"wordCount":637,"commentCount":0,"image":{"@id":"https:\/\/aconteceunovale.com.br\/portal\/?p=182583#primaryimage"},"thumbnailUrl":"https:\/\/aconteceunovale.com.br\/portal\/wp-content\/uploads\/2021\/07\/paulo_guedes-1.jpg","keywords":["Campos Neto","Cor Assets","destaque","Dreadnoughts Internacional","Empresa de Paulo Guedes em Para\u00edso Fiscal","Empresa no exterior de Paulo Guedes","ministro da Economia","Offshore em nome de Paulo Guedes","Offshore em nome de Roberto Campos Neto","Offshore Paulo Guedes","Paula Drumond Guedes","Paulo Guedes","Presidente do Banco Central","Presidente do BC","receita federal","Roberto Campos Neto","Rocn Limited"],"articleSection":["Brasil","Economia","Mundo"],"inLanguage":"pt-BR","potentialAction":[{"@type":"CommentAction","name":"Comment","target":["https:\/\/aconteceunovale.com.br\/portal\/?p=182583#respond"]}]},{"@type":"WebPage","@id":"https:\/\/aconteceunovale.com.br\/portal\/?p=182583","url":"https:\/\/aconteceunovale.com.br\/portal\/?p=182583","name":"Paulo Guedes e presidente do BC dizem que offshores foram declaradas - Aconteceu no Vale","isPartOf":{"@id":"https:\/\/aconteceunovale.com.br\/portal\/#website"},"primaryImageOfPage":{"@id":"https:\/\/aconteceunovale.com.br\/portal\/?p=182583#primaryimage"},"image":{"@id":"https:\/\/aconteceunovale.com.br\/portal\/?p=182583#primaryimage"},"thumbnailUrl":"https:\/\/aconteceunovale.com.br\/portal\/wp-content\/uploads\/2021\/07\/paulo_guedes-1.jpg","datePublished":"2021-10-04T01:29:20+00:00","dateModified":"2021-10-04T01:30:46+00:00","author":{"@id":"https:\/\/aconteceunovale.com.br\/portal\/#\/schema\/person\/7d2f26d1483f8a63de73da1ee0754d35"},"breadcrumb":{"@id":"https:\/\/aconteceunovale.com.br\/portal\/?p=182583#breadcrumb"},"inLanguage":"pt-BR","potentialAction":[{"@type":"ReadAction","target":["https:\/\/aconteceunovale.com.br\/portal\/?p=182583"]}]},{"@type":"ImageObject","inLanguage":"pt-BR","@id":"https:\/\/aconteceunovale.com.br\/portal\/?p=182583#primaryimage","url":"https:\/\/aconteceunovale.com.br\/portal\/wp-content\/uploads\/2021\/07\/paulo_guedes-1.jpg","contentUrl":"https:\/\/aconteceunovale.com.br\/portal\/wp-content\/uploads\/2021\/07\/paulo_guedes-1.jpg","width":678,"height":406,"caption":"O ministro da Economia, Paulo Guedes, durante entrevista coletiva."},{"@type":"BreadcrumbList","@id":"https:\/\/aconteceunovale.com.br\/portal\/?p=182583#breadcrumb","itemListElement":[{"@type":"ListItem","position":1,"name":"In\u00edcio","item":"https:\/\/aconteceunovale.com.br\/portal\/"},{"@type":"ListItem","position":2,"name":"Paulo Guedes e presidente do BC dizem que offshores foram declaradas"}]},{"@type":"WebSite","@id":"https:\/\/aconteceunovale.com.br\/portal\/#website","url":"https:\/\/aconteceunovale.com.br\/portal\/","name":"Aconteceu no Vale","description":"Portal de Not\u00edcias","potentialAction":[{"@type":"SearchAction","target":{"@type":"EntryPoint","urlTemplate":"https:\/\/aconteceunovale.com.br\/portal\/?s={search_term_string}"},"query-input":{"@type":"PropertyValueSpecification","valueRequired":true,"valueName":"search_term_string"}}],"inLanguage":"pt-BR"},{"@type":"Person","@id":"https:\/\/aconteceunovale.com.br\/portal\/#\/schema\/person\/7d2f26d1483f8a63de73da1ee0754d35","name":"Reda\u00e7\u00e3o Aconteceu no Vale","description":"Equipe de reportagem do Aconteceu no Vale, portal de not\u00edcias do Vale do Jequitinhonha, em Minas Gerais. Cobrimos as 51 cidades do Vale desde 2013. Sugest\u00f5es de pauta e pedidos de corre\u00e7\u00e3o: contato@aconteceunovale.com.br","url":"https:\/\/aconteceunovale.com.br\/portal\/?author=4"}]}},"_links":{"self":[{"href":"https:\/\/aconteceunovale.com.br\/portal\/index.php?rest_route=\/wp\/v2\/posts\/182583","targetHints":{"allow":["GET"]}}],"collection":[{"href":"https:\/\/aconteceunovale.com.br\/portal\/index.php?rest_route=\/wp\/v2\/posts"}],"about":[{"href":"https:\/\/aconteceunovale.com.br\/portal\/index.php?rest_route=\/wp\/v2\/types\/post"}],"author":[{"embeddable":true,"href":"https:\/\/aconteceunovale.com.br\/portal\/index.php?rest_route=\/wp\/v2\/users\/4"}],"replies":[{"embeddable":true,"href":"https:\/\/aconteceunovale.com.br\/portal\/index.php?rest_route=%2Fwp%2Fv2%2Fcomments&post=182583"}],"version-history":[{"count":1,"href":"https:\/\/aconteceunovale.com.br\/portal\/index.php?rest_route=\/wp\/v2\/posts\/182583\/revisions"}],"predecessor-version":[{"id":182584,"href":"https:\/\/aconteceunovale.com.br\/portal\/index.php?rest_route=\/wp\/v2\/posts\/182583\/revisions\/182584"}],"wp:featuredmedia":[{"embeddable":true,"href":"https:\/\/aconteceunovale.com.br\/portal\/index.php?rest_route=\/wp\/v2\/media\/180332"}],"wp:attachment":[{"href":"https:\/\/aconteceunovale.com.br\/portal\/index.php?rest_route=%2Fwp%2Fv2%2Fmedia&parent=182583"}],"wp:term":[{"taxonomy":"category","embeddable":true,"href":"https:\/\/aconteceunovale.com.br\/portal\/index.php?rest_route=%2Fwp%2Fv2%2Fcategories&post=182583"},{"taxonomy":"post_tag","embeddable":true,"href":"https:\/\/aconteceunovale.com.br\/portal\/index.php?rest_route=%2Fwp%2Fv2%2Ftags&post=182583"}],"curies":[{"name":"wp","href":"https:\/\/api.w.org\/{rel}","templated":true}]}}