{"id":182580,"date":"2021-10-03T22:19:02","date_gmt":"2021-10-04T01:19:02","guid":{"rendered":"https:\/\/aconteceunovale.com.br\/portal\/?p=182580"},"modified":"2021-10-04T00:44:15","modified_gmt":"2021-10-04T03:44:15","slug":"gilmar-mendes-suspende-parte-da-lei-de-improbidade-administrativa","status":"publish","type":"post","link":"https:\/\/aconteceunovale.com.br\/portal\/?p=182580","title":{"rendered":"Gilmar Mendes suspende parte da Lei de Improbidade Administrativa"},"content":{"rendered":"\n<p class=\"wp-block-paragraph\">O ministro Gilmar Mendes, do Supremo Tribunal Federal (STF), suspendeu neste s\u00e1bado (2\/10\/2021) uma parte da Lei de Improbidade Administrativa. Com a mudan\u00e7a, somente atos graves de agentes p\u00fablicos poder\u00e3o provocar a perda de direitos pol\u00edticos, como a proibi\u00e7\u00e3o de candidatar-se em elei\u00e7\u00f5es e de assumir determinados cargos p\u00fablicos.<\/p>\n\n\n\n<figure class=\"wp-block-gallery columns-1 is-cropped wp-block-gallery-1 is-layout-flex wp-block-gallery-is-layout-flex\"><ul class=\"blocks-gallery-grid\"><li class=\"blocks-gallery-item\"><figure><img loading=\"lazy\" decoding=\"async\" width=\"678\" height=\"406\" src=\"https:\/\/aconteceunovale.com.br\/portal\/wp-content\/uploads\/2021\/10\/gilmar_mendes.jpg\" alt=\"\" data-id=\"182581\" data-full-url=\"https:\/\/aconteceunovale.com.br\/portal\/wp-content\/uploads\/2021\/10\/gilmar_mendes.jpg\" data-link=\"https:\/\/aconteceunovale.com.br\/portal\/?attachment_id=182581\" class=\"wp-image-182581\" srcset=\"https:\/\/aconteceunovale.com.br\/portal\/wp-content\/uploads\/2021\/10\/gilmar_mendes.jpg 678w, https:\/\/aconteceunovale.com.br\/portal\/wp-content\/uploads\/2021\/10\/gilmar_mendes-300x180.jpg 300w\" sizes=\"auto, (max-width: 678px) 100vw, 678px\" \/><figcaption class=\"blocks-gallery-item__caption\"><em>Ministro Gilmar Mendes &#8211; Foto: Fellipe Sampaio\/SCO\/STF<\/em><\/figcaption><\/figure><\/li><\/ul><\/figure>\n\n\n\n<p class=\"wp-block-paragraph\">Mendes atendeu a pedido do PSB. De acordo com o partido, a retirada de direitos pol\u00edticos configura uma puni\u00e7\u00e3o excessiva que deveria ser aplicada apenas quando a improbidade for dolosa (intencional), com o objetivo comprovado de enriquecer ilegalmente e lesar os cofres p\u00fablicos.<\/p>\n\n\n\n<p class=\"wp-block-paragraph\">Na decis\u00e3o, Mendes destacou que a manuten\u00e7\u00e3o dos direitos pol\u00edticos quando o ato n\u00e3o tiver sido doloso est\u00e1 em linha com a Constitui\u00e7\u00e3o, que procura garantir a participa\u00e7\u00e3o plena dos cidad\u00e3os na pol\u00edtica. \u201cIndependentemente do tempo de suspens\u00e3o [dos direitos pol\u00edticos], a mera aplica\u00e7\u00e3o dessa penalidade, a depender da natureza do ato enquadrado, afigura-se excessiva ou desproporcional\u201d, justificou o ministro.<\/p>\n\n\n\n<p class=\"wp-block-paragraph\">O ministro ressaltou que a decis\u00e3o segue o projeto que altera a lei de improbidade administrativa,\u00a0aprovado pelo Senado\u00a0e que voltou \u00e0 C\u00e2mara para ser votado nesta semana. A proposta prev\u00ea que o agente p\u00fablico s\u00f3 pode ser enquadrado por improbidade se ficar comprovada a inten\u00e7\u00e3o de agir fora da lei.<\/p>\n\n\n\n<p class=\"wp-block-paragraph\">Mendes acrescentou que a retirada do trecho da lei dar\u00e1 seguran\u00e7a para as elei\u00e7\u00f5es de 2022, ao impedir a cassa\u00e7\u00e3o de candidaturas com base em atos culposos (sem inten\u00e7\u00e3o). At\u00e9 agora, era definido como improbidade administrativa qualquer ato ou omiss\u00e3o, com ou sem inten\u00e7\u00e3o, que descumpre os deveres de honestidade, imparcialidade, legalidade e lealdade \u00e0s institui\u00e7\u00f5es.<\/p>\n\n\n\n<p class=\"wp-block-paragraph\">O projeto de lei \u00e9 criticado por entidades como a Transpar\u00eancia Brasil. Ap\u00f3s a aprova\u00e7\u00e3o pelo Senado, na \u00faltima quarta-feira (29) a organiza\u00e7\u00e3o informou que a proposta traz retrocessos no combate \u00e0 corrup\u00e7\u00e3o. Um dos principais pontos diz respeito \u00e0 Lei de Acesso \u00e0 Informa\u00e7\u00e3o (LAI), cujo descumprimento seria punido apenas quando for comprovado que o agente obteve vantagem com a n\u00e3o divulga\u00e7\u00e3o dos dados.<\/p>\n\n\n\n<p class=\"wp-block-paragraph\">&#8212;&#8212;&#8212;&#8212;&#8212;&#8212;<br><em>Quer receber as not\u00edcias do <strong>Aconteceu no Vale<\/strong> em primeira m\u00e3o? Siga-nos no Facebook <a rel=\"noreferrer noopener\" href=\"http:\/\/facebook.com\/aconteceunovale\" target=\"_blank\">@aconteceunovale<\/a>, Twitter <a rel=\"noreferrer noopener\" href=\"https:\/\/twitter.com\/noticiadosvales\" target=\"_blank\">@noticiadosvales<\/a> e Instagram <a rel=\"noreferrer noopener\" href=\"https:\/\/www.instagram.com\/aconteceunovale\" target=\"_blank\">@aconteceunovale<\/a>.<\/em><\/p>\n","protected":false},"excerpt":{"rendered":"<p>O ministro Gilmar Mendes, do Supremo Tribunal Federal (STF), suspendeu neste s\u00e1bado (2\/10\/2021) uma parte da Lei de Improbidade Administrativa. Com a mudan\u00e7a, somente atos graves de agentes p\u00fablicos poder\u00e3o provocar a perda de direitos pol\u00edticos, como a proibi\u00e7\u00e3o de candidatar-se em elei\u00e7\u00f5es e de assumir determinados cargos p\u00fablicos. Mendes atendeu a pedido do PSB. [&hellip;]<\/p>\n","protected":false},"author":4,"featured_media":182581,"comment_status":"open","ping_status":"closed","sticky":false,"template":"","format":"standard","meta":{"amp_status":"","footnotes":""},"categories":[6,249933,40240],"tags":[252074,4785,20922,1018,47612,252341,179418,252075,188843,252073,47611,252072,252076,252077,21938,252078],"class_list":["post-182580","post","type-post","status-publish","format-standard","has-post-thumbnail","hentry","category-br","category-eleicoes-2022","category-politica","tag-alteracoes-na-lei-de-improbidade-administrativa","tag-brasil","tag-camara-dos-deputados","tag-destaque","tag-gilmar-mendes","tag-gilmar-mendes-suspende-parte-da-lei-de-improbidade-administrativa","tag-improbidade-administrativa","tag-lei-2-505","tag-lei-8-429","tag-lei-de-improbidade-administrativa","tag-ministro-gilmar-mendes","tag-mudancas-na-lei-de-improbidade-administrativa","tag-punicao-para-agentes-publicos","tag-punicao-para-prefeitos-e-governadores","tag-senado","tag-senador-weverton-rocha"],"yoast_head":"<!-- This site is optimized with the Yoast SEO plugin v28.3 - https:\/\/yoast.com\/product\/yoast-seo-wordpress\/ -->\n<title>Gilmar Mendes suspende parte da Lei de Improbidade Administrativa - Aconteceu no Vale<\/title>\n<meta name=\"robots\" content=\"index, follow, max-snippet:-1, max-image-preview:large, max-video-preview:-1\" \/>\n<link rel=\"canonical\" href=\"https:\/\/aconteceunovale.com.br\/portal\/?p=182580\" \/>\n<meta property=\"og:locale\" content=\"pt_BR\" \/>\n<meta property=\"og:type\" content=\"article\" \/>\n<meta property=\"og:title\" content=\"Gilmar Mendes suspende parte da Lei de Improbidade Administrativa - Aconteceu no Vale\" \/>\n<meta property=\"og:description\" content=\"O ministro Gilmar Mendes, do Supremo Tribunal Federal (STF), suspendeu neste s\u00e1bado (2\/10\/2021) uma parte da Lei de Improbidade Administrativa. Com a mudan\u00e7a, somente atos graves de agentes p\u00fablicos poder\u00e3o provocar a perda de direitos pol\u00edticos, como a proibi\u00e7\u00e3o de candidatar-se em elei\u00e7\u00f5es e de assumir determinados cargos p\u00fablicos. Mendes atendeu a pedido do PSB. [&hellip;]\" \/>\n<meta property=\"og:url\" content=\"https:\/\/aconteceunovale.com.br\/portal\/?p=182580\" \/>\n<meta property=\"og:site_name\" content=\"Aconteceu no Vale\" \/>\n<meta property=\"article:publisher\" content=\"https:\/\/www.facebook.com\/aconteceunovale\/\" \/>\n<meta property=\"article:published_time\" content=\"2021-10-04T01:19:02+00:00\" \/>\n<meta property=\"article:modified_time\" content=\"2021-10-04T03:44:15+00:00\" \/>\n<meta property=\"og:image\" content=\"https:\/\/aconteceunovale.com.br\/portal\/wp-content\/uploads\/2021\/10\/gilmar_mendes.jpg\" \/>\n\t<meta property=\"og:image:width\" content=\"678\" \/>\n\t<meta property=\"og:image:height\" content=\"406\" \/>\n\t<meta property=\"og:image:type\" content=\"image\/jpeg\" \/>\n<meta name=\"author\" content=\"Reda\u00e7\u00e3o Aconteceu no Vale\" \/>\n<meta name=\"twitter:card\" content=\"summary_large_image\" \/>\n<meta name=\"twitter:creator\" content=\"@noticiadosvales\" \/>\n<meta name=\"twitter:site\" content=\"@noticiadosvales\" \/>\n<meta name=\"twitter:label1\" content=\"Escrito por\" \/>\n\t<meta name=\"twitter:data1\" content=\"Reda\u00e7\u00e3o Aconteceu no Vale\" \/>\n\t<meta name=\"twitter:label2\" content=\"Est. tempo de leitura\" \/>\n\t<meta name=\"twitter:data2\" content=\"2 minutos\" \/>\n<script type=\"application\/ld+json\" class=\"yoast-schema-graph\">{\"@context\":\"https:\\\/\\\/schema.org\",\"@graph\":[{\"@type\":\"Article\",\"@id\":\"https:\\\/\\\/aconteceunovale.com.br\\\/portal\\\/?p=182580#article\",\"isPartOf\":{\"@id\":\"https:\\\/\\\/aconteceunovale.com.br\\\/portal\\\/?p=182580\"},\"author\":{\"name\":\"Reda\u00e7\u00e3o Aconteceu no Vale\",\"@id\":\"https:\\\/\\\/aconteceunovale.com.br\\\/portal\\\/#\\\/schema\\\/person\\\/7d2f26d1483f8a63de73da1ee0754d35\"},\"headline\":\"Gilmar Mendes suspende parte da Lei de Improbidade Administrativa\",\"datePublished\":\"2021-10-04T01:19:02+00:00\",\"dateModified\":\"2021-10-04T03:44:15+00:00\",\"mainEntityOfPage\":{\"@id\":\"https:\\\/\\\/aconteceunovale.com.br\\\/portal\\\/?p=182580\"},\"wordCount\":399,\"commentCount\":0,\"image\":{\"@id\":\"https:\\\/\\\/aconteceunovale.com.br\\\/portal\\\/?p=182580#primaryimage\"},\"thumbnailUrl\":\"https:\\\/\\\/aconteceunovale.com.br\\\/portal\\\/wp-content\\\/uploads\\\/2021\\\/10\\\/gilmar_mendes.jpg\",\"keywords\":[\"Altera\u00e7\u00f5es na Lei de Improbidade Administrativa\",\"brasil\",\"C\u00e2mara dos Deputados\",\"destaque\",\"Gilmar Mendes\",\"Gilmar Mendes suspende parte da Lei de Improbidade Administrativa\",\"improbidade administrativa\",\"Lei 2.505\",\"Lei 8.429\",\"Lei de Improbidade Administrativa\",\"ministro Gilmar Mendes\",\"Mudan\u00e7as na Lei de Improbidade Administrativa\",\"Puni\u00e7\u00e3o para agentes p\u00fablicos\",\"Puni\u00e7\u00e3o para prefeitos e governadores\",\"Senado\",\"Senador Weverton Rocha\"],\"articleSection\":[\"Brasil\",\"Elei\u00e7\u00f5es 2022\",\"Pol\u00edtica\"],\"inLanguage\":\"pt-BR\",\"potentialAction\":[{\"@type\":\"CommentAction\",\"name\":\"Comment\",\"target\":[\"https:\\\/\\\/aconteceunovale.com.br\\\/portal\\\/?p=182580#respond\"]}]},{\"@type\":\"WebPage\",\"@id\":\"https:\\\/\\\/aconteceunovale.com.br\\\/portal\\\/?p=182580\",\"url\":\"https:\\\/\\\/aconteceunovale.com.br\\\/portal\\\/?p=182580\",\"name\":\"Gilmar Mendes suspende parte da Lei de Improbidade Administrativa - Aconteceu no Vale\",\"isPartOf\":{\"@id\":\"https:\\\/\\\/aconteceunovale.com.br\\\/portal\\\/#website\"},\"primaryImageOfPage\":{\"@id\":\"https:\\\/\\\/aconteceunovale.com.br\\\/portal\\\/?p=182580#primaryimage\"},\"image\":{\"@id\":\"https:\\\/\\\/aconteceunovale.com.br\\\/portal\\\/?p=182580#primaryimage\"},\"thumbnailUrl\":\"https:\\\/\\\/aconteceunovale.com.br\\\/portal\\\/wp-content\\\/uploads\\\/2021\\\/10\\\/gilmar_mendes.jpg\",\"datePublished\":\"2021-10-04T01:19:02+00:00\",\"dateModified\":\"2021-10-04T03:44:15+00:00\",\"author\":{\"@id\":\"https:\\\/\\\/aconteceunovale.com.br\\\/portal\\\/#\\\/schema\\\/person\\\/7d2f26d1483f8a63de73da1ee0754d35\"},\"breadcrumb\":{\"@id\":\"https:\\\/\\\/aconteceunovale.com.br\\\/portal\\\/?p=182580#breadcrumb\"},\"inLanguage\":\"pt-BR\",\"potentialAction\":[{\"@type\":\"ReadAction\",\"target\":[\"https:\\\/\\\/aconteceunovale.com.br\\\/portal\\\/?p=182580\"]}]},{\"@type\":\"ImageObject\",\"inLanguage\":\"pt-BR\",\"@id\":\"https:\\\/\\\/aconteceunovale.com.br\\\/portal\\\/?p=182580#primaryimage\",\"url\":\"https:\\\/\\\/aconteceunovale.com.br\\\/portal\\\/wp-content\\\/uploads\\\/2021\\\/10\\\/gilmar_mendes.jpg\",\"contentUrl\":\"https:\\\/\\\/aconteceunovale.com.br\\\/portal\\\/wp-content\\\/uploads\\\/2021\\\/10\\\/gilmar_mendes.jpg\",\"width\":678,\"height\":406,\"caption\":\"Ministro Gilmar Mendes preside sess\u00e3o da 2\u00aa turma\"},{\"@type\":\"BreadcrumbList\",\"@id\":\"https:\\\/\\\/aconteceunovale.com.br\\\/portal\\\/?p=182580#breadcrumb\",\"itemListElement\":[{\"@type\":\"ListItem\",\"position\":1,\"name\":\"In\u00edcio\",\"item\":\"https:\\\/\\\/aconteceunovale.com.br\\\/portal\\\/\"},{\"@type\":\"ListItem\",\"position\":2,\"name\":\"Gilmar Mendes suspende parte da Lei de Improbidade Administrativa\"}]},{\"@type\":\"WebSite\",\"@id\":\"https:\\\/\\\/aconteceunovale.com.br\\\/portal\\\/#website\",\"url\":\"https:\\\/\\\/aconteceunovale.com.br\\\/portal\\\/\",\"name\":\"Aconteceu no Vale\",\"description\":\"Portal de Not\u00edcias\",\"potentialAction\":[{\"@type\":\"SearchAction\",\"target\":{\"@type\":\"EntryPoint\",\"urlTemplate\":\"https:\\\/\\\/aconteceunovale.com.br\\\/portal\\\/?s={search_term_string}\"},\"query-input\":{\"@type\":\"PropertyValueSpecification\",\"valueRequired\":true,\"valueName\":\"search_term_string\"}}],\"inLanguage\":\"pt-BR\"},{\"@type\":\"Person\",\"@id\":\"https:\\\/\\\/aconteceunovale.com.br\\\/portal\\\/#\\\/schema\\\/person\\\/7d2f26d1483f8a63de73da1ee0754d35\",\"name\":\"Reda\u00e7\u00e3o Aconteceu no Vale\",\"description\":\"Equipe de reportagem do Aconteceu no Vale, portal de not\u00edcias do Vale do Jequitinhonha, em Minas Gerais. Cobrimos as 51 cidades do Vale desde 2013. Sugest\u00f5es de pauta e pedidos de corre\u00e7\u00e3o: contato@aconteceunovale.com.br\",\"url\":\"https:\\\/\\\/aconteceunovale.com.br\\\/portal\\\/?author=4\"}]}<\/script>\n<!-- \/ Yoast SEO plugin. -->","yoast_head_json":{"title":"Gilmar Mendes suspende parte da Lei de Improbidade Administrativa - Aconteceu no Vale","robots":{"index":"index","follow":"follow","max-snippet":"max-snippet:-1","max-image-preview":"max-image-preview:large","max-video-preview":"max-video-preview:-1"},"canonical":"https:\/\/aconteceunovale.com.br\/portal\/?p=182580","og_locale":"pt_BR","og_type":"article","og_title":"Gilmar Mendes suspende parte da Lei de Improbidade Administrativa - Aconteceu no Vale","og_description":"O ministro Gilmar Mendes, do Supremo Tribunal Federal (STF), suspendeu neste s\u00e1bado (2\/10\/2021) uma parte da Lei de Improbidade Administrativa. Com a mudan\u00e7a, somente atos graves de agentes p\u00fablicos poder\u00e3o provocar a perda de direitos pol\u00edticos, como a proibi\u00e7\u00e3o de candidatar-se em elei\u00e7\u00f5es e de assumir determinados cargos p\u00fablicos. Mendes atendeu a pedido do PSB. [&hellip;]","og_url":"https:\/\/aconteceunovale.com.br\/portal\/?p=182580","og_site_name":"Aconteceu no Vale","article_publisher":"https:\/\/www.facebook.com\/aconteceunovale\/","article_published_time":"2021-10-04T01:19:02+00:00","article_modified_time":"2021-10-04T03:44:15+00:00","og_image":[{"width":678,"height":406,"url":"https:\/\/aconteceunovale.com.br\/portal\/wp-content\/uploads\/2021\/10\/gilmar_mendes.jpg","type":"image\/jpeg"}],"author":"Reda\u00e7\u00e3o Aconteceu no Vale","twitter_card":"summary_large_image","twitter_creator":"@noticiadosvales","twitter_site":"@noticiadosvales","twitter_misc":{"Escrito por":"Reda\u00e7\u00e3o Aconteceu no Vale","Est. tempo de leitura":"2 minutos"},"schema":{"@context":"https:\/\/schema.org","@graph":[{"@type":"Article","@id":"https:\/\/aconteceunovale.com.br\/portal\/?p=182580#article","isPartOf":{"@id":"https:\/\/aconteceunovale.com.br\/portal\/?p=182580"},"author":{"name":"Reda\u00e7\u00e3o Aconteceu no Vale","@id":"https:\/\/aconteceunovale.com.br\/portal\/#\/schema\/person\/7d2f26d1483f8a63de73da1ee0754d35"},"headline":"Gilmar Mendes suspende parte da Lei de Improbidade Administrativa","datePublished":"2021-10-04T01:19:02+00:00","dateModified":"2021-10-04T03:44:15+00:00","mainEntityOfPage":{"@id":"https:\/\/aconteceunovale.com.br\/portal\/?p=182580"},"wordCount":399,"commentCount":0,"image":{"@id":"https:\/\/aconteceunovale.com.br\/portal\/?p=182580#primaryimage"},"thumbnailUrl":"https:\/\/aconteceunovale.com.br\/portal\/wp-content\/uploads\/2021\/10\/gilmar_mendes.jpg","keywords":["Altera\u00e7\u00f5es na Lei de Improbidade Administrativa","brasil","C\u00e2mara dos Deputados","destaque","Gilmar Mendes","Gilmar Mendes suspende parte da Lei de Improbidade Administrativa","improbidade administrativa","Lei 2.505","Lei 8.429","Lei de Improbidade Administrativa","ministro Gilmar Mendes","Mudan\u00e7as na Lei de Improbidade Administrativa","Puni\u00e7\u00e3o para agentes p\u00fablicos","Puni\u00e7\u00e3o para prefeitos e governadores","Senado","Senador Weverton Rocha"],"articleSection":["Brasil","Elei\u00e7\u00f5es 2022","Pol\u00edtica"],"inLanguage":"pt-BR","potentialAction":[{"@type":"CommentAction","name":"Comment","target":["https:\/\/aconteceunovale.com.br\/portal\/?p=182580#respond"]}]},{"@type":"WebPage","@id":"https:\/\/aconteceunovale.com.br\/portal\/?p=182580","url":"https:\/\/aconteceunovale.com.br\/portal\/?p=182580","name":"Gilmar Mendes suspende parte da Lei de Improbidade Administrativa - Aconteceu no Vale","isPartOf":{"@id":"https:\/\/aconteceunovale.com.br\/portal\/#website"},"primaryImageOfPage":{"@id":"https:\/\/aconteceunovale.com.br\/portal\/?p=182580#primaryimage"},"image":{"@id":"https:\/\/aconteceunovale.com.br\/portal\/?p=182580#primaryimage"},"thumbnailUrl":"https:\/\/aconteceunovale.com.br\/portal\/wp-content\/uploads\/2021\/10\/gilmar_mendes.jpg","datePublished":"2021-10-04T01:19:02+00:00","dateModified":"2021-10-04T03:44:15+00:00","author":{"@id":"https:\/\/aconteceunovale.com.br\/portal\/#\/schema\/person\/7d2f26d1483f8a63de73da1ee0754d35"},"breadcrumb":{"@id":"https:\/\/aconteceunovale.com.br\/portal\/?p=182580#breadcrumb"},"inLanguage":"pt-BR","potentialAction":[{"@type":"ReadAction","target":["https:\/\/aconteceunovale.com.br\/portal\/?p=182580"]}]},{"@type":"ImageObject","inLanguage":"pt-BR","@id":"https:\/\/aconteceunovale.com.br\/portal\/?p=182580#primaryimage","url":"https:\/\/aconteceunovale.com.br\/portal\/wp-content\/uploads\/2021\/10\/gilmar_mendes.jpg","contentUrl":"https:\/\/aconteceunovale.com.br\/portal\/wp-content\/uploads\/2021\/10\/gilmar_mendes.jpg","width":678,"height":406,"caption":"Ministro Gilmar Mendes preside sess\u00e3o da 2\u00aa turma"},{"@type":"BreadcrumbList","@id":"https:\/\/aconteceunovale.com.br\/portal\/?p=182580#breadcrumb","itemListElement":[{"@type":"ListItem","position":1,"name":"In\u00edcio","item":"https:\/\/aconteceunovale.com.br\/portal\/"},{"@type":"ListItem","position":2,"name":"Gilmar Mendes suspende parte da Lei de Improbidade Administrativa"}]},{"@type":"WebSite","@id":"https:\/\/aconteceunovale.com.br\/portal\/#website","url":"https:\/\/aconteceunovale.com.br\/portal\/","name":"Aconteceu no Vale","description":"Portal de Not\u00edcias","potentialAction":[{"@type":"SearchAction","target":{"@type":"EntryPoint","urlTemplate":"https:\/\/aconteceunovale.com.br\/portal\/?s={search_term_string}"},"query-input":{"@type":"PropertyValueSpecification","valueRequired":true,"valueName":"search_term_string"}}],"inLanguage":"pt-BR"},{"@type":"Person","@id":"https:\/\/aconteceunovale.com.br\/portal\/#\/schema\/person\/7d2f26d1483f8a63de73da1ee0754d35","name":"Reda\u00e7\u00e3o Aconteceu no Vale","description":"Equipe de reportagem do Aconteceu no Vale, portal de not\u00edcias do Vale do Jequitinhonha, em Minas Gerais. Cobrimos as 51 cidades do Vale desde 2013. Sugest\u00f5es de pauta e pedidos de corre\u00e7\u00e3o: contato@aconteceunovale.com.br","url":"https:\/\/aconteceunovale.com.br\/portal\/?author=4"}]}},"_links":{"self":[{"href":"https:\/\/aconteceunovale.com.br\/portal\/index.php?rest_route=\/wp\/v2\/posts\/182580","targetHints":{"allow":["GET"]}}],"collection":[{"href":"https:\/\/aconteceunovale.com.br\/portal\/index.php?rest_route=\/wp\/v2\/posts"}],"about":[{"href":"https:\/\/aconteceunovale.com.br\/portal\/index.php?rest_route=\/wp\/v2\/types\/post"}],"author":[{"embeddable":true,"href":"https:\/\/aconteceunovale.com.br\/portal\/index.php?rest_route=\/wp\/v2\/users\/4"}],"replies":[{"embeddable":true,"href":"https:\/\/aconteceunovale.com.br\/portal\/index.php?rest_route=%2Fwp%2Fv2%2Fcomments&post=182580"}],"version-history":[{"count":1,"href":"https:\/\/aconteceunovale.com.br\/portal\/index.php?rest_route=\/wp\/v2\/posts\/182580\/revisions"}],"predecessor-version":[{"id":182582,"href":"https:\/\/aconteceunovale.com.br\/portal\/index.php?rest_route=\/wp\/v2\/posts\/182580\/revisions\/182582"}],"wp:featuredmedia":[{"embeddable":true,"href":"https:\/\/aconteceunovale.com.br\/portal\/index.php?rest_route=\/wp\/v2\/media\/182581"}],"wp:attachment":[{"href":"https:\/\/aconteceunovale.com.br\/portal\/index.php?rest_route=%2Fwp%2Fv2%2Fmedia&parent=182580"}],"wp:term":[{"taxonomy":"category","embeddable":true,"href":"https:\/\/aconteceunovale.com.br\/portal\/index.php?rest_route=%2Fwp%2Fv2%2Fcategories&post=182580"},{"taxonomy":"post_tag","embeddable":true,"href":"https:\/\/aconteceunovale.com.br\/portal\/index.php?rest_route=%2Fwp%2Fv2%2Ftags&post=182580"}],"curies":[{"name":"wp","href":"https:\/\/api.w.org\/{rel}","templated":true}]}}