{"id":182564,"date":"2021-10-03T16:08:53","date_gmt":"2021-10-03T19:08:53","guid":{"rendered":"https:\/\/aconteceunovale.com.br\/portal\/?p=182564"},"modified":"2021-10-03T16:09:34","modified_gmt":"2021-10-03T19:09:34","slug":"idoso-de-90-anos-e-detido-por-maus-tratos-e-zoofilia-no-vale-do-aco","status":"publish","type":"post","link":"https:\/\/aconteceunovale.com.br\/portal\/?p=182564","title":{"rendered":"Idoso de 90 anos \u00e9 detido por maus-tratos e zoofilia no Vale do A\u00e7o"},"content":{"rendered":"\n<p class=\"wp-block-paragraph\">Um homem de 90 anos foi detido na zona urbana de Ipaba (MG), no s\u00e1bado (2\/10\/2021), suspeito de maus-tratos e zoofilia (atos sexuais com animais). A Pol\u00edcia Militar de Meio Ambiente de Ipatinga abordou o idoso ap\u00f3s den\u00fancias e v\u00eddeos mostrando os crimes praticados por ele contra uma cadela vira-lata (sem ra\u00e7a definida).<\/p>\n\n\n\n<p class=\"wp-block-paragraph\">A cadela foi resgatada e encaminhada para um hospital veterin\u00e1rio, onde permaneceu internada devido les\u00f5es sofridas em seu \u00fatero e sangramentos. Ap\u00f3s o tratamento, o animal ser\u00e1 entregue para um cuidador.<\/p>\n\n\n\n<p class=\"wp-block-paragraph\">J\u00e1 o idoso, segundo a ocorr\u00eancia, foi encaminhado \u00e0 Delegacia de Pol\u00edcia Civil em Ipatinga. Ele receber\u00e1 multa ambiental no valor aproximado de R$ 2.000 (dois mil reais).<\/p>\n\n\n\n<figure class=\"wp-block-gallery columns-1 is-cropped wp-block-gallery-1 is-layout-flex wp-block-gallery-is-layout-flex\"><ul class=\"blocks-gallery-grid\"><li class=\"blocks-gallery-item\"><figure><img loading=\"lazy\" decoding=\"async\" width=\"678\" height=\"385\" src=\"https:\/\/aconteceunovale.com.br\/portal\/wp-content\/uploads\/2021\/10\/pm_ambiental_ipatinga_1.jpg\" alt=\"\" data-id=\"182567\" data-full-url=\"https:\/\/aconteceunovale.com.br\/portal\/wp-content\/uploads\/2021\/10\/pm_ambiental_ipatinga_1.jpg\" data-link=\"https:\/\/aconteceunovale.com.br\/portal\/?attachment_id=182567\" class=\"wp-image-182567\" srcset=\"https:\/\/aconteceunovale.com.br\/portal\/wp-content\/uploads\/2021\/10\/pm_ambiental_ipatinga_1.jpg 678w, https:\/\/aconteceunovale.com.br\/portal\/wp-content\/uploads\/2021\/10\/pm_ambiental_ipatinga_1-300x170.jpg 300w\" sizes=\"auto, (max-width: 678px) 100vw, 678px\" \/><figcaption class=\"blocks-gallery-item__caption\"><em>Foto: Divulga\u00e7\u00e3o<\/em><\/figcaption><\/figure><\/li><li class=\"blocks-gallery-item\"><figure><img loading=\"lazy\" decoding=\"async\" width=\"669\" height=\"450\" src=\"https:\/\/aconteceunovale.com.br\/portal\/wp-content\/uploads\/2021\/10\/pm_ambiental_ipatinga_2.jpg\" alt=\"\" data-id=\"182566\" data-full-url=\"https:\/\/aconteceunovale.com.br\/portal\/wp-content\/uploads\/2021\/10\/pm_ambiental_ipatinga_2.jpg\" data-link=\"https:\/\/aconteceunovale.com.br\/portal\/?attachment_id=182566\" class=\"wp-image-182566\" srcset=\"https:\/\/aconteceunovale.com.br\/portal\/wp-content\/uploads\/2021\/10\/pm_ambiental_ipatinga_2.jpg 669w, https:\/\/aconteceunovale.com.br\/portal\/wp-content\/uploads\/2021\/10\/pm_ambiental_ipatinga_2-300x202.jpg 300w, https:\/\/aconteceunovale.com.br\/portal\/wp-content\/uploads\/2021\/10\/pm_ambiental_ipatinga_2-624x420.jpg 624w\" sizes=\"auto, (max-width: 669px) 100vw, 669px\" \/><figcaption class=\"blocks-gallery-item__caption\"> <em>Foto: Divulga\u00e7\u00e3o<\/em><\/figcaption><\/figure><\/li><li class=\"blocks-gallery-item\"><figure><img loading=\"lazy\" decoding=\"async\" width=\"678\" height=\"403\" src=\"https:\/\/aconteceunovale.com.br\/portal\/wp-content\/uploads\/2021\/10\/pm_ambiental_ipatinga_3.jpg\" alt=\"\" data-id=\"182565\" data-full-url=\"https:\/\/aconteceunovale.com.br\/portal\/wp-content\/uploads\/2021\/10\/pm_ambiental_ipatinga_3.jpg\" data-link=\"https:\/\/aconteceunovale.com.br\/portal\/?attachment_id=182565\" class=\"wp-image-182565\" srcset=\"https:\/\/aconteceunovale.com.br\/portal\/wp-content\/uploads\/2021\/10\/pm_ambiental_ipatinga_3.jpg 678w, https:\/\/aconteceunovale.com.br\/portal\/wp-content\/uploads\/2021\/10\/pm_ambiental_ipatinga_3-300x178.jpg 300w\" sizes=\"auto, (max-width: 678px) 100vw, 678px\" \/><figcaption class=\"blocks-gallery-item__caption\"> <em>Foto: Divulga\u00e7\u00e3o<\/em><\/figcaption><\/figure><\/li><\/ul><\/figure>\n\n\n\n<p class=\"wp-block-paragraph\">&#8212;&#8212;&#8212;&#8212;&#8212;&#8212;<br><em>Quer receber as not\u00edcias do <strong>Aconteceu no Vale<\/strong> em primeira m\u00e3o? Siga-nos no Facebook <a rel=\"noreferrer noopener\" href=\"http:\/\/facebook.com\/aconteceunovale\" target=\"_blank\">@aconteceunovale<\/a>, Twitter <a rel=\"noreferrer noopener\" href=\"https:\/\/twitter.com\/noticiadosvales\" target=\"_blank\">@noticiadosvales<\/a> e Instagram <a rel=\"noreferrer noopener\" href=\"https:\/\/www.instagram.com\/aconteceunovale\" target=\"_blank\">@aconteceunovale<\/a>.<\/em><\/p>\n","protected":false},"excerpt":{"rendered":"<p>Um homem de 90 anos foi detido na zona urbana de Ipaba (MG), no s\u00e1bado (2\/10\/2021), suspeito de maus-tratos e zoofilia (atos sexuais com animais). A Pol\u00edcia Militar de Meio Ambiente de Ipatinga abordou o idoso ap\u00f3s den\u00fancias e v\u00eddeos mostrando os crimes praticados por ele contra uma cadela vira-lata (sem ra\u00e7a definida). A cadela [&hellip;]<\/p>\n","protected":false},"author":4,"featured_media":182566,"comment_status":"open","ping_status":"closed","sticky":false,"template":"","format":"standard","meta":{"amp_status":"","footnotes":""},"categories":[121],"tags":[252333,252332,252334,252335,201,252336],"class_list":["post-182564","post","type-post","status-publish","format-standard","has-post-thumbnail","hentry","category-leste","tag-idoso-de-90-anos-e-detido-por-maus-tratos-e-zoofilia-em-ipaba","tag-idoso-de-90-anos-e-detido-por-maus-tratos-e-zoofilia-no-vale-do-aco","tag-idoso-preso-em-ipaba","tag-idoso-preso-por-maus-tratos-contra-cadela-em-ipaba","tag-ipatinga","tag-policia-militar-de-meio-ambiente-de-ipatinga"],"yoast_head":"<!-- This site is optimized with the Yoast SEO plugin v28.3 - https:\/\/yoast.com\/product\/yoast-seo-wordpress\/ -->\n<title>Idoso de 90 anos \u00e9 detido por maus-tratos e zoofilia no Vale do A\u00e7o - Aconteceu no Vale<\/title>\n<meta name=\"robots\" content=\"index, follow, max-snippet:-1, max-image-preview:large, max-video-preview:-1\" \/>\n<link rel=\"canonical\" href=\"https:\/\/aconteceunovale.com.br\/portal\/?p=182564\" \/>\n<meta property=\"og:locale\" content=\"pt_BR\" \/>\n<meta property=\"og:type\" content=\"article\" \/>\n<meta property=\"og:title\" content=\"Idoso de 90 anos \u00e9 detido por maus-tratos e zoofilia no Vale do A\u00e7o - Aconteceu no Vale\" \/>\n<meta property=\"og:description\" content=\"Um homem de 90 anos foi detido na zona urbana de Ipaba (MG), no s\u00e1bado (2\/10\/2021), suspeito de maus-tratos e zoofilia (atos sexuais com animais). A Pol\u00edcia Militar de Meio Ambiente de Ipatinga abordou o idoso ap\u00f3s den\u00fancias e v\u00eddeos mostrando os crimes praticados por ele contra uma cadela vira-lata (sem ra\u00e7a definida). A cadela [&hellip;]\" \/>\n<meta property=\"og:url\" content=\"https:\/\/aconteceunovale.com.br\/portal\/?p=182564\" \/>\n<meta property=\"og:site_name\" content=\"Aconteceu no Vale\" \/>\n<meta property=\"article:publisher\" content=\"https:\/\/www.facebook.com\/aconteceunovale\/\" \/>\n<meta property=\"article:published_time\" content=\"2021-10-03T19:08:53+00:00\" \/>\n<meta property=\"article:modified_time\" content=\"2021-10-03T19:09:34+00:00\" \/>\n<meta property=\"og:image\" content=\"https:\/\/aconteceunovale.com.br\/portal\/wp-content\/uploads\/2021\/10\/pm_ambiental_ipatinga_2.jpg\" \/>\n\t<meta property=\"og:image:width\" content=\"669\" \/>\n\t<meta property=\"og:image:height\" content=\"450\" \/>\n\t<meta property=\"og:image:type\" content=\"image\/jpeg\" \/>\n<meta name=\"author\" content=\"Reda\u00e7\u00e3o Aconteceu no Vale\" \/>\n<meta name=\"twitter:card\" content=\"summary_large_image\" \/>\n<meta name=\"twitter:creator\" content=\"@noticiadosvales\" \/>\n<meta name=\"twitter:site\" content=\"@noticiadosvales\" \/>\n<meta name=\"twitter:label1\" content=\"Escrito por\" \/>\n\t<meta name=\"twitter:data1\" content=\"Reda\u00e7\u00e3o Aconteceu no Vale\" \/>\n\t<meta name=\"twitter:label2\" content=\"Est. tempo de leitura\" \/>\n\t<meta name=\"twitter:data2\" content=\"1 minuto\" \/>\n<script type=\"application\/ld+json\" class=\"yoast-schema-graph\">{\"@context\":\"https:\\\/\\\/schema.org\",\"@graph\":[{\"@type\":\"Article\",\"@id\":\"https:\\\/\\\/aconteceunovale.com.br\\\/portal\\\/?p=182564#article\",\"isPartOf\":{\"@id\":\"https:\\\/\\\/aconteceunovale.com.br\\\/portal\\\/?p=182564\"},\"author\":{\"name\":\"Reda\u00e7\u00e3o Aconteceu no Vale\",\"@id\":\"https:\\\/\\\/aconteceunovale.com.br\\\/portal\\\/#\\\/schema\\\/person\\\/7d2f26d1483f8a63de73da1ee0754d35\"},\"headline\":\"Idoso de 90 anos \u00e9 detido por maus-tratos e zoofilia no Vale do A\u00e7o\",\"datePublished\":\"2021-10-03T19:08:53+00:00\",\"dateModified\":\"2021-10-03T19:09:34+00:00\",\"mainEntityOfPage\":{\"@id\":\"https:\\\/\\\/aconteceunovale.com.br\\\/portal\\\/?p=182564\"},\"wordCount\":164,\"commentCount\":0,\"image\":{\"@id\":\"https:\\\/\\\/aconteceunovale.com.br\\\/portal\\\/?p=182564#primaryimage\"},\"thumbnailUrl\":\"https:\\\/\\\/aconteceunovale.com.br\\\/portal\\\/wp-content\\\/uploads\\\/2021\\\/10\\\/pm_ambiental_ipatinga_2.jpg\",\"keywords\":[\"Idoso de 90 anos \u00e9 detido por maus-tratos e zoofilia em Ipaba\",\"Idoso de 90 anos \u00e9 detido por maus-tratos e zoofilia no Vale do A\u00e7o\",\"Idoso preso em Ipaba\",\"Idoso preso por maus-tratos contra cadela em Ipaba\",\"Ipatinga\",\"Pol\u00edcia Militar de Meio Ambiente de Ipatinga\"],\"articleSection\":[\"Leste de Minas\"],\"inLanguage\":\"pt-BR\",\"potentialAction\":[{\"@type\":\"CommentAction\",\"name\":\"Comment\",\"target\":[\"https:\\\/\\\/aconteceunovale.com.br\\\/portal\\\/?p=182564#respond\"]}]},{\"@type\":\"WebPage\",\"@id\":\"https:\\\/\\\/aconteceunovale.com.br\\\/portal\\\/?p=182564\",\"url\":\"https:\\\/\\\/aconteceunovale.com.br\\\/portal\\\/?p=182564\",\"name\":\"Idoso de 90 anos \u00e9 detido por maus-tratos e zoofilia no Vale do A\u00e7o - Aconteceu no Vale\",\"isPartOf\":{\"@id\":\"https:\\\/\\\/aconteceunovale.com.br\\\/portal\\\/#website\"},\"primaryImageOfPage\":{\"@id\":\"https:\\\/\\\/aconteceunovale.com.br\\\/portal\\\/?p=182564#primaryimage\"},\"image\":{\"@id\":\"https:\\\/\\\/aconteceunovale.com.br\\\/portal\\\/?p=182564#primaryimage\"},\"thumbnailUrl\":\"https:\\\/\\\/aconteceunovale.com.br\\\/portal\\\/wp-content\\\/uploads\\\/2021\\\/10\\\/pm_ambiental_ipatinga_2.jpg\",\"datePublished\":\"2021-10-03T19:08:53+00:00\",\"dateModified\":\"2021-10-03T19:09:34+00:00\",\"author\":{\"@id\":\"https:\\\/\\\/aconteceunovale.com.br\\\/portal\\\/#\\\/schema\\\/person\\\/7d2f26d1483f8a63de73da1ee0754d35\"},\"breadcrumb\":{\"@id\":\"https:\\\/\\\/aconteceunovale.com.br\\\/portal\\\/?p=182564#breadcrumb\"},\"inLanguage\":\"pt-BR\",\"potentialAction\":[{\"@type\":\"ReadAction\",\"target\":[\"https:\\\/\\\/aconteceunovale.com.br\\\/portal\\\/?p=182564\"]}]},{\"@type\":\"ImageObject\",\"inLanguage\":\"pt-BR\",\"@id\":\"https:\\\/\\\/aconteceunovale.com.br\\\/portal\\\/?p=182564#primaryimage\",\"url\":\"https:\\\/\\\/aconteceunovale.com.br\\\/portal\\\/wp-content\\\/uploads\\\/2021\\\/10\\\/pm_ambiental_ipatinga_2.jpg\",\"contentUrl\":\"https:\\\/\\\/aconteceunovale.com.br\\\/portal\\\/wp-content\\\/uploads\\\/2021\\\/10\\\/pm_ambiental_ipatinga_2.jpg\",\"width\":669,\"height\":450},{\"@type\":\"BreadcrumbList\",\"@id\":\"https:\\\/\\\/aconteceunovale.com.br\\\/portal\\\/?p=182564#breadcrumb\",\"itemListElement\":[{\"@type\":\"ListItem\",\"position\":1,\"name\":\"In\u00edcio\",\"item\":\"https:\\\/\\\/aconteceunovale.com.br\\\/portal\\\/\"},{\"@type\":\"ListItem\",\"position\":2,\"name\":\"Idoso de 90 anos \u00e9 detido por maus-tratos e zoofilia no Vale do A\u00e7o\"}]},{\"@type\":\"WebSite\",\"@id\":\"https:\\\/\\\/aconteceunovale.com.br\\\/portal\\\/#website\",\"url\":\"https:\\\/\\\/aconteceunovale.com.br\\\/portal\\\/\",\"name\":\"Aconteceu no Vale\",\"description\":\"Portal de Not\u00edcias\",\"potentialAction\":[{\"@type\":\"SearchAction\",\"target\":{\"@type\":\"EntryPoint\",\"urlTemplate\":\"https:\\\/\\\/aconteceunovale.com.br\\\/portal\\\/?s={search_term_string}\"},\"query-input\":{\"@type\":\"PropertyValueSpecification\",\"valueRequired\":true,\"valueName\":\"search_term_string\"}}],\"inLanguage\":\"pt-BR\"},{\"@type\":\"Person\",\"@id\":\"https:\\\/\\\/aconteceunovale.com.br\\\/portal\\\/#\\\/schema\\\/person\\\/7d2f26d1483f8a63de73da1ee0754d35\",\"name\":\"Reda\u00e7\u00e3o Aconteceu no Vale\",\"description\":\"Equipe de reportagem do Aconteceu no Vale, portal de not\u00edcias do Vale do Jequitinhonha, em Minas Gerais. Cobrimos as 51 cidades do Vale desde 2013. Sugest\u00f5es de pauta e pedidos de corre\u00e7\u00e3o: contato@aconteceunovale.com.br\",\"url\":\"https:\\\/\\\/aconteceunovale.com.br\\\/portal\\\/?author=4\"}]}<\/script>\n<!-- \/ Yoast SEO plugin. -->","yoast_head_json":{"title":"Idoso de 90 anos \u00e9 detido por maus-tratos e zoofilia no Vale do A\u00e7o - Aconteceu no Vale","robots":{"index":"index","follow":"follow","max-snippet":"max-snippet:-1","max-image-preview":"max-image-preview:large","max-video-preview":"max-video-preview:-1"},"canonical":"https:\/\/aconteceunovale.com.br\/portal\/?p=182564","og_locale":"pt_BR","og_type":"article","og_title":"Idoso de 90 anos \u00e9 detido por maus-tratos e zoofilia no Vale do A\u00e7o - Aconteceu no Vale","og_description":"Um homem de 90 anos foi detido na zona urbana de Ipaba (MG), no s\u00e1bado (2\/10\/2021), suspeito de maus-tratos e zoofilia (atos sexuais com animais). A Pol\u00edcia Militar de Meio Ambiente de Ipatinga abordou o idoso ap\u00f3s den\u00fancias e v\u00eddeos mostrando os crimes praticados por ele contra uma cadela vira-lata (sem ra\u00e7a definida). A cadela [&hellip;]","og_url":"https:\/\/aconteceunovale.com.br\/portal\/?p=182564","og_site_name":"Aconteceu no Vale","article_publisher":"https:\/\/www.facebook.com\/aconteceunovale\/","article_published_time":"2021-10-03T19:08:53+00:00","article_modified_time":"2021-10-03T19:09:34+00:00","og_image":[{"width":669,"height":450,"url":"https:\/\/aconteceunovale.com.br\/portal\/wp-content\/uploads\/2021\/10\/pm_ambiental_ipatinga_2.jpg","type":"image\/jpeg"}],"author":"Reda\u00e7\u00e3o Aconteceu no Vale","twitter_card":"summary_large_image","twitter_creator":"@noticiadosvales","twitter_site":"@noticiadosvales","twitter_misc":{"Escrito por":"Reda\u00e7\u00e3o Aconteceu no Vale","Est. tempo de leitura":"1 minuto"},"schema":{"@context":"https:\/\/schema.org","@graph":[{"@type":"Article","@id":"https:\/\/aconteceunovale.com.br\/portal\/?p=182564#article","isPartOf":{"@id":"https:\/\/aconteceunovale.com.br\/portal\/?p=182564"},"author":{"name":"Reda\u00e7\u00e3o Aconteceu no Vale","@id":"https:\/\/aconteceunovale.com.br\/portal\/#\/schema\/person\/7d2f26d1483f8a63de73da1ee0754d35"},"headline":"Idoso de 90 anos \u00e9 detido por maus-tratos e zoofilia no Vale do A\u00e7o","datePublished":"2021-10-03T19:08:53+00:00","dateModified":"2021-10-03T19:09:34+00:00","mainEntityOfPage":{"@id":"https:\/\/aconteceunovale.com.br\/portal\/?p=182564"},"wordCount":164,"commentCount":0,"image":{"@id":"https:\/\/aconteceunovale.com.br\/portal\/?p=182564#primaryimage"},"thumbnailUrl":"https:\/\/aconteceunovale.com.br\/portal\/wp-content\/uploads\/2021\/10\/pm_ambiental_ipatinga_2.jpg","keywords":["Idoso de 90 anos \u00e9 detido por maus-tratos e zoofilia em Ipaba","Idoso de 90 anos \u00e9 detido por maus-tratos e zoofilia no Vale do A\u00e7o","Idoso preso em Ipaba","Idoso preso por maus-tratos contra cadela em Ipaba","Ipatinga","Pol\u00edcia Militar de Meio Ambiente de Ipatinga"],"articleSection":["Leste de Minas"],"inLanguage":"pt-BR","potentialAction":[{"@type":"CommentAction","name":"Comment","target":["https:\/\/aconteceunovale.com.br\/portal\/?p=182564#respond"]}]},{"@type":"WebPage","@id":"https:\/\/aconteceunovale.com.br\/portal\/?p=182564","url":"https:\/\/aconteceunovale.com.br\/portal\/?p=182564","name":"Idoso de 90 anos \u00e9 detido por maus-tratos e zoofilia no Vale do A\u00e7o - Aconteceu no Vale","isPartOf":{"@id":"https:\/\/aconteceunovale.com.br\/portal\/#website"},"primaryImageOfPage":{"@id":"https:\/\/aconteceunovale.com.br\/portal\/?p=182564#primaryimage"},"image":{"@id":"https:\/\/aconteceunovale.com.br\/portal\/?p=182564#primaryimage"},"thumbnailUrl":"https:\/\/aconteceunovale.com.br\/portal\/wp-content\/uploads\/2021\/10\/pm_ambiental_ipatinga_2.jpg","datePublished":"2021-10-03T19:08:53+00:00","dateModified":"2021-10-03T19:09:34+00:00","author":{"@id":"https:\/\/aconteceunovale.com.br\/portal\/#\/schema\/person\/7d2f26d1483f8a63de73da1ee0754d35"},"breadcrumb":{"@id":"https:\/\/aconteceunovale.com.br\/portal\/?p=182564#breadcrumb"},"inLanguage":"pt-BR","potentialAction":[{"@type":"ReadAction","target":["https:\/\/aconteceunovale.com.br\/portal\/?p=182564"]}]},{"@type":"ImageObject","inLanguage":"pt-BR","@id":"https:\/\/aconteceunovale.com.br\/portal\/?p=182564#primaryimage","url":"https:\/\/aconteceunovale.com.br\/portal\/wp-content\/uploads\/2021\/10\/pm_ambiental_ipatinga_2.jpg","contentUrl":"https:\/\/aconteceunovale.com.br\/portal\/wp-content\/uploads\/2021\/10\/pm_ambiental_ipatinga_2.jpg","width":669,"height":450},{"@type":"BreadcrumbList","@id":"https:\/\/aconteceunovale.com.br\/portal\/?p=182564#breadcrumb","itemListElement":[{"@type":"ListItem","position":1,"name":"In\u00edcio","item":"https:\/\/aconteceunovale.com.br\/portal\/"},{"@type":"ListItem","position":2,"name":"Idoso de 90 anos \u00e9 detido por maus-tratos e zoofilia no Vale do A\u00e7o"}]},{"@type":"WebSite","@id":"https:\/\/aconteceunovale.com.br\/portal\/#website","url":"https:\/\/aconteceunovale.com.br\/portal\/","name":"Aconteceu no Vale","description":"Portal de Not\u00edcias","potentialAction":[{"@type":"SearchAction","target":{"@type":"EntryPoint","urlTemplate":"https:\/\/aconteceunovale.com.br\/portal\/?s={search_term_string}"},"query-input":{"@type":"PropertyValueSpecification","valueRequired":true,"valueName":"search_term_string"}}],"inLanguage":"pt-BR"},{"@type":"Person","@id":"https:\/\/aconteceunovale.com.br\/portal\/#\/schema\/person\/7d2f26d1483f8a63de73da1ee0754d35","name":"Reda\u00e7\u00e3o Aconteceu no Vale","description":"Equipe de reportagem do Aconteceu no Vale, portal de not\u00edcias do Vale do Jequitinhonha, em Minas Gerais. Cobrimos as 51 cidades do Vale desde 2013. Sugest\u00f5es de pauta e pedidos de corre\u00e7\u00e3o: contato@aconteceunovale.com.br","url":"https:\/\/aconteceunovale.com.br\/portal\/?author=4"}]}},"_links":{"self":[{"href":"https:\/\/aconteceunovale.com.br\/portal\/index.php?rest_route=\/wp\/v2\/posts\/182564","targetHints":{"allow":["GET"]}}],"collection":[{"href":"https:\/\/aconteceunovale.com.br\/portal\/index.php?rest_route=\/wp\/v2\/posts"}],"about":[{"href":"https:\/\/aconteceunovale.com.br\/portal\/index.php?rest_route=\/wp\/v2\/types\/post"}],"author":[{"embeddable":true,"href":"https:\/\/aconteceunovale.com.br\/portal\/index.php?rest_route=\/wp\/v2\/users\/4"}],"replies":[{"embeddable":true,"href":"https:\/\/aconteceunovale.com.br\/portal\/index.php?rest_route=%2Fwp%2Fv2%2Fcomments&post=182564"}],"version-history":[{"count":1,"href":"https:\/\/aconteceunovale.com.br\/portal\/index.php?rest_route=\/wp\/v2\/posts\/182564\/revisions"}],"predecessor-version":[{"id":182568,"href":"https:\/\/aconteceunovale.com.br\/portal\/index.php?rest_route=\/wp\/v2\/posts\/182564\/revisions\/182568"}],"wp:featuredmedia":[{"embeddable":true,"href":"https:\/\/aconteceunovale.com.br\/portal\/index.php?rest_route=\/wp\/v2\/media\/182566"}],"wp:attachment":[{"href":"https:\/\/aconteceunovale.com.br\/portal\/index.php?rest_route=%2Fwp%2Fv2%2Fmedia&parent=182564"}],"wp:term":[{"taxonomy":"category","embeddable":true,"href":"https:\/\/aconteceunovale.com.br\/portal\/index.php?rest_route=%2Fwp%2Fv2%2Fcategories&post=182564"},{"taxonomy":"post_tag","embeddable":true,"href":"https:\/\/aconteceunovale.com.br\/portal\/index.php?rest_route=%2Fwp%2Fv2%2Ftags&post=182564"}],"curies":[{"name":"wp","href":"https:\/\/api.w.org\/{rel}","templated":true}]}}