{"id":182538,"date":"2021-10-03T13:41:19","date_gmt":"2021-10-03T16:41:19","guid":{"rendered":"https:\/\/aconteceunovale.com.br\/portal\/?p=182538"},"modified":"2021-10-03T14:01:20","modified_gmt":"2021-10-03T17:01:20","slug":"colisao-entre-veiculos-deixa-dois-mortos-e-tres-feridos-no-vale-do-aco","status":"publish","type":"post","link":"https:\/\/aconteceunovale.com.br\/portal\/?p=182538","title":{"rendered":"Colis\u00e3o entre ve\u00edculos deixa dois mortos e tr\u00eas feridos no Leste de Minas"},"content":{"rendered":"\n<p class=\"wp-block-paragraph\">Duas pessoas morreram e outras tr\u00eas ficaram feridas ap\u00f3s a colis\u00e3o entre dois carros na LMG-425, no munic\u00edpio de Bom Jesus do Galho, na noite de s\u00e1bado (2\/10\/2021). Segundo informa\u00e7\u00f5es do Corpo de Bombeiros, a condutora de um Honda Civic, licenciado em Ipatinga, seguia no sentido Pingo D&#8217;\u00c1gua, quando tentou desviar de um caminh\u00e3o e atingiu um VW Polo, de Caratinga, na altura do km 22 da rodovia. O motorista de um terceiro ve\u00edculo, um VW Gol, perdeu o controle e desceu em um barranco de aproximadamente seis metros.<\/p>\n\n\n\n<figure class=\"wp-block-gallery columns-1 is-cropped wp-block-gallery-1 is-layout-flex wp-block-gallery-is-layout-flex\"><ul class=\"blocks-gallery-grid\"><li class=\"blocks-gallery-item\"><figure><img loading=\"lazy\" decoding=\"async\" width=\"678\" height=\"405\" src=\"https:\/\/aconteceunovale.com.br\/portal\/wp-content\/uploads\/2021\/10\/acidente_vale_do_aco_1.png\" alt=\"\" data-id=\"182539\" data-full-url=\"https:\/\/aconteceunovale.com.br\/portal\/wp-content\/uploads\/2021\/10\/acidente_vale_do_aco_1.png\" data-link=\"https:\/\/aconteceunovale.com.br\/portal\/?attachment_id=182539\" class=\"wp-image-182539\" srcset=\"https:\/\/aconteceunovale.com.br\/portal\/wp-content\/uploads\/2021\/10\/acidente_vale_do_aco_1.png 678w, https:\/\/aconteceunovale.com.br\/portal\/wp-content\/uploads\/2021\/10\/acidente_vale_do_aco_1-300x179.png 300w\" sizes=\"auto, (max-width: 678px) 100vw, 678px\" \/><figcaption class=\"blocks-gallery-item__caption\"><em>Foto: Divulga\u00e7\u00e3o \/ Corpo de Bombeiros<\/em><\/figcaption><\/figure><\/li><\/ul><\/figure>\n\n\n\n<p class=\"wp-block-paragraph\">Com o impacto do acidente, dois passageiros do Honda Civic, identificados como Jos\u00e9 Albertino, de 69 anos, e Rutel\u00e9ia da Silva, de 57, ficaram gravemente feridos e morreram. A motorista do mesmo ve\u00edculo, de iniciais L. da S. S, seu companheiro V. P. dos S. e o condutor do VW Polo, G.R.D.R, foram encaminhados para o Hospital M\u00e1rcio Cunha, em Ipatinga. Os ocupantes do Gol, J.C.S e sua filha, n\u00e3o se feriram.<\/p>\n\n\n\n<p class=\"wp-block-paragraph\">A ocorr\u00eancia foi registrada pela Pol\u00edcia Militar Rodovi\u00e1ria e as causas do acidente ser\u00e3o apuradas.<\/p>\n\n\n\n<figure class=\"wp-block-gallery columns-1 is-cropped wp-block-gallery-2 is-layout-flex wp-block-gallery-is-layout-flex\"><ul class=\"blocks-gallery-grid\"><li class=\"blocks-gallery-item\"><figure><img loading=\"lazy\" decoding=\"async\" width=\"678\" height=\"428\" src=\"https:\/\/aconteceunovale.com.br\/portal\/wp-content\/uploads\/2021\/10\/acidente_vale_do_aco_2.png\" alt=\"\" data-id=\"182542\" data-full-url=\"https:\/\/aconteceunovale.com.br\/portal\/wp-content\/uploads\/2021\/10\/acidente_vale_do_aco_2.png\" data-link=\"https:\/\/aconteceunovale.com.br\/portal\/?attachment_id=182542\" class=\"wp-image-182542\" srcset=\"https:\/\/aconteceunovale.com.br\/portal\/wp-content\/uploads\/2021\/10\/acidente_vale_do_aco_2.png 678w, https:\/\/aconteceunovale.com.br\/portal\/wp-content\/uploads\/2021\/10\/acidente_vale_do_aco_2-300x189.png 300w, https:\/\/aconteceunovale.com.br\/portal\/wp-content\/uploads\/2021\/10\/acidente_vale_do_aco_2-665x420.png 665w\" sizes=\"auto, (max-width: 678px) 100vw, 678px\" \/><figcaption class=\"blocks-gallery-item__caption\"><em>Foto: Divulga\u00e7\u00e3o \/ Corpo de Bombeiros<\/em><\/figcaption><\/figure><\/li><li class=\"blocks-gallery-item\"><figure><img loading=\"lazy\" decoding=\"async\" width=\"678\" height=\"435\" src=\"https:\/\/aconteceunovale.com.br\/portal\/wp-content\/uploads\/2021\/10\/acidente_vale_do_aco_3.png\" alt=\"\" data-id=\"182541\" data-full-url=\"https:\/\/aconteceunovale.com.br\/portal\/wp-content\/uploads\/2021\/10\/acidente_vale_do_aco_3.png\" data-link=\"https:\/\/aconteceunovale.com.br\/portal\/?attachment_id=182541\" class=\"wp-image-182541\" srcset=\"https:\/\/aconteceunovale.com.br\/portal\/wp-content\/uploads\/2021\/10\/acidente_vale_do_aco_3.png 678w, https:\/\/aconteceunovale.com.br\/portal\/wp-content\/uploads\/2021\/10\/acidente_vale_do_aco_3-300x192.png 300w, https:\/\/aconteceunovale.com.br\/portal\/wp-content\/uploads\/2021\/10\/acidente_vale_do_aco_3-655x420.png 655w\" sizes=\"auto, (max-width: 678px) 100vw, 678px\" \/><figcaption class=\"blocks-gallery-item__caption\"><em>Foto: Divulga\u00e7\u00e3o \/ Corpo de Bombeiros<\/em><\/figcaption><\/figure><\/li><li class=\"blocks-gallery-item\"><figure><img loading=\"lazy\" decoding=\"async\" width=\"678\" height=\"427\" src=\"https:\/\/aconteceunovale.com.br\/portal\/wp-content\/uploads\/2021\/10\/acidente_vale_do_aco_4.png\" alt=\"\" data-id=\"182540\" data-full-url=\"https:\/\/aconteceunovale.com.br\/portal\/wp-content\/uploads\/2021\/10\/acidente_vale_do_aco_4.png\" data-link=\"https:\/\/aconteceunovale.com.br\/portal\/?attachment_id=182540\" class=\"wp-image-182540\" srcset=\"https:\/\/aconteceunovale.com.br\/portal\/wp-content\/uploads\/2021\/10\/acidente_vale_do_aco_4.png 678w, https:\/\/aconteceunovale.com.br\/portal\/wp-content\/uploads\/2021\/10\/acidente_vale_do_aco_4-300x189.png 300w, https:\/\/aconteceunovale.com.br\/portal\/wp-content\/uploads\/2021\/10\/acidente_vale_do_aco_4-667x420.png 667w\" sizes=\"auto, (max-width: 678px) 100vw, 678px\" \/><figcaption class=\"blocks-gallery-item__caption\"><em>Foto: Divulga\u00e7\u00e3o \/ Corpo de Bombeiros<\/em><\/figcaption><\/figure><\/li><\/ul><\/figure>\n\n\n\n<h1 class=\"wp-block-heading\">Outro acidente na regi\u00e3o<\/h1>\n\n\n\n<p class=\"wp-block-paragraph\">Um homem de 59 anos morreu ap\u00f3s ser atropelado por um carro na LMG-760, no munic\u00edpio de Marli\u00e9ria, na noite de ontem (2\/10). Segundo o Corpo de Bombeiros, Jos\u00e9 Coelho de Carvalho ficou gravemente ferido e morreu no local.<\/p>\n\n\n\n<p class=\"wp-block-paragraph\">O condutor do autom\u00f3vel foi submetido ao teste do etil\u00f4metro, sendo constatado que ele n\u00e3o havia ingerido bebida alco\u00f3lica. A Pol\u00edcia Rodovi\u00e1ria registrou a ocorr\u00eancia e o caso ser\u00e1 investigado pela Pol\u00edcia Civil.<\/p>\n\n\n\n<p class=\"wp-block-paragraph\">&#8212;&#8212;&#8212;&#8212;&#8212;&#8212;<br><em>Quer receber as not\u00edcias do <strong>Aconteceu no Vale<\/strong> em primeira m\u00e3o? Siga-nos no Facebook <a rel=\"noreferrer noopener\" href=\"http:\/\/facebook.com\/aconteceunovale\" target=\"_blank\">@aconteceunovale<\/a>, Twitter <a rel=\"noreferrer noopener\" href=\"https:\/\/twitter.com\/noticiadosvales\" target=\"_blank\">@noticiadosvales<\/a> e Instagram <a rel=\"noreferrer noopener\" href=\"https:\/\/www.instagram.com\/aconteceunovale\" target=\"_blank\">@aconteceunovale<\/a>.<\/em><\/p>\n","protected":false},"excerpt":{"rendered":"<p>Duas pessoas morreram e outras tr\u00eas ficaram feridas ap\u00f3s a colis\u00e3o entre dois carros na LMG-425, no munic\u00edpio de Bom Jesus do Galho, na noite de s\u00e1bado (2\/10\/2021). Segundo informa\u00e7\u00f5es do Corpo de Bombeiros, a condutora de um Honda Civic, licenciado em Ipatinga, seguia no sentido Pingo D&#8217;\u00c1gua, quando tentou desviar de um caminh\u00e3o e [&hellip;]<\/p>\n","protected":false},"author":4,"featured_media":182539,"comment_status":"open","ping_status":"closed","sticky":false,"template":"","format":"standard","meta":{"amp_status":"","footnotes":""},"categories":[121],"tags":[252313,252314,87884,252312,252309,252311,252319,87883,237,252308,252318,201,252316,252320,30929,252310,154607,252315,1742,973,252317,122206],"class_list":["post-182538","post","type-post","status-publish","format-standard","has-post-thumbnail","hentry","category-leste","tag-acidente-com-honda-civic-de-ipatinga","tag-acidente-com-vw-polo-de-caratinga","tag-acidente-em-marlieria","tag-acidente-entre-honda-civic-e-vw-polo-na-lmg-425","tag-acidente-na-lmg-425","tag-acidente-na-lmg-425-no-vale-do-aco","tag-acidente-na-lmg-760","tag-acidente-na-lmg-760-em-marlieria","tag-caratinga","tag-colisao-entre-veiculos-deixa-dois-mortos-e-tres-feridos-no-vale-do-aco","tag-giliard-rodrigues-dias-reis","tag-ipatinga","tag-jose-albertino","tag-jose-coelho-de-carvalho","tag-junior-cesar-santos","tag-lmg-425","tag-lmg-760","tag-luciene-da-silva-santos","tag-marlieria","tag-olhos-dagua","tag-ruteleia-da-silva","tag-valdemir-pereira-dos-santos"],"yoast_head":"<!-- This site is optimized with the Yoast SEO plugin v28.3 - https:\/\/yoast.com\/product\/yoast-seo-wordpress\/ -->\n<title>Colis\u00e3o entre ve\u00edculos deixa dois mortos e tr\u00eas feridos no Leste de Minas - Aconteceu no Vale<\/title>\n<meta name=\"robots\" content=\"index, follow, max-snippet:-1, max-image-preview:large, max-video-preview:-1\" \/>\n<link rel=\"canonical\" href=\"https:\/\/aconteceunovale.com.br\/portal\/?p=182538\" \/>\n<meta property=\"og:locale\" content=\"pt_BR\" \/>\n<meta property=\"og:type\" content=\"article\" \/>\n<meta property=\"og:title\" content=\"Colis\u00e3o entre ve\u00edculos deixa dois mortos e tr\u00eas feridos no Leste de Minas - Aconteceu no Vale\" \/>\n<meta property=\"og:description\" content=\"Duas pessoas morreram e outras tr\u00eas ficaram feridas ap\u00f3s a colis\u00e3o entre dois carros na LMG-425, no munic\u00edpio de Bom Jesus do Galho, na noite de s\u00e1bado (2\/10\/2021). Segundo informa\u00e7\u00f5es do Corpo de Bombeiros, a condutora de um Honda Civic, licenciado em Ipatinga, seguia no sentido Pingo D&#8217;\u00c1gua, quando tentou desviar de um caminh\u00e3o e [&hellip;]\" \/>\n<meta property=\"og:url\" content=\"https:\/\/aconteceunovale.com.br\/portal\/?p=182538\" \/>\n<meta property=\"og:site_name\" content=\"Aconteceu no Vale\" \/>\n<meta property=\"article:publisher\" content=\"https:\/\/www.facebook.com\/aconteceunovale\/\" \/>\n<meta property=\"article:published_time\" content=\"2021-10-03T16:41:19+00:00\" \/>\n<meta property=\"article:modified_time\" content=\"2021-10-03T17:01:20+00:00\" \/>\n<meta property=\"og:image\" content=\"https:\/\/aconteceunovale.com.br\/portal\/wp-content\/uploads\/2021\/10\/acidente_vale_do_aco_1.png\" \/>\n\t<meta property=\"og:image:width\" content=\"678\" \/>\n\t<meta property=\"og:image:height\" content=\"405\" \/>\n\t<meta property=\"og:image:type\" content=\"image\/png\" \/>\n<meta name=\"author\" content=\"Reda\u00e7\u00e3o Aconteceu no Vale\" \/>\n<meta name=\"twitter:card\" content=\"summary_large_image\" \/>\n<meta name=\"twitter:creator\" content=\"@noticiadosvales\" \/>\n<meta name=\"twitter:site\" content=\"@noticiadosvales\" \/>\n<meta name=\"twitter:label1\" content=\"Escrito por\" \/>\n\t<meta name=\"twitter:data1\" content=\"Reda\u00e7\u00e3o Aconteceu no Vale\" \/>\n\t<meta name=\"twitter:label2\" content=\"Est. tempo de leitura\" \/>\n\t<meta name=\"twitter:data2\" content=\"2 minutos\" \/>\n<script type=\"application\/ld+json\" class=\"yoast-schema-graph\">{\"@context\":\"https:\\\/\\\/schema.org\",\"@graph\":[{\"@type\":\"Article\",\"@id\":\"https:\\\/\\\/aconteceunovale.com.br\\\/portal\\\/?p=182538#article\",\"isPartOf\":{\"@id\":\"https:\\\/\\\/aconteceunovale.com.br\\\/portal\\\/?p=182538\"},\"author\":{\"name\":\"Reda\u00e7\u00e3o Aconteceu no Vale\",\"@id\":\"https:\\\/\\\/aconteceunovale.com.br\\\/portal\\\/#\\\/schema\\\/person\\\/7d2f26d1483f8a63de73da1ee0754d35\"},\"headline\":\"Colis\u00e3o entre ve\u00edculos deixa dois mortos e tr\u00eas feridos no Leste de Minas\",\"datePublished\":\"2021-10-03T16:41:19+00:00\",\"dateModified\":\"2021-10-03T17:01:20+00:00\",\"mainEntityOfPage\":{\"@id\":\"https:\\\/\\\/aconteceunovale.com.br\\\/portal\\\/?p=182538\"},\"wordCount\":343,\"commentCount\":0,\"image\":{\"@id\":\"https:\\\/\\\/aconteceunovale.com.br\\\/portal\\\/?p=182538#primaryimage\"},\"thumbnailUrl\":\"https:\\\/\\\/aconteceunovale.com.br\\\/portal\\\/wp-content\\\/uploads\\\/2021\\\/10\\\/acidente_vale_do_aco_1.png\",\"keywords\":[\"Acidente com Honda Civic de Ipatinga\",\"Acidente com VW Polo de Caratinga\",\"Acidente em Marli\u00e9ria\",\"Acidente entre Honda Civic e VW Polo na LMG-425\",\"Acidente na LMG-425\",\"Acidente na LMG-425 no Vale do A\u00e7o\",\"Acidente na LMG-760\",\"Acidente na LMG-760 em Marli\u00e9ria\",\"Caratinga\",\"Colis\u00e3o entre ve\u00edculos deixa dois mortos e tr\u00eas feridos no Vale do A\u00e7o\",\"Giliard Rodrigues Dias Reis\",\"Ipatinga\",\"Jos\u00e9 Albertino\",\"Jos\u00e9 Coelho de Carvalho\",\"J\u00fanior C\u00e9sar Santos\",\"LMG-425\",\"LMG-760\",\"Luciene da Silva Santos\",\"Marli\u00e9ria\",\"Olhos D'Agua\",\"Rutel\u00e9ia da Silva\",\"Valdemir Pereira dos Santos\"],\"articleSection\":[\"Leste de Minas\"],\"inLanguage\":\"pt-BR\",\"potentialAction\":[{\"@type\":\"CommentAction\",\"name\":\"Comment\",\"target\":[\"https:\\\/\\\/aconteceunovale.com.br\\\/portal\\\/?p=182538#respond\"]}]},{\"@type\":\"WebPage\",\"@id\":\"https:\\\/\\\/aconteceunovale.com.br\\\/portal\\\/?p=182538\",\"url\":\"https:\\\/\\\/aconteceunovale.com.br\\\/portal\\\/?p=182538\",\"name\":\"Colis\u00e3o entre ve\u00edculos deixa dois mortos e tr\u00eas feridos no Leste de Minas - Aconteceu no Vale\",\"isPartOf\":{\"@id\":\"https:\\\/\\\/aconteceunovale.com.br\\\/portal\\\/#website\"},\"primaryImageOfPage\":{\"@id\":\"https:\\\/\\\/aconteceunovale.com.br\\\/portal\\\/?p=182538#primaryimage\"},\"image\":{\"@id\":\"https:\\\/\\\/aconteceunovale.com.br\\\/portal\\\/?p=182538#primaryimage\"},\"thumbnailUrl\":\"https:\\\/\\\/aconteceunovale.com.br\\\/portal\\\/wp-content\\\/uploads\\\/2021\\\/10\\\/acidente_vale_do_aco_1.png\",\"datePublished\":\"2021-10-03T16:41:19+00:00\",\"dateModified\":\"2021-10-03T17:01:20+00:00\",\"author\":{\"@id\":\"https:\\\/\\\/aconteceunovale.com.br\\\/portal\\\/#\\\/schema\\\/person\\\/7d2f26d1483f8a63de73da1ee0754d35\"},\"breadcrumb\":{\"@id\":\"https:\\\/\\\/aconteceunovale.com.br\\\/portal\\\/?p=182538#breadcrumb\"},\"inLanguage\":\"pt-BR\",\"potentialAction\":[{\"@type\":\"ReadAction\",\"target\":[\"https:\\\/\\\/aconteceunovale.com.br\\\/portal\\\/?p=182538\"]}]},{\"@type\":\"ImageObject\",\"inLanguage\":\"pt-BR\",\"@id\":\"https:\\\/\\\/aconteceunovale.com.br\\\/portal\\\/?p=182538#primaryimage\",\"url\":\"https:\\\/\\\/aconteceunovale.com.br\\\/portal\\\/wp-content\\\/uploads\\\/2021\\\/10\\\/acidente_vale_do_aco_1.png\",\"contentUrl\":\"https:\\\/\\\/aconteceunovale.com.br\\\/portal\\\/wp-content\\\/uploads\\\/2021\\\/10\\\/acidente_vale_do_aco_1.png\",\"width\":678,\"height\":405},{\"@type\":\"BreadcrumbList\",\"@id\":\"https:\\\/\\\/aconteceunovale.com.br\\\/portal\\\/?p=182538#breadcrumb\",\"itemListElement\":[{\"@type\":\"ListItem\",\"position\":1,\"name\":\"In\u00edcio\",\"item\":\"https:\\\/\\\/aconteceunovale.com.br\\\/portal\\\/\"},{\"@type\":\"ListItem\",\"position\":2,\"name\":\"Colis\u00e3o entre ve\u00edculos deixa dois mortos e tr\u00eas feridos no Leste de Minas\"}]},{\"@type\":\"WebSite\",\"@id\":\"https:\\\/\\\/aconteceunovale.com.br\\\/portal\\\/#website\",\"url\":\"https:\\\/\\\/aconteceunovale.com.br\\\/portal\\\/\",\"name\":\"Aconteceu no Vale\",\"description\":\"Portal de Not\u00edcias\",\"potentialAction\":[{\"@type\":\"SearchAction\",\"target\":{\"@type\":\"EntryPoint\",\"urlTemplate\":\"https:\\\/\\\/aconteceunovale.com.br\\\/portal\\\/?s={search_term_string}\"},\"query-input\":{\"@type\":\"PropertyValueSpecification\",\"valueRequired\":true,\"valueName\":\"search_term_string\"}}],\"inLanguage\":\"pt-BR\"},{\"@type\":\"Person\",\"@id\":\"https:\\\/\\\/aconteceunovale.com.br\\\/portal\\\/#\\\/schema\\\/person\\\/7d2f26d1483f8a63de73da1ee0754d35\",\"name\":\"Reda\u00e7\u00e3o Aconteceu no Vale\",\"description\":\"Equipe de reportagem do Aconteceu no Vale, portal de not\u00edcias do Vale do Jequitinhonha, em Minas Gerais. Cobrimos as 51 cidades do Vale desde 2013. Sugest\u00f5es de pauta e pedidos de corre\u00e7\u00e3o: contato@aconteceunovale.com.br\",\"url\":\"https:\\\/\\\/aconteceunovale.com.br\\\/portal\\\/?author=4\"}]}<\/script>\n<!-- \/ Yoast SEO plugin. -->","yoast_head_json":{"title":"Colis\u00e3o entre ve\u00edculos deixa dois mortos e tr\u00eas feridos no Leste de Minas - Aconteceu no Vale","robots":{"index":"index","follow":"follow","max-snippet":"max-snippet:-1","max-image-preview":"max-image-preview:large","max-video-preview":"max-video-preview:-1"},"canonical":"https:\/\/aconteceunovale.com.br\/portal\/?p=182538","og_locale":"pt_BR","og_type":"article","og_title":"Colis\u00e3o entre ve\u00edculos deixa dois mortos e tr\u00eas feridos no Leste de Minas - Aconteceu no Vale","og_description":"Duas pessoas morreram e outras tr\u00eas ficaram feridas ap\u00f3s a colis\u00e3o entre dois carros na LMG-425, no munic\u00edpio de Bom Jesus do Galho, na noite de s\u00e1bado (2\/10\/2021). Segundo informa\u00e7\u00f5es do Corpo de Bombeiros, a condutora de um Honda Civic, licenciado em Ipatinga, seguia no sentido Pingo D&#8217;\u00c1gua, quando tentou desviar de um caminh\u00e3o e [&hellip;]","og_url":"https:\/\/aconteceunovale.com.br\/portal\/?p=182538","og_site_name":"Aconteceu no Vale","article_publisher":"https:\/\/www.facebook.com\/aconteceunovale\/","article_published_time":"2021-10-03T16:41:19+00:00","article_modified_time":"2021-10-03T17:01:20+00:00","og_image":[{"width":678,"height":405,"url":"https:\/\/aconteceunovale.com.br\/portal\/wp-content\/uploads\/2021\/10\/acidente_vale_do_aco_1.png","type":"image\/png"}],"author":"Reda\u00e7\u00e3o Aconteceu no Vale","twitter_card":"summary_large_image","twitter_creator":"@noticiadosvales","twitter_site":"@noticiadosvales","twitter_misc":{"Escrito por":"Reda\u00e7\u00e3o Aconteceu no Vale","Est. tempo de leitura":"2 minutos"},"schema":{"@context":"https:\/\/schema.org","@graph":[{"@type":"Article","@id":"https:\/\/aconteceunovale.com.br\/portal\/?p=182538#article","isPartOf":{"@id":"https:\/\/aconteceunovale.com.br\/portal\/?p=182538"},"author":{"name":"Reda\u00e7\u00e3o Aconteceu no Vale","@id":"https:\/\/aconteceunovale.com.br\/portal\/#\/schema\/person\/7d2f26d1483f8a63de73da1ee0754d35"},"headline":"Colis\u00e3o entre ve\u00edculos deixa dois mortos e tr\u00eas feridos no Leste de Minas","datePublished":"2021-10-03T16:41:19+00:00","dateModified":"2021-10-03T17:01:20+00:00","mainEntityOfPage":{"@id":"https:\/\/aconteceunovale.com.br\/portal\/?p=182538"},"wordCount":343,"commentCount":0,"image":{"@id":"https:\/\/aconteceunovale.com.br\/portal\/?p=182538#primaryimage"},"thumbnailUrl":"https:\/\/aconteceunovale.com.br\/portal\/wp-content\/uploads\/2021\/10\/acidente_vale_do_aco_1.png","keywords":["Acidente com Honda Civic de Ipatinga","Acidente com VW Polo de Caratinga","Acidente em Marli\u00e9ria","Acidente entre Honda Civic e VW Polo na LMG-425","Acidente na LMG-425","Acidente na LMG-425 no Vale do A\u00e7o","Acidente na LMG-760","Acidente na LMG-760 em Marli\u00e9ria","Caratinga","Colis\u00e3o entre ve\u00edculos deixa dois mortos e tr\u00eas feridos no Vale do A\u00e7o","Giliard Rodrigues Dias Reis","Ipatinga","Jos\u00e9 Albertino","Jos\u00e9 Coelho de Carvalho","J\u00fanior C\u00e9sar Santos","LMG-425","LMG-760","Luciene da Silva Santos","Marli\u00e9ria","Olhos D'Agua","Rutel\u00e9ia da Silva","Valdemir Pereira dos Santos"],"articleSection":["Leste de Minas"],"inLanguage":"pt-BR","potentialAction":[{"@type":"CommentAction","name":"Comment","target":["https:\/\/aconteceunovale.com.br\/portal\/?p=182538#respond"]}]},{"@type":"WebPage","@id":"https:\/\/aconteceunovale.com.br\/portal\/?p=182538","url":"https:\/\/aconteceunovale.com.br\/portal\/?p=182538","name":"Colis\u00e3o entre ve\u00edculos deixa dois mortos e tr\u00eas feridos no Leste de Minas - Aconteceu no Vale","isPartOf":{"@id":"https:\/\/aconteceunovale.com.br\/portal\/#website"},"primaryImageOfPage":{"@id":"https:\/\/aconteceunovale.com.br\/portal\/?p=182538#primaryimage"},"image":{"@id":"https:\/\/aconteceunovale.com.br\/portal\/?p=182538#primaryimage"},"thumbnailUrl":"https:\/\/aconteceunovale.com.br\/portal\/wp-content\/uploads\/2021\/10\/acidente_vale_do_aco_1.png","datePublished":"2021-10-03T16:41:19+00:00","dateModified":"2021-10-03T17:01:20+00:00","author":{"@id":"https:\/\/aconteceunovale.com.br\/portal\/#\/schema\/person\/7d2f26d1483f8a63de73da1ee0754d35"},"breadcrumb":{"@id":"https:\/\/aconteceunovale.com.br\/portal\/?p=182538#breadcrumb"},"inLanguage":"pt-BR","potentialAction":[{"@type":"ReadAction","target":["https:\/\/aconteceunovale.com.br\/portal\/?p=182538"]}]},{"@type":"ImageObject","inLanguage":"pt-BR","@id":"https:\/\/aconteceunovale.com.br\/portal\/?p=182538#primaryimage","url":"https:\/\/aconteceunovale.com.br\/portal\/wp-content\/uploads\/2021\/10\/acidente_vale_do_aco_1.png","contentUrl":"https:\/\/aconteceunovale.com.br\/portal\/wp-content\/uploads\/2021\/10\/acidente_vale_do_aco_1.png","width":678,"height":405},{"@type":"BreadcrumbList","@id":"https:\/\/aconteceunovale.com.br\/portal\/?p=182538#breadcrumb","itemListElement":[{"@type":"ListItem","position":1,"name":"In\u00edcio","item":"https:\/\/aconteceunovale.com.br\/portal\/"},{"@type":"ListItem","position":2,"name":"Colis\u00e3o entre ve\u00edculos deixa dois mortos e tr\u00eas feridos no Leste de Minas"}]},{"@type":"WebSite","@id":"https:\/\/aconteceunovale.com.br\/portal\/#website","url":"https:\/\/aconteceunovale.com.br\/portal\/","name":"Aconteceu no Vale","description":"Portal de Not\u00edcias","potentialAction":[{"@type":"SearchAction","target":{"@type":"EntryPoint","urlTemplate":"https:\/\/aconteceunovale.com.br\/portal\/?s={search_term_string}"},"query-input":{"@type":"PropertyValueSpecification","valueRequired":true,"valueName":"search_term_string"}}],"inLanguage":"pt-BR"},{"@type":"Person","@id":"https:\/\/aconteceunovale.com.br\/portal\/#\/schema\/person\/7d2f26d1483f8a63de73da1ee0754d35","name":"Reda\u00e7\u00e3o Aconteceu no Vale","description":"Equipe de reportagem do Aconteceu no Vale, portal de not\u00edcias do Vale do Jequitinhonha, em Minas Gerais. Cobrimos as 51 cidades do Vale desde 2013. Sugest\u00f5es de pauta e pedidos de corre\u00e7\u00e3o: contato@aconteceunovale.com.br","url":"https:\/\/aconteceunovale.com.br\/portal\/?author=4"}]}},"_links":{"self":[{"href":"https:\/\/aconteceunovale.com.br\/portal\/index.php?rest_route=\/wp\/v2\/posts\/182538","targetHints":{"allow":["GET"]}}],"collection":[{"href":"https:\/\/aconteceunovale.com.br\/portal\/index.php?rest_route=\/wp\/v2\/posts"}],"about":[{"href":"https:\/\/aconteceunovale.com.br\/portal\/index.php?rest_route=\/wp\/v2\/types\/post"}],"author":[{"embeddable":true,"href":"https:\/\/aconteceunovale.com.br\/portal\/index.php?rest_route=\/wp\/v2\/users\/4"}],"replies":[{"embeddable":true,"href":"https:\/\/aconteceunovale.com.br\/portal\/index.php?rest_route=%2Fwp%2Fv2%2Fcomments&post=182538"}],"version-history":[{"count":2,"href":"https:\/\/aconteceunovale.com.br\/portal\/index.php?rest_route=\/wp\/v2\/posts\/182538\/revisions"}],"predecessor-version":[{"id":182545,"href":"https:\/\/aconteceunovale.com.br\/portal\/index.php?rest_route=\/wp\/v2\/posts\/182538\/revisions\/182545"}],"wp:featuredmedia":[{"embeddable":true,"href":"https:\/\/aconteceunovale.com.br\/portal\/index.php?rest_route=\/wp\/v2\/media\/182539"}],"wp:attachment":[{"href":"https:\/\/aconteceunovale.com.br\/portal\/index.php?rest_route=%2Fwp%2Fv2%2Fmedia&parent=182538"}],"wp:term":[{"taxonomy":"category","embeddable":true,"href":"https:\/\/aconteceunovale.com.br\/portal\/index.php?rest_route=%2Fwp%2Fv2%2Fcategories&post=182538"},{"taxonomy":"post_tag","embeddable":true,"href":"https:\/\/aconteceunovale.com.br\/portal\/index.php?rest_route=%2Fwp%2Fv2%2Ftags&post=182538"}],"curies":[{"name":"wp","href":"https:\/\/api.w.org\/{rel}","templated":true}]}}