{"id":182524,"date":"2021-10-03T08:42:46","date_gmt":"2021-10-03T11:42:46","guid":{"rendered":"https:\/\/aconteceunovale.com.br\/portal\/?p=182524"},"modified":"2021-10-03T08:43:59","modified_gmt":"2021-10-03T11:43:59","slug":"montes-claros-america-volei-vence-o-minas-e-garante-vaga-na-semifinal-do-mineiro","status":"publish","type":"post","link":"https:\/\/aconteceunovale.com.br\/portal\/?p=182524","title":{"rendered":"Montes Claros Am\u00e9rica V\u00f4lei vence o Minas e garante vaga na semifinal do Mineiro"},"content":{"rendered":"\n<p class=\"wp-block-paragraph\">Vaga garantida na semi! O Montes Claros Am\u00e9rica V\u00f4lei bateu, por 3 sets a 2, o Fiat\/Gerdau\/Minas, em duelo disputado na Arena Minas, em Belo Horizonte. A partida terminou com parciais de 25\/23, 20\/25, 25\/22, 21\/25 e 15 a 13. Com os dois pontos somados, o Coelho conquistou lugar na pr\u00f3xima fase da competi\u00e7\u00e3o, em confrontos a serem realizados j\u00e1 na pr\u00f3xima semana.\u00a0<\/p>\n\n\n\n<figure class=\"wp-block-gallery columns-1 is-cropped wp-block-gallery-1 is-layout-flex wp-block-gallery-is-layout-flex\"><ul class=\"blocks-gallery-grid\"><li class=\"blocks-gallery-item\"><figure><img loading=\"lazy\" decoding=\"async\" width=\"678\" height=\"420\" src=\"https:\/\/aconteceunovale.com.br\/portal\/wp-content\/uploads\/2021\/10\/america_volei.jpg\" alt=\"\" data-id=\"182525\" data-full-url=\"https:\/\/aconteceunovale.com.br\/portal\/wp-content\/uploads\/2021\/10\/america_volei.jpg\" data-link=\"https:\/\/aconteceunovale.com.br\/portal\/?attachment_id=182525\" class=\"wp-image-182525\" srcset=\"https:\/\/aconteceunovale.com.br\/portal\/wp-content\/uploads\/2021\/10\/america_volei.jpg 678w, https:\/\/aconteceunovale.com.br\/portal\/wp-content\/uploads\/2021\/10\/america_volei-300x186.jpg 300w, https:\/\/aconteceunovale.com.br\/portal\/wp-content\/uploads\/2021\/10\/america_volei-356x220.jpg 356w\" sizes=\"auto, (max-width: 678px) 100vw, 678px\" \/><figcaption class=\"blocks-gallery-item__caption\"><em>Foto: Orlando Bento\/MTC<\/em><\/figcaption><\/figure><\/li><\/ul><\/figure>\n\n\n\n<p class=\"wp-block-paragraph\">O grande destaque da partida, o oposto Jonadabe, descreveu um cl\u00e1ssico dif\u00edcil e destacou que a concentra\u00e7\u00e3o no quinto set foi fundamental para o triunfo e a conquista da vaga \u00e0 semi.<\/p>\n\n\n\n<p class=\"wp-block-paragraph\"><em>&#8220;A gente estava cansado, vindo de quatro jogos e treino na semana. O grupo todo cansado e sabendo que precisava de uma vit\u00f3ria. Acho que a uni\u00e3o e a paci\u00eancia prevaleceram dentro da quadra. Na hora que a gente foi come\u00e7ar o jogo, conversamos e falamos que ter\u00edamos que ter paci\u00eancia um com o outro porque estavam todos cansados e precis\u00e1vamos rodar bola e deu certo. A cada ponto, vibra\u00e7\u00e3o, acreditamos que poder\u00edamos ganhar. Um tie-break de muita emo\u00e7\u00e3o. Gra\u00e7as a Deus deu certo&#8221;, <\/em>comemorou.<\/p>\n\n\n\n<h2 class=\"wp-block-heading\"><strong>A partida<\/strong><\/h2>\n\n\n\n<p class=\"wp-block-paragraph\">Moc Am\u00e9rica teve um bom in\u00edcio de set. O que se p\u00f4de visualizar durante boa parte do primeiro tempo foi uma disputa franca e equilibrada entre as equipes. Por\u00e9m, o Minas abriu vantagem e se manteve regular nos fundamentos.&nbsp;Em ace do levantador Adami, o time mocamericano virou em 22 a 21, ampliou e, mesmo ap\u00f3s parada do t\u00e9cnico advers\u00e1rio para esfriar o confronto, fechou em 25 a 23.<\/p>\n\n\n\n<p class=\"wp-block-paragraph\">A segunda parcial se desenhou nivelada nos primeiros minutos. O Coelho conseguiu a dianteira do placar e teve o oposto J\u00f4 sendo acionado. Nos contra-ataques, o time minastenista passou \u00e0 frente em 14 a 13, momento em que Henrique Furtado pede tempo. Com a vantagem, os donos da casa engataram boa sequ\u00eancia de pontos, venceu por 25 a 20 e deixou tudo igual em 1 a 1.<\/p>\n\n\n\n<p class=\"wp-block-paragraph\">Com melhor n\u00edvel t\u00e9cnico,&nbsp; o quarto set \u00e9 a vez da equipe mocamericana jogar muito, come\u00e7ar melhor e abrir frente de 13 a 9. Dando show no ataque e bloqueio, o Coelh\u00e3o sustentou a diferen\u00e7a e, mesmo sofrendo press\u00e3o do oponente, terminou com vit\u00f3ria por 25 a 22, ap\u00f3s ataque do oposto Jonadabe, que explorou o bloqueio.<\/p>\n\n\n\n<p class=\"wp-block-paragraph\">A quarta etapa teve o Minas construindo dist\u00e2ncia logo de cara. Logo, o set se desenhou complicado para o Moc Am\u00e9rica, ao passo que n\u00e3o teve volume para tirar a desvantagem. Com erros dos montes-clarenses, os anfitri\u00f5es fecharam em 25 a 21 e levaram a partida para o tie-break.<\/p>\n\n\n\n<p class=\"wp-block-paragraph\">Na volta, a equipe americana abriu pontos de vantagem, mas deixou o advers\u00e1rio encostar. Na sequ\u00eancia, o time da capital mineira passou \u00e0 frente. Com forte poder de rea\u00e7\u00e3o, o Moc teve o ponteiro Cear\u00e1 em destaque no tie-break. Ap\u00f3s boas jogadas, decretou a vit\u00f3ria em 15 a 13, garantindo lugar na semifinal do Estadual.<\/p>\n\n\n\n<p class=\"wp-block-paragraph\">As semifinais ser\u00e3o realizadas na pr\u00f3xima quinta-feira (7), \u00e0s 18h e 20h30, com a decis\u00e3o na sexta-feira (8), \u00e0s 20h. Todos os confrontos acontecem no Gin\u00e1sio do Riacho, em Contagem.<\/p>\n\n\n\n<h2 class=\"wp-block-heading\"><strong>Resultados da fase classificat\u00f3ria<\/strong><\/h2>\n\n\n\n<p class=\"wp-block-paragraph\">16\/9 | Montes Claros Am\u00e9rica 0 x 3 Sada Cruzeiro (17\/25, 20\/25 e 17\/25)<br>18\/9 | Montes Claros Am\u00e9rica 3 \u00d7 0 Uberl\u00e2ndia Praia Clube V\u00f4lei (25\/18, 25\/21 e 25\/14)<br>29\/9 | Montes Claros Am\u00e9rica\u00a0 3 \u00d7 1 V\u00f4lei Uberl\u00e2ndia (25\/23, 25\/21, 19\/25 e 25\/16)<br>30\/9 | Bras\u00edlia V\u00f4lei 3 \u00d7 1 Montes Claros Am\u00e9rica (20\/25, 27\/25, 27\/25 e 31\/29)<br>1\/10 | Olympico\/Apan 3 x 2 Montes Claros Am\u00e9rica (25\/20, 33\/31, 22\/25, 23\/25 e 15\/10)<br>2\/10 |  Montes Claros Am\u00e9rica 3 x 2  Fiat\/Gerdau\/Minas (25\/23, 20\/25, 25\/22, 21\/25 e 15\/13) <\/p>\n\n\n\n<p class=\"wp-block-paragraph\">&#8212;&#8212;&#8212;&#8212;&#8212;&#8212;<br><em>Quer receber as not\u00edcias do <strong>Aconteceu no Vale<\/strong> em primeira m\u00e3o? Siga-nos no Facebook <a rel=\"noreferrer noopener\" href=\"http:\/\/facebook.com\/aconteceunovale\" target=\"_blank\">@aconteceunovale<\/a>, Twitter <a rel=\"noreferrer noopener\" href=\"https:\/\/twitter.com\/noticiadosvales\" target=\"_blank\">@noticiadosvales<\/a> e Instagram <a rel=\"noreferrer noopener\" href=\"https:\/\/www.instagram.com\/aconteceunovale\" target=\"_blank\">@aconteceunovale<\/a>.<\/em><\/p>\n","protected":false},"excerpt":{"rendered":"<p>Vaga garantida na semi! O Montes Claros Am\u00e9rica V\u00f4lei bateu, por 3 sets a 2, o Fiat\/Gerdau\/Minas, em duelo disputado na Arena Minas, em Belo Horizonte. A partida terminou com parciais de 25\/23, 20\/25, 25\/22, 21\/25 e 15 a 13. Com os dois pontos somados, o Coelho conquistou lugar na pr\u00f3xima fase da competi\u00e7\u00e3o, em [&hellip;]<\/p>\n","protected":false},"author":4,"featured_media":182525,"comment_status":"open","ping_status":"closed","sticky":false,"template":"","format":"standard","meta":{"amp_status":"","footnotes":""},"categories":[59,123,1236],"tags":[252291,194,1017,252289,252292,697,252290,226749,227020,252288,252293],"class_list":["post-182524","post","type-post","status-publish","format-standard","has-post-thumbnail","hentry","category-esportes","category-gerais","category-norte_de_minas","tag-arena-minas","tag-belo-horizonte","tag-bh","tag-campeonato-mineiro-de-volei","tag-jonadabe","tag-minas","tag-mineiro-de-volei","tag-montes-claros-america","tag-montes-claros-america-volei","tag-montes-claros-america-volei-vence-o-minas-e-garante-vaga-na-semifinal-do-mineiro","tag-oposto-jonadabe"],"yoast_head":"<!-- This site is optimized with the Yoast SEO plugin v28.3 - https:\/\/yoast.com\/product\/yoast-seo-wordpress\/ -->\n<title>Montes Claros Am\u00e9rica V\u00f4lei vence o Minas e garante vaga na semifinal do Mineiro - Aconteceu no Vale<\/title>\n<meta name=\"robots\" content=\"index, follow, max-snippet:-1, max-image-preview:large, max-video-preview:-1\" \/>\n<link rel=\"canonical\" href=\"https:\/\/aconteceunovale.com.br\/portal\/?p=182524\" \/>\n<meta property=\"og:locale\" content=\"pt_BR\" \/>\n<meta property=\"og:type\" content=\"article\" \/>\n<meta property=\"og:title\" content=\"Montes Claros Am\u00e9rica V\u00f4lei vence o Minas e garante vaga na semifinal do Mineiro - Aconteceu no Vale\" \/>\n<meta property=\"og:description\" content=\"Vaga garantida na semi! O Montes Claros Am\u00e9rica V\u00f4lei bateu, por 3 sets a 2, o Fiat\/Gerdau\/Minas, em duelo disputado na Arena Minas, em Belo Horizonte. A partida terminou com parciais de 25\/23, 20\/25, 25\/22, 21\/25 e 15 a 13. Com os dois pontos somados, o Coelho conquistou lugar na pr\u00f3xima fase da competi\u00e7\u00e3o, em [&hellip;]\" \/>\n<meta property=\"og:url\" content=\"https:\/\/aconteceunovale.com.br\/portal\/?p=182524\" \/>\n<meta property=\"og:site_name\" content=\"Aconteceu no Vale\" \/>\n<meta property=\"article:publisher\" content=\"https:\/\/www.facebook.com\/aconteceunovale\/\" \/>\n<meta property=\"article:published_time\" content=\"2021-10-03T11:42:46+00:00\" \/>\n<meta property=\"article:modified_time\" content=\"2021-10-03T11:43:59+00:00\" \/>\n<meta property=\"og:image\" content=\"https:\/\/aconteceunovale.com.br\/portal\/wp-content\/uploads\/2021\/10\/america_volei.jpg\" \/>\n\t<meta property=\"og:image:width\" content=\"678\" \/>\n\t<meta property=\"og:image:height\" content=\"420\" \/>\n\t<meta property=\"og:image:type\" content=\"image\/jpeg\" \/>\n<meta name=\"author\" content=\"Reda\u00e7\u00e3o Aconteceu no Vale\" \/>\n<meta name=\"twitter:card\" content=\"summary_large_image\" \/>\n<meta name=\"twitter:creator\" content=\"@noticiadosvales\" \/>\n<meta name=\"twitter:site\" content=\"@noticiadosvales\" \/>\n<meta name=\"twitter:label1\" content=\"Escrito por\" \/>\n\t<meta name=\"twitter:data1\" content=\"Reda\u00e7\u00e3o Aconteceu no Vale\" \/>\n\t<meta name=\"twitter:label2\" content=\"Est. tempo de leitura\" \/>\n\t<meta name=\"twitter:data2\" content=\"3 minutos\" \/>\n<script type=\"application\/ld+json\" class=\"yoast-schema-graph\">{\"@context\":\"https:\\\/\\\/schema.org\",\"@graph\":[{\"@type\":\"Article\",\"@id\":\"https:\\\/\\\/aconteceunovale.com.br\\\/portal\\\/?p=182524#article\",\"isPartOf\":{\"@id\":\"https:\\\/\\\/aconteceunovale.com.br\\\/portal\\\/?p=182524\"},\"author\":{\"name\":\"Reda\u00e7\u00e3o Aconteceu no Vale\",\"@id\":\"https:\\\/\\\/aconteceunovale.com.br\\\/portal\\\/#\\\/schema\\\/person\\\/7d2f26d1483f8a63de73da1ee0754d35\"},\"headline\":\"Montes Claros Am\u00e9rica V\u00f4lei vence o Minas e garante vaga na semifinal do Mineiro\",\"datePublished\":\"2021-10-03T11:42:46+00:00\",\"dateModified\":\"2021-10-03T11:43:59+00:00\",\"mainEntityOfPage\":{\"@id\":\"https:\\\/\\\/aconteceunovale.com.br\\\/portal\\\/?p=182524\"},\"wordCount\":631,\"commentCount\":0,\"image\":{\"@id\":\"https:\\\/\\\/aconteceunovale.com.br\\\/portal\\\/?p=182524#primaryimage\"},\"thumbnailUrl\":\"https:\\\/\\\/aconteceunovale.com.br\\\/portal\\\/wp-content\\\/uploads\\\/2021\\\/10\\\/america_volei.jpg\",\"keywords\":[\"Arena Minas\",\"Belo Horizonte\",\"bh\",\"Campeonato Mineiro de V\u00f4lei\",\"Jonadabe\",\"Minas\",\"Mineiro de V\u00f4lei\",\"Montes Claros Am\u00e9rica\",\"Montes Claros Am\u00e9rica V\u00f4lei\",\"Montes Claros Am\u00e9rica V\u00f4lei vence o Minas e garante vaga na semifinal do Mineiro\",\"Oposto Jonadabe\"],\"articleSection\":[\"Esportes\",\"Minas Gerais\",\"Norte de Minas\"],\"inLanguage\":\"pt-BR\",\"potentialAction\":[{\"@type\":\"CommentAction\",\"name\":\"Comment\",\"target\":[\"https:\\\/\\\/aconteceunovale.com.br\\\/portal\\\/?p=182524#respond\"]}]},{\"@type\":\"WebPage\",\"@id\":\"https:\\\/\\\/aconteceunovale.com.br\\\/portal\\\/?p=182524\",\"url\":\"https:\\\/\\\/aconteceunovale.com.br\\\/portal\\\/?p=182524\",\"name\":\"Montes Claros Am\u00e9rica V\u00f4lei vence o Minas e garante vaga na semifinal do Mineiro - Aconteceu no Vale\",\"isPartOf\":{\"@id\":\"https:\\\/\\\/aconteceunovale.com.br\\\/portal\\\/#website\"},\"primaryImageOfPage\":{\"@id\":\"https:\\\/\\\/aconteceunovale.com.br\\\/portal\\\/?p=182524#primaryimage\"},\"image\":{\"@id\":\"https:\\\/\\\/aconteceunovale.com.br\\\/portal\\\/?p=182524#primaryimage\"},\"thumbnailUrl\":\"https:\\\/\\\/aconteceunovale.com.br\\\/portal\\\/wp-content\\\/uploads\\\/2021\\\/10\\\/america_volei.jpg\",\"datePublished\":\"2021-10-03T11:42:46+00:00\",\"dateModified\":\"2021-10-03T11:43:59+00:00\",\"author\":{\"@id\":\"https:\\\/\\\/aconteceunovale.com.br\\\/portal\\\/#\\\/schema\\\/person\\\/7d2f26d1483f8a63de73da1ee0754d35\"},\"breadcrumb\":{\"@id\":\"https:\\\/\\\/aconteceunovale.com.br\\\/portal\\\/?p=182524#breadcrumb\"},\"inLanguage\":\"pt-BR\",\"potentialAction\":[{\"@type\":\"ReadAction\",\"target\":[\"https:\\\/\\\/aconteceunovale.com.br\\\/portal\\\/?p=182524\"]}]},{\"@type\":\"ImageObject\",\"inLanguage\":\"pt-BR\",\"@id\":\"https:\\\/\\\/aconteceunovale.com.br\\\/portal\\\/?p=182524#primaryimage\",\"url\":\"https:\\\/\\\/aconteceunovale.com.br\\\/portal\\\/wp-content\\\/uploads\\\/2021\\\/10\\\/america_volei.jpg\",\"contentUrl\":\"https:\\\/\\\/aconteceunovale.com.br\\\/portal\\\/wp-content\\\/uploads\\\/2021\\\/10\\\/america_volei.jpg\",\"width\":678,\"height\":420},{\"@type\":\"BreadcrumbList\",\"@id\":\"https:\\\/\\\/aconteceunovale.com.br\\\/portal\\\/?p=182524#breadcrumb\",\"itemListElement\":[{\"@type\":\"ListItem\",\"position\":1,\"name\":\"In\u00edcio\",\"item\":\"https:\\\/\\\/aconteceunovale.com.br\\\/portal\\\/\"},{\"@type\":\"ListItem\",\"position\":2,\"name\":\"Montes Claros Am\u00e9rica V\u00f4lei vence o Minas e garante vaga na semifinal do Mineiro\"}]},{\"@type\":\"WebSite\",\"@id\":\"https:\\\/\\\/aconteceunovale.com.br\\\/portal\\\/#website\",\"url\":\"https:\\\/\\\/aconteceunovale.com.br\\\/portal\\\/\",\"name\":\"Aconteceu no Vale\",\"description\":\"Portal de Not\u00edcias\",\"potentialAction\":[{\"@type\":\"SearchAction\",\"target\":{\"@type\":\"EntryPoint\",\"urlTemplate\":\"https:\\\/\\\/aconteceunovale.com.br\\\/portal\\\/?s={search_term_string}\"},\"query-input\":{\"@type\":\"PropertyValueSpecification\",\"valueRequired\":true,\"valueName\":\"search_term_string\"}}],\"inLanguage\":\"pt-BR\"},{\"@type\":\"Person\",\"@id\":\"https:\\\/\\\/aconteceunovale.com.br\\\/portal\\\/#\\\/schema\\\/person\\\/7d2f26d1483f8a63de73da1ee0754d35\",\"name\":\"Reda\u00e7\u00e3o Aconteceu no Vale\",\"description\":\"Equipe de reportagem do Aconteceu no Vale, portal de not\u00edcias do Vale do Jequitinhonha, em Minas Gerais. Cobrimos as 51 cidades do Vale desde 2013. Sugest\u00f5es de pauta e pedidos de corre\u00e7\u00e3o: contato@aconteceunovale.com.br\",\"url\":\"https:\\\/\\\/aconteceunovale.com.br\\\/portal\\\/?author=4\"}]}<\/script>\n<!-- \/ Yoast SEO plugin. -->","yoast_head_json":{"title":"Montes Claros Am\u00e9rica V\u00f4lei vence o Minas e garante vaga na semifinal do Mineiro - Aconteceu no Vale","robots":{"index":"index","follow":"follow","max-snippet":"max-snippet:-1","max-image-preview":"max-image-preview:large","max-video-preview":"max-video-preview:-1"},"canonical":"https:\/\/aconteceunovale.com.br\/portal\/?p=182524","og_locale":"pt_BR","og_type":"article","og_title":"Montes Claros Am\u00e9rica V\u00f4lei vence o Minas e garante vaga na semifinal do Mineiro - Aconteceu no Vale","og_description":"Vaga garantida na semi! O Montes Claros Am\u00e9rica V\u00f4lei bateu, por 3 sets a 2, o Fiat\/Gerdau\/Minas, em duelo disputado na Arena Minas, em Belo Horizonte. A partida terminou com parciais de 25\/23, 20\/25, 25\/22, 21\/25 e 15 a 13. Com os dois pontos somados, o Coelho conquistou lugar na pr\u00f3xima fase da competi\u00e7\u00e3o, em [&hellip;]","og_url":"https:\/\/aconteceunovale.com.br\/portal\/?p=182524","og_site_name":"Aconteceu no Vale","article_publisher":"https:\/\/www.facebook.com\/aconteceunovale\/","article_published_time":"2021-10-03T11:42:46+00:00","article_modified_time":"2021-10-03T11:43:59+00:00","og_image":[{"width":678,"height":420,"url":"https:\/\/aconteceunovale.com.br\/portal\/wp-content\/uploads\/2021\/10\/america_volei.jpg","type":"image\/jpeg"}],"author":"Reda\u00e7\u00e3o Aconteceu no Vale","twitter_card":"summary_large_image","twitter_creator":"@noticiadosvales","twitter_site":"@noticiadosvales","twitter_misc":{"Escrito por":"Reda\u00e7\u00e3o Aconteceu no Vale","Est. tempo de leitura":"3 minutos"},"schema":{"@context":"https:\/\/schema.org","@graph":[{"@type":"Article","@id":"https:\/\/aconteceunovale.com.br\/portal\/?p=182524#article","isPartOf":{"@id":"https:\/\/aconteceunovale.com.br\/portal\/?p=182524"},"author":{"name":"Reda\u00e7\u00e3o Aconteceu no Vale","@id":"https:\/\/aconteceunovale.com.br\/portal\/#\/schema\/person\/7d2f26d1483f8a63de73da1ee0754d35"},"headline":"Montes Claros Am\u00e9rica V\u00f4lei vence o Minas e garante vaga na semifinal do Mineiro","datePublished":"2021-10-03T11:42:46+00:00","dateModified":"2021-10-03T11:43:59+00:00","mainEntityOfPage":{"@id":"https:\/\/aconteceunovale.com.br\/portal\/?p=182524"},"wordCount":631,"commentCount":0,"image":{"@id":"https:\/\/aconteceunovale.com.br\/portal\/?p=182524#primaryimage"},"thumbnailUrl":"https:\/\/aconteceunovale.com.br\/portal\/wp-content\/uploads\/2021\/10\/america_volei.jpg","keywords":["Arena Minas","Belo Horizonte","bh","Campeonato Mineiro de V\u00f4lei","Jonadabe","Minas","Mineiro de V\u00f4lei","Montes Claros Am\u00e9rica","Montes Claros Am\u00e9rica V\u00f4lei","Montes Claros Am\u00e9rica V\u00f4lei vence o Minas e garante vaga na semifinal do Mineiro","Oposto Jonadabe"],"articleSection":["Esportes","Minas Gerais","Norte de Minas"],"inLanguage":"pt-BR","potentialAction":[{"@type":"CommentAction","name":"Comment","target":["https:\/\/aconteceunovale.com.br\/portal\/?p=182524#respond"]}]},{"@type":"WebPage","@id":"https:\/\/aconteceunovale.com.br\/portal\/?p=182524","url":"https:\/\/aconteceunovale.com.br\/portal\/?p=182524","name":"Montes Claros Am\u00e9rica V\u00f4lei vence o Minas e garante vaga na semifinal do Mineiro - Aconteceu no Vale","isPartOf":{"@id":"https:\/\/aconteceunovale.com.br\/portal\/#website"},"primaryImageOfPage":{"@id":"https:\/\/aconteceunovale.com.br\/portal\/?p=182524#primaryimage"},"image":{"@id":"https:\/\/aconteceunovale.com.br\/portal\/?p=182524#primaryimage"},"thumbnailUrl":"https:\/\/aconteceunovale.com.br\/portal\/wp-content\/uploads\/2021\/10\/america_volei.jpg","datePublished":"2021-10-03T11:42:46+00:00","dateModified":"2021-10-03T11:43:59+00:00","author":{"@id":"https:\/\/aconteceunovale.com.br\/portal\/#\/schema\/person\/7d2f26d1483f8a63de73da1ee0754d35"},"breadcrumb":{"@id":"https:\/\/aconteceunovale.com.br\/portal\/?p=182524#breadcrumb"},"inLanguage":"pt-BR","potentialAction":[{"@type":"ReadAction","target":["https:\/\/aconteceunovale.com.br\/portal\/?p=182524"]}]},{"@type":"ImageObject","inLanguage":"pt-BR","@id":"https:\/\/aconteceunovale.com.br\/portal\/?p=182524#primaryimage","url":"https:\/\/aconteceunovale.com.br\/portal\/wp-content\/uploads\/2021\/10\/america_volei.jpg","contentUrl":"https:\/\/aconteceunovale.com.br\/portal\/wp-content\/uploads\/2021\/10\/america_volei.jpg","width":678,"height":420},{"@type":"BreadcrumbList","@id":"https:\/\/aconteceunovale.com.br\/portal\/?p=182524#breadcrumb","itemListElement":[{"@type":"ListItem","position":1,"name":"In\u00edcio","item":"https:\/\/aconteceunovale.com.br\/portal\/"},{"@type":"ListItem","position":2,"name":"Montes Claros Am\u00e9rica V\u00f4lei vence o Minas e garante vaga na semifinal do Mineiro"}]},{"@type":"WebSite","@id":"https:\/\/aconteceunovale.com.br\/portal\/#website","url":"https:\/\/aconteceunovale.com.br\/portal\/","name":"Aconteceu no Vale","description":"Portal de Not\u00edcias","potentialAction":[{"@type":"SearchAction","target":{"@type":"EntryPoint","urlTemplate":"https:\/\/aconteceunovale.com.br\/portal\/?s={search_term_string}"},"query-input":{"@type":"PropertyValueSpecification","valueRequired":true,"valueName":"search_term_string"}}],"inLanguage":"pt-BR"},{"@type":"Person","@id":"https:\/\/aconteceunovale.com.br\/portal\/#\/schema\/person\/7d2f26d1483f8a63de73da1ee0754d35","name":"Reda\u00e7\u00e3o Aconteceu no Vale","description":"Equipe de reportagem do Aconteceu no Vale, portal de not\u00edcias do Vale do Jequitinhonha, em Minas Gerais. Cobrimos as 51 cidades do Vale desde 2013. Sugest\u00f5es de pauta e pedidos de corre\u00e7\u00e3o: contato@aconteceunovale.com.br","url":"https:\/\/aconteceunovale.com.br\/portal\/?author=4"}]}},"_links":{"self":[{"href":"https:\/\/aconteceunovale.com.br\/portal\/index.php?rest_route=\/wp\/v2\/posts\/182524","targetHints":{"allow":["GET"]}}],"collection":[{"href":"https:\/\/aconteceunovale.com.br\/portal\/index.php?rest_route=\/wp\/v2\/posts"}],"about":[{"href":"https:\/\/aconteceunovale.com.br\/portal\/index.php?rest_route=\/wp\/v2\/types\/post"}],"author":[{"embeddable":true,"href":"https:\/\/aconteceunovale.com.br\/portal\/index.php?rest_route=\/wp\/v2\/users\/4"}],"replies":[{"embeddable":true,"href":"https:\/\/aconteceunovale.com.br\/portal\/index.php?rest_route=%2Fwp%2Fv2%2Fcomments&post=182524"}],"version-history":[{"count":1,"href":"https:\/\/aconteceunovale.com.br\/portal\/index.php?rest_route=\/wp\/v2\/posts\/182524\/revisions"}],"predecessor-version":[{"id":182526,"href":"https:\/\/aconteceunovale.com.br\/portal\/index.php?rest_route=\/wp\/v2\/posts\/182524\/revisions\/182526"}],"wp:featuredmedia":[{"embeddable":true,"href":"https:\/\/aconteceunovale.com.br\/portal\/index.php?rest_route=\/wp\/v2\/media\/182525"}],"wp:attachment":[{"href":"https:\/\/aconteceunovale.com.br\/portal\/index.php?rest_route=%2Fwp%2Fv2%2Fmedia&parent=182524"}],"wp:term":[{"taxonomy":"category","embeddable":true,"href":"https:\/\/aconteceunovale.com.br\/portal\/index.php?rest_route=%2Fwp%2Fv2%2Fcategories&post=182524"},{"taxonomy":"post_tag","embeddable":true,"href":"https:\/\/aconteceunovale.com.br\/portal\/index.php?rest_route=%2Fwp%2Fv2%2Ftags&post=182524"}],"curies":[{"name":"wp","href":"https:\/\/api.w.org\/{rel}","templated":true}]}}