{"id":182503,"date":"2021-10-01T22:21:46","date_gmt":"2021-10-02T01:21:46","guid":{"rendered":"https:\/\/aconteceunovale.com.br\/portal\/?p=182503"},"modified":"2021-10-01T22:26:36","modified_gmt":"2021-10-02T01:26:36","slug":"operacao-contra-desmatamento-aplica-mais-de-r-55-milhoes-em-multas","status":"publish","type":"post","link":"https:\/\/aconteceunovale.com.br\/portal\/?p=182503","title":{"rendered":"Opera\u00e7\u00e3o contra desmatamento aplica mais de R$ 55 milh\u00f5es em multas"},"content":{"rendered":"\n<p class=\"wp-block-paragraph\">A Opera\u00e7\u00e3o Mata Atl\u00e2ntica em P\u00e9 chegou ao fim, ap\u00f3s dez&nbsp;dias de fiscaliza\u00e7\u00f5es em 17 estados, com o saldo de R$ 55,5 milh\u00f5es de multas aplicadas. A&nbsp;a\u00e7\u00e3o foi coordenada&nbsp;nacionalmente pelo Minist\u00e9rio P\u00fablico do Paran\u00e1 e flagrou o desmate ilegal de 8.189 hectares. A informa\u00e7\u00e3o foi divulgada na quinta-feira (30\/9\/2021) pelo MP do Paran\u00e1.<img decoding=\"async\" src=\"https:\/\/agenciabrasil.ebc.com.br\/ebc.png?id=1423304&amp;o=node\"><img decoding=\"async\" src=\"https:\/\/agenciabrasil.ebc.com.br\/ebc.gif?id=1423304&amp;o=node\"><\/p>\n\n\n\n<figure class=\"wp-block-gallery columns-1 is-cropped wp-block-gallery-1 is-layout-flex wp-block-gallery-is-layout-flex\"><ul class=\"blocks-gallery-grid\"><li class=\"blocks-gallery-item\"><figure><img loading=\"lazy\" decoding=\"async\" width=\"678\" height=\"432\" src=\"https:\/\/aconteceunovale.com.br\/portal\/wp-content\/uploads\/2021\/09\/operacao_mata_atlantica_em_pe_6.jpg\" alt=\"\" data-id=\"182311\" data-full-url=\"https:\/\/aconteceunovale.com.br\/portal\/wp-content\/uploads\/2021\/09\/operacao_mata_atlantica_em_pe_6.jpg\" data-link=\"https:\/\/aconteceunovale.com.br\/portal\/?attachment_id=182311\" class=\"wp-image-182311\" srcset=\"https:\/\/aconteceunovale.com.br\/portal\/wp-content\/uploads\/2021\/09\/operacao_mata_atlantica_em_pe_6.jpg 678w, https:\/\/aconteceunovale.com.br\/portal\/wp-content\/uploads\/2021\/09\/operacao_mata_atlantica_em_pe_6-300x191.jpg 300w, https:\/\/aconteceunovale.com.br\/portal\/wp-content\/uploads\/2021\/09\/operacao_mata_atlantica_em_pe_6-659x420.jpg 659w\" sizes=\"auto, (max-width: 678px) 100vw, 678px\" \/><figcaption class=\"blocks-gallery-item__caption\"><em>Foto: Divulga\u00e7\u00e3o \/ MPMG<\/em><\/figcaption><\/figure><\/li><\/ul><\/figure>\n\n\n\n<p class=\"wp-block-paragraph\">Ao todo, foram fiscalizadas 649 \u00e1reas. O montante em multas foi 70% superior ao total aplicado no ano passado, que chegou a R$ 35,5 milh\u00f5es.&nbsp;<\/p>\n\n\n\n<p class=\"wp-block-paragraph\">A opera\u00e7\u00e3o foi deflagrada nos estados de Paran\u00e1, Rio Grande do Sul, Santa Catarina, S\u00e3o Paulo, Rio de Janeiro, Esp\u00edrito Santo, Minas Gerais, Alagoas, Sergipe, Pernambuco, Para\u00edba, Rio Grande do Norte, Cear\u00e1, Piau\u00ed, Bahia, Goi\u00e1s e Mato Grosso do Sul.<\/p>\n\n\n\n<p class=\"wp-block-paragraph\">Em cada estado, a opera\u00e7\u00e3o foi executada pelo Minist\u00e9rio P\u00fablico local, com a participa\u00e7\u00e3o do Instituto Brasileiro do Meio Ambiente e dos Recursos Naturais Renov\u00e1veis (Ibama), das respectivas Pol\u00edcias Ambientais e \u00f3rg\u00e3os ambientais estaduais e, em alguns casos, municipais.<\/p>\n\n\n\n<p class=\"wp-block-paragraph\">Foram parceiros na realiza\u00e7\u00e3o da opera\u00e7\u00e3o a Funda\u00e7\u00e3o SOS Mata Atl\u00e2ntica, a plataforma MapBiomas, uma iniciativa multi-institucional que une universidades, al\u00e9m de empresas de tecnologia e organiza\u00e7\u00f5es n\u00e3o governamentais que realizam o mapeamento anual da cobertura e do uso do solo no Brasil.<\/p>\n\n\n\n<p class=\"wp-block-paragraph\">A amplia\u00e7\u00e3o das a\u00e7\u00f5es de fiscaliza\u00e7\u00e3o foi destacada pelo promotor de Justi\u00e7a Alexandre Gaio, coordenador nacional da opera\u00e7\u00e3o. \u201cA uni\u00e3o de esfor\u00e7os entre as v\u00e1rias institui\u00e7\u00f5es tem trazido, a cada ano, ainda mais efetividade \u00e0 iniciativa, que tem como prop\u00f3sito deixar claro \u00e0 sociedade que os crimes ambientais n\u00e3o ficar\u00e3o impunes. N\u00e3o pouparemos esfor\u00e7os nesse sentido\u201d, disse.<\/p>\n\n\n\n<p class=\"wp-block-paragraph\">&#8212;&#8212;&#8212;&#8212;&#8212;&#8212;<br><em>Quer receber as not\u00edcias do <strong>Aconteceu no Vale<\/strong> em primeira m\u00e3o? Siga-nos no Facebook <a rel=\"noreferrer noopener\" href=\"http:\/\/facebook.com\/aconteceunovale\" target=\"_blank\">@aconteceunovale<\/a>, Twitter <a rel=\"noreferrer noopener\" href=\"https:\/\/twitter.com\/noticiadosvales\" target=\"_blank\">@noticiadosvales<\/a> e Instagram <a rel=\"noreferrer noopener\" href=\"https:\/\/www.instagram.com\/aconteceunovale\" target=\"_blank\">@aconteceunovale<\/a>.<\/em><\/p>\n","protected":false},"excerpt":{"rendered":"<p>A Opera\u00e7\u00e3o Mata Atl\u00e2ntica em P\u00e9 chegou ao fim, ap\u00f3s dez&nbsp;dias de fiscaliza\u00e7\u00f5es em 17 estados, com o saldo de R$ 55,5 milh\u00f5es de multas aplicadas. A&nbsp;a\u00e7\u00e3o foi coordenada&nbsp;nacionalmente pelo Minist\u00e9rio P\u00fablico do Paran\u00e1 e flagrou o desmate ilegal de 8.189 hectares. A informa\u00e7\u00e3o foi divulgada na quinta-feira (30\/9\/2021) pelo MP do Paran\u00e1. Ao todo, [&hellip;]<\/p>\n","protected":false},"author":4,"featured_media":182313,"comment_status":"open","ping_status":"closed","sticky":false,"template":"","format":"standard","meta":{"amp_status":"","footnotes":""},"categories":[6],"tags":[130,657,551,251969,195,3675,251967,132,39410,281,197,251968,1018,198,199,291,54148,1803,3557,89568,149,299,226,3063,1497,131,19674,210,19675,251958,251957,252265,251963,251956,251955,180183,251965,251962,251959,251960,251961,251970,251971,251964,38187,21238,25032,70581,251966,445,240,1522,2448,321,322,324,24666,1532,168,48509,419,1712],"class_list":["post-182503","post","type-post","status-publish","format-standard","has-post-thumbnail","hentry","category-br","tag-agua-boa","tag-angelandia","tag-aricanduva","tag-bioma-mata-atlantica","tag-brasilia-de-minas","tag-caetanopolis","tag-caoma-mpmg","tag-capelinha","tag-carlos-eduardo-ferreira-pinto","tag-coluna","tag-curvelo","tag-daniel-piovanelli-ardisson","tag-destaque","tag-diamantina","tag-divinopolis","tag-frei-lagonegro","tag-ibama","tag-icarai-de-minas","tag-indaiabira","tag-instituto-brasileiro-do-meio-ambiente-e-dos-recursos-naturais-renovaveis","tag-itamarandiba","tag-jose-raydan","tag-malacacheta","tag-maravilhas","tag-matozinhos","tag-minas-gerais","tag-ministerio-publico-de-minas-gerais","tag-montes-claros","tag-mpmg","tag-multa-por-desmatamento-ilegal","tag-operacao-contra-a-destruicao-da-natureza","tag-operacao-contra-desmatamento-aplica-mais-de-r-55-milhoes-em-multas","tag-operacao-contra-desmatamento-na-mata-atlantica","tag-operacao-contra-o-desmatamento-ilegal","tag-operacao-identifica-2-784-hectares-de-areas-desmatadas-ilegalmente-e-aplica-r-27-milhoes-em-multas-a-infratores","tag-operacao-mata-atlantica-em-pe","tag-operacao-mata-atlantica-em-pe-em-minas-gerais","tag-operacao-mata-atlantica-em-pe-no-leste-de-minas","tag-operacao-mata-atlantica-em-pe-no-vale-do-jequitinhonha","tag-operacao-mata-atlantica-em-pe-no-vale-do-mucuri","tag-operacao-mata-atlantica-em-pe-no-vale-do-rio-doce","tag-operacao-ouro-negro","tag-operacao-ouro-negro-em-minas-gerais","tag-operacao-para-protecao-da-mata-atlantica","tag-pmmg","tag-policia-militar-de-meio-ambiente","tag-pompeu","tag-promotor-carlos-eduardo-ferreira-pinto","tag-resultado-da-operacao-mata-atlantica-em-pe-em-minas-gerais","tag-rio-vermelho","tag-santa-maria-do-suacui","tag-sao-francisco","tag-sao-joao-da-ponte","tag-sao-jose-do-jacuri","tag-sao-pedro-do-suacui","tag-sao-sebastiao-do-maranhao","tag-semad","tag-sete-lagoas","tag-setubinha","tag-sos-mata-atlantica","tag-taiobeiras","tag-ubai"],"yoast_head":"<!-- This site is optimized with the Yoast SEO plugin v28.3 - https:\/\/yoast.com\/product\/yoast-seo-wordpress\/ -->\n<title>Opera\u00e7\u00e3o contra desmatamento aplica mais de R$ 55 milh\u00f5es em multas - Aconteceu no Vale<\/title>\n<meta name=\"robots\" content=\"index, follow, max-snippet:-1, max-image-preview:large, max-video-preview:-1\" \/>\n<link rel=\"canonical\" href=\"https:\/\/aconteceunovale.com.br\/portal\/?p=182503\" \/>\n<meta property=\"og:locale\" content=\"pt_BR\" \/>\n<meta property=\"og:type\" content=\"article\" \/>\n<meta property=\"og:title\" content=\"Opera\u00e7\u00e3o contra desmatamento aplica mais de R$ 55 milh\u00f5es em multas - Aconteceu no Vale\" \/>\n<meta property=\"og:description\" content=\"A Opera\u00e7\u00e3o Mata Atl\u00e2ntica em P\u00e9 chegou ao fim, ap\u00f3s dez&nbsp;dias de fiscaliza\u00e7\u00f5es em 17 estados, com o saldo de R$ 55,5 milh\u00f5es de multas aplicadas. A&nbsp;a\u00e7\u00e3o foi coordenada&nbsp;nacionalmente pelo Minist\u00e9rio P\u00fablico do Paran\u00e1 e flagrou o desmate ilegal de 8.189 hectares. A informa\u00e7\u00e3o foi divulgada na quinta-feira (30\/9\/2021) pelo MP do Paran\u00e1. Ao todo, [&hellip;]\" \/>\n<meta property=\"og:url\" content=\"https:\/\/aconteceunovale.com.br\/portal\/?p=182503\" \/>\n<meta property=\"og:site_name\" content=\"Aconteceu no Vale\" \/>\n<meta property=\"article:publisher\" content=\"https:\/\/www.facebook.com\/aconteceunovale\/\" \/>\n<meta property=\"article:published_time\" content=\"2021-10-02T01:21:46+00:00\" \/>\n<meta property=\"article:modified_time\" content=\"2021-10-02T01:26:36+00:00\" \/>\n<meta property=\"og:image\" content=\"https:\/\/aconteceunovale.com.br\/portal\/wp-content\/uploads\/2021\/09\/operacao_mata_atlantica_em_pe_14.jpg\" \/>\n\t<meta property=\"og:image:width\" content=\"678\" \/>\n\t<meta property=\"og:image:height\" content=\"381\" \/>\n\t<meta property=\"og:image:type\" content=\"image\/jpeg\" \/>\n<meta name=\"author\" content=\"Reda\u00e7\u00e3o Aconteceu no Vale\" \/>\n<meta name=\"twitter:card\" content=\"summary_large_image\" \/>\n<meta name=\"twitter:creator\" content=\"@noticiadosvales\" \/>\n<meta name=\"twitter:site\" content=\"@noticiadosvales\" \/>\n<meta name=\"twitter:label1\" content=\"Escrito por\" \/>\n\t<meta name=\"twitter:data1\" content=\"Reda\u00e7\u00e3o Aconteceu no Vale\" \/>\n\t<meta name=\"twitter:label2\" content=\"Est. tempo de leitura\" \/>\n\t<meta name=\"twitter:data2\" content=\"2 minutos\" \/>\n<script type=\"application\/ld+json\" class=\"yoast-schema-graph\">{\"@context\":\"https:\\\/\\\/schema.org\",\"@graph\":[{\"@type\":\"Article\",\"@id\":\"https:\\\/\\\/aconteceunovale.com.br\\\/portal\\\/?p=182503#article\",\"isPartOf\":{\"@id\":\"https:\\\/\\\/aconteceunovale.com.br\\\/portal\\\/?p=182503\"},\"author\":{\"name\":\"Reda\u00e7\u00e3o Aconteceu no Vale\",\"@id\":\"https:\\\/\\\/aconteceunovale.com.br\\\/portal\\\/#\\\/schema\\\/person\\\/7d2f26d1483f8a63de73da1ee0754d35\"},\"headline\":\"Opera\u00e7\u00e3o contra desmatamento aplica mais de R$ 55 milh\u00f5es em multas\",\"datePublished\":\"2021-10-02T01:21:46+00:00\",\"dateModified\":\"2021-10-02T01:26:36+00:00\",\"mainEntityOfPage\":{\"@id\":\"https:\\\/\\\/aconteceunovale.com.br\\\/portal\\\/?p=182503\"},\"wordCount\":337,\"commentCount\":0,\"image\":{\"@id\":\"https:\\\/\\\/aconteceunovale.com.br\\\/portal\\\/?p=182503#primaryimage\"},\"thumbnailUrl\":\"https:\\\/\\\/aconteceunovale.com.br\\\/portal\\\/wp-content\\\/uploads\\\/2021\\\/09\\\/operacao_mata_atlantica_em_pe_14.jpg\",\"keywords\":[\"\u00c1gua Boa\",\"Angel\u00e2ndia\",\"Aricanduva\",\"Bioma Mata Atl\u00e2ntica\",\"Bras\u00edlia de Minas\",\"Caetan\u00f3polis\",\"Caoma MPMG\",\"Capelinha\",\"Carlos Eduardo Ferreira Pinto\",\"Coluna\",\"Curvelo\",\"Daniel Piovanelli Ardisson\",\"destaque\",\"Diamantina\",\"Divin\u00f3polis\",\"Frei Lagonegro\",\"Ibama\",\"Icara\u00ed de Minas\",\"Indaiabira\",\"Instituto Brasileiro do Meio Ambiente e dos Recursos Naturais Renov\u00e1veis\",\"Itamarandiba\",\"Jos\u00e9 Raydan\",\"Malacacheta\",\"Maravilhas\",\"Matozinhos\",\"Minas Gerais\",\"Minist\u00e9rio P\u00fablico de Minas Gerais\",\"Montes Claros\",\"MPMG\",\"Multa por desmatamento ilegal\",\"Opera\u00e7\u00e3o contra a destrui\u00e7\u00e3o da natureza\",\"Opera\u00e7\u00e3o contra desmatamento aplica mais de R$ 55 milh\u00f5es em multas\",\"Opera\u00e7\u00e3o contra desmatamento na Mata Atl\u00e2ntica\",\"Opera\u00e7\u00e3o contra o desmatamento ilegal\",\"Opera\u00e7\u00e3o identifica 2.784 hectares de \u00e1reas desmatadas ilegalmente e aplica R$ 27 milh\u00f5es em multas a infratores\",\"Opera\u00e7\u00e3o Mata Atl\u00e2ntica em P\u00e9\",\"Opera\u00e7\u00e3o Mata Atl\u00e2ntica em P\u00e9 em Minas Gerais\",\"Opera\u00e7\u00e3o Mata Atl\u00e2ntica em P\u00e9 no Leste de Minas\",\"Opera\u00e7\u00e3o Mata Atl\u00e2ntica em P\u00e9 no Vale do Jequitinhonha\",\"Opera\u00e7\u00e3o Mata Atl\u00e2ntica em P\u00e9 no Vale do Mucuri\",\"Opera\u00e7\u00e3o Mata Atl\u00e2ntica em P\u00e9 no Vale do Rio Doce\",\"Opera\u00e7\u00e3o Ouro Negro\",\"Opera\u00e7\u00e3o Ouro Negro em Minas Gerais\",\"Opera\u00e7\u00e3o para prote\u00e7\u00e3o da Mata Atl\u00e2ntica\",\"PMMG\",\"pol\u00edcia Militar de Meio Ambiente\",\"Pompeu\",\"promotor Carlos Eduardo Ferreira Pinto\",\"Resultado da Opera\u00e7\u00e3o Mata Atl\u00e2ntica em P\u00e9 em Minas Gerais\",\"Rio Vermelho\",\"Santa Maria do Sua\u00e7u\u00ed\",\"S\u00e3o Francisco\",\"S\u00e3o Jo\u00e3o da Ponte\",\"S\u00e3o Jos\u00e9 do Jacuri\",\"S\u00e3o Pedro do Sua\u00e7u\u00ed\",\"S\u00e3o Sebasti\u00e3o do Maranh\u00e3o\",\"Semad\",\"Sete Lagoas\",\"Setubinha\",\"SOS Mata Atl\u00e2ntica\",\"Taiobeiras\",\"Uba\u00ed\"],\"articleSection\":[\"Brasil\"],\"inLanguage\":\"pt-BR\",\"potentialAction\":[{\"@type\":\"CommentAction\",\"name\":\"Comment\",\"target\":[\"https:\\\/\\\/aconteceunovale.com.br\\\/portal\\\/?p=182503#respond\"]}]},{\"@type\":\"WebPage\",\"@id\":\"https:\\\/\\\/aconteceunovale.com.br\\\/portal\\\/?p=182503\",\"url\":\"https:\\\/\\\/aconteceunovale.com.br\\\/portal\\\/?p=182503\",\"name\":\"Opera\u00e7\u00e3o contra desmatamento aplica mais de R$ 55 milh\u00f5es em multas - Aconteceu no Vale\",\"isPartOf\":{\"@id\":\"https:\\\/\\\/aconteceunovale.com.br\\\/portal\\\/#website\"},\"primaryImageOfPage\":{\"@id\":\"https:\\\/\\\/aconteceunovale.com.br\\\/portal\\\/?p=182503#primaryimage\"},\"image\":{\"@id\":\"https:\\\/\\\/aconteceunovale.com.br\\\/portal\\\/?p=182503#primaryimage\"},\"thumbnailUrl\":\"https:\\\/\\\/aconteceunovale.com.br\\\/portal\\\/wp-content\\\/uploads\\\/2021\\\/09\\\/operacao_mata_atlantica_em_pe_14.jpg\",\"datePublished\":\"2021-10-02T01:21:46+00:00\",\"dateModified\":\"2021-10-02T01:26:36+00:00\",\"author\":{\"@id\":\"https:\\\/\\\/aconteceunovale.com.br\\\/portal\\\/#\\\/schema\\\/person\\\/7d2f26d1483f8a63de73da1ee0754d35\"},\"breadcrumb\":{\"@id\":\"https:\\\/\\\/aconteceunovale.com.br\\\/portal\\\/?p=182503#breadcrumb\"},\"inLanguage\":\"pt-BR\",\"potentialAction\":[{\"@type\":\"ReadAction\",\"target\":[\"https:\\\/\\\/aconteceunovale.com.br\\\/portal\\\/?p=182503\"]}]},{\"@type\":\"ImageObject\",\"inLanguage\":\"pt-BR\",\"@id\":\"https:\\\/\\\/aconteceunovale.com.br\\\/portal\\\/?p=182503#primaryimage\",\"url\":\"https:\\\/\\\/aconteceunovale.com.br\\\/portal\\\/wp-content\\\/uploads\\\/2021\\\/09\\\/operacao_mata_atlantica_em_pe_14.jpg\",\"contentUrl\":\"https:\\\/\\\/aconteceunovale.com.br\\\/portal\\\/wp-content\\\/uploads\\\/2021\\\/09\\\/operacao_mata_atlantica_em_pe_14.jpg\",\"width\":678,\"height\":381},{\"@type\":\"BreadcrumbList\",\"@id\":\"https:\\\/\\\/aconteceunovale.com.br\\\/portal\\\/?p=182503#breadcrumb\",\"itemListElement\":[{\"@type\":\"ListItem\",\"position\":1,\"name\":\"In\u00edcio\",\"item\":\"https:\\\/\\\/aconteceunovale.com.br\\\/portal\\\/\"},{\"@type\":\"ListItem\",\"position\":2,\"name\":\"Opera\u00e7\u00e3o contra desmatamento aplica mais de R$ 55 milh\u00f5es em multas\"}]},{\"@type\":\"WebSite\",\"@id\":\"https:\\\/\\\/aconteceunovale.com.br\\\/portal\\\/#website\",\"url\":\"https:\\\/\\\/aconteceunovale.com.br\\\/portal\\\/\",\"name\":\"Aconteceu no Vale\",\"description\":\"Portal de Not\u00edcias\",\"potentialAction\":[{\"@type\":\"SearchAction\",\"target\":{\"@type\":\"EntryPoint\",\"urlTemplate\":\"https:\\\/\\\/aconteceunovale.com.br\\\/portal\\\/?s={search_term_string}\"},\"query-input\":{\"@type\":\"PropertyValueSpecification\",\"valueRequired\":true,\"valueName\":\"search_term_string\"}}],\"inLanguage\":\"pt-BR\"},{\"@type\":\"Person\",\"@id\":\"https:\\\/\\\/aconteceunovale.com.br\\\/portal\\\/#\\\/schema\\\/person\\\/7d2f26d1483f8a63de73da1ee0754d35\",\"name\":\"Reda\u00e7\u00e3o Aconteceu no Vale\",\"description\":\"Equipe de reportagem do Aconteceu no Vale, portal de not\u00edcias do Vale do Jequitinhonha, em Minas Gerais. Cobrimos as 51 cidades do Vale desde 2013. Sugest\u00f5es de pauta e pedidos de corre\u00e7\u00e3o: contato@aconteceunovale.com.br\",\"url\":\"https:\\\/\\\/aconteceunovale.com.br\\\/portal\\\/?author=4\"}]}<\/script>\n<!-- \/ Yoast SEO plugin. -->","yoast_head_json":{"title":"Opera\u00e7\u00e3o contra desmatamento aplica mais de R$ 55 milh\u00f5es em multas - Aconteceu no Vale","robots":{"index":"index","follow":"follow","max-snippet":"max-snippet:-1","max-image-preview":"max-image-preview:large","max-video-preview":"max-video-preview:-1"},"canonical":"https:\/\/aconteceunovale.com.br\/portal\/?p=182503","og_locale":"pt_BR","og_type":"article","og_title":"Opera\u00e7\u00e3o contra desmatamento aplica mais de R$ 55 milh\u00f5es em multas - Aconteceu no Vale","og_description":"A Opera\u00e7\u00e3o Mata Atl\u00e2ntica em P\u00e9 chegou ao fim, ap\u00f3s dez&nbsp;dias de fiscaliza\u00e7\u00f5es em 17 estados, com o saldo de R$ 55,5 milh\u00f5es de multas aplicadas. A&nbsp;a\u00e7\u00e3o foi coordenada&nbsp;nacionalmente pelo Minist\u00e9rio P\u00fablico do Paran\u00e1 e flagrou o desmate ilegal de 8.189 hectares. A informa\u00e7\u00e3o foi divulgada na quinta-feira (30\/9\/2021) pelo MP do Paran\u00e1. Ao todo, [&hellip;]","og_url":"https:\/\/aconteceunovale.com.br\/portal\/?p=182503","og_site_name":"Aconteceu no Vale","article_publisher":"https:\/\/www.facebook.com\/aconteceunovale\/","article_published_time":"2021-10-02T01:21:46+00:00","article_modified_time":"2021-10-02T01:26:36+00:00","og_image":[{"width":678,"height":381,"url":"https:\/\/aconteceunovale.com.br\/portal\/wp-content\/uploads\/2021\/09\/operacao_mata_atlantica_em_pe_14.jpg","type":"image\/jpeg"}],"author":"Reda\u00e7\u00e3o Aconteceu no Vale","twitter_card":"summary_large_image","twitter_creator":"@noticiadosvales","twitter_site":"@noticiadosvales","twitter_misc":{"Escrito por":"Reda\u00e7\u00e3o Aconteceu no Vale","Est. tempo de leitura":"2 minutos"},"schema":{"@context":"https:\/\/schema.org","@graph":[{"@type":"Article","@id":"https:\/\/aconteceunovale.com.br\/portal\/?p=182503#article","isPartOf":{"@id":"https:\/\/aconteceunovale.com.br\/portal\/?p=182503"},"author":{"name":"Reda\u00e7\u00e3o Aconteceu no Vale","@id":"https:\/\/aconteceunovale.com.br\/portal\/#\/schema\/person\/7d2f26d1483f8a63de73da1ee0754d35"},"headline":"Opera\u00e7\u00e3o contra desmatamento aplica mais de R$ 55 milh\u00f5es em multas","datePublished":"2021-10-02T01:21:46+00:00","dateModified":"2021-10-02T01:26:36+00:00","mainEntityOfPage":{"@id":"https:\/\/aconteceunovale.com.br\/portal\/?p=182503"},"wordCount":337,"commentCount":0,"image":{"@id":"https:\/\/aconteceunovale.com.br\/portal\/?p=182503#primaryimage"},"thumbnailUrl":"https:\/\/aconteceunovale.com.br\/portal\/wp-content\/uploads\/2021\/09\/operacao_mata_atlantica_em_pe_14.jpg","keywords":["\u00c1gua Boa","Angel\u00e2ndia","Aricanduva","Bioma Mata Atl\u00e2ntica","Bras\u00edlia de Minas","Caetan\u00f3polis","Caoma MPMG","Capelinha","Carlos Eduardo Ferreira Pinto","Coluna","Curvelo","Daniel Piovanelli Ardisson","destaque","Diamantina","Divin\u00f3polis","Frei Lagonegro","Ibama","Icara\u00ed de Minas","Indaiabira","Instituto Brasileiro do Meio Ambiente e dos Recursos Naturais Renov\u00e1veis","Itamarandiba","Jos\u00e9 Raydan","Malacacheta","Maravilhas","Matozinhos","Minas Gerais","Minist\u00e9rio P\u00fablico de Minas Gerais","Montes Claros","MPMG","Multa por desmatamento ilegal","Opera\u00e7\u00e3o contra a destrui\u00e7\u00e3o da natureza","Opera\u00e7\u00e3o contra desmatamento aplica mais de R$ 55 milh\u00f5es em multas","Opera\u00e7\u00e3o contra desmatamento na Mata Atl\u00e2ntica","Opera\u00e7\u00e3o contra o desmatamento ilegal","Opera\u00e7\u00e3o identifica 2.784 hectares de \u00e1reas desmatadas ilegalmente e aplica R$ 27 milh\u00f5es em multas a infratores","Opera\u00e7\u00e3o Mata Atl\u00e2ntica em P\u00e9","Opera\u00e7\u00e3o Mata Atl\u00e2ntica em P\u00e9 em Minas Gerais","Opera\u00e7\u00e3o Mata Atl\u00e2ntica em P\u00e9 no Leste de Minas","Opera\u00e7\u00e3o Mata Atl\u00e2ntica em P\u00e9 no Vale do Jequitinhonha","Opera\u00e7\u00e3o Mata Atl\u00e2ntica em P\u00e9 no Vale do Mucuri","Opera\u00e7\u00e3o Mata Atl\u00e2ntica em P\u00e9 no Vale do Rio Doce","Opera\u00e7\u00e3o Ouro Negro","Opera\u00e7\u00e3o Ouro Negro em Minas Gerais","Opera\u00e7\u00e3o para prote\u00e7\u00e3o da Mata Atl\u00e2ntica","PMMG","pol\u00edcia Militar de Meio Ambiente","Pompeu","promotor Carlos Eduardo Ferreira Pinto","Resultado da Opera\u00e7\u00e3o Mata Atl\u00e2ntica em P\u00e9 em Minas Gerais","Rio Vermelho","Santa Maria do Sua\u00e7u\u00ed","S\u00e3o Francisco","S\u00e3o Jo\u00e3o da Ponte","S\u00e3o Jos\u00e9 do Jacuri","S\u00e3o Pedro do Sua\u00e7u\u00ed","S\u00e3o Sebasti\u00e3o do Maranh\u00e3o","Semad","Sete Lagoas","Setubinha","SOS Mata Atl\u00e2ntica","Taiobeiras","Uba\u00ed"],"articleSection":["Brasil"],"inLanguage":"pt-BR","potentialAction":[{"@type":"CommentAction","name":"Comment","target":["https:\/\/aconteceunovale.com.br\/portal\/?p=182503#respond"]}]},{"@type":"WebPage","@id":"https:\/\/aconteceunovale.com.br\/portal\/?p=182503","url":"https:\/\/aconteceunovale.com.br\/portal\/?p=182503","name":"Opera\u00e7\u00e3o contra desmatamento aplica mais de R$ 55 milh\u00f5es em multas - Aconteceu no Vale","isPartOf":{"@id":"https:\/\/aconteceunovale.com.br\/portal\/#website"},"primaryImageOfPage":{"@id":"https:\/\/aconteceunovale.com.br\/portal\/?p=182503#primaryimage"},"image":{"@id":"https:\/\/aconteceunovale.com.br\/portal\/?p=182503#primaryimage"},"thumbnailUrl":"https:\/\/aconteceunovale.com.br\/portal\/wp-content\/uploads\/2021\/09\/operacao_mata_atlantica_em_pe_14.jpg","datePublished":"2021-10-02T01:21:46+00:00","dateModified":"2021-10-02T01:26:36+00:00","author":{"@id":"https:\/\/aconteceunovale.com.br\/portal\/#\/schema\/person\/7d2f26d1483f8a63de73da1ee0754d35"},"breadcrumb":{"@id":"https:\/\/aconteceunovale.com.br\/portal\/?p=182503#breadcrumb"},"inLanguage":"pt-BR","potentialAction":[{"@type":"ReadAction","target":["https:\/\/aconteceunovale.com.br\/portal\/?p=182503"]}]},{"@type":"ImageObject","inLanguage":"pt-BR","@id":"https:\/\/aconteceunovale.com.br\/portal\/?p=182503#primaryimage","url":"https:\/\/aconteceunovale.com.br\/portal\/wp-content\/uploads\/2021\/09\/operacao_mata_atlantica_em_pe_14.jpg","contentUrl":"https:\/\/aconteceunovale.com.br\/portal\/wp-content\/uploads\/2021\/09\/operacao_mata_atlantica_em_pe_14.jpg","width":678,"height":381},{"@type":"BreadcrumbList","@id":"https:\/\/aconteceunovale.com.br\/portal\/?p=182503#breadcrumb","itemListElement":[{"@type":"ListItem","position":1,"name":"In\u00edcio","item":"https:\/\/aconteceunovale.com.br\/portal\/"},{"@type":"ListItem","position":2,"name":"Opera\u00e7\u00e3o contra desmatamento aplica mais de R$ 55 milh\u00f5es em multas"}]},{"@type":"WebSite","@id":"https:\/\/aconteceunovale.com.br\/portal\/#website","url":"https:\/\/aconteceunovale.com.br\/portal\/","name":"Aconteceu no Vale","description":"Portal de Not\u00edcias","potentialAction":[{"@type":"SearchAction","target":{"@type":"EntryPoint","urlTemplate":"https:\/\/aconteceunovale.com.br\/portal\/?s={search_term_string}"},"query-input":{"@type":"PropertyValueSpecification","valueRequired":true,"valueName":"search_term_string"}}],"inLanguage":"pt-BR"},{"@type":"Person","@id":"https:\/\/aconteceunovale.com.br\/portal\/#\/schema\/person\/7d2f26d1483f8a63de73da1ee0754d35","name":"Reda\u00e7\u00e3o Aconteceu no Vale","description":"Equipe de reportagem do Aconteceu no Vale, portal de not\u00edcias do Vale do Jequitinhonha, em Minas Gerais. Cobrimos as 51 cidades do Vale desde 2013. Sugest\u00f5es de pauta e pedidos de corre\u00e7\u00e3o: contato@aconteceunovale.com.br","url":"https:\/\/aconteceunovale.com.br\/portal\/?author=4"}]}},"_links":{"self":[{"href":"https:\/\/aconteceunovale.com.br\/portal\/index.php?rest_route=\/wp\/v2\/posts\/182503","targetHints":{"allow":["GET"]}}],"collection":[{"href":"https:\/\/aconteceunovale.com.br\/portal\/index.php?rest_route=\/wp\/v2\/posts"}],"about":[{"href":"https:\/\/aconteceunovale.com.br\/portal\/index.php?rest_route=\/wp\/v2\/types\/post"}],"author":[{"embeddable":true,"href":"https:\/\/aconteceunovale.com.br\/portal\/index.php?rest_route=\/wp\/v2\/users\/4"}],"replies":[{"embeddable":true,"href":"https:\/\/aconteceunovale.com.br\/portal\/index.php?rest_route=%2Fwp%2Fv2%2Fcomments&post=182503"}],"version-history":[{"count":2,"href":"https:\/\/aconteceunovale.com.br\/portal\/index.php?rest_route=\/wp\/v2\/posts\/182503\/revisions"}],"predecessor-version":[{"id":182505,"href":"https:\/\/aconteceunovale.com.br\/portal\/index.php?rest_route=\/wp\/v2\/posts\/182503\/revisions\/182505"}],"wp:featuredmedia":[{"embeddable":true,"href":"https:\/\/aconteceunovale.com.br\/portal\/index.php?rest_route=\/wp\/v2\/media\/182313"}],"wp:attachment":[{"href":"https:\/\/aconteceunovale.com.br\/portal\/index.php?rest_route=%2Fwp%2Fv2%2Fmedia&parent=182503"}],"wp:term":[{"taxonomy":"category","embeddable":true,"href":"https:\/\/aconteceunovale.com.br\/portal\/index.php?rest_route=%2Fwp%2Fv2%2Fcategories&post=182503"},{"taxonomy":"post_tag","embeddable":true,"href":"https:\/\/aconteceunovale.com.br\/portal\/index.php?rest_route=%2Fwp%2Fv2%2Ftags&post=182503"}],"curies":[{"name":"wp","href":"https:\/\/api.w.org\/{rel}","templated":true}]}}