{"id":182499,"date":"2021-10-01T22:01:06","date_gmt":"2021-10-02T01:01:06","guid":{"rendered":"https:\/\/aconteceunovale.com.br\/portal\/?p=182499"},"modified":"2021-10-01T22:08:02","modified_gmt":"2021-10-02T01:08:02","slug":"exames-de-rastreio-de-cancer-de-mama-e-de-colo-do-utero-estao-disponiveis-pelo-sus","status":"publish","type":"post","link":"https:\/\/aconteceunovale.com.br\/portal\/?p=182499","title":{"rendered":"Exames de rastreio de c\u00e2ncer de mama e de colo do \u00fatero est\u00e3o dispon\u00edveis pelo SUS"},"content":{"rendered":"\n<p class=\"wp-block-paragraph\">Neste Outubro Rosa, m\u00eas de mobiliza\u00e7\u00e3o em prol da sa\u00fade da mulher, o objetivo da&nbsp;Secretaria de Estado de Sa\u00fade de Minas Gerais (SES-MG)&nbsp;\u00e9 ampliar o n\u00famero de exames de rastreio dos c\u00e2nceres de colo do \u00fatero e de mama.<\/p>\n\n\n\n<p class=\"wp-block-paragraph\">Como aponta a assessora da Superintend\u00eancia de Redes de Aten\u00e7\u00e3o \u00e0 Sa\u00fade da SES-MG, Fernanda Santos Pereira, a realiza\u00e7\u00e3o da mamografia e do exame citopatol\u00f3gico do colo do \u00fatero permitem identificar altera\u00e7\u00f5es caracter\u00edsticas de c\u00e2ncer. Quanto mais cedo for o diagn\u00f3stico, melhor poder\u00e1 ser o desfecho do tratamento. \u201cNos casos de exames alterados, as mulheres s\u00e3o orientadas e encaminhadas para a defini\u00e7\u00e3o diagn\u00f3stica e do tratamento adequado\u201d, explica..<\/p>\n\n\n\n<p class=\"wp-block-paragraph\">O Sistema \u00danico de Sa\u00fade (SUS) recomenda que o exame cl\u00ednico mam\u00e1rio seja feito em mulheres de 40 a 49 anos. J\u00e1 a mamografia \u00e9 feita quando h\u00e1 indica\u00e7\u00e3o da equipe de sa\u00fade.&nbsp;<\/p>\n\n\n\n<p class=\"wp-block-paragraph\">Para mulheres de 50 a 69 anos, a orienta\u00e7\u00e3o \u00e9 fazer o exame cl\u00ednico e a mamografia a cada dois anos, ou em intervalos menores, dependendo do resultado da mamografia anterior. Fernanda Santos ressalta que mulheres com elevado risco para c\u00e2ncer de mama, que t\u00eam hist\u00f3rico familiar ou pessoal da doen\u00e7a, necessitam de avalia\u00e7\u00e3o e acompanhamento individualizados. \u201cEm todos os casos, a porta de entrada para solicitar os exames \u00e9 a Unidade B\u00e1sica de Sa\u00fade (UBS)\u201d, destaca.<\/p>\n\n\n\n<p class=\"wp-block-paragraph\">A avalia\u00e7\u00e3o cl\u00ednica e o exame citopatol\u00f3gico (papanicolau) do colo do \u00fatero est\u00e3o dispon\u00edveis no SUS para mulheres de 25 a 64 anos que j\u00e1 tiveram rela\u00e7\u00e3o sexual. Nesse caso, a orienta\u00e7\u00e3o segue a mesma: \u00e9 preciso procurar a UBS mais pr\u00f3xima de sua resid\u00eancia para agendar a consulta.<\/p>\n\n\n\n<p class=\"wp-block-paragraph\">Al\u00e9m do diagn\u00f3stico, o SUS oferece tratamento para os dois tumores. Mastectomias, cirurgias conservadoras e de reconstru\u00e7\u00e3o mam\u00e1ria, al\u00e9m de radioterapia, quimioterapia, hormonioterapia e terapia com anticorpos est\u00e3o previstos para o c\u00e2ncer de mama. No caso do c\u00e2ncer de colo de \u00fatero est\u00e3o dispon\u00edveis cirurgia, quimioterapia e radioterapia.<\/p>\n\n\n\n<p class=\"wp-block-paragraph\">A escolha pelo tipo de tratamento depender\u00e1 de avalia\u00e7\u00e3o individual.<\/p>\n\n\n\n<h2 class=\"wp-block-heading\"><strong>Dados epidemiol\u00f3gicos<\/strong><\/h2>\n\n\n\n<p class=\"wp-block-paragraph\">O c\u00e2ncer de mama \u00e9 um problema de sa\u00fade p\u00fablica de grande relev\u00e2ncia no Brasil. Ele \u00e9 a causa mais frequente de morte por c\u00e2ncer no sexo feminino. Minas Gerais registrou, em 2020, 5.211 casos diagnosticados e 1.762 \u00f3bitos.<\/p>\n\n\n\n<p class=\"wp-block-paragraph\">J\u00e1 o c\u00e2ncer de colo do \u00fatero foi identificado em 2.646 mulheres no estado no ano passado, provocando 452 \u00f3bitos. \u00c9 a sexta maior causa de morte por c\u00e2ncer em Minas Gerais.<\/p>\n\n\n\n<p class=\"wp-block-paragraph\">Para 2021 e 2022, o Instituto Nacional de C\u00e2ncer (Inca) estima 8.250 novos casos de c\u00e2ncer de mama e 1.270 de c\u00e2ncer de colo do \u00fatero no estado, a cada ano.<\/p>\n\n\n\n<h2 class=\"wp-block-heading\"><strong>Preven\u00e7\u00e3o<\/strong><\/h2>\n\n\n\n<p class=\"wp-block-paragraph\">Os dois tumores est\u00e3o fortemente associados a fatores de risco, como alimenta\u00e7\u00e3o n\u00e3o saud\u00e1vel, inatividade f\u00edsica, obesidade, colesterol elevado, tabagismo e consumo de bebida alco\u00f3lica. Algumas mudan\u00e7as no dia a dia podem trazer muitos benef\u00edcios para a sa\u00fade da mulher, como:<\/p>\n\n\n\n<p class=\"wp-block-paragraph\">1. Ter uma vida mais ativa;<\/p>\n\n\n\n<p class=\"wp-block-paragraph\">2. Praticar atividade f\u00edsica &#8211; pelo menos 150 minutos por semana de atividade f\u00edsica de intensidade moderada;<\/p>\n\n\n\n<p class=\"wp-block-paragraph\">3. Manter o peso corporal adequado;<\/p>\n\n\n\n<p class=\"wp-block-paragraph\">4. Manter uma alimenta\u00e7\u00e3o saud\u00e1vel, com base no consumo de alimentos in natura e minimamente processados, como frutas, legumes, verduras, cereais integrais, feij\u00f5es e outras leguminosas, ovos e carnes;<\/p>\n\n\n\n<p class=\"wp-block-paragraph\">5. Evitar o consumo em excesso de alimentos ultraprocessados, ou seja, produtos industrializados, como biscoitos, sorvetes, cereais a\u00e7ucarados; refrigerantes, carnes embutidas etc;<\/p>\n\n\n\n<p class=\"wp-block-paragraph\">6. Evitar o consumo de bebidas alco\u00f3licas;<\/p>\n\n\n\n<p class=\"wp-block-paragraph\">7. N\u00e3o fumar e evitar o tabagismo passivo.<\/p>\n\n\n\n<p class=\"wp-block-paragraph\">&#8212;&#8212;&#8212;&#8212;&#8212;&#8212;<br><em>Quer receber as not\u00edcias do <strong>Aconteceu no Vale<\/strong> em primeira m\u00e3o? Siga-nos no Facebook <a rel=\"noreferrer noopener\" href=\"http:\/\/facebook.com\/aconteceunovale\" target=\"_blank\">@aconteceunovale<\/a>, Twitter <a rel=\"noreferrer noopener\" href=\"https:\/\/twitter.com\/noticiadosvales\" target=\"_blank\">@noticiadosvales<\/a> e Instagram <a rel=\"noreferrer noopener\" href=\"https:\/\/www.instagram.com\/aconteceunovale\" target=\"_blank\">@aconteceunovale<\/a>.<\/em><\/p>\n","protected":false},"excerpt":{"rendered":"<p>Neste Outubro Rosa, m\u00eas de mobiliza\u00e7\u00e3o em prol da sa\u00fade da mulher, o objetivo da&nbsp;Secretaria de Estado de Sa\u00fade de Minas Gerais (SES-MG)&nbsp;\u00e9 ampliar o n\u00famero de exames de rastreio dos c\u00e2nceres de colo do \u00fatero e de mama. Como aponta a assessora da Superintend\u00eancia de Redes de Aten\u00e7\u00e3o \u00e0 Sa\u00fade da SES-MG, Fernanda Santos [&hellip;]<\/p>\n","protected":false},"author":4,"featured_media":182501,"comment_status":"open","ping_status":"closed","sticky":false,"template":"","format":"standard","meta":{"amp_status":"","footnotes":""},"categories":[123,40242],"tags":[18204,252263,252262,131,252259,261,252264,194010,252260,252261,36222,52113,28873],"class_list":["post-182499","post","type-post","status-publish","format-standard","has-post-thumbnail","hentry","category-gerais","category-saude-2","tag-campanha-outubro-rosa","tag-dados-do-cancer-de-mama-em-minas-gerais","tag-fernanda-santos-pereira","tag-minas-gerais","tag-mobilizacao-em-prol-da-saude-da-mulher","tag-outubro-rosa","tag-prevencao-do-cancer-de-colo-do-utero","tag-prevencao-do-cancer-de-mama","tag-rastreio-de-cancer-de-mama-pelo-sus","tag-rastreio-de-colo-de-utero-pelo-sus","tag-saude-da-mulher","tag-ses-mg","tag-sus"],"yoast_head":"<!-- This site is optimized with the Yoast SEO plugin v28.3 - https:\/\/yoast.com\/product\/yoast-seo-wordpress\/ -->\n<title>Exames de rastreio de c\u00e2ncer de mama e de colo do \u00fatero est\u00e3o dispon\u00edveis pelo SUS - Aconteceu no Vale<\/title>\n<meta name=\"robots\" content=\"index, follow, max-snippet:-1, max-image-preview:large, max-video-preview:-1\" \/>\n<link rel=\"canonical\" href=\"https:\/\/aconteceunovale.com.br\/portal\/?p=182499\" \/>\n<meta property=\"og:locale\" content=\"pt_BR\" \/>\n<meta property=\"og:type\" content=\"article\" \/>\n<meta property=\"og:title\" content=\"Exames de rastreio de c\u00e2ncer de mama e de colo do \u00fatero est\u00e3o dispon\u00edveis pelo SUS - Aconteceu no Vale\" \/>\n<meta property=\"og:description\" content=\"Neste Outubro Rosa, m\u00eas de mobiliza\u00e7\u00e3o em prol da sa\u00fade da mulher, o objetivo da&nbsp;Secretaria de Estado de Sa\u00fade de Minas Gerais (SES-MG)&nbsp;\u00e9 ampliar o n\u00famero de exames de rastreio dos c\u00e2nceres de colo do \u00fatero e de mama. Como aponta a assessora da Superintend\u00eancia de Redes de Aten\u00e7\u00e3o \u00e0 Sa\u00fade da SES-MG, Fernanda Santos [&hellip;]\" \/>\n<meta property=\"og:url\" content=\"https:\/\/aconteceunovale.com.br\/portal\/?p=182499\" \/>\n<meta property=\"og:site_name\" content=\"Aconteceu no Vale\" \/>\n<meta property=\"article:publisher\" content=\"https:\/\/www.facebook.com\/aconteceunovale\/\" \/>\n<meta property=\"article:published_time\" content=\"2021-10-02T01:01:06+00:00\" \/>\n<meta property=\"article:modified_time\" content=\"2021-10-02T01:08:02+00:00\" \/>\n<meta property=\"og:image\" content=\"https:\/\/aconteceunovale.com.br\/portal\/wp-content\/uploads\/2021\/10\/outubro_rosa_mamografia.jpeg\" \/>\n\t<meta property=\"og:image:width\" content=\"675\" \/>\n\t<meta property=\"og:image:height\" content=\"450\" \/>\n\t<meta property=\"og:image:type\" content=\"image\/jpeg\" \/>\n<meta name=\"author\" content=\"Reda\u00e7\u00e3o Aconteceu no Vale\" \/>\n<meta name=\"twitter:card\" content=\"summary_large_image\" \/>\n<meta name=\"twitter:creator\" content=\"@noticiadosvales\" \/>\n<meta name=\"twitter:site\" content=\"@noticiadosvales\" \/>\n<meta name=\"twitter:label1\" content=\"Escrito por\" \/>\n\t<meta name=\"twitter:data1\" content=\"Reda\u00e7\u00e3o Aconteceu no Vale\" \/>\n\t<meta name=\"twitter:label2\" content=\"Est. tempo de leitura\" \/>\n\t<meta name=\"twitter:data2\" content=\"3 minutos\" \/>\n<script type=\"application\/ld+json\" class=\"yoast-schema-graph\">{\"@context\":\"https:\\\/\\\/schema.org\",\"@graph\":[{\"@type\":\"Article\",\"@id\":\"https:\\\/\\\/aconteceunovale.com.br\\\/portal\\\/?p=182499#article\",\"isPartOf\":{\"@id\":\"https:\\\/\\\/aconteceunovale.com.br\\\/portal\\\/?p=182499\"},\"author\":{\"name\":\"Reda\u00e7\u00e3o Aconteceu no Vale\",\"@id\":\"https:\\\/\\\/aconteceunovale.com.br\\\/portal\\\/#\\\/schema\\\/person\\\/7d2f26d1483f8a63de73da1ee0754d35\"},\"headline\":\"Exames de rastreio de c\u00e2ncer de mama e de colo do \u00fatero est\u00e3o dispon\u00edveis pelo SUS\",\"datePublished\":\"2021-10-02T01:01:06+00:00\",\"dateModified\":\"2021-10-02T01:08:02+00:00\",\"mainEntityOfPage\":{\"@id\":\"https:\\\/\\\/aconteceunovale.com.br\\\/portal\\\/?p=182499\"},\"wordCount\":661,\"commentCount\":0,\"image\":{\"@id\":\"https:\\\/\\\/aconteceunovale.com.br\\\/portal\\\/?p=182499#primaryimage\"},\"thumbnailUrl\":\"https:\\\/\\\/aconteceunovale.com.br\\\/portal\\\/wp-content\\\/uploads\\\/2021\\\/10\\\/outubro_rosa_mamografia.jpeg\",\"keywords\":[\"Campanha Outubro Rosa\",\"Dados do c\u00e2ncer de mama em Minas Gerais\",\"Fernanda Santos Pereira\",\"Minas Gerais\",\"Mobiliza\u00e7\u00e3o em prol da sa\u00fade da mulher\",\"Outubro rosa\",\"Preven\u00e7\u00e3o do c\u00e2ncer de colo do \u00fatero\",\"Preven\u00e7\u00e3o do c\u00e2ncer de mama\",\"Rastreio de c\u00e2ncer de mama pelo SUS\",\"Rastreio de colo de \u00fatero pelo SUS\",\"sa\u00fade da mulher\",\"SES-MG\",\"SUS\"],\"articleSection\":[\"Minas Gerais\",\"Sa\u00fade\"],\"inLanguage\":\"pt-BR\",\"potentialAction\":[{\"@type\":\"CommentAction\",\"name\":\"Comment\",\"target\":[\"https:\\\/\\\/aconteceunovale.com.br\\\/portal\\\/?p=182499#respond\"]}]},{\"@type\":\"WebPage\",\"@id\":\"https:\\\/\\\/aconteceunovale.com.br\\\/portal\\\/?p=182499\",\"url\":\"https:\\\/\\\/aconteceunovale.com.br\\\/portal\\\/?p=182499\",\"name\":\"Exames de rastreio de c\u00e2ncer de mama e de colo do \u00fatero est\u00e3o dispon\u00edveis pelo SUS - Aconteceu no Vale\",\"isPartOf\":{\"@id\":\"https:\\\/\\\/aconteceunovale.com.br\\\/portal\\\/#website\"},\"primaryImageOfPage\":{\"@id\":\"https:\\\/\\\/aconteceunovale.com.br\\\/portal\\\/?p=182499#primaryimage\"},\"image\":{\"@id\":\"https:\\\/\\\/aconteceunovale.com.br\\\/portal\\\/?p=182499#primaryimage\"},\"thumbnailUrl\":\"https:\\\/\\\/aconteceunovale.com.br\\\/portal\\\/wp-content\\\/uploads\\\/2021\\\/10\\\/outubro_rosa_mamografia.jpeg\",\"datePublished\":\"2021-10-02T01:01:06+00:00\",\"dateModified\":\"2021-10-02T01:08:02+00:00\",\"author\":{\"@id\":\"https:\\\/\\\/aconteceunovale.com.br\\\/portal\\\/#\\\/schema\\\/person\\\/7d2f26d1483f8a63de73da1ee0754d35\"},\"breadcrumb\":{\"@id\":\"https:\\\/\\\/aconteceunovale.com.br\\\/portal\\\/?p=182499#breadcrumb\"},\"inLanguage\":\"pt-BR\",\"potentialAction\":[{\"@type\":\"ReadAction\",\"target\":[\"https:\\\/\\\/aconteceunovale.com.br\\\/portal\\\/?p=182499\"]}]},{\"@type\":\"ImageObject\",\"inLanguage\":\"pt-BR\",\"@id\":\"https:\\\/\\\/aconteceunovale.com.br\\\/portal\\\/?p=182499#primaryimage\",\"url\":\"https:\\\/\\\/aconteceunovale.com.br\\\/portal\\\/wp-content\\\/uploads\\\/2021\\\/10\\\/outubro_rosa_mamografia.jpeg\",\"contentUrl\":\"https:\\\/\\\/aconteceunovale.com.br\\\/portal\\\/wp-content\\\/uploads\\\/2021\\\/10\\\/outubro_rosa_mamografia.jpeg\",\"width\":675,\"height\":450,\"caption\":\"AdobeStock \\\/ via Sede\"},{\"@type\":\"BreadcrumbList\",\"@id\":\"https:\\\/\\\/aconteceunovale.com.br\\\/portal\\\/?p=182499#breadcrumb\",\"itemListElement\":[{\"@type\":\"ListItem\",\"position\":1,\"name\":\"In\u00edcio\",\"item\":\"https:\\\/\\\/aconteceunovale.com.br\\\/portal\\\/\"},{\"@type\":\"ListItem\",\"position\":2,\"name\":\"Exames de rastreio de c\u00e2ncer de mama e de colo do \u00fatero est\u00e3o dispon\u00edveis pelo SUS\"}]},{\"@type\":\"WebSite\",\"@id\":\"https:\\\/\\\/aconteceunovale.com.br\\\/portal\\\/#website\",\"url\":\"https:\\\/\\\/aconteceunovale.com.br\\\/portal\\\/\",\"name\":\"Aconteceu no Vale\",\"description\":\"Portal de Not\u00edcias\",\"potentialAction\":[{\"@type\":\"SearchAction\",\"target\":{\"@type\":\"EntryPoint\",\"urlTemplate\":\"https:\\\/\\\/aconteceunovale.com.br\\\/portal\\\/?s={search_term_string}\"},\"query-input\":{\"@type\":\"PropertyValueSpecification\",\"valueRequired\":true,\"valueName\":\"search_term_string\"}}],\"inLanguage\":\"pt-BR\"},{\"@type\":\"Person\",\"@id\":\"https:\\\/\\\/aconteceunovale.com.br\\\/portal\\\/#\\\/schema\\\/person\\\/7d2f26d1483f8a63de73da1ee0754d35\",\"name\":\"Reda\u00e7\u00e3o Aconteceu no Vale\",\"description\":\"Equipe de reportagem do Aconteceu no Vale, portal de not\u00edcias do Vale do Jequitinhonha, em Minas Gerais. Cobrimos as 51 cidades do Vale desde 2013. Sugest\u00f5es de pauta e pedidos de corre\u00e7\u00e3o: contato@aconteceunovale.com.br\",\"url\":\"https:\\\/\\\/aconteceunovale.com.br\\\/portal\\\/?author=4\"}]}<\/script>\n<!-- \/ Yoast SEO plugin. -->","yoast_head_json":{"title":"Exames de rastreio de c\u00e2ncer de mama e de colo do \u00fatero est\u00e3o dispon\u00edveis pelo SUS - Aconteceu no Vale","robots":{"index":"index","follow":"follow","max-snippet":"max-snippet:-1","max-image-preview":"max-image-preview:large","max-video-preview":"max-video-preview:-1"},"canonical":"https:\/\/aconteceunovale.com.br\/portal\/?p=182499","og_locale":"pt_BR","og_type":"article","og_title":"Exames de rastreio de c\u00e2ncer de mama e de colo do \u00fatero est\u00e3o dispon\u00edveis pelo SUS - Aconteceu no Vale","og_description":"Neste Outubro Rosa, m\u00eas de mobiliza\u00e7\u00e3o em prol da sa\u00fade da mulher, o objetivo da&nbsp;Secretaria de Estado de Sa\u00fade de Minas Gerais (SES-MG)&nbsp;\u00e9 ampliar o n\u00famero de exames de rastreio dos c\u00e2nceres de colo do \u00fatero e de mama. Como aponta a assessora da Superintend\u00eancia de Redes de Aten\u00e7\u00e3o \u00e0 Sa\u00fade da SES-MG, Fernanda Santos [&hellip;]","og_url":"https:\/\/aconteceunovale.com.br\/portal\/?p=182499","og_site_name":"Aconteceu no Vale","article_publisher":"https:\/\/www.facebook.com\/aconteceunovale\/","article_published_time":"2021-10-02T01:01:06+00:00","article_modified_time":"2021-10-02T01:08:02+00:00","og_image":[{"width":675,"height":450,"url":"https:\/\/aconteceunovale.com.br\/portal\/wp-content\/uploads\/2021\/10\/outubro_rosa_mamografia.jpeg","type":"image\/jpeg"}],"author":"Reda\u00e7\u00e3o Aconteceu no Vale","twitter_card":"summary_large_image","twitter_creator":"@noticiadosvales","twitter_site":"@noticiadosvales","twitter_misc":{"Escrito por":"Reda\u00e7\u00e3o Aconteceu no Vale","Est. tempo de leitura":"3 minutos"},"schema":{"@context":"https:\/\/schema.org","@graph":[{"@type":"Article","@id":"https:\/\/aconteceunovale.com.br\/portal\/?p=182499#article","isPartOf":{"@id":"https:\/\/aconteceunovale.com.br\/portal\/?p=182499"},"author":{"name":"Reda\u00e7\u00e3o Aconteceu no Vale","@id":"https:\/\/aconteceunovale.com.br\/portal\/#\/schema\/person\/7d2f26d1483f8a63de73da1ee0754d35"},"headline":"Exames de rastreio de c\u00e2ncer de mama e de colo do \u00fatero est\u00e3o dispon\u00edveis pelo SUS","datePublished":"2021-10-02T01:01:06+00:00","dateModified":"2021-10-02T01:08:02+00:00","mainEntityOfPage":{"@id":"https:\/\/aconteceunovale.com.br\/portal\/?p=182499"},"wordCount":661,"commentCount":0,"image":{"@id":"https:\/\/aconteceunovale.com.br\/portal\/?p=182499#primaryimage"},"thumbnailUrl":"https:\/\/aconteceunovale.com.br\/portal\/wp-content\/uploads\/2021\/10\/outubro_rosa_mamografia.jpeg","keywords":["Campanha Outubro Rosa","Dados do c\u00e2ncer de mama em Minas Gerais","Fernanda Santos Pereira","Minas Gerais","Mobiliza\u00e7\u00e3o em prol da sa\u00fade da mulher","Outubro rosa","Preven\u00e7\u00e3o do c\u00e2ncer de colo do \u00fatero","Preven\u00e7\u00e3o do c\u00e2ncer de mama","Rastreio de c\u00e2ncer de mama pelo SUS","Rastreio de colo de \u00fatero pelo SUS","sa\u00fade da mulher","SES-MG","SUS"],"articleSection":["Minas Gerais","Sa\u00fade"],"inLanguage":"pt-BR","potentialAction":[{"@type":"CommentAction","name":"Comment","target":["https:\/\/aconteceunovale.com.br\/portal\/?p=182499#respond"]}]},{"@type":"WebPage","@id":"https:\/\/aconteceunovale.com.br\/portal\/?p=182499","url":"https:\/\/aconteceunovale.com.br\/portal\/?p=182499","name":"Exames de rastreio de c\u00e2ncer de mama e de colo do \u00fatero est\u00e3o dispon\u00edveis pelo SUS - Aconteceu no Vale","isPartOf":{"@id":"https:\/\/aconteceunovale.com.br\/portal\/#website"},"primaryImageOfPage":{"@id":"https:\/\/aconteceunovale.com.br\/portal\/?p=182499#primaryimage"},"image":{"@id":"https:\/\/aconteceunovale.com.br\/portal\/?p=182499#primaryimage"},"thumbnailUrl":"https:\/\/aconteceunovale.com.br\/portal\/wp-content\/uploads\/2021\/10\/outubro_rosa_mamografia.jpeg","datePublished":"2021-10-02T01:01:06+00:00","dateModified":"2021-10-02T01:08:02+00:00","author":{"@id":"https:\/\/aconteceunovale.com.br\/portal\/#\/schema\/person\/7d2f26d1483f8a63de73da1ee0754d35"},"breadcrumb":{"@id":"https:\/\/aconteceunovale.com.br\/portal\/?p=182499#breadcrumb"},"inLanguage":"pt-BR","potentialAction":[{"@type":"ReadAction","target":["https:\/\/aconteceunovale.com.br\/portal\/?p=182499"]}]},{"@type":"ImageObject","inLanguage":"pt-BR","@id":"https:\/\/aconteceunovale.com.br\/portal\/?p=182499#primaryimage","url":"https:\/\/aconteceunovale.com.br\/portal\/wp-content\/uploads\/2021\/10\/outubro_rosa_mamografia.jpeg","contentUrl":"https:\/\/aconteceunovale.com.br\/portal\/wp-content\/uploads\/2021\/10\/outubro_rosa_mamografia.jpeg","width":675,"height":450,"caption":"AdobeStock \/ via Sede"},{"@type":"BreadcrumbList","@id":"https:\/\/aconteceunovale.com.br\/portal\/?p=182499#breadcrumb","itemListElement":[{"@type":"ListItem","position":1,"name":"In\u00edcio","item":"https:\/\/aconteceunovale.com.br\/portal\/"},{"@type":"ListItem","position":2,"name":"Exames de rastreio de c\u00e2ncer de mama e de colo do \u00fatero est\u00e3o dispon\u00edveis pelo SUS"}]},{"@type":"WebSite","@id":"https:\/\/aconteceunovale.com.br\/portal\/#website","url":"https:\/\/aconteceunovale.com.br\/portal\/","name":"Aconteceu no Vale","description":"Portal de Not\u00edcias","potentialAction":[{"@type":"SearchAction","target":{"@type":"EntryPoint","urlTemplate":"https:\/\/aconteceunovale.com.br\/portal\/?s={search_term_string}"},"query-input":{"@type":"PropertyValueSpecification","valueRequired":true,"valueName":"search_term_string"}}],"inLanguage":"pt-BR"},{"@type":"Person","@id":"https:\/\/aconteceunovale.com.br\/portal\/#\/schema\/person\/7d2f26d1483f8a63de73da1ee0754d35","name":"Reda\u00e7\u00e3o Aconteceu no Vale","description":"Equipe de reportagem do Aconteceu no Vale, portal de not\u00edcias do Vale do Jequitinhonha, em Minas Gerais. Cobrimos as 51 cidades do Vale desde 2013. Sugest\u00f5es de pauta e pedidos de corre\u00e7\u00e3o: contato@aconteceunovale.com.br","url":"https:\/\/aconteceunovale.com.br\/portal\/?author=4"}]}},"_links":{"self":[{"href":"https:\/\/aconteceunovale.com.br\/portal\/index.php?rest_route=\/wp\/v2\/posts\/182499","targetHints":{"allow":["GET"]}}],"collection":[{"href":"https:\/\/aconteceunovale.com.br\/portal\/index.php?rest_route=\/wp\/v2\/posts"}],"about":[{"href":"https:\/\/aconteceunovale.com.br\/portal\/index.php?rest_route=\/wp\/v2\/types\/post"}],"author":[{"embeddable":true,"href":"https:\/\/aconteceunovale.com.br\/portal\/index.php?rest_route=\/wp\/v2\/users\/4"}],"replies":[{"embeddable":true,"href":"https:\/\/aconteceunovale.com.br\/portal\/index.php?rest_route=%2Fwp%2Fv2%2Fcomments&post=182499"}],"version-history":[{"count":2,"href":"https:\/\/aconteceunovale.com.br\/portal\/index.php?rest_route=\/wp\/v2\/posts\/182499\/revisions"}],"predecessor-version":[{"id":182502,"href":"https:\/\/aconteceunovale.com.br\/portal\/index.php?rest_route=\/wp\/v2\/posts\/182499\/revisions\/182502"}],"wp:featuredmedia":[{"embeddable":true,"href":"https:\/\/aconteceunovale.com.br\/portal\/index.php?rest_route=\/wp\/v2\/media\/182501"}],"wp:attachment":[{"href":"https:\/\/aconteceunovale.com.br\/portal\/index.php?rest_route=%2Fwp%2Fv2%2Fmedia&parent=182499"}],"wp:term":[{"taxonomy":"category","embeddable":true,"href":"https:\/\/aconteceunovale.com.br\/portal\/index.php?rest_route=%2Fwp%2Fv2%2Fcategories&post=182499"},{"taxonomy":"post_tag","embeddable":true,"href":"https:\/\/aconteceunovale.com.br\/portal\/index.php?rest_route=%2Fwp%2Fv2%2Ftags&post=182499"}],"curies":[{"name":"wp","href":"https:\/\/api.w.org\/{rel}","templated":true}]}}