{"id":182489,"date":"2021-10-01T19:23:50","date_gmt":"2021-10-01T22:23:50","guid":{"rendered":"https:\/\/aconteceunovale.com.br\/portal\/?p=182489"},"modified":"2021-10-01T19:26:15","modified_gmt":"2021-10-01T22:26:15","slug":"falta-um-ano-para-as-eleicoes-2022","status":"publish","type":"post","link":"https:\/\/aconteceunovale.com.br\/portal\/?p=182489","title":{"rendered":"Falta um ano para as Elei\u00e7\u00f5es 2022"},"content":{"rendered":"\n<p class=\"wp-block-paragraph\">Daqui a um ano, no dia 2 de outubro de 2022, cerca de 146 milh\u00f5es de eleitoras e eleitores ir\u00e3o \u00e0s urnas para exercer o direito de voto e decidir os rumos do Brasil, de seus 26 estados e do Distrito Federal. Faltando um ano para esse momento t\u00e3o significativo, o TRE-MG inicia uma s\u00e9rie de not\u00edcias especiais para destacar os principais pontos a que a popula\u00e7\u00e3o, partidos pol\u00edticos e poss\u00edveis candidatas e candidatos t\u00eam que ficar atentos.<\/p>\n\n\n\n<p class=\"wp-block-paragraph\">Nas Elei\u00e7\u00f5es 2022, estar\u00e3o em disputa os seguintes cargos:<\/p>\n\n\n\n<ul class=\"wp-block-list\"><li>deputados estaduais e distritais (77 em MG);<\/li><li>deputados federais (53 para MG);<\/li><li>senadores (uma vaga por unidade da Federa\u00e7\u00e3o);<\/li><li>governadores;<\/li><li>presidente da Rep\u00fablica.<\/li><\/ul>\n\n\n\n<p class=\"wp-block-paragraph\">A elei\u00e7\u00e3o para os cargos de deputado \u00e9 pelo&nbsp;sistema proporcional de vota\u00e7\u00e3o, quando a distribui\u00e7\u00e3o das vagas \u00e9 equivalente \u00e0 vota\u00e7\u00e3o recebida pelo partido.<\/p>\n\n\n\n<p class=\"wp-block-paragraph\">Para os demais cargos, \u00e9 pelo sistema majorit\u00e1rio, ou seja, vence o candidato que tiver mais votos. No caso de governador e presidente, poder\u00e1 haver 2\u00ba turno se nenhum dos candidatos obtiver pelo menos 50% mais um dos votos v\u00e1lidos no 1\u00ba turno de vota\u00e7\u00e3o. Se houver 2\u00ba turno, ele acontecer\u00e1 no dia 30 de outubro de 2022.<\/p>\n\n\n\n<h2 class=\"wp-block-heading\"><strong>Elei\u00e7\u00f5es em Minas Gerais<\/strong><\/h2>\n\n\n\n<p class=\"wp-block-paragraph\">Em Minas, atualmente, h\u00e1 15.362.140 pessoas aptas a votar. Quem est\u00e1 com t\u00edtulo cancelado ou suspenso s\u00f3 poder\u00e1 participar das pr\u00f3ximas elei\u00e7\u00f5es se regularizar o t\u00edtulo at\u00e9 o dia 4 de maio de 2022, quando o cadastro eleitoral ser\u00e1 fechado para organiza\u00e7\u00e3o do pleito. Saiba&nbsp;<a href=\"https:\/\/www.tre-mg.jus.br\/eleitor\/atendimento-eletronico-ao-eleitor\" target=\"_blank\" rel=\"noreferrer noopener\">como regularizar a situa\u00e7\u00e3o eleitoral<\/a>.<\/p>\n\n\n\n<p class=\"wp-block-paragraph\">As eleitoras e eleitores dos 853 munic\u00edpios mineiros v\u00e3o votar em 44.342 se\u00e7\u00f5es eleitorais, distribu\u00eddas por 10.046 locais de vota\u00e7\u00e3o. Devem ser utilizadas 48.831 urnas eletr\u00f4nicas.<\/p>\n\n\n\n<h2 class=\"wp-block-heading\"><strong>Mudan\u00e7as na legisla\u00e7\u00e3o<\/strong><\/h2>\n\n\n\n<p class=\"wp-block-paragraph\">Na \u00faltima ter\u00e7a-feira (28), o Congresso Nacional promulgou a Emenda Constitucional n\u00ba 111\/2021, com mudan\u00e7as nas regras eleitorais. Algumas j\u00e1 valem para as Elei\u00e7\u00f5es 2022, como a defini\u00e7\u00e3o de que os votos dados a candidatas mulheres e a pessoas negras ser\u00e3o contados em dobro para efeito da distribui\u00e7\u00e3o dos recursos do Fundo Partid\u00e1rio e do Fundo Especial de Financiamento de Campanha (FEFC) \u2013 tamb\u00e9m chamado de Fundo Eleitoral \u2013 at\u00e9 as elei\u00e7\u00f5es de 2030.<\/p>\n\n\n\n<p class=\"wp-block-paragraph\">Uma mudan\u00e7a importante nas elei\u00e7\u00f5es do pr\u00f3ximo ano foi definida na reforma eleitoral de 2017: n\u00e3o \u00e9 mais permitida a forma\u00e7\u00e3o de coliga\u00e7\u00f5es partid\u00e1rias para elei\u00e7\u00f5es proporcionais. Nas disputas para os cargos de deputado estadual\/distrital e deputado federal, portanto, cada partido dever\u00e1 lan\u00e7ar seus pr\u00f3prios candidatos.<\/p>\n\n\n\n<h2 class=\"wp-block-heading\"><strong>Datas e prazos<\/strong><\/h2>\n\n\n\n<p class=\"wp-block-paragraph\">A resolu\u00e7\u00e3o com todas as datas e prazos do calend\u00e1rio eleitoral de 2022 ser\u00e1 elaborada e publicada pelo Tribunal Superior Eleitoral at\u00e9 5 de mar\u00e7o de 2022. Mas a maioria est\u00e1 prevista em lei e j\u00e1 \u00e9 poss\u00edvel apresentar os principais marcos das pr\u00f3ximas elei\u00e7\u00f5es. Confira a&nbsp;pr\u00e9via do calend\u00e1rio eleitoral:<\/p>\n\n\n\n<figure class=\"wp-block-table is-style-stripes\"><table><tbody><tr><td><strong>Data<\/strong><\/td><td><strong>Atividade<\/strong><\/td><\/tr><tr><td>01\/01\/2022<\/td><td>Data a partir da qual \u00e9 obrigat\u00f3rio o registro de pesquisas eleitorais.<\/td><\/tr><tr><td>03\/03 a 01\/04\/2022<\/td><td>Prazo para que deputados que pretendam mudar de partido fa\u00e7am a nova filia\u00e7\u00e3o.<\/td><\/tr><tr><td>02\/04\/2022<\/td><td>Data limite para:<br>&#8211; registro, no TSE, de estatuto de partido que pretenda disputar as elei\u00e7\u00f5es;<br>&#8211; pretensos candidatos se filiarem a partido pol\u00edtico e alterarem o domic\u00edlio eleitoral;<br>&#8211; desincompatibiliza\u00e7\u00e3o de titulares de cargos de presidente, governador e prefeito, caso queiram concorrer a outros cargos.<\/td><\/tr><tr><td>04\/05\/2022<\/td><td>Fechamento do cadastro -data limite para alistamento, transfer\u00eancia, revis\u00e3o e regulariza\u00e7\u00e3o eleitoral. Inclui a transfer\u00eancia para se\u00e7\u00e3o com acessibilidade e alistamento\/regulariza\u00e7\u00e3o de presos provis\u00f3rios e adolescentes internados.<\/td><\/tr><tr><td>02\/07\/2022<\/td><td>Data a partir da qual ficam vedadas determinadas condutas aos agentes p\u00fablicos, conforme previsto no artigo 73 da Lei 9.504\/97.<\/td><\/tr><tr><td>20\/07 a 05\/08\/2022<\/td><td>Per\u00edodo para a realiza\u00e7\u00e3o de conven\u00e7\u00f5es partid\u00e1rias, para escolha de candidatos.<\/td><\/tr><tr><td>20\/07 a 15\/08\/2022<\/td><td>Per\u00edodo para apresenta\u00e7\u00e3o \u00e0 Justi\u00e7a Eleitoral dos pedidos de registro de candidatura<\/td><\/tr><tr><td>16\/08\/2022<\/td><td>In\u00edcio da propaganda eleitoral.<\/td><\/tr><tr><td>28\/08 a 29\/09\/2022<\/td><td>Per\u00edodo de veicula\u00e7\u00e3o da propaganda eleitoral gratuita no r\u00e1dio e na televis\u00e3o.<\/td><\/tr><tr><td>01\/10\/2022<\/td><td>Sorteio das urnas eletr\u00f4nicas que ser\u00e3o submetidas \u00e0 auditoria de funcionamento e auditoria de verifica\u00e7\u00e3o da autenticidade e integridade dos sistemas.<\/td><\/tr><tr><td>02\/10\/2022<\/td><td>Realiza\u00e7\u00e3o do 1\u00ba turno.<\/td><\/tr><tr><td>03\/10\/2022<\/td><td>In\u00edcio da propaganda eleitoral para o 2\u00ba turno, ap\u00f3s as 17h.<\/td><\/tr><tr><td>07 a 28\/10\/2022<\/td><td>Per\u00edodo de veicula\u00e7\u00e3o da propaganda eleitoral gratuita no r\u00e1dio e na televis\u00e3o.<\/td><\/tr><tr><td>29\/10\/2022<\/td><td>Sorteio das urnas eletr\u00f4nicas que ser\u00e3o submetidas \u00e0 auditoria de funcionamento e auditoria de verifica\u00e7\u00e3o da autenticidade e integridade dos sistemas.<\/td><\/tr><tr><td>30\/10\/2022<\/td><td>Realiza\u00e7\u00e3o do 2\u00ba turno.<\/td><\/tr><tr><td>01\/11\/2022<\/td><td>Data limite para envio da presta\u00e7\u00e3o de contas referente ao 1\u00ba turno.<\/td><\/tr><tr><td>19\/11\/2022<\/td><td>Data limite para envio da presta\u00e7\u00e3o de contas de partidos e candidatos que disputaram o 2\u00ba turno.<\/td><\/tr><tr><td>01\/12\/2022<\/td><td>\u00daltima dia para apresenta\u00e7\u00e3o de justificativa de aus\u00eancia \u00e0s urnas referente ao 1\u00ba turno.<\/td><\/tr><tr><td>19\/12\/2022<\/td><td>Data limite para a diploma\u00e7\u00e3o dos eleitos.<\/td><\/tr><tr><td>29\/12\/2022<\/td><td>\u00daltima dia para apresenta\u00e7\u00e3o de justificativa de aus\u00eancia \u00e0s urnas referente ao 2\u00ba turno.<\/td><\/tr><\/tbody><\/table><\/figure>\n\n\n\n<p class=\"wp-block-paragraph\">&#8212;&#8212;&#8212;&#8212;&#8212;&#8212;<br><em>Quer receber as not\u00edcias do <strong>Aconteceu no Vale<\/strong> em primeira m\u00e3o? Siga-nos no Facebook <a rel=\"noreferrer noopener\" href=\"http:\/\/facebook.com\/aconteceunovale\" target=\"_blank\">@aconteceunovale<\/a>, Twitter <a rel=\"noreferrer noopener\" href=\"https:\/\/twitter.com\/noticiadosvales\" target=\"_blank\">@noticiadosvales<\/a> e Instagram <a rel=\"noreferrer noopener\" href=\"https:\/\/www.instagram.com\/aconteceunovale\" target=\"_blank\">@aconteceunovale<\/a>.<\/em><\/p>\n","protected":false},"excerpt":{"rendered":"<p>Daqui a um ano, no dia 2 de outubro de 2022, cerca de 146 milh\u00f5es de eleitoras e eleitores ir\u00e3o \u00e0s urnas para exercer o direito de voto e decidir os rumos do Brasil, de seus 26 estados e do Distrito Federal. Faltando um ano para esse momento t\u00e3o significativo, o TRE-MG inicia uma s\u00e9rie [&hellip;]<\/p>\n","protected":false},"author":4,"featured_media":182490,"comment_status":"open","ping_status":"closed","sticky":false,"template":"","format":"standard","meta":{"amp_status":"","footnotes":""},"categories":[249933,40240],"tags":[252240,252248,252241,252239,252246,252238,252244,252237,17165,131,252245,249781,252247,252242,252243,115951,267],"class_list":["post-182489","post","type-post","status-publish","format-standard","has-post-thumbnail","hentry","category-eleicoes-2022","category-politica","tag-calendario-das-eleicoes-2022","tag-calendario-eleitoral-2022","tag-cronograma-das-eleicoes-2022","tag-data-das-eleicoes-2022","tag-datas-e-prazos-eleicoes-2022","tag-eleicoes-2022","tag-eleicoes-2022-em-minas-gerais","tag-falta-um-ano-para-as-eleicoes-2022","tag-justica-eleitoral","tag-minas-gerais","tag-mudancas-na-legislacao-para-as-eleicoes-2022","tag-mudancas-para-as-eleicoes-2022","tag-prazos-eleicoes-2022","tag-quantidade-de-deputados-estaduais-em-minas-gerais","tag-quantidade-de-deputados-federais-em-minas-gerais","tag-tre-mg","tag-tse"],"yoast_head":"<!-- This site is optimized with the Yoast SEO plugin v28.3 - https:\/\/yoast.com\/product\/yoast-seo-wordpress\/ -->\n<title>Falta um ano para as Elei\u00e7\u00f5es 2022 - Aconteceu no Vale<\/title>\n<meta name=\"robots\" content=\"index, follow, max-snippet:-1, max-image-preview:large, max-video-preview:-1\" \/>\n<link rel=\"canonical\" href=\"https:\/\/aconteceunovale.com.br\/portal\/?p=182489\" \/>\n<meta property=\"og:locale\" content=\"pt_BR\" \/>\n<meta property=\"og:type\" content=\"article\" \/>\n<meta property=\"og:title\" content=\"Falta um ano para as Elei\u00e7\u00f5es 2022 - Aconteceu no Vale\" \/>\n<meta property=\"og:description\" content=\"Daqui a um ano, no dia 2 de outubro de 2022, cerca de 146 milh\u00f5es de eleitoras e eleitores ir\u00e3o \u00e0s urnas para exercer o direito de voto e decidir os rumos do Brasil, de seus 26 estados e do Distrito Federal. Faltando um ano para esse momento t\u00e3o significativo, o TRE-MG inicia uma s\u00e9rie [&hellip;]\" \/>\n<meta property=\"og:url\" content=\"https:\/\/aconteceunovale.com.br\/portal\/?p=182489\" \/>\n<meta property=\"og:site_name\" content=\"Aconteceu no Vale\" \/>\n<meta property=\"article:publisher\" content=\"https:\/\/www.facebook.com\/aconteceunovale\/\" \/>\n<meta property=\"article:published_time\" content=\"2021-10-01T22:23:50+00:00\" \/>\n<meta property=\"article:modified_time\" content=\"2021-10-01T22:26:15+00:00\" \/>\n<meta property=\"og:image\" content=\"https:\/\/aconteceunovale.com.br\/portal\/wp-content\/uploads\/2021\/10\/eleicoes_2022.jpeg\" \/>\n\t<meta property=\"og:image:width\" content=\"678\" \/>\n\t<meta property=\"og:image:height\" content=\"365\" \/>\n\t<meta property=\"og:image:type\" content=\"image\/jpeg\" \/>\n<meta name=\"author\" content=\"Reda\u00e7\u00e3o Aconteceu no Vale\" \/>\n<meta name=\"twitter:card\" content=\"summary_large_image\" \/>\n<meta name=\"twitter:creator\" content=\"@noticiadosvales\" \/>\n<meta name=\"twitter:site\" content=\"@noticiadosvales\" \/>\n<meta name=\"twitter:label1\" content=\"Escrito por\" \/>\n\t<meta name=\"twitter:data1\" content=\"Reda\u00e7\u00e3o Aconteceu no Vale\" \/>\n\t<meta name=\"twitter:label2\" content=\"Est. tempo de leitura\" \/>\n\t<meta name=\"twitter:data2\" content=\"4 minutos\" \/>\n<script type=\"application\/ld+json\" class=\"yoast-schema-graph\">{\"@context\":\"https:\\\/\\\/schema.org\",\"@graph\":[{\"@type\":\"Article\",\"@id\":\"https:\\\/\\\/aconteceunovale.com.br\\\/portal\\\/?p=182489#article\",\"isPartOf\":{\"@id\":\"https:\\\/\\\/aconteceunovale.com.br\\\/portal\\\/?p=182489\"},\"author\":{\"name\":\"Reda\u00e7\u00e3o Aconteceu no Vale\",\"@id\":\"https:\\\/\\\/aconteceunovale.com.br\\\/portal\\\/#\\\/schema\\\/person\\\/7d2f26d1483f8a63de73da1ee0754d35\"},\"headline\":\"Falta um ano para as Elei\u00e7\u00f5es 2022\",\"datePublished\":\"2021-10-01T22:23:50+00:00\",\"dateModified\":\"2021-10-01T22:26:15+00:00\",\"mainEntityOfPage\":{\"@id\":\"https:\\\/\\\/aconteceunovale.com.br\\\/portal\\\/?p=182489\"},\"wordCount\":847,\"commentCount\":0,\"image\":{\"@id\":\"https:\\\/\\\/aconteceunovale.com.br\\\/portal\\\/?p=182489#primaryimage\"},\"thumbnailUrl\":\"https:\\\/\\\/aconteceunovale.com.br\\\/portal\\\/wp-content\\\/uploads\\\/2021\\\/10\\\/eleicoes_2022.jpeg\",\"keywords\":[\"Calend\u00e1rio das Elei\u00e7\u00f5es 2022\",\"Calend\u00e1rio eleitoral 2022\",\"Cronograma das Elei\u00e7\u00f5es 2022\",\"Data das Elei\u00e7\u00f5es 2022\",\"Datas e prazos Elei\u00e7\u00f5es 2022\",\"Elei\u00e7\u00f5es 2022\",\"Elei\u00e7\u00f5es 2022 em Minas Gerais\",\"Falta um ano para as Elei\u00e7\u00f5es 2022\",\"Justi\u00e7a Eleitoral\",\"Minas Gerais\",\"Mudan\u00e7as na legisla\u00e7\u00e3o para as Elei\u00e7\u00f5es 2022\",\"Mudan\u00e7as para as elei\u00e7\u00f5es 2022\",\"Prazos Elei\u00e7\u00f5es 2022\",\"Quantidade de deputados estaduais em Minas Gerais\",\"Quantidade de deputados federais em Minas Gerais\",\"TRE-MG\",\"TSE\"],\"articleSection\":[\"Elei\u00e7\u00f5es 2022\",\"Pol\u00edtica\"],\"inLanguage\":\"pt-BR\",\"potentialAction\":[{\"@type\":\"CommentAction\",\"name\":\"Comment\",\"target\":[\"https:\\\/\\\/aconteceunovale.com.br\\\/portal\\\/?p=182489#respond\"]}]},{\"@type\":\"WebPage\",\"@id\":\"https:\\\/\\\/aconteceunovale.com.br\\\/portal\\\/?p=182489\",\"url\":\"https:\\\/\\\/aconteceunovale.com.br\\\/portal\\\/?p=182489\",\"name\":\"Falta um ano para as Elei\u00e7\u00f5es 2022 - Aconteceu no Vale\",\"isPartOf\":{\"@id\":\"https:\\\/\\\/aconteceunovale.com.br\\\/portal\\\/#website\"},\"primaryImageOfPage\":{\"@id\":\"https:\\\/\\\/aconteceunovale.com.br\\\/portal\\\/?p=182489#primaryimage\"},\"image\":{\"@id\":\"https:\\\/\\\/aconteceunovale.com.br\\\/portal\\\/?p=182489#primaryimage\"},\"thumbnailUrl\":\"https:\\\/\\\/aconteceunovale.com.br\\\/portal\\\/wp-content\\\/uploads\\\/2021\\\/10\\\/eleicoes_2022.jpeg\",\"datePublished\":\"2021-10-01T22:23:50+00:00\",\"dateModified\":\"2021-10-01T22:26:15+00:00\",\"author\":{\"@id\":\"https:\\\/\\\/aconteceunovale.com.br\\\/portal\\\/#\\\/schema\\\/person\\\/7d2f26d1483f8a63de73da1ee0754d35\"},\"breadcrumb\":{\"@id\":\"https:\\\/\\\/aconteceunovale.com.br\\\/portal\\\/?p=182489#breadcrumb\"},\"inLanguage\":\"pt-BR\",\"potentialAction\":[{\"@type\":\"ReadAction\",\"target\":[\"https:\\\/\\\/aconteceunovale.com.br\\\/portal\\\/?p=182489\"]}]},{\"@type\":\"ImageObject\",\"inLanguage\":\"pt-BR\",\"@id\":\"https:\\\/\\\/aconteceunovale.com.br\\\/portal\\\/?p=182489#primaryimage\",\"url\":\"https:\\\/\\\/aconteceunovale.com.br\\\/portal\\\/wp-content\\\/uploads\\\/2021\\\/10\\\/eleicoes_2022.jpeg\",\"contentUrl\":\"https:\\\/\\\/aconteceunovale.com.br\\\/portal\\\/wp-content\\\/uploads\\\/2021\\\/10\\\/eleicoes_2022.jpeg\",\"width\":678,\"height\":365},{\"@type\":\"BreadcrumbList\",\"@id\":\"https:\\\/\\\/aconteceunovale.com.br\\\/portal\\\/?p=182489#breadcrumb\",\"itemListElement\":[{\"@type\":\"ListItem\",\"position\":1,\"name\":\"In\u00edcio\",\"item\":\"https:\\\/\\\/aconteceunovale.com.br\\\/portal\\\/\"},{\"@type\":\"ListItem\",\"position\":2,\"name\":\"Falta um ano para as Elei\u00e7\u00f5es 2022\"}]},{\"@type\":\"WebSite\",\"@id\":\"https:\\\/\\\/aconteceunovale.com.br\\\/portal\\\/#website\",\"url\":\"https:\\\/\\\/aconteceunovale.com.br\\\/portal\\\/\",\"name\":\"Aconteceu no Vale\",\"description\":\"Portal de Not\u00edcias\",\"potentialAction\":[{\"@type\":\"SearchAction\",\"target\":{\"@type\":\"EntryPoint\",\"urlTemplate\":\"https:\\\/\\\/aconteceunovale.com.br\\\/portal\\\/?s={search_term_string}\"},\"query-input\":{\"@type\":\"PropertyValueSpecification\",\"valueRequired\":true,\"valueName\":\"search_term_string\"}}],\"inLanguage\":\"pt-BR\"},{\"@type\":\"Person\",\"@id\":\"https:\\\/\\\/aconteceunovale.com.br\\\/portal\\\/#\\\/schema\\\/person\\\/7d2f26d1483f8a63de73da1ee0754d35\",\"name\":\"Reda\u00e7\u00e3o Aconteceu no Vale\",\"description\":\"Equipe de reportagem do Aconteceu no Vale, portal de not\u00edcias do Vale do Jequitinhonha, em Minas Gerais. Cobrimos as 51 cidades do Vale desde 2013. Sugest\u00f5es de pauta e pedidos de corre\u00e7\u00e3o: contato@aconteceunovale.com.br\",\"url\":\"https:\\\/\\\/aconteceunovale.com.br\\\/portal\\\/?author=4\"}]}<\/script>\n<!-- \/ Yoast SEO plugin. -->","yoast_head_json":{"title":"Falta um ano para as Elei\u00e7\u00f5es 2022 - Aconteceu no Vale","robots":{"index":"index","follow":"follow","max-snippet":"max-snippet:-1","max-image-preview":"max-image-preview:large","max-video-preview":"max-video-preview:-1"},"canonical":"https:\/\/aconteceunovale.com.br\/portal\/?p=182489","og_locale":"pt_BR","og_type":"article","og_title":"Falta um ano para as Elei\u00e7\u00f5es 2022 - Aconteceu no Vale","og_description":"Daqui a um ano, no dia 2 de outubro de 2022, cerca de 146 milh\u00f5es de eleitoras e eleitores ir\u00e3o \u00e0s urnas para exercer o direito de voto e decidir os rumos do Brasil, de seus 26 estados e do Distrito Federal. Faltando um ano para esse momento t\u00e3o significativo, o TRE-MG inicia uma s\u00e9rie [&hellip;]","og_url":"https:\/\/aconteceunovale.com.br\/portal\/?p=182489","og_site_name":"Aconteceu no Vale","article_publisher":"https:\/\/www.facebook.com\/aconteceunovale\/","article_published_time":"2021-10-01T22:23:50+00:00","article_modified_time":"2021-10-01T22:26:15+00:00","og_image":[{"width":678,"height":365,"url":"https:\/\/aconteceunovale.com.br\/portal\/wp-content\/uploads\/2021\/10\/eleicoes_2022.jpeg","type":"image\/jpeg"}],"author":"Reda\u00e7\u00e3o Aconteceu no Vale","twitter_card":"summary_large_image","twitter_creator":"@noticiadosvales","twitter_site":"@noticiadosvales","twitter_misc":{"Escrito por":"Reda\u00e7\u00e3o Aconteceu no Vale","Est. tempo de leitura":"4 minutos"},"schema":{"@context":"https:\/\/schema.org","@graph":[{"@type":"Article","@id":"https:\/\/aconteceunovale.com.br\/portal\/?p=182489#article","isPartOf":{"@id":"https:\/\/aconteceunovale.com.br\/portal\/?p=182489"},"author":{"name":"Reda\u00e7\u00e3o Aconteceu no Vale","@id":"https:\/\/aconteceunovale.com.br\/portal\/#\/schema\/person\/7d2f26d1483f8a63de73da1ee0754d35"},"headline":"Falta um ano para as Elei\u00e7\u00f5es 2022","datePublished":"2021-10-01T22:23:50+00:00","dateModified":"2021-10-01T22:26:15+00:00","mainEntityOfPage":{"@id":"https:\/\/aconteceunovale.com.br\/portal\/?p=182489"},"wordCount":847,"commentCount":0,"image":{"@id":"https:\/\/aconteceunovale.com.br\/portal\/?p=182489#primaryimage"},"thumbnailUrl":"https:\/\/aconteceunovale.com.br\/portal\/wp-content\/uploads\/2021\/10\/eleicoes_2022.jpeg","keywords":["Calend\u00e1rio das Elei\u00e7\u00f5es 2022","Calend\u00e1rio eleitoral 2022","Cronograma das Elei\u00e7\u00f5es 2022","Data das Elei\u00e7\u00f5es 2022","Datas e prazos Elei\u00e7\u00f5es 2022","Elei\u00e7\u00f5es 2022","Elei\u00e7\u00f5es 2022 em Minas Gerais","Falta um ano para as Elei\u00e7\u00f5es 2022","Justi\u00e7a Eleitoral","Minas Gerais","Mudan\u00e7as na legisla\u00e7\u00e3o para as Elei\u00e7\u00f5es 2022","Mudan\u00e7as para as elei\u00e7\u00f5es 2022","Prazos Elei\u00e7\u00f5es 2022","Quantidade de deputados estaduais em Minas Gerais","Quantidade de deputados federais em Minas Gerais","TRE-MG","TSE"],"articleSection":["Elei\u00e7\u00f5es 2022","Pol\u00edtica"],"inLanguage":"pt-BR","potentialAction":[{"@type":"CommentAction","name":"Comment","target":["https:\/\/aconteceunovale.com.br\/portal\/?p=182489#respond"]}]},{"@type":"WebPage","@id":"https:\/\/aconteceunovale.com.br\/portal\/?p=182489","url":"https:\/\/aconteceunovale.com.br\/portal\/?p=182489","name":"Falta um ano para as Elei\u00e7\u00f5es 2022 - Aconteceu no Vale","isPartOf":{"@id":"https:\/\/aconteceunovale.com.br\/portal\/#website"},"primaryImageOfPage":{"@id":"https:\/\/aconteceunovale.com.br\/portal\/?p=182489#primaryimage"},"image":{"@id":"https:\/\/aconteceunovale.com.br\/portal\/?p=182489#primaryimage"},"thumbnailUrl":"https:\/\/aconteceunovale.com.br\/portal\/wp-content\/uploads\/2021\/10\/eleicoes_2022.jpeg","datePublished":"2021-10-01T22:23:50+00:00","dateModified":"2021-10-01T22:26:15+00:00","author":{"@id":"https:\/\/aconteceunovale.com.br\/portal\/#\/schema\/person\/7d2f26d1483f8a63de73da1ee0754d35"},"breadcrumb":{"@id":"https:\/\/aconteceunovale.com.br\/portal\/?p=182489#breadcrumb"},"inLanguage":"pt-BR","potentialAction":[{"@type":"ReadAction","target":["https:\/\/aconteceunovale.com.br\/portal\/?p=182489"]}]},{"@type":"ImageObject","inLanguage":"pt-BR","@id":"https:\/\/aconteceunovale.com.br\/portal\/?p=182489#primaryimage","url":"https:\/\/aconteceunovale.com.br\/portal\/wp-content\/uploads\/2021\/10\/eleicoes_2022.jpeg","contentUrl":"https:\/\/aconteceunovale.com.br\/portal\/wp-content\/uploads\/2021\/10\/eleicoes_2022.jpeg","width":678,"height":365},{"@type":"BreadcrumbList","@id":"https:\/\/aconteceunovale.com.br\/portal\/?p=182489#breadcrumb","itemListElement":[{"@type":"ListItem","position":1,"name":"In\u00edcio","item":"https:\/\/aconteceunovale.com.br\/portal\/"},{"@type":"ListItem","position":2,"name":"Falta um ano para as Elei\u00e7\u00f5es 2022"}]},{"@type":"WebSite","@id":"https:\/\/aconteceunovale.com.br\/portal\/#website","url":"https:\/\/aconteceunovale.com.br\/portal\/","name":"Aconteceu no Vale","description":"Portal de Not\u00edcias","potentialAction":[{"@type":"SearchAction","target":{"@type":"EntryPoint","urlTemplate":"https:\/\/aconteceunovale.com.br\/portal\/?s={search_term_string}"},"query-input":{"@type":"PropertyValueSpecification","valueRequired":true,"valueName":"search_term_string"}}],"inLanguage":"pt-BR"},{"@type":"Person","@id":"https:\/\/aconteceunovale.com.br\/portal\/#\/schema\/person\/7d2f26d1483f8a63de73da1ee0754d35","name":"Reda\u00e7\u00e3o Aconteceu no Vale","description":"Equipe de reportagem do Aconteceu no Vale, portal de not\u00edcias do Vale do Jequitinhonha, em Minas Gerais. Cobrimos as 51 cidades do Vale desde 2013. Sugest\u00f5es de pauta e pedidos de corre\u00e7\u00e3o: contato@aconteceunovale.com.br","url":"https:\/\/aconteceunovale.com.br\/portal\/?author=4"}]}},"_links":{"self":[{"href":"https:\/\/aconteceunovale.com.br\/portal\/index.php?rest_route=\/wp\/v2\/posts\/182489","targetHints":{"allow":["GET"]}}],"collection":[{"href":"https:\/\/aconteceunovale.com.br\/portal\/index.php?rest_route=\/wp\/v2\/posts"}],"about":[{"href":"https:\/\/aconteceunovale.com.br\/portal\/index.php?rest_route=\/wp\/v2\/types\/post"}],"author":[{"embeddable":true,"href":"https:\/\/aconteceunovale.com.br\/portal\/index.php?rest_route=\/wp\/v2\/users\/4"}],"replies":[{"embeddable":true,"href":"https:\/\/aconteceunovale.com.br\/portal\/index.php?rest_route=%2Fwp%2Fv2%2Fcomments&post=182489"}],"version-history":[{"count":2,"href":"https:\/\/aconteceunovale.com.br\/portal\/index.php?rest_route=\/wp\/v2\/posts\/182489\/revisions"}],"predecessor-version":[{"id":182492,"href":"https:\/\/aconteceunovale.com.br\/portal\/index.php?rest_route=\/wp\/v2\/posts\/182489\/revisions\/182492"}],"wp:featuredmedia":[{"embeddable":true,"href":"https:\/\/aconteceunovale.com.br\/portal\/index.php?rest_route=\/wp\/v2\/media\/182490"}],"wp:attachment":[{"href":"https:\/\/aconteceunovale.com.br\/portal\/index.php?rest_route=%2Fwp%2Fv2%2Fmedia&parent=182489"}],"wp:term":[{"taxonomy":"category","embeddable":true,"href":"https:\/\/aconteceunovale.com.br\/portal\/index.php?rest_route=%2Fwp%2Fv2%2Fcategories&post=182489"},{"taxonomy":"post_tag","embeddable":true,"href":"https:\/\/aconteceunovale.com.br\/portal\/index.php?rest_route=%2Fwp%2Fv2%2Ftags&post=182489"}],"curies":[{"name":"wp","href":"https:\/\/api.w.org\/{rel}","templated":true}]}}