{"id":182486,"date":"2021-10-01T16:36:02","date_gmt":"2021-10-01T19:36:02","guid":{"rendered":"https:\/\/aconteceunovale.com.br\/portal\/?p=182486"},"modified":"2021-10-01T16:38:21","modified_gmt":"2021-10-01T19:38:21","slug":"governo-federal-cria-cedula-de-produto-rural-verde","status":"publish","type":"post","link":"https:\/\/aconteceunovale.com.br\/portal\/?p=182486","title":{"rendered":"Governo federal cria C\u00e9dula de Produto Rural Verde"},"content":{"rendered":"\n<p class=\"wp-block-paragraph\">O presidente Jair Bolsonaro assinou hoje (1\/10\/2021) decreto que cria a C\u00e9dula de Produto Rural (CPR) Verde. A cerim\u00f4nia, em alus\u00e3o aos mil dias do governo, foi no Pal\u00e1cio do Planalto e contou com a presen\u00e7a de diversas autoridades.<\/p>\n\n\n\n<figure class=\"wp-block-gallery columns-1 is-cropped wp-block-gallery-1 is-layout-flex wp-block-gallery-is-layout-flex\"><ul class=\"blocks-gallery-grid\"><li class=\"blocks-gallery-item\"><figure><img loading=\"lazy\" decoding=\"async\" width=\"678\" height=\"406\" src=\"https:\/\/aconteceunovale.com.br\/portal\/wp-content\/uploads\/2021\/10\/floresta_amazonica.jpg\" alt=\"\" data-id=\"182487\" data-full-url=\"https:\/\/aconteceunovale.com.br\/portal\/wp-content\/uploads\/2021\/10\/floresta_amazonica.jpg\" data-link=\"https:\/\/aconteceunovale.com.br\/portal\/?attachment_id=182487\" class=\"wp-image-182487\" srcset=\"https:\/\/aconteceunovale.com.br\/portal\/wp-content\/uploads\/2021\/10\/floresta_amazonica.jpg 678w, https:\/\/aconteceunovale.com.br\/portal\/wp-content\/uploads\/2021\/10\/floresta_amazonica-300x180.jpg 300w\" sizes=\"auto, (max-width: 678px) 100vw, 678px\" \/><figcaption class=\"blocks-gallery-item__caption\"><em>Foto: Reprodu\u00e7\u00e3o \/ TV Brasil<\/em><\/figcaption><\/figure><\/li><\/ul><\/figure>\n\n\n\n<p class=\"wp-block-paragraph\">De acordo com o Minist\u00e9rio da Economia, a CPR Verde \u00e9 uma nova alternativa de mercado para as empresas interessadas em compensar voluntariamente a emiss\u00e3o de gases de efeito estufa, criando \u201coportunidades de investimentos agroambientais e incentivando a preserva\u00e7\u00e3o do meio ambiente e de uma economia de baixo carbono\u201d. Para o produtor rural que executa a\u00e7\u00f5es de preserva\u00e7\u00e3o ambiental na sua \u00e1rea, ser\u00e1 uma fonte de renda extra.<\/p>\n\n\n\n<p class=\"wp-block-paragraph\">A CPR Verde representa, na pr\u00e1tica, um instrumento de pagamento por servi\u00e7os ambientais (PSA), mecanismo econ\u00f4mico estabelecido no\u00a0C\u00f3digo Florestal\u00a0(Lei n\u00ba 12.651\/2012 [C]) para fomentar a conserva\u00e7\u00e3o do meio ambiente, bem como a ado\u00e7\u00e3o de tecnologias e boas pr\u00e1ticas que conciliem a produtividade agropecu\u00e1ria e florestal, com redu\u00e7\u00e3o dos impactos ambientais. A c\u00e9dula ser\u00e1 lastreada no estoque de carbono de vegeta\u00e7\u00e3o nativa, na absor\u00e7\u00e3o de cr\u00e9dito de carbono da produ\u00e7\u00e3o agropecu\u00e1ria e em outros benef\u00edcios ecossist\u00eamicos.<\/p>\n\n\n\n<p class=\"wp-block-paragraph\">Para o ministro da Economia, Paulo Guedes, trata-se de uma \u201cferramenta extraordin\u00e1ria\u201d. \u201cAgora estamos definindo o direito de propriedade em rela\u00e7\u00e3o ao carbono, na transi\u00e7\u00e3o para uma economia livre de carbono\u201d, afirmou\u00a0 Guedes durante a cerim\u00f4nia. \u201cQuem tem uma propriedade rural e preserva, come\u00e7a a receber, pela primeira vez, o pagamento por servi\u00e7os ambientais. [O PSA] vai trazer bilh\u00f5es para preserva\u00e7\u00e3o do meio ambiente, florestas, parques. Voc\u00ea tem um parque, quer estimular a preserva\u00e7\u00e3o? A \u00e1rvore viva vale mais que a \u00e1rvore morta? Sim, se pagarem pela preserva\u00e7\u00e3o\u201d, completou.<\/p>\n\n\n\n<p class=\"wp-block-paragraph\">Al\u00e9m do Minist\u00e9rio da Economia, participaram da concep\u00e7\u00e3o da CPR Verde os minist\u00e9rios do Meio Ambiente e da Agricultura, Pecu\u00e1ria e Abastecimento e o Banco Central.<\/p>\n\n\n\n<p class=\"wp-block-paragraph\">Segundo a Secretaria-Geral da Presid\u00eancia da Rep\u00fablica, em 2020, o governo j\u00e1 havia alterado diversos dispositivos da C\u00e9dula de Produto Rural. De acordo com a pasta, essa altera\u00e7\u00e3o possibilitou a emiss\u00e3o de CPR em atividades relacionadas \u00e0 conserva\u00e7\u00e3o de florestas nativas e dos respectivos biomas e ao manejo de florestas nativas no \u00e2mbito do programa de concess\u00e3o de florestas p\u00fablicas, ou obtidos em outras atividades florestais ambientalmente sustent\u00e1veis.<\/p>\n\n\n\n<p class=\"wp-block-paragraph\">\u201cO novo decreto, portanto, se prop\u00f5e a regulamentar a chamada CPR Verde, que se prestar\u00e1 \u00e0 compensa\u00e7\u00e3o volunt\u00e1ria de emiss\u00f5es de gases de efeito estufa por parte dos agentes econ\u00f4micos interessados, bem como ao investimento em conserva\u00e7\u00e3o e aumento da biodiversidade e de recursos h\u00eddricos e \u00e0 conserva\u00e7\u00e3o do solo. A medida amplia, portanto, os esfor\u00e7os para a diminui\u00e7\u00e3o do desmatamento e das emiss\u00f5es de gases de efeito estufa\u201d, explicou a secretaria, em nota.<\/p>\n\n\n\n<p class=\"wp-block-paragraph\">Ainda conforme a secretaria, o decreto lista os produtos que podem servir de lastro para emiss\u00e3o das CPRs Verdes \u201ce, assim, confere a seguran\u00e7a jur\u00eddica necess\u00e1ria para o desenvolvimento de instrumentos financeiros que incentivem a conserva\u00e7\u00e3o ou regenera\u00e7\u00e3o da vegeta\u00e7\u00e3o nativa, remunerando adequadamente o produtor rural que contribuiu para o alcance deste objetivo\u201d.<\/p>\n\n\n\n<p class=\"wp-block-paragraph\">A estimativa do Minist\u00e9rio da Economia \u00e9 de um mercado potencial de R$ 30 bilh\u00f5es, em quatro anos, levando-se em conta a certifica\u00e7\u00e3o de cr\u00e9ditos de carbono das florestas brasileiras.<img decoding=\"async\" src=\"https:\/\/agenciabrasil.ebc.com.br\/ebc.png?id=1423218&amp;o=node\"><img decoding=\"async\" src=\"https:\/\/agenciabrasil.ebc.com.br\/ebc.gif?id=1423218&amp;o=node\"><\/p>\n\n\n\n<h3 class=\"wp-block-heading\">Programa de Crescimento Verde<\/h3>\n\n\n\n<p class=\"wp-block-paragraph\">O ministro do Meio Ambiente, Joaquim \u00c1lvaro Pereira Leite, informou que, em breve, o governo lan\u00e7ar\u00e1 o Programa de Crescimento Verde, que ser\u00e1 apresentado pelo Brasil na 26\u00aa Confer\u00eancia das Na\u00e7\u00f5es Unidas sobre Mudan\u00e7a Clim\u00e1tica, a COP26, que ser\u00e1 realizada em novembro em Glasgow, na Esc\u00f3cia.<\/p>\n\n\n\n<p class=\"wp-block-paragraph\">Leite disse que o objetivo \u00e9 trazer para o mercado o conceito de economia verde, \u201cque resulta na melhor condi\u00e7\u00e3o de vida da popula\u00e7\u00e3o al\u00e9m de garantir a qualidade ambiental\u201d. \u201cDentro desse programa, temos um gigantesco desafio de desfazer a ideia de que o desenvolvimento da agenda ambiental tem car\u00e1ter meramente punitivo, ou somente onera as a\u00e7\u00f5es propostas. O desafio \u00e9 que ser\u00e3o os incentivos, as transforma\u00e7\u00f5es institucionais e as prioriza\u00e7\u00f5es que ir\u00e3o impulsionar essa nova economia de neg\u00f3cios verdes\u201d, acrescentou.<\/p>\n\n\n\n<p class=\"wp-block-paragraph\">&#8212;&#8212;&#8212;&#8212;&#8212;&#8212;<br><em>Quer receber as not\u00edcias do <strong>Aconteceu no Vale<\/strong> em primeira m\u00e3o? Siga-nos no Facebook <a rel=\"noreferrer noopener\" href=\"http:\/\/facebook.com\/aconteceunovale\" target=\"_blank\">@aconteceunovale<\/a>, Twitter <a rel=\"noreferrer noopener\" href=\"https:\/\/twitter.com\/noticiadosvales\" target=\"_blank\">@noticiadosvales<\/a> e Instagram <a rel=\"noreferrer noopener\" href=\"https:\/\/www.instagram.com\/aconteceunovale\" target=\"_blank\">@aconteceunovale<\/a>.<\/em><\/p>\n","protected":false},"excerpt":{"rendered":"<p>O presidente Jair Bolsonaro assinou hoje (1\/10\/2021) decreto que cria a C\u00e9dula de Produto Rural (CPR) Verde. A cerim\u00f4nia, em alus\u00e3o aos mil dias do governo, foi no Pal\u00e1cio do Planalto e contou com a presen\u00e7a de diversas autoridades. De acordo com o Minist\u00e9rio da Economia, a CPR Verde \u00e9 uma nova alternativa de mercado [&hellip;]<\/p>\n","protected":false},"author":4,"featured_media":182487,"comment_status":"open","ping_status":"closed","sticky":false,"template":"","format":"standard","meta":{"amp_status":"","footnotes":""},"categories":[6,28848],"tags":[25577,33884,100375,252227,252232,246318,252230,252229,252236,252233,252234,78812,252231,247095,4610,26436,247070,1829,184661,17364,203707,252228,252235],"class_list":["post-182486","post","type-post","status-publish","format-standard","has-post-thumbnail","hentry","category-br","category-mundo","tag-agricultura","tag-aquecimento-global","tag-bolsonaro","tag-cedula-de-produto-rural-verde","tag-compensacao-de-emissao-de-gases-do-efeito-estufa","tag-cop26","tag-cpr","tag-cpr-verde","tag-crescimento-verde","tag-economia-de-baixo-carbono","tag-economia-livre-de-carbono","tag-efeito-estufa","tag-emissao-de-gases-de-efeito-estufa","tag-glasgow","tag-governo-federal","tag-jair-bolsonaro","tag-joaquim-alvaro-pereira-leite","tag-meio-ambiente","tag-ministerio-da-economia","tag-paulo-guedes","tag-pecuaria","tag-produto-rural-verde","tag-programa-crescimento-verde"],"yoast_head":"<!-- This site is optimized with the Yoast SEO plugin v28.3 - https:\/\/yoast.com\/product\/yoast-seo-wordpress\/ -->\n<title>Governo federal cria C\u00e9dula de Produto Rural Verde - Aconteceu no Vale<\/title>\n<meta name=\"robots\" content=\"index, follow, max-snippet:-1, max-image-preview:large, max-video-preview:-1\" \/>\n<link rel=\"canonical\" href=\"https:\/\/aconteceunovale.com.br\/portal\/?p=182486\" \/>\n<meta property=\"og:locale\" content=\"pt_BR\" \/>\n<meta property=\"og:type\" content=\"article\" \/>\n<meta property=\"og:title\" content=\"Governo federal cria C\u00e9dula de Produto Rural Verde - Aconteceu no Vale\" \/>\n<meta property=\"og:description\" content=\"O presidente Jair Bolsonaro assinou hoje (1\/10\/2021) decreto que cria a C\u00e9dula de Produto Rural (CPR) Verde. A cerim\u00f4nia, em alus\u00e3o aos mil dias do governo, foi no Pal\u00e1cio do Planalto e contou com a presen\u00e7a de diversas autoridades. De acordo com o Minist\u00e9rio da Economia, a CPR Verde \u00e9 uma nova alternativa de mercado [&hellip;]\" \/>\n<meta property=\"og:url\" content=\"https:\/\/aconteceunovale.com.br\/portal\/?p=182486\" \/>\n<meta property=\"og:site_name\" content=\"Aconteceu no Vale\" \/>\n<meta property=\"article:publisher\" content=\"https:\/\/www.facebook.com\/aconteceunovale\/\" \/>\n<meta property=\"article:published_time\" content=\"2021-10-01T19:36:02+00:00\" \/>\n<meta property=\"article:modified_time\" content=\"2021-10-01T19:38:21+00:00\" \/>\n<meta property=\"og:image\" content=\"https:\/\/aconteceunovale.com.br\/portal\/wp-content\/uploads\/2021\/10\/floresta_amazonica.jpg\" \/>\n\t<meta property=\"og:image:width\" content=\"678\" \/>\n\t<meta property=\"og:image:height\" content=\"406\" \/>\n\t<meta property=\"og:image:type\" content=\"image\/jpeg\" \/>\n<meta name=\"author\" content=\"Reda\u00e7\u00e3o Aconteceu no Vale\" \/>\n<meta name=\"twitter:card\" content=\"summary_large_image\" \/>\n<meta name=\"twitter:creator\" content=\"@noticiadosvales\" \/>\n<meta name=\"twitter:site\" content=\"@noticiadosvales\" \/>\n<meta name=\"twitter:label1\" content=\"Escrito por\" \/>\n\t<meta name=\"twitter:data1\" content=\"Reda\u00e7\u00e3o Aconteceu no Vale\" \/>\n\t<meta name=\"twitter:label2\" content=\"Est. tempo de leitura\" \/>\n\t<meta name=\"twitter:data2\" content=\"4 minutos\" \/>\n<script type=\"application\/ld+json\" class=\"yoast-schema-graph\">{\"@context\":\"https:\\\/\\\/schema.org\",\"@graph\":[{\"@type\":\"Article\",\"@id\":\"https:\\\/\\\/aconteceunovale.com.br\\\/portal\\\/?p=182486#article\",\"isPartOf\":{\"@id\":\"https:\\\/\\\/aconteceunovale.com.br\\\/portal\\\/?p=182486\"},\"author\":{\"name\":\"Reda\u00e7\u00e3o Aconteceu no Vale\",\"@id\":\"https:\\\/\\\/aconteceunovale.com.br\\\/portal\\\/#\\\/schema\\\/person\\\/7d2f26d1483f8a63de73da1ee0754d35\"},\"headline\":\"Governo federal cria C\u00e9dula de Produto Rural Verde\",\"datePublished\":\"2021-10-01T19:36:02+00:00\",\"dateModified\":\"2021-10-01T19:38:21+00:00\",\"mainEntityOfPage\":{\"@id\":\"https:\\\/\\\/aconteceunovale.com.br\\\/portal\\\/?p=182486\"},\"wordCount\":769,\"commentCount\":0,\"image\":{\"@id\":\"https:\\\/\\\/aconteceunovale.com.br\\\/portal\\\/?p=182486#primaryimage\"},\"thumbnailUrl\":\"https:\\\/\\\/aconteceunovale.com.br\\\/portal\\\/wp-content\\\/uploads\\\/2021\\\/10\\\/floresta_amazonica.jpg\",\"keywords\":[\"agricultura\",\"aquecimento global\",\"Bolsonaro\",\"C\u00e9dula de Produto Rural Verde\",\"Compensa\u00e7\u00e3o de emiss\u00e3o de gases do efeito estufa\",\"COP26\",\"CPR\",\"CPR Verde\",\"Crescimento Verde\",\"Economia de baixo carbono\",\"Economia livre de carbono\",\"efeito estufa\",\"Emiss\u00e3o de gases de efeito estufa\",\"Glasgow\",\"Governo Federal\",\"Jair Bolsonaro\",\"Joaquim \u00c1lvaro Pereira Leite\",\"Meio Ambiente\",\"Minist\u00e9rio da Economia\",\"Paulo Guedes\",\"pecu\u00e1ria\",\"Produto Rural Verde\",\"Programa Crescimento Verde\"],\"articleSection\":[\"Brasil\",\"Mundo\"],\"inLanguage\":\"pt-BR\",\"potentialAction\":[{\"@type\":\"CommentAction\",\"name\":\"Comment\",\"target\":[\"https:\\\/\\\/aconteceunovale.com.br\\\/portal\\\/?p=182486#respond\"]}]},{\"@type\":\"WebPage\",\"@id\":\"https:\\\/\\\/aconteceunovale.com.br\\\/portal\\\/?p=182486\",\"url\":\"https:\\\/\\\/aconteceunovale.com.br\\\/portal\\\/?p=182486\",\"name\":\"Governo federal cria C\u00e9dula de Produto Rural Verde - Aconteceu no Vale\",\"isPartOf\":{\"@id\":\"https:\\\/\\\/aconteceunovale.com.br\\\/portal\\\/#website\"},\"primaryImageOfPage\":{\"@id\":\"https:\\\/\\\/aconteceunovale.com.br\\\/portal\\\/?p=182486#primaryimage\"},\"image\":{\"@id\":\"https:\\\/\\\/aconteceunovale.com.br\\\/portal\\\/?p=182486#primaryimage\"},\"thumbnailUrl\":\"https:\\\/\\\/aconteceunovale.com.br\\\/portal\\\/wp-content\\\/uploads\\\/2021\\\/10\\\/floresta_amazonica.jpg\",\"datePublished\":\"2021-10-01T19:36:02+00:00\",\"dateModified\":\"2021-10-01T19:38:21+00:00\",\"author\":{\"@id\":\"https:\\\/\\\/aconteceunovale.com.br\\\/portal\\\/#\\\/schema\\\/person\\\/7d2f26d1483f8a63de73da1ee0754d35\"},\"breadcrumb\":{\"@id\":\"https:\\\/\\\/aconteceunovale.com.br\\\/portal\\\/?p=182486#breadcrumb\"},\"inLanguage\":\"pt-BR\",\"potentialAction\":[{\"@type\":\"ReadAction\",\"target\":[\"https:\\\/\\\/aconteceunovale.com.br\\\/portal\\\/?p=182486\"]}]},{\"@type\":\"ImageObject\",\"inLanguage\":\"pt-BR\",\"@id\":\"https:\\\/\\\/aconteceunovale.com.br\\\/portal\\\/?p=182486#primaryimage\",\"url\":\"https:\\\/\\\/aconteceunovale.com.br\\\/portal\\\/wp-content\\\/uploads\\\/2021\\\/10\\\/floresta_amazonica.jpg\",\"contentUrl\":\"https:\\\/\\\/aconteceunovale.com.br\\\/portal\\\/wp-content\\\/uploads\\\/2021\\\/10\\\/floresta_amazonica.jpg\",\"width\":678,\"height\":406,\"caption\":\"O vice-presidente da Rep\u00fablica, Hamilton Mour\u00e3o, e os chefes de miss\u00f5es diplom\u00e1ticas \u00e0 Amaz\u00f4nia Oriental, fazem sobrevoo para a sobre a Floresta Nacional de Caraj\u00e1s e visita \u00e0 mineradora Vale.\"},{\"@type\":\"BreadcrumbList\",\"@id\":\"https:\\\/\\\/aconteceunovale.com.br\\\/portal\\\/?p=182486#breadcrumb\",\"itemListElement\":[{\"@type\":\"ListItem\",\"position\":1,\"name\":\"In\u00edcio\",\"item\":\"https:\\\/\\\/aconteceunovale.com.br\\\/portal\\\/\"},{\"@type\":\"ListItem\",\"position\":2,\"name\":\"Governo federal cria C\u00e9dula de Produto Rural Verde\"}]},{\"@type\":\"WebSite\",\"@id\":\"https:\\\/\\\/aconteceunovale.com.br\\\/portal\\\/#website\",\"url\":\"https:\\\/\\\/aconteceunovale.com.br\\\/portal\\\/\",\"name\":\"Aconteceu no Vale\",\"description\":\"Portal de Not\u00edcias\",\"potentialAction\":[{\"@type\":\"SearchAction\",\"target\":{\"@type\":\"EntryPoint\",\"urlTemplate\":\"https:\\\/\\\/aconteceunovale.com.br\\\/portal\\\/?s={search_term_string}\"},\"query-input\":{\"@type\":\"PropertyValueSpecification\",\"valueRequired\":true,\"valueName\":\"search_term_string\"}}],\"inLanguage\":\"pt-BR\"},{\"@type\":\"Person\",\"@id\":\"https:\\\/\\\/aconteceunovale.com.br\\\/portal\\\/#\\\/schema\\\/person\\\/7d2f26d1483f8a63de73da1ee0754d35\",\"name\":\"Reda\u00e7\u00e3o Aconteceu no Vale\",\"description\":\"Equipe de reportagem do Aconteceu no Vale, portal de not\u00edcias do Vale do Jequitinhonha, em Minas Gerais. Cobrimos as 51 cidades do Vale desde 2013. Sugest\u00f5es de pauta e pedidos de corre\u00e7\u00e3o: contato@aconteceunovale.com.br\",\"url\":\"https:\\\/\\\/aconteceunovale.com.br\\\/portal\\\/?author=4\"}]}<\/script>\n<!-- \/ Yoast SEO plugin. -->","yoast_head_json":{"title":"Governo federal cria C\u00e9dula de Produto Rural Verde - Aconteceu no Vale","robots":{"index":"index","follow":"follow","max-snippet":"max-snippet:-1","max-image-preview":"max-image-preview:large","max-video-preview":"max-video-preview:-1"},"canonical":"https:\/\/aconteceunovale.com.br\/portal\/?p=182486","og_locale":"pt_BR","og_type":"article","og_title":"Governo federal cria C\u00e9dula de Produto Rural Verde - Aconteceu no Vale","og_description":"O presidente Jair Bolsonaro assinou hoje (1\/10\/2021) decreto que cria a C\u00e9dula de Produto Rural (CPR) Verde. A cerim\u00f4nia, em alus\u00e3o aos mil dias do governo, foi no Pal\u00e1cio do Planalto e contou com a presen\u00e7a de diversas autoridades. De acordo com o Minist\u00e9rio da Economia, a CPR Verde \u00e9 uma nova alternativa de mercado [&hellip;]","og_url":"https:\/\/aconteceunovale.com.br\/portal\/?p=182486","og_site_name":"Aconteceu no Vale","article_publisher":"https:\/\/www.facebook.com\/aconteceunovale\/","article_published_time":"2021-10-01T19:36:02+00:00","article_modified_time":"2021-10-01T19:38:21+00:00","og_image":[{"width":678,"height":406,"url":"https:\/\/aconteceunovale.com.br\/portal\/wp-content\/uploads\/2021\/10\/floresta_amazonica.jpg","type":"image\/jpeg"}],"author":"Reda\u00e7\u00e3o Aconteceu no Vale","twitter_card":"summary_large_image","twitter_creator":"@noticiadosvales","twitter_site":"@noticiadosvales","twitter_misc":{"Escrito por":"Reda\u00e7\u00e3o Aconteceu no Vale","Est. tempo de leitura":"4 minutos"},"schema":{"@context":"https:\/\/schema.org","@graph":[{"@type":"Article","@id":"https:\/\/aconteceunovale.com.br\/portal\/?p=182486#article","isPartOf":{"@id":"https:\/\/aconteceunovale.com.br\/portal\/?p=182486"},"author":{"name":"Reda\u00e7\u00e3o Aconteceu no Vale","@id":"https:\/\/aconteceunovale.com.br\/portal\/#\/schema\/person\/7d2f26d1483f8a63de73da1ee0754d35"},"headline":"Governo federal cria C\u00e9dula de Produto Rural Verde","datePublished":"2021-10-01T19:36:02+00:00","dateModified":"2021-10-01T19:38:21+00:00","mainEntityOfPage":{"@id":"https:\/\/aconteceunovale.com.br\/portal\/?p=182486"},"wordCount":769,"commentCount":0,"image":{"@id":"https:\/\/aconteceunovale.com.br\/portal\/?p=182486#primaryimage"},"thumbnailUrl":"https:\/\/aconteceunovale.com.br\/portal\/wp-content\/uploads\/2021\/10\/floresta_amazonica.jpg","keywords":["agricultura","aquecimento global","Bolsonaro","C\u00e9dula de Produto Rural Verde","Compensa\u00e7\u00e3o de emiss\u00e3o de gases do efeito estufa","COP26","CPR","CPR Verde","Crescimento Verde","Economia de baixo carbono","Economia livre de carbono","efeito estufa","Emiss\u00e3o de gases de efeito estufa","Glasgow","Governo Federal","Jair Bolsonaro","Joaquim \u00c1lvaro Pereira Leite","Meio Ambiente","Minist\u00e9rio da Economia","Paulo Guedes","pecu\u00e1ria","Produto Rural Verde","Programa Crescimento Verde"],"articleSection":["Brasil","Mundo"],"inLanguage":"pt-BR","potentialAction":[{"@type":"CommentAction","name":"Comment","target":["https:\/\/aconteceunovale.com.br\/portal\/?p=182486#respond"]}]},{"@type":"WebPage","@id":"https:\/\/aconteceunovale.com.br\/portal\/?p=182486","url":"https:\/\/aconteceunovale.com.br\/portal\/?p=182486","name":"Governo federal cria C\u00e9dula de Produto Rural Verde - Aconteceu no Vale","isPartOf":{"@id":"https:\/\/aconteceunovale.com.br\/portal\/#website"},"primaryImageOfPage":{"@id":"https:\/\/aconteceunovale.com.br\/portal\/?p=182486#primaryimage"},"image":{"@id":"https:\/\/aconteceunovale.com.br\/portal\/?p=182486#primaryimage"},"thumbnailUrl":"https:\/\/aconteceunovale.com.br\/portal\/wp-content\/uploads\/2021\/10\/floresta_amazonica.jpg","datePublished":"2021-10-01T19:36:02+00:00","dateModified":"2021-10-01T19:38:21+00:00","author":{"@id":"https:\/\/aconteceunovale.com.br\/portal\/#\/schema\/person\/7d2f26d1483f8a63de73da1ee0754d35"},"breadcrumb":{"@id":"https:\/\/aconteceunovale.com.br\/portal\/?p=182486#breadcrumb"},"inLanguage":"pt-BR","potentialAction":[{"@type":"ReadAction","target":["https:\/\/aconteceunovale.com.br\/portal\/?p=182486"]}]},{"@type":"ImageObject","inLanguage":"pt-BR","@id":"https:\/\/aconteceunovale.com.br\/portal\/?p=182486#primaryimage","url":"https:\/\/aconteceunovale.com.br\/portal\/wp-content\/uploads\/2021\/10\/floresta_amazonica.jpg","contentUrl":"https:\/\/aconteceunovale.com.br\/portal\/wp-content\/uploads\/2021\/10\/floresta_amazonica.jpg","width":678,"height":406,"caption":"O vice-presidente da Rep\u00fablica, Hamilton Mour\u00e3o, e os chefes de miss\u00f5es diplom\u00e1ticas \u00e0 Amaz\u00f4nia Oriental, fazem sobrevoo para a sobre a Floresta Nacional de Caraj\u00e1s e visita \u00e0 mineradora Vale."},{"@type":"BreadcrumbList","@id":"https:\/\/aconteceunovale.com.br\/portal\/?p=182486#breadcrumb","itemListElement":[{"@type":"ListItem","position":1,"name":"In\u00edcio","item":"https:\/\/aconteceunovale.com.br\/portal\/"},{"@type":"ListItem","position":2,"name":"Governo federal cria C\u00e9dula de Produto Rural Verde"}]},{"@type":"WebSite","@id":"https:\/\/aconteceunovale.com.br\/portal\/#website","url":"https:\/\/aconteceunovale.com.br\/portal\/","name":"Aconteceu no Vale","description":"Portal de Not\u00edcias","potentialAction":[{"@type":"SearchAction","target":{"@type":"EntryPoint","urlTemplate":"https:\/\/aconteceunovale.com.br\/portal\/?s={search_term_string}"},"query-input":{"@type":"PropertyValueSpecification","valueRequired":true,"valueName":"search_term_string"}}],"inLanguage":"pt-BR"},{"@type":"Person","@id":"https:\/\/aconteceunovale.com.br\/portal\/#\/schema\/person\/7d2f26d1483f8a63de73da1ee0754d35","name":"Reda\u00e7\u00e3o Aconteceu no Vale","description":"Equipe de reportagem do Aconteceu no Vale, portal de not\u00edcias do Vale do Jequitinhonha, em Minas Gerais. Cobrimos as 51 cidades do Vale desde 2013. Sugest\u00f5es de pauta e pedidos de corre\u00e7\u00e3o: contato@aconteceunovale.com.br","url":"https:\/\/aconteceunovale.com.br\/portal\/?author=4"}]}},"_links":{"self":[{"href":"https:\/\/aconteceunovale.com.br\/portal\/index.php?rest_route=\/wp\/v2\/posts\/182486","targetHints":{"allow":["GET"]}}],"collection":[{"href":"https:\/\/aconteceunovale.com.br\/portal\/index.php?rest_route=\/wp\/v2\/posts"}],"about":[{"href":"https:\/\/aconteceunovale.com.br\/portal\/index.php?rest_route=\/wp\/v2\/types\/post"}],"author":[{"embeddable":true,"href":"https:\/\/aconteceunovale.com.br\/portal\/index.php?rest_route=\/wp\/v2\/users\/4"}],"replies":[{"embeddable":true,"href":"https:\/\/aconteceunovale.com.br\/portal\/index.php?rest_route=%2Fwp%2Fv2%2Fcomments&post=182486"}],"version-history":[{"count":1,"href":"https:\/\/aconteceunovale.com.br\/portal\/index.php?rest_route=\/wp\/v2\/posts\/182486\/revisions"}],"predecessor-version":[{"id":182488,"href":"https:\/\/aconteceunovale.com.br\/portal\/index.php?rest_route=\/wp\/v2\/posts\/182486\/revisions\/182488"}],"wp:featuredmedia":[{"embeddable":true,"href":"https:\/\/aconteceunovale.com.br\/portal\/index.php?rest_route=\/wp\/v2\/media\/182487"}],"wp:attachment":[{"href":"https:\/\/aconteceunovale.com.br\/portal\/index.php?rest_route=%2Fwp%2Fv2%2Fmedia&parent=182486"}],"wp:term":[{"taxonomy":"category","embeddable":true,"href":"https:\/\/aconteceunovale.com.br\/portal\/index.php?rest_route=%2Fwp%2Fv2%2Fcategories&post=182486"},{"taxonomy":"post_tag","embeddable":true,"href":"https:\/\/aconteceunovale.com.br\/portal\/index.php?rest_route=%2Fwp%2Fv2%2Ftags&post=182486"}],"curies":[{"name":"wp","href":"https:\/\/api.w.org\/{rel}","templated":true}]}}