{"id":182483,"date":"2021-10-01T16:09:01","date_gmt":"2021-10-01T19:09:01","guid":{"rendered":"https:\/\/aconteceunovale.com.br\/portal\/?p=182483"},"modified":"2021-10-01T16:14:36","modified_gmt":"2021-10-01T19:14:36","slug":"temporal-derruba-estrutura-montada-para-receber-bolsonaro-no-parana","status":"publish","type":"post","link":"https:\/\/aconteceunovale.com.br\/portal\/?p=182483","title":{"rendered":"Temporal derruba estrutura montada para receber Bolsonaro no Paran\u00e1"},"content":{"rendered":"\n<p class=\"wp-block-paragraph\">Uma forte chuva, com ventos de mais de 95 quil\u00f4metros por hora (km\/h), atingiu a cidade de Maring\u00e1 (PR) na manh\u00e3 de hoje (1\/10\/2021). Segundo a prefeitura, embora n\u00e3o tenha causado maiores danos, nem deixado v\u00edtimas, a for\u00e7a do vento derrubou um palanque e tendas montados no aeroporto regional para a cerim\u00f4nia,\u00a0agendada para esta tarde, de entrega de obras de melhoria e de amplia\u00e7\u00e3o da pista de pousos e decolagens.<\/p>\n\n\n\n<figure class=\"wp-block-gallery columns-1 is-cropped wp-block-gallery-1 is-layout-flex wp-block-gallery-is-layout-flex\"><ul class=\"blocks-gallery-grid\"><li class=\"blocks-gallery-item\"><figure><img loading=\"lazy\" decoding=\"async\" width=\"678\" height=\"382\" src=\"https:\/\/aconteceunovale.com.br\/portal\/wp-content\/uploads\/2021\/10\/tendas_bolsonaro_maringa.jpg\" alt=\"\" data-id=\"182484\" data-full-url=\"https:\/\/aconteceunovale.com.br\/portal\/wp-content\/uploads\/2021\/10\/tendas_bolsonaro_maringa.jpg\" data-link=\"https:\/\/aconteceunovale.com.br\/portal\/?attachment_id=182484\" class=\"wp-image-182484\" srcset=\"https:\/\/aconteceunovale.com.br\/portal\/wp-content\/uploads\/2021\/10\/tendas_bolsonaro_maringa.jpg 678w, https:\/\/aconteceunovale.com.br\/portal\/wp-content\/uploads\/2021\/10\/tendas_bolsonaro_maringa-300x169.jpg 300w\" sizes=\"auto, (max-width: 678px) 100vw, 678px\" \/><figcaption class=\"blocks-gallery-item__caption\"><em>Foto: Alex Magosso\/RPC\/via G1 PR<\/em><\/figcaption><\/figure><\/li><\/ul><\/figure>\n\n\n\n<p class=\"wp-block-paragraph\">Segundo o diretor administrativo do Aeroporto Regional de Maring\u00e1, Felipe Gabriel Ferro, a solenidade foi transferida para o Pavilh\u00e3o Azul do Parque Internacional de Exposi\u00e7\u00f5es Francisco Feio Ribeiro. O presidente Jair Bolsonaro desembarcou na cidade por volta das 15h.<\/p>\n\n\n\n<p class=\"wp-block-paragraph\">De acordo com a Prefeitura de Maring\u00e1, as obras de melhoria da infraestrutura aeroportu\u00e1ria come\u00e7aram em 2019 e exigiram cerca de R$ 81,5 milh\u00f5es em investimentos federais e municipais. Al\u00e9m da instala\u00e7\u00e3o de novos instrumentos de aux\u00edlio \u00e0 navega\u00e7\u00e3o a\u00e9rea e da moderniza\u00e7\u00e3o do p\u00e1tio, a pista foi ampliada a fim de permitir pousos e decolagens de aeronaves de maior porte, incluindo voos de carga nacionais e internacionais.<\/p>\n\n\n\n<p class=\"wp-block-paragraph\">&#8212;&#8212;&#8212;&#8212;&#8212;&#8212;<br><em>Quer receber as not\u00edcias do <strong>Aconteceu no Vale<\/strong> em primeira m\u00e3o? Siga-nos no Facebook <a rel=\"noreferrer noopener\" href=\"http:\/\/facebook.com\/aconteceunovale\" target=\"_blank\">@aconteceunovale<\/a>, Twitter <a rel=\"noreferrer noopener\" href=\"https:\/\/twitter.com\/noticiadosvales\" target=\"_blank\">@noticiadosvales<\/a> e Instagram <a rel=\"noreferrer noopener\" href=\"https:\/\/www.instagram.com\/aconteceunovale\" target=\"_blank\">@aconteceunovale<\/a>.<\/em><\/p>\n","protected":false},"excerpt":{"rendered":"<p>Uma forte chuva, com ventos de mais de 95 quil\u00f4metros por hora (km\/h), atingiu a cidade de Maring\u00e1 (PR) na manh\u00e3 de hoje (1\/10\/2021). Segundo a prefeitura, embora n\u00e3o tenha causado maiores danos, nem deixado v\u00edtimas, a for\u00e7a do vento derrubou um palanque e tendas montados no aeroporto regional para a cerim\u00f4nia,\u00a0agendada para esta tarde, [&hellip;]<\/p>\n","protected":false},"author":4,"featured_media":182484,"comment_status":"open","ping_status":"closed","sticky":false,"template":"","format":"standard","meta":{"amp_status":"","footnotes":""},"categories":[6,40240],"tags":[252223,252218,252217,252219,252220,252224,252226,75712,252225,20968,83905,252216,252222,252221],"class_list":["post-182483","post","type-post","status-publish","format-standard","has-post-thumbnail","hentry","category-br","category-politica","tag-aeroporto-regional-de-maringa","tag-bolsonaro-em-maringa","tag-bolsonaro-no-parana","tag-chuva-em-maringa","tag-chuva-no-parana","tag-felipe-gabriel-ferro","tag-inauguracao-no-aeroporto-regional-de-maringa","tag-maringa","tag-melhorias-no-aeroporto-regional-de-maringa","tag-pr","tag-prefeitura-de-maringa","tag-temporal-derruba-estrutura-montada-para-receber-bolsonaro-no-parana","tag-ventos-fortes-em-maringa","tag-ventos-fortes-no-parana"],"yoast_head":"<!-- This site is optimized with the Yoast SEO plugin v28.3 - https:\/\/yoast.com\/product\/yoast-seo-wordpress\/ -->\n<title>Temporal derruba estrutura montada para receber Bolsonaro no Paran\u00e1 - Aconteceu no Vale<\/title>\n<meta name=\"robots\" content=\"index, follow, max-snippet:-1, max-image-preview:large, max-video-preview:-1\" \/>\n<link rel=\"canonical\" href=\"https:\/\/aconteceunovale.com.br\/portal\/?p=182483\" \/>\n<meta property=\"og:locale\" content=\"pt_BR\" \/>\n<meta property=\"og:type\" content=\"article\" \/>\n<meta property=\"og:title\" content=\"Temporal derruba estrutura montada para receber Bolsonaro no Paran\u00e1 - Aconteceu no Vale\" \/>\n<meta property=\"og:description\" content=\"Uma forte chuva, com ventos de mais de 95 quil\u00f4metros por hora (km\/h), atingiu a cidade de Maring\u00e1 (PR) na manh\u00e3 de hoje (1\/10\/2021). Segundo a prefeitura, embora n\u00e3o tenha causado maiores danos, nem deixado v\u00edtimas, a for\u00e7a do vento derrubou um palanque e tendas montados no aeroporto regional para a cerim\u00f4nia,\u00a0agendada para esta tarde, [&hellip;]\" \/>\n<meta property=\"og:url\" content=\"https:\/\/aconteceunovale.com.br\/portal\/?p=182483\" \/>\n<meta property=\"og:site_name\" content=\"Aconteceu no Vale\" \/>\n<meta property=\"article:publisher\" content=\"https:\/\/www.facebook.com\/aconteceunovale\/\" \/>\n<meta property=\"article:published_time\" content=\"2021-10-01T19:09:01+00:00\" \/>\n<meta property=\"article:modified_time\" content=\"2021-10-01T19:14:36+00:00\" \/>\n<meta property=\"og:image\" content=\"https:\/\/aconteceunovale.com.br\/portal\/wp-content\/uploads\/2021\/10\/tendas_bolsonaro_maringa.jpg\" \/>\n\t<meta property=\"og:image:width\" content=\"678\" \/>\n\t<meta property=\"og:image:height\" content=\"382\" \/>\n\t<meta property=\"og:image:type\" content=\"image\/jpeg\" \/>\n<meta name=\"author\" content=\"Reda\u00e7\u00e3o Aconteceu no Vale\" \/>\n<meta name=\"twitter:card\" content=\"summary_large_image\" \/>\n<meta name=\"twitter:creator\" content=\"@noticiadosvales\" \/>\n<meta name=\"twitter:site\" content=\"@noticiadosvales\" \/>\n<meta name=\"twitter:label1\" content=\"Escrito por\" \/>\n\t<meta name=\"twitter:data1\" content=\"Reda\u00e7\u00e3o Aconteceu no Vale\" \/>\n\t<meta name=\"twitter:label2\" content=\"Est. tempo de leitura\" \/>\n\t<meta name=\"twitter:data2\" content=\"1 minuto\" \/>\n<script type=\"application\/ld+json\" class=\"yoast-schema-graph\">{\"@context\":\"https:\\\/\\\/schema.org\",\"@graph\":[{\"@type\":\"Article\",\"@id\":\"https:\\\/\\\/aconteceunovale.com.br\\\/portal\\\/?p=182483#article\",\"isPartOf\":{\"@id\":\"https:\\\/\\\/aconteceunovale.com.br\\\/portal\\\/?p=182483\"},\"author\":{\"name\":\"Reda\u00e7\u00e3o Aconteceu no Vale\",\"@id\":\"https:\\\/\\\/aconteceunovale.com.br\\\/portal\\\/#\\\/schema\\\/person\\\/7d2f26d1483f8a63de73da1ee0754d35\"},\"headline\":\"Temporal derruba estrutura montada para receber Bolsonaro no Paran\u00e1\",\"datePublished\":\"2021-10-01T19:09:01+00:00\",\"dateModified\":\"2021-10-01T19:14:36+00:00\",\"mainEntityOfPage\":{\"@id\":\"https:\\\/\\\/aconteceunovale.com.br\\\/portal\\\/?p=182483\"},\"wordCount\":231,\"commentCount\":0,\"image\":{\"@id\":\"https:\\\/\\\/aconteceunovale.com.br\\\/portal\\\/?p=182483#primaryimage\"},\"thumbnailUrl\":\"https:\\\/\\\/aconteceunovale.com.br\\\/portal\\\/wp-content\\\/uploads\\\/2021\\\/10\\\/tendas_bolsonaro_maringa.jpg\",\"keywords\":[\"Aeroporto Regional de Maring\u00e1\",\"Bolsonaro em Maring\u00e1\",\"Bolsonaro no Paran\u00e1\",\"Chuva em Maring\u00e1\",\"Chuva no Paran\u00e1\",\"Felipe Gabriel Ferro\",\"Inaugura\u00e7\u00e3o no Aeroporto Regional de Maring\u00e1\",\"Maringa\",\"Melhorias no Aeroporto Regional de Maring\u00e1\",\"PR\",\"Prefeitura de Maring\u00e1\",\"Temporal derruba estrutura montada para receber Bolsonaro no Paran\u00e1\",\"Ventos fortes em Maring\u00e1\",\"Ventos fortes no Paran\u00e1\"],\"articleSection\":[\"Brasil\",\"Pol\u00edtica\"],\"inLanguage\":\"pt-BR\",\"potentialAction\":[{\"@type\":\"CommentAction\",\"name\":\"Comment\",\"target\":[\"https:\\\/\\\/aconteceunovale.com.br\\\/portal\\\/?p=182483#respond\"]}]},{\"@type\":\"WebPage\",\"@id\":\"https:\\\/\\\/aconteceunovale.com.br\\\/portal\\\/?p=182483\",\"url\":\"https:\\\/\\\/aconteceunovale.com.br\\\/portal\\\/?p=182483\",\"name\":\"Temporal derruba estrutura montada para receber Bolsonaro no Paran\u00e1 - Aconteceu no Vale\",\"isPartOf\":{\"@id\":\"https:\\\/\\\/aconteceunovale.com.br\\\/portal\\\/#website\"},\"primaryImageOfPage\":{\"@id\":\"https:\\\/\\\/aconteceunovale.com.br\\\/portal\\\/?p=182483#primaryimage\"},\"image\":{\"@id\":\"https:\\\/\\\/aconteceunovale.com.br\\\/portal\\\/?p=182483#primaryimage\"},\"thumbnailUrl\":\"https:\\\/\\\/aconteceunovale.com.br\\\/portal\\\/wp-content\\\/uploads\\\/2021\\\/10\\\/tendas_bolsonaro_maringa.jpg\",\"datePublished\":\"2021-10-01T19:09:01+00:00\",\"dateModified\":\"2021-10-01T19:14:36+00:00\",\"author\":{\"@id\":\"https:\\\/\\\/aconteceunovale.com.br\\\/portal\\\/#\\\/schema\\\/person\\\/7d2f26d1483f8a63de73da1ee0754d35\"},\"breadcrumb\":{\"@id\":\"https:\\\/\\\/aconteceunovale.com.br\\\/portal\\\/?p=182483#breadcrumb\"},\"inLanguage\":\"pt-BR\",\"potentialAction\":[{\"@type\":\"ReadAction\",\"target\":[\"https:\\\/\\\/aconteceunovale.com.br\\\/portal\\\/?p=182483\"]}]},{\"@type\":\"ImageObject\",\"inLanguage\":\"pt-BR\",\"@id\":\"https:\\\/\\\/aconteceunovale.com.br\\\/portal\\\/?p=182483#primaryimage\",\"url\":\"https:\\\/\\\/aconteceunovale.com.br\\\/portal\\\/wp-content\\\/uploads\\\/2021\\\/10\\\/tendas_bolsonaro_maringa.jpg\",\"contentUrl\":\"https:\\\/\\\/aconteceunovale.com.br\\\/portal\\\/wp-content\\\/uploads\\\/2021\\\/10\\\/tendas_bolsonaro_maringa.jpg\",\"width\":678,\"height\":382},{\"@type\":\"BreadcrumbList\",\"@id\":\"https:\\\/\\\/aconteceunovale.com.br\\\/portal\\\/?p=182483#breadcrumb\",\"itemListElement\":[{\"@type\":\"ListItem\",\"position\":1,\"name\":\"In\u00edcio\",\"item\":\"https:\\\/\\\/aconteceunovale.com.br\\\/portal\\\/\"},{\"@type\":\"ListItem\",\"position\":2,\"name\":\"Temporal derruba estrutura montada para receber Bolsonaro no Paran\u00e1\"}]},{\"@type\":\"WebSite\",\"@id\":\"https:\\\/\\\/aconteceunovale.com.br\\\/portal\\\/#website\",\"url\":\"https:\\\/\\\/aconteceunovale.com.br\\\/portal\\\/\",\"name\":\"Aconteceu no Vale\",\"description\":\"Portal de Not\u00edcias\",\"potentialAction\":[{\"@type\":\"SearchAction\",\"target\":{\"@type\":\"EntryPoint\",\"urlTemplate\":\"https:\\\/\\\/aconteceunovale.com.br\\\/portal\\\/?s={search_term_string}\"},\"query-input\":{\"@type\":\"PropertyValueSpecification\",\"valueRequired\":true,\"valueName\":\"search_term_string\"}}],\"inLanguage\":\"pt-BR\"},{\"@type\":\"Person\",\"@id\":\"https:\\\/\\\/aconteceunovale.com.br\\\/portal\\\/#\\\/schema\\\/person\\\/7d2f26d1483f8a63de73da1ee0754d35\",\"name\":\"Reda\u00e7\u00e3o Aconteceu no Vale\",\"description\":\"Equipe de reportagem do Aconteceu no Vale, portal de not\u00edcias do Vale do Jequitinhonha, em Minas Gerais. Cobrimos as 51 cidades do Vale desde 2013. Sugest\u00f5es de pauta e pedidos de corre\u00e7\u00e3o: contato@aconteceunovale.com.br\",\"url\":\"https:\\\/\\\/aconteceunovale.com.br\\\/portal\\\/?author=4\"}]}<\/script>\n<!-- \/ Yoast SEO plugin. -->","yoast_head_json":{"title":"Temporal derruba estrutura montada para receber Bolsonaro no Paran\u00e1 - Aconteceu no Vale","robots":{"index":"index","follow":"follow","max-snippet":"max-snippet:-1","max-image-preview":"max-image-preview:large","max-video-preview":"max-video-preview:-1"},"canonical":"https:\/\/aconteceunovale.com.br\/portal\/?p=182483","og_locale":"pt_BR","og_type":"article","og_title":"Temporal derruba estrutura montada para receber Bolsonaro no Paran\u00e1 - Aconteceu no Vale","og_description":"Uma forte chuva, com ventos de mais de 95 quil\u00f4metros por hora (km\/h), atingiu a cidade de Maring\u00e1 (PR) na manh\u00e3 de hoje (1\/10\/2021). Segundo a prefeitura, embora n\u00e3o tenha causado maiores danos, nem deixado v\u00edtimas, a for\u00e7a do vento derrubou um palanque e tendas montados no aeroporto regional para a cerim\u00f4nia,\u00a0agendada para esta tarde, [&hellip;]","og_url":"https:\/\/aconteceunovale.com.br\/portal\/?p=182483","og_site_name":"Aconteceu no Vale","article_publisher":"https:\/\/www.facebook.com\/aconteceunovale\/","article_published_time":"2021-10-01T19:09:01+00:00","article_modified_time":"2021-10-01T19:14:36+00:00","og_image":[{"width":678,"height":382,"url":"https:\/\/aconteceunovale.com.br\/portal\/wp-content\/uploads\/2021\/10\/tendas_bolsonaro_maringa.jpg","type":"image\/jpeg"}],"author":"Reda\u00e7\u00e3o Aconteceu no Vale","twitter_card":"summary_large_image","twitter_creator":"@noticiadosvales","twitter_site":"@noticiadosvales","twitter_misc":{"Escrito por":"Reda\u00e7\u00e3o Aconteceu no Vale","Est. tempo de leitura":"1 minuto"},"schema":{"@context":"https:\/\/schema.org","@graph":[{"@type":"Article","@id":"https:\/\/aconteceunovale.com.br\/portal\/?p=182483#article","isPartOf":{"@id":"https:\/\/aconteceunovale.com.br\/portal\/?p=182483"},"author":{"name":"Reda\u00e7\u00e3o Aconteceu no Vale","@id":"https:\/\/aconteceunovale.com.br\/portal\/#\/schema\/person\/7d2f26d1483f8a63de73da1ee0754d35"},"headline":"Temporal derruba estrutura montada para receber Bolsonaro no Paran\u00e1","datePublished":"2021-10-01T19:09:01+00:00","dateModified":"2021-10-01T19:14:36+00:00","mainEntityOfPage":{"@id":"https:\/\/aconteceunovale.com.br\/portal\/?p=182483"},"wordCount":231,"commentCount":0,"image":{"@id":"https:\/\/aconteceunovale.com.br\/portal\/?p=182483#primaryimage"},"thumbnailUrl":"https:\/\/aconteceunovale.com.br\/portal\/wp-content\/uploads\/2021\/10\/tendas_bolsonaro_maringa.jpg","keywords":["Aeroporto Regional de Maring\u00e1","Bolsonaro em Maring\u00e1","Bolsonaro no Paran\u00e1","Chuva em Maring\u00e1","Chuva no Paran\u00e1","Felipe Gabriel Ferro","Inaugura\u00e7\u00e3o no Aeroporto Regional de Maring\u00e1","Maringa","Melhorias no Aeroporto Regional de Maring\u00e1","PR","Prefeitura de Maring\u00e1","Temporal derruba estrutura montada para receber Bolsonaro no Paran\u00e1","Ventos fortes em Maring\u00e1","Ventos fortes no Paran\u00e1"],"articleSection":["Brasil","Pol\u00edtica"],"inLanguage":"pt-BR","potentialAction":[{"@type":"CommentAction","name":"Comment","target":["https:\/\/aconteceunovale.com.br\/portal\/?p=182483#respond"]}]},{"@type":"WebPage","@id":"https:\/\/aconteceunovale.com.br\/portal\/?p=182483","url":"https:\/\/aconteceunovale.com.br\/portal\/?p=182483","name":"Temporal derruba estrutura montada para receber Bolsonaro no Paran\u00e1 - Aconteceu no Vale","isPartOf":{"@id":"https:\/\/aconteceunovale.com.br\/portal\/#website"},"primaryImageOfPage":{"@id":"https:\/\/aconteceunovale.com.br\/portal\/?p=182483#primaryimage"},"image":{"@id":"https:\/\/aconteceunovale.com.br\/portal\/?p=182483#primaryimage"},"thumbnailUrl":"https:\/\/aconteceunovale.com.br\/portal\/wp-content\/uploads\/2021\/10\/tendas_bolsonaro_maringa.jpg","datePublished":"2021-10-01T19:09:01+00:00","dateModified":"2021-10-01T19:14:36+00:00","author":{"@id":"https:\/\/aconteceunovale.com.br\/portal\/#\/schema\/person\/7d2f26d1483f8a63de73da1ee0754d35"},"breadcrumb":{"@id":"https:\/\/aconteceunovale.com.br\/portal\/?p=182483#breadcrumb"},"inLanguage":"pt-BR","potentialAction":[{"@type":"ReadAction","target":["https:\/\/aconteceunovale.com.br\/portal\/?p=182483"]}]},{"@type":"ImageObject","inLanguage":"pt-BR","@id":"https:\/\/aconteceunovale.com.br\/portal\/?p=182483#primaryimage","url":"https:\/\/aconteceunovale.com.br\/portal\/wp-content\/uploads\/2021\/10\/tendas_bolsonaro_maringa.jpg","contentUrl":"https:\/\/aconteceunovale.com.br\/portal\/wp-content\/uploads\/2021\/10\/tendas_bolsonaro_maringa.jpg","width":678,"height":382},{"@type":"BreadcrumbList","@id":"https:\/\/aconteceunovale.com.br\/portal\/?p=182483#breadcrumb","itemListElement":[{"@type":"ListItem","position":1,"name":"In\u00edcio","item":"https:\/\/aconteceunovale.com.br\/portal\/"},{"@type":"ListItem","position":2,"name":"Temporal derruba estrutura montada para receber Bolsonaro no Paran\u00e1"}]},{"@type":"WebSite","@id":"https:\/\/aconteceunovale.com.br\/portal\/#website","url":"https:\/\/aconteceunovale.com.br\/portal\/","name":"Aconteceu no Vale","description":"Portal de Not\u00edcias","potentialAction":[{"@type":"SearchAction","target":{"@type":"EntryPoint","urlTemplate":"https:\/\/aconteceunovale.com.br\/portal\/?s={search_term_string}"},"query-input":{"@type":"PropertyValueSpecification","valueRequired":true,"valueName":"search_term_string"}}],"inLanguage":"pt-BR"},{"@type":"Person","@id":"https:\/\/aconteceunovale.com.br\/portal\/#\/schema\/person\/7d2f26d1483f8a63de73da1ee0754d35","name":"Reda\u00e7\u00e3o Aconteceu no Vale","description":"Equipe de reportagem do Aconteceu no Vale, portal de not\u00edcias do Vale do Jequitinhonha, em Minas Gerais. Cobrimos as 51 cidades do Vale desde 2013. Sugest\u00f5es de pauta e pedidos de corre\u00e7\u00e3o: contato@aconteceunovale.com.br","url":"https:\/\/aconteceunovale.com.br\/portal\/?author=4"}]}},"_links":{"self":[{"href":"https:\/\/aconteceunovale.com.br\/portal\/index.php?rest_route=\/wp\/v2\/posts\/182483","targetHints":{"allow":["GET"]}}],"collection":[{"href":"https:\/\/aconteceunovale.com.br\/portal\/index.php?rest_route=\/wp\/v2\/posts"}],"about":[{"href":"https:\/\/aconteceunovale.com.br\/portal\/index.php?rest_route=\/wp\/v2\/types\/post"}],"author":[{"embeddable":true,"href":"https:\/\/aconteceunovale.com.br\/portal\/index.php?rest_route=\/wp\/v2\/users\/4"}],"replies":[{"embeddable":true,"href":"https:\/\/aconteceunovale.com.br\/portal\/index.php?rest_route=%2Fwp%2Fv2%2Fcomments&post=182483"}],"version-history":[{"count":1,"href":"https:\/\/aconteceunovale.com.br\/portal\/index.php?rest_route=\/wp\/v2\/posts\/182483\/revisions"}],"predecessor-version":[{"id":182485,"href":"https:\/\/aconteceunovale.com.br\/portal\/index.php?rest_route=\/wp\/v2\/posts\/182483\/revisions\/182485"}],"wp:featuredmedia":[{"embeddable":true,"href":"https:\/\/aconteceunovale.com.br\/portal\/index.php?rest_route=\/wp\/v2\/media\/182484"}],"wp:attachment":[{"href":"https:\/\/aconteceunovale.com.br\/portal\/index.php?rest_route=%2Fwp%2Fv2%2Fmedia&parent=182483"}],"wp:term":[{"taxonomy":"category","embeddable":true,"href":"https:\/\/aconteceunovale.com.br\/portal\/index.php?rest_route=%2Fwp%2Fv2%2Fcategories&post=182483"},{"taxonomy":"post_tag","embeddable":true,"href":"https:\/\/aconteceunovale.com.br\/portal\/index.php?rest_route=%2Fwp%2Fv2%2Ftags&post=182483"}],"curies":[{"name":"wp","href":"https:\/\/api.w.org\/{rel}","templated":true}]}}