{"id":182478,"date":"2021-10-01T12:59:11","date_gmt":"2021-10-01T15:59:11","guid":{"rendered":"https:\/\/aconteceunovale.com.br\/portal\/?p=182478"},"modified":"2021-10-01T13:00:21","modified_gmt":"2021-10-01T16:00:21","slug":"presidente-sanciona-lei-da-inelegibilidade","status":"publish","type":"post","link":"https:\/\/aconteceunovale.com.br\/portal\/?p=182478","title":{"rendered":"Presidente sanciona lei da inelegibilidade"},"content":{"rendered":"\n<p class=\"wp-block-paragraph\">O presidente Jair Bolsonaro sancionou a lei que altera a legisla\u00e7\u00e3o sobre inelegibilidade, permitindo a candidatura de quem teve contas relativas ao exerc\u00edcio de cargos ou fun\u00e7\u00f5es p\u00fablicas julgadas irregulares, sem danos ao er\u00e1rio. A candidatura vale para os casos que tenham sido punidos exclusivamente com pagamento de multa.<img decoding=\"async\" src=\"https:\/\/agenciabrasil.ebc.com.br\/ebc.png?id=1423072&amp;o=node\"><img decoding=\"async\" src=\"https:\/\/agenciabrasil.ebc.com.br\/ebc.gif?id=1423072&amp;o=node\"><\/p>\n\n\n\n<p class=\"wp-block-paragraph\"><a rel=\"noreferrer noopener\" href=\"https:\/\/in.gov.br\/web\/dou\/-\/lei-complementar-n-184-de-29-de-setembro-de-2021-348867069\" target=\"_blank\">O texto<\/a>, sancionado sem vetos, foi publicado ontem (30\/9\/2021) no\u00a0<em>Di\u00e1rio Oficial da Uni\u00e3o (DOU)<\/em>\u00a0e altera a\u00a0<a rel=\"noreferrer noopener\" href=\"https:\/\/www2.camara.leg.br\/legin\/fed\/leicom\/1990\/leicomplementar-64-18-maio-1990-363991-normaatualizada-pl.pdf\" target=\"_blank\">Lei Complementar n\u00ba 64, de 18 de maio de 1990<\/a>. A lei alterada estabelecia que s\u00e3o ineleg\u00edveis, por oito anos, para qualquer cargo, os que tiverem suas contas relativas ao exerc\u00edcio de cargos ou fun\u00e7\u00f5es p\u00fablicas rejeitadas por irregularidade insan\u00e1vel que configure ato doloso de improbidade administrativa e por decis\u00e3o irrecorr\u00edvel do \u00f3rg\u00e3o competente, salvo se esta houver sido suspensa ou anulada pelo Poder Judici\u00e1rio.<\/p>\n\n\n\n<p class=\"wp-block-paragraph\">De acordo com a Secretaria-Geral da Presid\u00eancia da Rep\u00fablica, \u201co texto vai evitar san\u00e7\u00f5es desproporcionais para quem foi punido por infra\u00e7\u00f5es meramente formais, com pequeno potencial ofensivo, que n\u00e3o tenham causado danos ao Er\u00e1rio nem enriquecimento il\u00edcito aos agentes\u201d.<\/p>\n\n\n\n<p class=\"wp-block-paragraph\">\u201cDesse modo, a san\u00e7\u00e3o presidencial assegura evitar que a puni\u00e7\u00e3o excepcional e grave de inelegibilidade seja imposta de forma desarrazoada e atentat\u00f3ria aos direitos pol\u00edticos fundamentais, sem descuidar, no entanto, da prote\u00e7\u00e3o \u00e0 moralidade, \u00e0 probidade administrativa e da garantia da normalidade e legitimidade das elei\u00e7\u00f5es\u201d, disse a secretaria.<\/p>\n\n\n\n<p class=\"wp-block-paragraph\">&#8212;&#8212;&#8212;&#8212;&#8212;&#8212;<br><em>Quer receber as not\u00edcias do <strong>Aconteceu no Vale<\/strong> em primeira m\u00e3o? Siga-nos no Facebook <a rel=\"noreferrer noopener\" href=\"http:\/\/facebook.com\/aconteceunovale\" target=\"_blank\">@aconteceunovale<\/a>, Twitter <a rel=\"noreferrer noopener\" href=\"https:\/\/twitter.com\/noticiadosvales\" target=\"_blank\">@noticiadosvales<\/a> e Instagram <a rel=\"noreferrer noopener\" href=\"https:\/\/www.instagram.com\/aconteceunovale\" target=\"_blank\">@aconteceunovale<\/a>.<\/em><\/p>\n","protected":false},"excerpt":{"rendered":"<p>O presidente Jair Bolsonaro sancionou a lei que altera a legisla\u00e7\u00e3o sobre inelegibilidade, permitindo a candidatura de quem teve contas relativas ao exerc\u00edcio de cargos ou fun\u00e7\u00f5es p\u00fablicas julgadas irregulares, sem danos ao er\u00e1rio. A candidatura vale para os casos que tenham sido punidos exclusivamente com pagamento de multa. O texto, sancionado sem vetos, foi [&hellip;]<\/p>\n","protected":false},"author":4,"featured_media":181549,"comment_status":"open","ping_status":"closed","sticky":false,"template":"","format":"standard","meta":{"amp_status":"","footnotes":""},"categories":[6],"tags":[100375,26436,252209,252207,252208],"class_list":["post-182478","post","type-post","status-publish","format-standard","has-post-thumbnail","hentry","category-br","tag-bolsonaro","tag-jair-bolsonaro","tag-legislacao-sobre-inelegibilidade","tag-lei-da-inelegibilidade","tag-lei-da-inelegibilidade-e-sancionada"],"yoast_head":"<!-- This site is optimized with the Yoast SEO plugin v28.3 - https:\/\/yoast.com\/product\/yoast-seo-wordpress\/ -->\n<title>Presidente sanciona lei da inelegibilidade - Aconteceu no Vale<\/title>\n<meta name=\"robots\" content=\"index, follow, max-snippet:-1, max-image-preview:large, max-video-preview:-1\" \/>\n<link rel=\"canonical\" href=\"https:\/\/aconteceunovale.com.br\/portal\/?p=182478\" \/>\n<meta property=\"og:locale\" content=\"pt_BR\" \/>\n<meta property=\"og:type\" content=\"article\" \/>\n<meta property=\"og:title\" content=\"Presidente sanciona lei da inelegibilidade - Aconteceu no Vale\" \/>\n<meta property=\"og:description\" content=\"O presidente Jair Bolsonaro sancionou a lei que altera a legisla\u00e7\u00e3o sobre inelegibilidade, permitindo a candidatura de quem teve contas relativas ao exerc\u00edcio de cargos ou fun\u00e7\u00f5es p\u00fablicas julgadas irregulares, sem danos ao er\u00e1rio. A candidatura vale para os casos que tenham sido punidos exclusivamente com pagamento de multa. O texto, sancionado sem vetos, foi [&hellip;]\" \/>\n<meta property=\"og:url\" content=\"https:\/\/aconteceunovale.com.br\/portal\/?p=182478\" \/>\n<meta property=\"og:site_name\" content=\"Aconteceu no Vale\" \/>\n<meta property=\"article:publisher\" content=\"https:\/\/www.facebook.com\/aconteceunovale\/\" \/>\n<meta property=\"article:published_time\" content=\"2021-10-01T15:59:11+00:00\" \/>\n<meta property=\"article:modified_time\" content=\"2021-10-01T16:00:21+00:00\" \/>\n<meta property=\"og:image\" content=\"https:\/\/aconteceunovale.com.br\/portal\/wp-content\/uploads\/2021\/09\/urna_eletronica.jpg\" \/>\n\t<meta property=\"og:image:width\" content=\"678\" \/>\n\t<meta property=\"og:image:height\" content=\"406\" \/>\n\t<meta property=\"og:image:type\" content=\"image\/jpeg\" \/>\n<meta name=\"author\" content=\"Reda\u00e7\u00e3o Aconteceu no Vale\" \/>\n<meta name=\"twitter:card\" content=\"summary_large_image\" \/>\n<meta name=\"twitter:creator\" content=\"@noticiadosvales\" \/>\n<meta name=\"twitter:site\" content=\"@noticiadosvales\" \/>\n<meta name=\"twitter:label1\" content=\"Escrito por\" \/>\n\t<meta name=\"twitter:data1\" content=\"Reda\u00e7\u00e3o Aconteceu no Vale\" \/>\n\t<meta name=\"twitter:label2\" content=\"Est. tempo de leitura\" \/>\n\t<meta name=\"twitter:data2\" content=\"1 minuto\" \/>\n<script type=\"application\/ld+json\" class=\"yoast-schema-graph\">{\"@context\":\"https:\\\/\\\/schema.org\",\"@graph\":[{\"@type\":\"Article\",\"@id\":\"https:\\\/\\\/aconteceunovale.com.br\\\/portal\\\/?p=182478#article\",\"isPartOf\":{\"@id\":\"https:\\\/\\\/aconteceunovale.com.br\\\/portal\\\/?p=182478\"},\"author\":{\"name\":\"Reda\u00e7\u00e3o Aconteceu no Vale\",\"@id\":\"https:\\\/\\\/aconteceunovale.com.br\\\/portal\\\/#\\\/schema\\\/person\\\/7d2f26d1483f8a63de73da1ee0754d35\"},\"headline\":\"Presidente sanciona lei da inelegibilidade\",\"datePublished\":\"2021-10-01T15:59:11+00:00\",\"dateModified\":\"2021-10-01T16:00:21+00:00\",\"mainEntityOfPage\":{\"@id\":\"https:\\\/\\\/aconteceunovale.com.br\\\/portal\\\/?p=182478\"},\"wordCount\":272,\"commentCount\":0,\"image\":{\"@id\":\"https:\\\/\\\/aconteceunovale.com.br\\\/portal\\\/?p=182478#primaryimage\"},\"thumbnailUrl\":\"https:\\\/\\\/aconteceunovale.com.br\\\/portal\\\/wp-content\\\/uploads\\\/2021\\\/09\\\/urna_eletronica.jpg\",\"keywords\":[\"Bolsonaro\",\"Jair Bolsonaro\",\"Legisla\u00e7\u00e3o sobre inelegibilidade\",\"Lei da inelegibilidade\",\"Lei da inelegibilidade \u00e9 sancionada\"],\"articleSection\":[\"Brasil\"],\"inLanguage\":\"pt-BR\",\"potentialAction\":[{\"@type\":\"CommentAction\",\"name\":\"Comment\",\"target\":[\"https:\\\/\\\/aconteceunovale.com.br\\\/portal\\\/?p=182478#respond\"]}]},{\"@type\":\"WebPage\",\"@id\":\"https:\\\/\\\/aconteceunovale.com.br\\\/portal\\\/?p=182478\",\"url\":\"https:\\\/\\\/aconteceunovale.com.br\\\/portal\\\/?p=182478\",\"name\":\"Presidente sanciona lei da inelegibilidade - Aconteceu no Vale\",\"isPartOf\":{\"@id\":\"https:\\\/\\\/aconteceunovale.com.br\\\/portal\\\/#website\"},\"primaryImageOfPage\":{\"@id\":\"https:\\\/\\\/aconteceunovale.com.br\\\/portal\\\/?p=182478#primaryimage\"},\"image\":{\"@id\":\"https:\\\/\\\/aconteceunovale.com.br\\\/portal\\\/?p=182478#primaryimage\"},\"thumbnailUrl\":\"https:\\\/\\\/aconteceunovale.com.br\\\/portal\\\/wp-content\\\/uploads\\\/2021\\\/09\\\/urna_eletronica.jpg\",\"datePublished\":\"2021-10-01T15:59:11+00:00\",\"dateModified\":\"2021-10-01T16:00:21+00:00\",\"author\":{\"@id\":\"https:\\\/\\\/aconteceunovale.com.br\\\/portal\\\/#\\\/schema\\\/person\\\/7d2f26d1483f8a63de73da1ee0754d35\"},\"breadcrumb\":{\"@id\":\"https:\\\/\\\/aconteceunovale.com.br\\\/portal\\\/?p=182478#breadcrumb\"},\"inLanguage\":\"pt-BR\",\"potentialAction\":[{\"@type\":\"ReadAction\",\"target\":[\"https:\\\/\\\/aconteceunovale.com.br\\\/portal\\\/?p=182478\"]}]},{\"@type\":\"ImageObject\",\"inLanguage\":\"pt-BR\",\"@id\":\"https:\\\/\\\/aconteceunovale.com.br\\\/portal\\\/?p=182478#primaryimage\",\"url\":\"https:\\\/\\\/aconteceunovale.com.br\\\/portal\\\/wp-content\\\/uploads\\\/2021\\\/09\\\/urna_eletronica.jpg\",\"contentUrl\":\"https:\\\/\\\/aconteceunovale.com.br\\\/portal\\\/wp-content\\\/uploads\\\/2021\\\/09\\\/urna_eletronica.jpg\",\"width\":678,\"height\":406,\"caption\":\"TSE - Tribunal Superior Eleitoral Urna eletr\u00f4nica\"},{\"@type\":\"BreadcrumbList\",\"@id\":\"https:\\\/\\\/aconteceunovale.com.br\\\/portal\\\/?p=182478#breadcrumb\",\"itemListElement\":[{\"@type\":\"ListItem\",\"position\":1,\"name\":\"In\u00edcio\",\"item\":\"https:\\\/\\\/aconteceunovale.com.br\\\/portal\\\/\"},{\"@type\":\"ListItem\",\"position\":2,\"name\":\"Presidente sanciona lei da inelegibilidade\"}]},{\"@type\":\"WebSite\",\"@id\":\"https:\\\/\\\/aconteceunovale.com.br\\\/portal\\\/#website\",\"url\":\"https:\\\/\\\/aconteceunovale.com.br\\\/portal\\\/\",\"name\":\"Aconteceu no Vale\",\"description\":\"Portal de Not\u00edcias\",\"potentialAction\":[{\"@type\":\"SearchAction\",\"target\":{\"@type\":\"EntryPoint\",\"urlTemplate\":\"https:\\\/\\\/aconteceunovale.com.br\\\/portal\\\/?s={search_term_string}\"},\"query-input\":{\"@type\":\"PropertyValueSpecification\",\"valueRequired\":true,\"valueName\":\"search_term_string\"}}],\"inLanguage\":\"pt-BR\"},{\"@type\":\"Person\",\"@id\":\"https:\\\/\\\/aconteceunovale.com.br\\\/portal\\\/#\\\/schema\\\/person\\\/7d2f26d1483f8a63de73da1ee0754d35\",\"name\":\"Reda\u00e7\u00e3o Aconteceu no Vale\",\"description\":\"Equipe de reportagem do Aconteceu no Vale, portal de not\u00edcias do Vale do Jequitinhonha, em Minas Gerais. Cobrimos as 51 cidades do Vale desde 2013. Sugest\u00f5es de pauta e pedidos de corre\u00e7\u00e3o: contato@aconteceunovale.com.br\",\"url\":\"https:\\\/\\\/aconteceunovale.com.br\\\/portal\\\/?author=4\"}]}<\/script>\n<!-- \/ Yoast SEO plugin. -->","yoast_head_json":{"title":"Presidente sanciona lei da inelegibilidade - Aconteceu no Vale","robots":{"index":"index","follow":"follow","max-snippet":"max-snippet:-1","max-image-preview":"max-image-preview:large","max-video-preview":"max-video-preview:-1"},"canonical":"https:\/\/aconteceunovale.com.br\/portal\/?p=182478","og_locale":"pt_BR","og_type":"article","og_title":"Presidente sanciona lei da inelegibilidade - Aconteceu no Vale","og_description":"O presidente Jair Bolsonaro sancionou a lei que altera a legisla\u00e7\u00e3o sobre inelegibilidade, permitindo a candidatura de quem teve contas relativas ao exerc\u00edcio de cargos ou fun\u00e7\u00f5es p\u00fablicas julgadas irregulares, sem danos ao er\u00e1rio. A candidatura vale para os casos que tenham sido punidos exclusivamente com pagamento de multa. O texto, sancionado sem vetos, foi [&hellip;]","og_url":"https:\/\/aconteceunovale.com.br\/portal\/?p=182478","og_site_name":"Aconteceu no Vale","article_publisher":"https:\/\/www.facebook.com\/aconteceunovale\/","article_published_time":"2021-10-01T15:59:11+00:00","article_modified_time":"2021-10-01T16:00:21+00:00","og_image":[{"width":678,"height":406,"url":"https:\/\/aconteceunovale.com.br\/portal\/wp-content\/uploads\/2021\/09\/urna_eletronica.jpg","type":"image\/jpeg"}],"author":"Reda\u00e7\u00e3o Aconteceu no Vale","twitter_card":"summary_large_image","twitter_creator":"@noticiadosvales","twitter_site":"@noticiadosvales","twitter_misc":{"Escrito por":"Reda\u00e7\u00e3o Aconteceu no Vale","Est. tempo de leitura":"1 minuto"},"schema":{"@context":"https:\/\/schema.org","@graph":[{"@type":"Article","@id":"https:\/\/aconteceunovale.com.br\/portal\/?p=182478#article","isPartOf":{"@id":"https:\/\/aconteceunovale.com.br\/portal\/?p=182478"},"author":{"name":"Reda\u00e7\u00e3o Aconteceu no Vale","@id":"https:\/\/aconteceunovale.com.br\/portal\/#\/schema\/person\/7d2f26d1483f8a63de73da1ee0754d35"},"headline":"Presidente sanciona lei da inelegibilidade","datePublished":"2021-10-01T15:59:11+00:00","dateModified":"2021-10-01T16:00:21+00:00","mainEntityOfPage":{"@id":"https:\/\/aconteceunovale.com.br\/portal\/?p=182478"},"wordCount":272,"commentCount":0,"image":{"@id":"https:\/\/aconteceunovale.com.br\/portal\/?p=182478#primaryimage"},"thumbnailUrl":"https:\/\/aconteceunovale.com.br\/portal\/wp-content\/uploads\/2021\/09\/urna_eletronica.jpg","keywords":["Bolsonaro","Jair Bolsonaro","Legisla\u00e7\u00e3o sobre inelegibilidade","Lei da inelegibilidade","Lei da inelegibilidade \u00e9 sancionada"],"articleSection":["Brasil"],"inLanguage":"pt-BR","potentialAction":[{"@type":"CommentAction","name":"Comment","target":["https:\/\/aconteceunovale.com.br\/portal\/?p=182478#respond"]}]},{"@type":"WebPage","@id":"https:\/\/aconteceunovale.com.br\/portal\/?p=182478","url":"https:\/\/aconteceunovale.com.br\/portal\/?p=182478","name":"Presidente sanciona lei da inelegibilidade - Aconteceu no Vale","isPartOf":{"@id":"https:\/\/aconteceunovale.com.br\/portal\/#website"},"primaryImageOfPage":{"@id":"https:\/\/aconteceunovale.com.br\/portal\/?p=182478#primaryimage"},"image":{"@id":"https:\/\/aconteceunovale.com.br\/portal\/?p=182478#primaryimage"},"thumbnailUrl":"https:\/\/aconteceunovale.com.br\/portal\/wp-content\/uploads\/2021\/09\/urna_eletronica.jpg","datePublished":"2021-10-01T15:59:11+00:00","dateModified":"2021-10-01T16:00:21+00:00","author":{"@id":"https:\/\/aconteceunovale.com.br\/portal\/#\/schema\/person\/7d2f26d1483f8a63de73da1ee0754d35"},"breadcrumb":{"@id":"https:\/\/aconteceunovale.com.br\/portal\/?p=182478#breadcrumb"},"inLanguage":"pt-BR","potentialAction":[{"@type":"ReadAction","target":["https:\/\/aconteceunovale.com.br\/portal\/?p=182478"]}]},{"@type":"ImageObject","inLanguage":"pt-BR","@id":"https:\/\/aconteceunovale.com.br\/portal\/?p=182478#primaryimage","url":"https:\/\/aconteceunovale.com.br\/portal\/wp-content\/uploads\/2021\/09\/urna_eletronica.jpg","contentUrl":"https:\/\/aconteceunovale.com.br\/portal\/wp-content\/uploads\/2021\/09\/urna_eletronica.jpg","width":678,"height":406,"caption":"TSE - Tribunal Superior Eleitoral Urna eletr\u00f4nica"},{"@type":"BreadcrumbList","@id":"https:\/\/aconteceunovale.com.br\/portal\/?p=182478#breadcrumb","itemListElement":[{"@type":"ListItem","position":1,"name":"In\u00edcio","item":"https:\/\/aconteceunovale.com.br\/portal\/"},{"@type":"ListItem","position":2,"name":"Presidente sanciona lei da inelegibilidade"}]},{"@type":"WebSite","@id":"https:\/\/aconteceunovale.com.br\/portal\/#website","url":"https:\/\/aconteceunovale.com.br\/portal\/","name":"Aconteceu no Vale","description":"Portal de Not\u00edcias","potentialAction":[{"@type":"SearchAction","target":{"@type":"EntryPoint","urlTemplate":"https:\/\/aconteceunovale.com.br\/portal\/?s={search_term_string}"},"query-input":{"@type":"PropertyValueSpecification","valueRequired":true,"valueName":"search_term_string"}}],"inLanguage":"pt-BR"},{"@type":"Person","@id":"https:\/\/aconteceunovale.com.br\/portal\/#\/schema\/person\/7d2f26d1483f8a63de73da1ee0754d35","name":"Reda\u00e7\u00e3o Aconteceu no Vale","description":"Equipe de reportagem do Aconteceu no Vale, portal de not\u00edcias do Vale do Jequitinhonha, em Minas Gerais. Cobrimos as 51 cidades do Vale desde 2013. Sugest\u00f5es de pauta e pedidos de corre\u00e7\u00e3o: contato@aconteceunovale.com.br","url":"https:\/\/aconteceunovale.com.br\/portal\/?author=4"}]}},"_links":{"self":[{"href":"https:\/\/aconteceunovale.com.br\/portal\/index.php?rest_route=\/wp\/v2\/posts\/182478","targetHints":{"allow":["GET"]}}],"collection":[{"href":"https:\/\/aconteceunovale.com.br\/portal\/index.php?rest_route=\/wp\/v2\/posts"}],"about":[{"href":"https:\/\/aconteceunovale.com.br\/portal\/index.php?rest_route=\/wp\/v2\/types\/post"}],"author":[{"embeddable":true,"href":"https:\/\/aconteceunovale.com.br\/portal\/index.php?rest_route=\/wp\/v2\/users\/4"}],"replies":[{"embeddable":true,"href":"https:\/\/aconteceunovale.com.br\/portal\/index.php?rest_route=%2Fwp%2Fv2%2Fcomments&post=182478"}],"version-history":[{"count":1,"href":"https:\/\/aconteceunovale.com.br\/portal\/index.php?rest_route=\/wp\/v2\/posts\/182478\/revisions"}],"predecessor-version":[{"id":182479,"href":"https:\/\/aconteceunovale.com.br\/portal\/index.php?rest_route=\/wp\/v2\/posts\/182478\/revisions\/182479"}],"wp:featuredmedia":[{"embeddable":true,"href":"https:\/\/aconteceunovale.com.br\/portal\/index.php?rest_route=\/wp\/v2\/media\/181549"}],"wp:attachment":[{"href":"https:\/\/aconteceunovale.com.br\/portal\/index.php?rest_route=%2Fwp%2Fv2%2Fmedia&parent=182478"}],"wp:term":[{"taxonomy":"category","embeddable":true,"href":"https:\/\/aconteceunovale.com.br\/portal\/index.php?rest_route=%2Fwp%2Fv2%2Fcategories&post=182478"},{"taxonomy":"post_tag","embeddable":true,"href":"https:\/\/aconteceunovale.com.br\/portal\/index.php?rest_route=%2Fwp%2Fv2%2Ftags&post=182478"}],"curies":[{"name":"wp","href":"https:\/\/api.w.org\/{rel}","templated":true}]}}