{"id":18242,"date":"2014-01-11T12:36:53","date_gmt":"2014-01-11T14:36:53","guid":{"rendered":"http:\/\/aconteceunovale.com.br\/portal\/?p=18242"},"modified":"2014-01-11T12:36:53","modified_gmt":"2014-01-11T14:36:53","slug":"autor-de-anuncio-para-venda-de-criancas-negras-a-r-1-e-identificado","status":"publish","type":"post","link":"https:\/\/aconteceunovale.com.br\/portal\/?p=18242","title":{"rendered":"Autor de an\u00fancio para venda de crian\u00e7as negras a R$ 1 \u00e9 identificado"},"content":{"rendered":"<p><em><strong>Por Douglas Rodrigues<\/strong><\/em><\/p>\n<p><em><strong>Conte\u00fado colocado no site Mercado Livre foi retirado do ar na segunda-feira (06\/01) ap\u00f3s den\u00fancia.<\/strong><\/em><\/p>\n<p><img decoding=\"async\" src=\"http:\/\/aconteceunovale.com.br\/portal\/wp-content\/uploads\/2014\/01\/anuncio_negros.jpg\" alt=\"\" \/><br \/>\n<em>(An\u00fancio publicado no site de vendas)<\/em><\/p>\n<p>O site de vendas online Mercado Livre informou, nesta sexta-feira (10\/01), que j\u00e1 entregou \u00e0 Pol\u00edcia Civil do Rio de Janeiro os dados cadastrais e de acesso do usu\u00e1rio que anunciava a venda de crian\u00e7as negras por R$ 1.<\/p>\n<p>A Ouvidoria Nacional da Igualdade Racial encaminhar\u00e1 ao Minist\u00e9rio P\u00fablico do Rio de Janeiro um pedido de apura\u00e7\u00e3o de responsabilidade de crime de racismo e discrimina\u00e7\u00e3o racial envolvendo o site. A solicita\u00e7\u00e3o ser\u00e1 enviada na segunda-feira (13\/01). Em resposta \u00e0 demanda da Ouvidoria, o site encaminhou o nome do autor da publica\u00e7\u00e3o na tarde desta sexta (10\/01).<\/p>\n<p>Ap\u00f3s o devido direcionamento das informa\u00e7\u00f5es, cabe ao MP a an\u00e1lise de responsabilidade, de acordo com o ouvidor Carlos Alberto Souza J\u00fanior. \u00c9 inaceit\u00e1vel a tentativa de desumaniza\u00e7\u00e3o da popula\u00e7\u00e3o negra, enquadrando seus indiv\u00edduos como mercadoria e remetendo os mesmos de volta \u00e0 escravid\u00e3o.<\/p>\n<p>O autor da publica\u00e7\u00e3o poder\u00e1 ser enquadrado no Artigo 20 da Lei n\u00b0 7.716\/1989, que prev\u00ea pena de reclus\u00e3o de dois a cinco anos e multa para quem praticar, induzir ou incitar a discrimina\u00e7\u00e3o ou preconceito de ra\u00e7a, cor, etnia, religi\u00e3o ou proced\u00eancia nacional. Apesar das a\u00e7\u00f5es afirmativas e dos avan\u00e7os das pol\u00edticas de inclus\u00e3o da popula\u00e7\u00e3o negra, ainda, infelizmente, nos deparamos com atos de racismo e discrimina\u00e7\u00e3o racial como o citado. A discrimina\u00e7\u00e3o restringe e at\u00e9 anula as condi\u00e7\u00f5es de igualdade, de direitos humanos e liberdades fundamentais dos indiv\u00edduos e enfraquece a democracia no Pa\u00eds.<\/p>\n<p>Em nota, a empresa de vendas diz que o conte\u00fado foi retirado do ar na segunda-feira (06\/01), ap\u00f3s den\u00fancia dos pr\u00f3prios usu\u00e1rios do site. O texto diz que a empresa repudia o conte\u00fado da postagem e que todos os an\u00fancios publicados t\u00eam um bot\u00e3o de den\u00fancia. \u201cOs usu\u00e1rios que infringem as regras do MercadoLivre t\u00eam seu cadastro cancelado. Reiteramos que o MercadoLivre est\u00e1 sempre \u00e0 disposi\u00e7\u00e3o para colaborar com as autoridades\u201d. Um an\u00fancio similar foi postado no ano passado no mesmo site de vendas, que h\u00e1 \u00e9poca, tamb\u00e9m colaborou com a Ouvidoria.<\/p>\n","protected":false},"excerpt":{"rendered":"<p>Por Douglas Rodrigues Conte\u00fado colocado no site Mercado Livre foi retirado do ar na segunda-feira (06\/01) ap\u00f3s den\u00fancia. (An\u00fancio publicado no site de vendas) O site de vendas online Mercado Livre informou, nesta sexta-feira (10\/01), que j\u00e1 entregou \u00e0 Pol\u00edcia Civil do Rio de Janeiro os dados cadastrais e de acesso do usu\u00e1rio que anunciava [&hellip;]<\/p>\n","protected":false},"author":1,"featured_media":0,"comment_status":"open","ping_status":"closed","sticky":false,"template":"","format":"standard","meta":{"amp_status":"","footnotes":""},"categories":[6],"tags":[2828],"class_list":["post-18242","post","type-post","status-publish","format-standard","hentry","category-br","tag-autor-de-anuncio-para-venda-de-criancas-negras-a-r-1-e-identificado"],"_links":{"self":[{"href":"https:\/\/aconteceunovale.com.br\/portal\/index.php?rest_route=\/wp\/v2\/posts\/18242","targetHints":{"allow":["GET"]}}],"collection":[{"href":"https:\/\/aconteceunovale.com.br\/portal\/index.php?rest_route=\/wp\/v2\/posts"}],"about":[{"href":"https:\/\/aconteceunovale.com.br\/portal\/index.php?rest_route=\/wp\/v2\/types\/post"}],"author":[{"embeddable":true,"href":"https:\/\/aconteceunovale.com.br\/portal\/index.php?rest_route=\/wp\/v2\/users\/1"}],"replies":[{"embeddable":true,"href":"https:\/\/aconteceunovale.com.br\/portal\/index.php?rest_route=%2Fwp%2Fv2%2Fcomments&post=18242"}],"version-history":[{"count":0,"href":"https:\/\/aconteceunovale.com.br\/portal\/index.php?rest_route=\/wp\/v2\/posts\/18242\/revisions"}],"wp:attachment":[{"href":"https:\/\/aconteceunovale.com.br\/portal\/index.php?rest_route=%2Fwp%2Fv2%2Fmedia&parent=18242"}],"wp:term":[{"taxonomy":"category","embeddable":true,"href":"https:\/\/aconteceunovale.com.br\/portal\/index.php?rest_route=%2Fwp%2Fv2%2Fcategories&post=18242"},{"taxonomy":"post_tag","embeddable":true,"href":"https:\/\/aconteceunovale.com.br\/portal\/index.php?rest_route=%2Fwp%2Fv2%2Ftags&post=18242"}],"curies":[{"name":"wp","href":"https:\/\/api.w.org\/{rel}","templated":true}]}}