{"id":182395,"date":"2021-09-29T22:15:56","date_gmt":"2021-09-30T01:15:56","guid":{"rendered":"https:\/\/aconteceunovale.com.br\/portal\/?p=182395"},"modified":"2021-09-29T22:17:47","modified_gmt":"2021-09-30T01:17:47","slug":"suspeito-de-agredir-esposa-e-preso-em-porteirinha","status":"publish","type":"post","link":"https:\/\/aconteceunovale.com.br\/portal\/?p=182395","title":{"rendered":"Suspeito de agredir esposa \u00e9 preso em Porteirinha"},"content":{"rendered":"\n<p class=\"wp-block-paragraph\">A Pol\u00edcia Civil de Minas Gerais cumpriu, nessa ter\u00e7a-feira (28\/9\/2021), em Porteirinha, na regi\u00e3o Norte do Estado, mandado de pris\u00e3o preventiva contra um homem, de 44 anos, por incid\u00eancia em crime de tentativa de homic\u00eddio e c\u00e1rcere privado. A v\u00edtima, de 37 anos, esposa do suspeito, alegou ter sido enforcada pelo investigado e, depois, a mulher teria sido proibida de sair de casa para esconder as marcas.<\/p>\n\n\n\n<figure class=\"wp-block-gallery columns-1 is-cropped wp-block-gallery-1 is-layout-flex wp-block-gallery-is-layout-flex\"><ul class=\"blocks-gallery-grid\"><li class=\"blocks-gallery-item\"><figure><img loading=\"lazy\" decoding=\"async\" width=\"623\" height=\"450\" src=\"https:\/\/aconteceunovale.com.br\/portal\/wp-content\/uploads\/2021\/09\/pcmg_porteirinha.jpg\" alt=\"\" data-id=\"182396\" data-full-url=\"https:\/\/aconteceunovale.com.br\/portal\/wp-content\/uploads\/2021\/09\/pcmg_porteirinha.jpg\" data-link=\"https:\/\/aconteceunovale.com.br\/portal\/?attachment_id=182396\" class=\"wp-image-182396\" srcset=\"https:\/\/aconteceunovale.com.br\/portal\/wp-content\/uploads\/2021\/09\/pcmg_porteirinha.jpg 623w, https:\/\/aconteceunovale.com.br\/portal\/wp-content\/uploads\/2021\/09\/pcmg_porteirinha-300x217.jpg 300w, https:\/\/aconteceunovale.com.br\/portal\/wp-content\/uploads\/2021\/09\/pcmg_porteirinha-324x235.jpg 324w, https:\/\/aconteceunovale.com.br\/portal\/wp-content\/uploads\/2021\/09\/pcmg_porteirinha-581x420.jpg 581w\" sizes=\"auto, (max-width: 623px) 100vw, 623px\" \/><figcaption class=\"blocks-gallery-item__caption\"><em>Foto: Divulga\u00e7\u00e3o\/PCMG<\/em><\/figcaption><\/figure><\/li><\/ul><\/figure>\n\n\n\n<p class=\"wp-block-paragraph\">O crime, investigado pela Delegacia de Pol\u00edcia Civil em Porteirinha, ocorreu no dia 23 de setembro, em Serran\u00f3polis de Minas. O advogado da v\u00edtima procurou a PCMG para informar que a mulher estava em c\u00e1rcere privado e que havia sido agredida pelo companheiro no dia anterior.<\/p>\n\n\n\n<p class=\"wp-block-paragraph\">Diante do relato, o delegado Andr\u00e9 Brand\u00e3o, acompanhado dos investigadores, compareceu ao local dos fatos. A v\u00edtima relatou que, na noite passada, o marido teria tentado mat\u00e1-la, enforcando-a. O delegado confirmou les\u00f5es compat\u00edveis com asfixia no pesco\u00e7o dela.<\/p>\n\n\n\n<p class=\"wp-block-paragraph\">Segundo a v\u00edtima, a motiva\u00e7\u00e3o para as agress\u00f5es foi o fato de ela ter acessado o aplicativo de uma rede social pelo celular, ap\u00f3s proibi\u00e7\u00e3o do companheiro. Depois de agredi-la, o suspeito teria impedido a mulher de sair de casa alegando que ningu\u00e9m poderia encontr\u00e1-la, pois iriam perceber as les\u00f5es que ela apresentava no pesco\u00e7o.<\/p>\n\n\n\n<p class=\"wp-block-paragraph\">A v\u00edtima manifestou interesse em medidas de prote\u00e7\u00e3o da Lei Maria da Penha, e, apesar das tentativas naquele dia, inclusive com ajuda da Pol\u00edcia Militar de Serran\u00f3polis de Minas e Porteirinha, o investigado n\u00e3o foi localizado.<\/p>\n\n\n\n<p class=\"wp-block-paragraph\">Diante da gravidade dos fatos, o delegado Andr\u00e9 Brand\u00e3o representou pela pris\u00e3o preventiva do agressor. \u201cAp\u00f3s diversas tentativas, ele foi encontrado e preso na zona rural de Porteirinha, em local de dif\u00edcil acesso\u201d, explicou.<\/p>\n\n\n\n<p class=\"wp-block-paragraph\">O suspeito encontra-se no sistema prisional \u00e0 disposi\u00e7\u00e3o da Justi\u00e7a.<\/p>\n\n\n\n<p class=\"wp-block-paragraph\">&#8212;&#8212;&#8212;&#8212;&#8212;&#8212;<br><em>Quer receber as not\u00edcias do <strong>Aconteceu no Vale<\/strong> em primeira m\u00e3o? Siga-nos no Facebook <a rel=\"noreferrer noopener\" href=\"http:\/\/facebook.com\/aconteceunovale\" target=\"_blank\">@aconteceunovale<\/a>, Twitter <a rel=\"noreferrer noopener\" href=\"https:\/\/twitter.com\/noticiadosvales\" target=\"_blank\">@noticiadosvales<\/a> e Instagram <a rel=\"noreferrer noopener\" href=\"https:\/\/www.instagram.com\/aconteceunovale\" target=\"_blank\">@aconteceunovale<\/a>.<\/em><\/p>\n","protected":false},"excerpt":{"rendered":"<p>A Pol\u00edcia Civil de Minas Gerais cumpriu, nessa ter\u00e7a-feira (28\/9\/2021), em Porteirinha, na regi\u00e3o Norte do Estado, mandado de pris\u00e3o preventiva contra um homem, de 44 anos, por incid\u00eancia em crime de tentativa de homic\u00eddio e c\u00e1rcere privado. A v\u00edtima, de 37 anos, esposa do suspeito, alegou ter sido enforcada pelo investigado e, depois, a [&hellip;]<\/p>\n","protected":false},"author":4,"featured_media":182396,"comment_status":"open","ping_status":"closed","sticky":false,"template":"","format":"standard","meta":{"amp_status":"","footnotes":""},"categories":[1236],"tags":[238205,604,252052,1194,175311,252053,2671,252051],"class_list":["post-182395","post","type-post","status-publish","format-standard","has-post-thumbnail","hentry","category-norte_de_minas","tag-delegacia-de-policia-civil-em-porteirinha","tag-pcmg","tag-pcmg-em-porteirinha","tag-porteirinha","tag-preso-em-porteirinha","tag-preso-por-agressao-em-serranopolis-de-minas","tag-serranopolis-de-minas","tag-suspeito-de-agredir-esposa-e-preso-em-porteirinha"],"yoast_head":"<!-- This site is optimized with the Yoast SEO plugin v28.3 - https:\/\/yoast.com\/product\/yoast-seo-wordpress\/ -->\n<title>Suspeito de agredir esposa \u00e9 preso em Porteirinha - Aconteceu no Vale<\/title>\n<meta name=\"robots\" content=\"index, follow, max-snippet:-1, max-image-preview:large, max-video-preview:-1\" \/>\n<link rel=\"canonical\" href=\"https:\/\/aconteceunovale.com.br\/portal\/?p=182395\" \/>\n<meta property=\"og:locale\" content=\"pt_BR\" \/>\n<meta property=\"og:type\" content=\"article\" \/>\n<meta property=\"og:title\" content=\"Suspeito de agredir esposa \u00e9 preso em Porteirinha - Aconteceu no Vale\" \/>\n<meta property=\"og:description\" content=\"A Pol\u00edcia Civil de Minas Gerais cumpriu, nessa ter\u00e7a-feira (28\/9\/2021), em Porteirinha, na regi\u00e3o Norte do Estado, mandado de pris\u00e3o preventiva contra um homem, de 44 anos, por incid\u00eancia em crime de tentativa de homic\u00eddio e c\u00e1rcere privado. A v\u00edtima, de 37 anos, esposa do suspeito, alegou ter sido enforcada pelo investigado e, depois, a [&hellip;]\" \/>\n<meta property=\"og:url\" content=\"https:\/\/aconteceunovale.com.br\/portal\/?p=182395\" \/>\n<meta property=\"og:site_name\" content=\"Aconteceu no Vale\" \/>\n<meta property=\"article:publisher\" content=\"https:\/\/www.facebook.com\/aconteceunovale\/\" \/>\n<meta property=\"article:published_time\" content=\"2021-09-30T01:15:56+00:00\" \/>\n<meta property=\"article:modified_time\" content=\"2021-09-30T01:17:47+00:00\" \/>\n<meta property=\"og:image\" content=\"https:\/\/aconteceunovale.com.br\/portal\/wp-content\/uploads\/2021\/09\/pcmg_porteirinha.jpg\" \/>\n\t<meta property=\"og:image:width\" content=\"623\" \/>\n\t<meta property=\"og:image:height\" content=\"450\" \/>\n\t<meta property=\"og:image:type\" content=\"image\/jpeg\" \/>\n<meta name=\"author\" content=\"Reda\u00e7\u00e3o Aconteceu no Vale\" \/>\n<meta name=\"twitter:card\" content=\"summary_large_image\" \/>\n<meta name=\"twitter:creator\" content=\"@noticiadosvales\" \/>\n<meta name=\"twitter:site\" content=\"@noticiadosvales\" \/>\n<meta name=\"twitter:label1\" content=\"Escrito por\" \/>\n\t<meta name=\"twitter:data1\" content=\"Reda\u00e7\u00e3o Aconteceu no Vale\" \/>\n\t<meta name=\"twitter:label2\" content=\"Est. tempo de leitura\" \/>\n\t<meta name=\"twitter:data2\" content=\"2 minutos\" \/>\n<script type=\"application\/ld+json\" class=\"yoast-schema-graph\">{\"@context\":\"https:\\\/\\\/schema.org\",\"@graph\":[{\"@type\":\"Article\",\"@id\":\"https:\\\/\\\/aconteceunovale.com.br\\\/portal\\\/?p=182395#article\",\"isPartOf\":{\"@id\":\"https:\\\/\\\/aconteceunovale.com.br\\\/portal\\\/?p=182395\"},\"author\":{\"name\":\"Reda\u00e7\u00e3o Aconteceu no Vale\",\"@id\":\"https:\\\/\\\/aconteceunovale.com.br\\\/portal\\\/#\\\/schema\\\/person\\\/7d2f26d1483f8a63de73da1ee0754d35\"},\"headline\":\"Suspeito de agredir esposa \u00e9 preso em Porteirinha\",\"datePublished\":\"2021-09-30T01:15:56+00:00\",\"dateModified\":\"2021-09-30T01:17:47+00:00\",\"mainEntityOfPage\":{\"@id\":\"https:\\\/\\\/aconteceunovale.com.br\\\/portal\\\/?p=182395\"},\"wordCount\":353,\"commentCount\":0,\"image\":{\"@id\":\"https:\\\/\\\/aconteceunovale.com.br\\\/portal\\\/?p=182395#primaryimage\"},\"thumbnailUrl\":\"https:\\\/\\\/aconteceunovale.com.br\\\/portal\\\/wp-content\\\/uploads\\\/2021\\\/09\\\/pcmg_porteirinha.jpg\",\"keywords\":[\"Delegacia de Pol\u00edcia Civil em Porteirinha\",\"PCMG\",\"PCMG em Porteirinha\",\"porteirinha\",\"Preso em Porteirinha\",\"Preso por agress\u00e3o em Serran\u00f3polis de Minas\",\"Serran\u00f3polis de Minas\",\"Suspeito de agredir esposa \u00e9 preso em Porteirinha\"],\"articleSection\":[\"Norte de Minas\"],\"inLanguage\":\"pt-BR\",\"potentialAction\":[{\"@type\":\"CommentAction\",\"name\":\"Comment\",\"target\":[\"https:\\\/\\\/aconteceunovale.com.br\\\/portal\\\/?p=182395#respond\"]}]},{\"@type\":\"WebPage\",\"@id\":\"https:\\\/\\\/aconteceunovale.com.br\\\/portal\\\/?p=182395\",\"url\":\"https:\\\/\\\/aconteceunovale.com.br\\\/portal\\\/?p=182395\",\"name\":\"Suspeito de agredir esposa \u00e9 preso em Porteirinha - Aconteceu no Vale\",\"isPartOf\":{\"@id\":\"https:\\\/\\\/aconteceunovale.com.br\\\/portal\\\/#website\"},\"primaryImageOfPage\":{\"@id\":\"https:\\\/\\\/aconteceunovale.com.br\\\/portal\\\/?p=182395#primaryimage\"},\"image\":{\"@id\":\"https:\\\/\\\/aconteceunovale.com.br\\\/portal\\\/?p=182395#primaryimage\"},\"thumbnailUrl\":\"https:\\\/\\\/aconteceunovale.com.br\\\/portal\\\/wp-content\\\/uploads\\\/2021\\\/09\\\/pcmg_porteirinha.jpg\",\"datePublished\":\"2021-09-30T01:15:56+00:00\",\"dateModified\":\"2021-09-30T01:17:47+00:00\",\"author\":{\"@id\":\"https:\\\/\\\/aconteceunovale.com.br\\\/portal\\\/#\\\/schema\\\/person\\\/7d2f26d1483f8a63de73da1ee0754d35\"},\"breadcrumb\":{\"@id\":\"https:\\\/\\\/aconteceunovale.com.br\\\/portal\\\/?p=182395#breadcrumb\"},\"inLanguage\":\"pt-BR\",\"potentialAction\":[{\"@type\":\"ReadAction\",\"target\":[\"https:\\\/\\\/aconteceunovale.com.br\\\/portal\\\/?p=182395\"]}]},{\"@type\":\"ImageObject\",\"inLanguage\":\"pt-BR\",\"@id\":\"https:\\\/\\\/aconteceunovale.com.br\\\/portal\\\/?p=182395#primaryimage\",\"url\":\"https:\\\/\\\/aconteceunovale.com.br\\\/portal\\\/wp-content\\\/uploads\\\/2021\\\/09\\\/pcmg_porteirinha.jpg\",\"contentUrl\":\"https:\\\/\\\/aconteceunovale.com.br\\\/portal\\\/wp-content\\\/uploads\\\/2021\\\/09\\\/pcmg_porteirinha.jpg\",\"width\":623,\"height\":450},{\"@type\":\"BreadcrumbList\",\"@id\":\"https:\\\/\\\/aconteceunovale.com.br\\\/portal\\\/?p=182395#breadcrumb\",\"itemListElement\":[{\"@type\":\"ListItem\",\"position\":1,\"name\":\"In\u00edcio\",\"item\":\"https:\\\/\\\/aconteceunovale.com.br\\\/portal\\\/\"},{\"@type\":\"ListItem\",\"position\":2,\"name\":\"Suspeito de agredir esposa \u00e9 preso em Porteirinha\"}]},{\"@type\":\"WebSite\",\"@id\":\"https:\\\/\\\/aconteceunovale.com.br\\\/portal\\\/#website\",\"url\":\"https:\\\/\\\/aconteceunovale.com.br\\\/portal\\\/\",\"name\":\"Aconteceu no Vale\",\"description\":\"Portal de Not\u00edcias\",\"potentialAction\":[{\"@type\":\"SearchAction\",\"target\":{\"@type\":\"EntryPoint\",\"urlTemplate\":\"https:\\\/\\\/aconteceunovale.com.br\\\/portal\\\/?s={search_term_string}\"},\"query-input\":{\"@type\":\"PropertyValueSpecification\",\"valueRequired\":true,\"valueName\":\"search_term_string\"}}],\"inLanguage\":\"pt-BR\"},{\"@type\":\"Person\",\"@id\":\"https:\\\/\\\/aconteceunovale.com.br\\\/portal\\\/#\\\/schema\\\/person\\\/7d2f26d1483f8a63de73da1ee0754d35\",\"name\":\"Reda\u00e7\u00e3o Aconteceu no Vale\",\"description\":\"Equipe de reportagem do Aconteceu no Vale, portal de not\u00edcias do Vale do Jequitinhonha, em Minas Gerais. Cobrimos as 51 cidades do Vale desde 2013. Sugest\u00f5es de pauta e pedidos de corre\u00e7\u00e3o: contato@aconteceunovale.com.br\",\"url\":\"https:\\\/\\\/aconteceunovale.com.br\\\/portal\\\/?author=4\"}]}<\/script>\n<!-- \/ Yoast SEO plugin. -->","yoast_head_json":{"title":"Suspeito de agredir esposa \u00e9 preso em Porteirinha - Aconteceu no Vale","robots":{"index":"index","follow":"follow","max-snippet":"max-snippet:-1","max-image-preview":"max-image-preview:large","max-video-preview":"max-video-preview:-1"},"canonical":"https:\/\/aconteceunovale.com.br\/portal\/?p=182395","og_locale":"pt_BR","og_type":"article","og_title":"Suspeito de agredir esposa \u00e9 preso em Porteirinha - Aconteceu no Vale","og_description":"A Pol\u00edcia Civil de Minas Gerais cumpriu, nessa ter\u00e7a-feira (28\/9\/2021), em Porteirinha, na regi\u00e3o Norte do Estado, mandado de pris\u00e3o preventiva contra um homem, de 44 anos, por incid\u00eancia em crime de tentativa de homic\u00eddio e c\u00e1rcere privado. A v\u00edtima, de 37 anos, esposa do suspeito, alegou ter sido enforcada pelo investigado e, depois, a [&hellip;]","og_url":"https:\/\/aconteceunovale.com.br\/portal\/?p=182395","og_site_name":"Aconteceu no Vale","article_publisher":"https:\/\/www.facebook.com\/aconteceunovale\/","article_published_time":"2021-09-30T01:15:56+00:00","article_modified_time":"2021-09-30T01:17:47+00:00","og_image":[{"width":623,"height":450,"url":"https:\/\/aconteceunovale.com.br\/portal\/wp-content\/uploads\/2021\/09\/pcmg_porteirinha.jpg","type":"image\/jpeg"}],"author":"Reda\u00e7\u00e3o Aconteceu no Vale","twitter_card":"summary_large_image","twitter_creator":"@noticiadosvales","twitter_site":"@noticiadosvales","twitter_misc":{"Escrito por":"Reda\u00e7\u00e3o Aconteceu no Vale","Est. tempo de leitura":"2 minutos"},"schema":{"@context":"https:\/\/schema.org","@graph":[{"@type":"Article","@id":"https:\/\/aconteceunovale.com.br\/portal\/?p=182395#article","isPartOf":{"@id":"https:\/\/aconteceunovale.com.br\/portal\/?p=182395"},"author":{"name":"Reda\u00e7\u00e3o Aconteceu no Vale","@id":"https:\/\/aconteceunovale.com.br\/portal\/#\/schema\/person\/7d2f26d1483f8a63de73da1ee0754d35"},"headline":"Suspeito de agredir esposa \u00e9 preso em Porteirinha","datePublished":"2021-09-30T01:15:56+00:00","dateModified":"2021-09-30T01:17:47+00:00","mainEntityOfPage":{"@id":"https:\/\/aconteceunovale.com.br\/portal\/?p=182395"},"wordCount":353,"commentCount":0,"image":{"@id":"https:\/\/aconteceunovale.com.br\/portal\/?p=182395#primaryimage"},"thumbnailUrl":"https:\/\/aconteceunovale.com.br\/portal\/wp-content\/uploads\/2021\/09\/pcmg_porteirinha.jpg","keywords":["Delegacia de Pol\u00edcia Civil em Porteirinha","PCMG","PCMG em Porteirinha","porteirinha","Preso em Porteirinha","Preso por agress\u00e3o em Serran\u00f3polis de Minas","Serran\u00f3polis de Minas","Suspeito de agredir esposa \u00e9 preso em Porteirinha"],"articleSection":["Norte de Minas"],"inLanguage":"pt-BR","potentialAction":[{"@type":"CommentAction","name":"Comment","target":["https:\/\/aconteceunovale.com.br\/portal\/?p=182395#respond"]}]},{"@type":"WebPage","@id":"https:\/\/aconteceunovale.com.br\/portal\/?p=182395","url":"https:\/\/aconteceunovale.com.br\/portal\/?p=182395","name":"Suspeito de agredir esposa \u00e9 preso em Porteirinha - Aconteceu no Vale","isPartOf":{"@id":"https:\/\/aconteceunovale.com.br\/portal\/#website"},"primaryImageOfPage":{"@id":"https:\/\/aconteceunovale.com.br\/portal\/?p=182395#primaryimage"},"image":{"@id":"https:\/\/aconteceunovale.com.br\/portal\/?p=182395#primaryimage"},"thumbnailUrl":"https:\/\/aconteceunovale.com.br\/portal\/wp-content\/uploads\/2021\/09\/pcmg_porteirinha.jpg","datePublished":"2021-09-30T01:15:56+00:00","dateModified":"2021-09-30T01:17:47+00:00","author":{"@id":"https:\/\/aconteceunovale.com.br\/portal\/#\/schema\/person\/7d2f26d1483f8a63de73da1ee0754d35"},"breadcrumb":{"@id":"https:\/\/aconteceunovale.com.br\/portal\/?p=182395#breadcrumb"},"inLanguage":"pt-BR","potentialAction":[{"@type":"ReadAction","target":["https:\/\/aconteceunovale.com.br\/portal\/?p=182395"]}]},{"@type":"ImageObject","inLanguage":"pt-BR","@id":"https:\/\/aconteceunovale.com.br\/portal\/?p=182395#primaryimage","url":"https:\/\/aconteceunovale.com.br\/portal\/wp-content\/uploads\/2021\/09\/pcmg_porteirinha.jpg","contentUrl":"https:\/\/aconteceunovale.com.br\/portal\/wp-content\/uploads\/2021\/09\/pcmg_porteirinha.jpg","width":623,"height":450},{"@type":"BreadcrumbList","@id":"https:\/\/aconteceunovale.com.br\/portal\/?p=182395#breadcrumb","itemListElement":[{"@type":"ListItem","position":1,"name":"In\u00edcio","item":"https:\/\/aconteceunovale.com.br\/portal\/"},{"@type":"ListItem","position":2,"name":"Suspeito de agredir esposa \u00e9 preso em Porteirinha"}]},{"@type":"WebSite","@id":"https:\/\/aconteceunovale.com.br\/portal\/#website","url":"https:\/\/aconteceunovale.com.br\/portal\/","name":"Aconteceu no Vale","description":"Portal de Not\u00edcias","potentialAction":[{"@type":"SearchAction","target":{"@type":"EntryPoint","urlTemplate":"https:\/\/aconteceunovale.com.br\/portal\/?s={search_term_string}"},"query-input":{"@type":"PropertyValueSpecification","valueRequired":true,"valueName":"search_term_string"}}],"inLanguage":"pt-BR"},{"@type":"Person","@id":"https:\/\/aconteceunovale.com.br\/portal\/#\/schema\/person\/7d2f26d1483f8a63de73da1ee0754d35","name":"Reda\u00e7\u00e3o Aconteceu no Vale","description":"Equipe de reportagem do Aconteceu no Vale, portal de not\u00edcias do Vale do Jequitinhonha, em Minas Gerais. Cobrimos as 51 cidades do Vale desde 2013. Sugest\u00f5es de pauta e pedidos de corre\u00e7\u00e3o: contato@aconteceunovale.com.br","url":"https:\/\/aconteceunovale.com.br\/portal\/?author=4"}]}},"_links":{"self":[{"href":"https:\/\/aconteceunovale.com.br\/portal\/index.php?rest_route=\/wp\/v2\/posts\/182395","targetHints":{"allow":["GET"]}}],"collection":[{"href":"https:\/\/aconteceunovale.com.br\/portal\/index.php?rest_route=\/wp\/v2\/posts"}],"about":[{"href":"https:\/\/aconteceunovale.com.br\/portal\/index.php?rest_route=\/wp\/v2\/types\/post"}],"author":[{"embeddable":true,"href":"https:\/\/aconteceunovale.com.br\/portal\/index.php?rest_route=\/wp\/v2\/users\/4"}],"replies":[{"embeddable":true,"href":"https:\/\/aconteceunovale.com.br\/portal\/index.php?rest_route=%2Fwp%2Fv2%2Fcomments&post=182395"}],"version-history":[{"count":1,"href":"https:\/\/aconteceunovale.com.br\/portal\/index.php?rest_route=\/wp\/v2\/posts\/182395\/revisions"}],"predecessor-version":[{"id":182397,"href":"https:\/\/aconteceunovale.com.br\/portal\/index.php?rest_route=\/wp\/v2\/posts\/182395\/revisions\/182397"}],"wp:featuredmedia":[{"embeddable":true,"href":"https:\/\/aconteceunovale.com.br\/portal\/index.php?rest_route=\/wp\/v2\/media\/182396"}],"wp:attachment":[{"href":"https:\/\/aconteceunovale.com.br\/portal\/index.php?rest_route=%2Fwp%2Fv2%2Fmedia&parent=182395"}],"wp:term":[{"taxonomy":"category","embeddable":true,"href":"https:\/\/aconteceunovale.com.br\/portal\/index.php?rest_route=%2Fwp%2Fv2%2Fcategories&post=182395"},{"taxonomy":"post_tag","embeddable":true,"href":"https:\/\/aconteceunovale.com.br\/portal\/index.php?rest_route=%2Fwp%2Fv2%2Ftags&post=182395"}],"curies":[{"name":"wp","href":"https:\/\/api.w.org\/{rel}","templated":true}]}}