{"id":182392,"date":"2021-09-29T15:21:34","date_gmt":"2021-09-29T18:21:34","guid":{"rendered":"https:\/\/aconteceunovale.com.br\/portal\/?p=182392"},"modified":"2026-09-02T17:00:48","modified_gmt":"2026-09-02T20:00:48","slug":"irmaos-sao-indiciados-por-furto-de-gado-em-medina-no-vale-do-jequitinhonha","status":"publish","type":"post","link":"https:\/\/aconteceunovale.com.br\/portal\/?p=182392","title":{"rendered":"Irm\u00e3os s\u00e3o indiciados por furto de gado em Medina, no Vale do Jequitinhonha"},"content":{"rendered":"\n<p class=\"wp-block-paragraph\">Dois irm\u00e3os, de 26 e 42 anos, foram indiciados por furto de gado no munic\u00edpio de Medina, no Vale do Jequitinhonha. A Pol\u00edcia Civil de Minas Gerais (PCMG) concluiu os inqu\u00e9ritos nessa ter\u00e7a-feira (28\/9\/2021) e indicou a responsabilidade dos suspeitos.<\/p>\n\n\n\n<figure class=\"wp-block-gallery columns-1 is-cropped wp-block-gallery-1 is-layout-flex wp-block-gallery-is-layout-flex\"><ul class=\"blocks-gallery-grid\"><li class=\"blocks-gallery-item\"><figure><img loading=\"lazy\" decoding=\"async\" width=\"678\" height=\"381\" src=\"https:\/\/aconteceunovale.com.br\/portal\/wp-content\/uploads\/2021\/09\/furto_gado_medina.jpg\" alt=\"\" data-id=\"182393\" data-full-url=\"https:\/\/aconteceunovale.com.br\/portal\/wp-content\/uploads\/2021\/09\/furto_gado_medina.jpg\" data-link=\"https:\/\/aconteceunovale.com.br\/portal\/?attachment_id=182393\" class=\"wp-image-182393\" srcset=\"https:\/\/aconteceunovale.com.br\/portal\/wp-content\/uploads\/2021\/09\/furto_gado_medina.jpg 678w, https:\/\/aconteceunovale.com.br\/portal\/wp-content\/uploads\/2021\/09\/furto_gado_medina-300x169.jpg 300w\" sizes=\"auto, (max-width: 678px) 100vw, 678px\" \/><figcaption class=\"blocks-gallery-item__caption\"><em>Foto: Divulga\u00e7\u00e3o\/PCMG<\/em><\/figcaption><\/figure><\/li><\/ul><\/figure>\n\n\n\n<p class=\"wp-block-paragraph\">Segundo a PCMG, os crimes ocorreram em junho de 2020 e na \u00e9poca os propriet\u00e1rios dos animais denunciaram o desaparecimento dos seus rebanhos. A Pol\u00edcia Civil imediatamente iniciou as investiga\u00e7\u00f5es e instaurou inqu\u00e9rito para apurar os casos.<\/p>\n\n\n\n<p class=\"wp-block-paragraph\">Em agosto daquele ano, a PCMG recuperou dez cabe\u00e7as de gado e prendeu os suspeitos, al\u00e9m de identificar os receptadores.<\/p>\n\n\n\n<p class=\"wp-block-paragraph\">A dupla suspeita dos furtos reside na mesma localidade onde ocorreram os crimes. A PCMG apurou, ainda, que os animais eram subtra\u00eddos durante a noite e transportados via caminh\u00e3o por estrada de terra at\u00e9 a rodovia BR-116, onde eram transferidos para um embarcador de gado, at\u00e9 que fossem vendidos.<\/p>\n\n\n\n<p class=\"wp-block-paragraph\">A PCMG prosseguiu com os levantamentos investigativos, que resultaram na coleta de elementos de prova em desfavor dos investigados. Os inqu\u00e9ritos policiais foram conclu\u00eddos, com pedido de indiciamentos dos suspeitos, e encaminhados \u00e0 Justi\u00e7a.<\/p>\n\n\n\n<p class=\"wp-block-paragraph\">Ap\u00f3s a a\u00e7\u00e3o da PCMG, n\u00e3o houve mais registro de furto de gado na localidade.<\/p>\n\n\n\n<p class=\"wp-block-paragraph\">&#8212;&#8212;&#8212;&#8212;&#8212;&#8212;<br><em>Quer receber as not\u00edcias do <strong>Aconteceu no Vale<\/strong> em primeira m\u00e3o? Siga-nos no Facebook <a rel=\"noreferrer noopener\" href=\"http:\/\/facebook.com\/aconteceunovale\" target=\"_blank\">@aconteceunovale<\/a>, Twitter <a rel=\"noreferrer noopener\" href=\"https:\/\/twitter.com\/noticiadosvales\" target=\"_blank\">@noticiadosvales<\/a> e Instagram <a rel=\"noreferrer noopener\" href=\"https:\/\/www.instagram.com\/aconteceunovale\" target=\"_blank\">@aconteceunovale<\/a>.<\/em><\/p>\n","protected":false},"excerpt":{"rendered":"<p>Dois irm\u00e3os, de 26 e 42 anos, foram indiciados por furto de gado no munic\u00edpio de Medina, no Vale do Jequitinhonha. A Pol\u00edcia Civil de Minas Gerais (PCMG) concluiu os inqu\u00e9ritos nessa ter\u00e7a-feira (28\/9\/2021) e indicou a responsabilidade dos suspeitos. Segundo a PCMG, os crimes ocorreram em junho de 2020 e na \u00e9poca os propriet\u00e1rios [&hellip;]<\/p>\n","protected":false},"author":4,"featured_media":182393,"comment_status":"open","ping_status":"closed","sticky":false,"template":"","format":"standard","meta":{"amp_status":"","footnotes":""},"categories":[272560,120],"tags":[1018,252049,252046,252045,391,389,73387,252048,252047,252050],"class_list":["post-182392","post","type-post","status-publish","format-standard","has-post-thumbnail","hentry","category-medina","category-jequi","tag-destaque","tag-furto-de-gado-em-medina","tag-irmaos-presos-em-medina","tag-irmaos-sao-indiciados-por-furto-de-gado-em-medina","tag-itaobim","tag-medina","tag-presos-em-medina","tag-presos-por-roubo-de-gado-em-medina","tag-presos-por-roubo-em-medina","tag-roubo-de-gado-em-medina"],"yoast_head":"<!-- This site is optimized with the Yoast SEO plugin v28.3 - https:\/\/yoast.com\/product\/yoast-seo-wordpress\/ -->\n<title>Irm\u00e3os s\u00e3o indiciados por furto de gado em Medina, no Vale do Jequitinhonha - Aconteceu no Vale<\/title>\n<meta name=\"robots\" content=\"index, follow, max-snippet:-1, max-image-preview:large, max-video-preview:-1\" \/>\n<link rel=\"canonical\" href=\"https:\/\/aconteceunovale.com.br\/portal\/?p=182392\" \/>\n<meta property=\"og:locale\" content=\"pt_BR\" \/>\n<meta property=\"og:type\" content=\"article\" \/>\n<meta property=\"og:title\" content=\"Irm\u00e3os s\u00e3o indiciados por furto de gado em Medina, no Vale do Jequitinhonha - Aconteceu no Vale\" \/>\n<meta property=\"og:description\" content=\"Dois irm\u00e3os, de 26 e 42 anos, foram indiciados por furto de gado no munic\u00edpio de Medina, no Vale do Jequitinhonha. A Pol\u00edcia Civil de Minas Gerais (PCMG) concluiu os inqu\u00e9ritos nessa ter\u00e7a-feira (28\/9\/2021) e indicou a responsabilidade dos suspeitos. Segundo a PCMG, os crimes ocorreram em junho de 2020 e na \u00e9poca os propriet\u00e1rios [&hellip;]\" \/>\n<meta property=\"og:url\" content=\"https:\/\/aconteceunovale.com.br\/portal\/?p=182392\" \/>\n<meta property=\"og:site_name\" content=\"Aconteceu no Vale\" \/>\n<meta property=\"article:publisher\" content=\"https:\/\/www.facebook.com\/aconteceunovale\/\" \/>\n<meta property=\"article:published_time\" content=\"2021-09-29T18:21:34+00:00\" \/>\n<meta property=\"article:modified_time\" content=\"2026-09-02T20:00:48+00:00\" \/>\n<meta property=\"og:image\" content=\"https:\/\/aconteceunovale.com.br\/portal\/wp-content\/uploads\/2021\/09\/furto_gado_medina.jpg\" \/>\n\t<meta property=\"og:image:width\" content=\"678\" \/>\n\t<meta property=\"og:image:height\" content=\"381\" \/>\n\t<meta property=\"og:image:type\" content=\"image\/jpeg\" \/>\n<meta name=\"author\" content=\"Reda\u00e7\u00e3o Aconteceu no Vale\" \/>\n<meta name=\"twitter:card\" content=\"summary_large_image\" \/>\n<meta name=\"twitter:creator\" content=\"@noticiadosvales\" \/>\n<meta name=\"twitter:site\" content=\"@noticiadosvales\" \/>\n<meta name=\"twitter:label1\" content=\"Escrito por\" \/>\n\t<meta name=\"twitter:data1\" content=\"Reda\u00e7\u00e3o Aconteceu no Vale\" \/>\n\t<meta name=\"twitter:label2\" content=\"Est. tempo de leitura\" \/>\n\t<meta name=\"twitter:data2\" content=\"1 minuto\" \/>\n<script type=\"application\/ld+json\" class=\"yoast-schema-graph\">{\"@context\":\"https:\\\/\\\/schema.org\",\"@graph\":[{\"@type\":\"Article\",\"@id\":\"https:\\\/\\\/aconteceunovale.com.br\\\/portal\\\/?p=182392#article\",\"isPartOf\":{\"@id\":\"https:\\\/\\\/aconteceunovale.com.br\\\/portal\\\/?p=182392\"},\"author\":{\"name\":\"Reda\u00e7\u00e3o Aconteceu no Vale\",\"@id\":\"https:\\\/\\\/aconteceunovale.com.br\\\/portal\\\/#\\\/schema\\\/person\\\/7d2f26d1483f8a63de73da1ee0754d35\"},\"headline\":\"Irm\u00e3os s\u00e3o indiciados por furto de gado em Medina, no Vale do Jequitinhonha\",\"datePublished\":\"2021-09-29T18:21:34+00:00\",\"dateModified\":\"2026-09-02T20:00:48+00:00\",\"mainEntityOfPage\":{\"@id\":\"https:\\\/\\\/aconteceunovale.com.br\\\/portal\\\/?p=182392\"},\"wordCount\":251,\"commentCount\":0,\"image\":{\"@id\":\"https:\\\/\\\/aconteceunovale.com.br\\\/portal\\\/?p=182392#primaryimage\"},\"thumbnailUrl\":\"https:\\\/\\\/aconteceunovale.com.br\\\/portal\\\/wp-content\\\/uploads\\\/2021\\\/09\\\/furto_gado_medina.jpg\",\"keywords\":[\"destaque\",\"Furto de gado em Medina\",\"Irm\u00e3os presos em Medina\",\"Irm\u00e3os s\u00e3o indiciados por furto de gado em Medina\",\"Itaobim\",\"Medina\",\"presos em Medina\",\"Presos por roubo de gado em Medina\",\"Presos por roubo em Medina\",\"Roubo de gado em Medina\"],\"articleSection\":[\"Medina\",\"Vale do Jequitinhonha\"],\"inLanguage\":\"pt-BR\",\"potentialAction\":[{\"@type\":\"CommentAction\",\"name\":\"Comment\",\"target\":[\"https:\\\/\\\/aconteceunovale.com.br\\\/portal\\\/?p=182392#respond\"]}]},{\"@type\":\"WebPage\",\"@id\":\"https:\\\/\\\/aconteceunovale.com.br\\\/portal\\\/?p=182392\",\"url\":\"https:\\\/\\\/aconteceunovale.com.br\\\/portal\\\/?p=182392\",\"name\":\"Irm\u00e3os s\u00e3o indiciados por furto de gado em Medina, no Vale do Jequitinhonha - Aconteceu no Vale\",\"isPartOf\":{\"@id\":\"https:\\\/\\\/aconteceunovale.com.br\\\/portal\\\/#website\"},\"primaryImageOfPage\":{\"@id\":\"https:\\\/\\\/aconteceunovale.com.br\\\/portal\\\/?p=182392#primaryimage\"},\"image\":{\"@id\":\"https:\\\/\\\/aconteceunovale.com.br\\\/portal\\\/?p=182392#primaryimage\"},\"thumbnailUrl\":\"https:\\\/\\\/aconteceunovale.com.br\\\/portal\\\/wp-content\\\/uploads\\\/2021\\\/09\\\/furto_gado_medina.jpg\",\"datePublished\":\"2021-09-29T18:21:34+00:00\",\"dateModified\":\"2026-09-02T20:00:48+00:00\",\"author\":{\"@id\":\"https:\\\/\\\/aconteceunovale.com.br\\\/portal\\\/#\\\/schema\\\/person\\\/7d2f26d1483f8a63de73da1ee0754d35\"},\"breadcrumb\":{\"@id\":\"https:\\\/\\\/aconteceunovale.com.br\\\/portal\\\/?p=182392#breadcrumb\"},\"inLanguage\":\"pt-BR\",\"potentialAction\":[{\"@type\":\"ReadAction\",\"target\":[\"https:\\\/\\\/aconteceunovale.com.br\\\/portal\\\/?p=182392\"]}]},{\"@type\":\"ImageObject\",\"inLanguage\":\"pt-BR\",\"@id\":\"https:\\\/\\\/aconteceunovale.com.br\\\/portal\\\/?p=182392#primaryimage\",\"url\":\"https:\\\/\\\/aconteceunovale.com.br\\\/portal\\\/wp-content\\\/uploads\\\/2021\\\/09\\\/furto_gado_medina.jpg\",\"contentUrl\":\"https:\\\/\\\/aconteceunovale.com.br\\\/portal\\\/wp-content\\\/uploads\\\/2021\\\/09\\\/furto_gado_medina.jpg\",\"width\":678,\"height\":381},{\"@type\":\"BreadcrumbList\",\"@id\":\"https:\\\/\\\/aconteceunovale.com.br\\\/portal\\\/?p=182392#breadcrumb\",\"itemListElement\":[{\"@type\":\"ListItem\",\"position\":1,\"name\":\"In\u00edcio\",\"item\":\"https:\\\/\\\/aconteceunovale.com.br\\\/portal\\\/\"},{\"@type\":\"ListItem\",\"position\":2,\"name\":\"Irm\u00e3os s\u00e3o indiciados por furto de gado em Medina, no Vale do Jequitinhonha\"}]},{\"@type\":\"WebSite\",\"@id\":\"https:\\\/\\\/aconteceunovale.com.br\\\/portal\\\/#website\",\"url\":\"https:\\\/\\\/aconteceunovale.com.br\\\/portal\\\/\",\"name\":\"Aconteceu no Vale\",\"description\":\"Portal de Not\u00edcias\",\"potentialAction\":[{\"@type\":\"SearchAction\",\"target\":{\"@type\":\"EntryPoint\",\"urlTemplate\":\"https:\\\/\\\/aconteceunovale.com.br\\\/portal\\\/?s={search_term_string}\"},\"query-input\":{\"@type\":\"PropertyValueSpecification\",\"valueRequired\":true,\"valueName\":\"search_term_string\"}}],\"inLanguage\":\"pt-BR\"},{\"@type\":\"Person\",\"@id\":\"https:\\\/\\\/aconteceunovale.com.br\\\/portal\\\/#\\\/schema\\\/person\\\/7d2f26d1483f8a63de73da1ee0754d35\",\"name\":\"Reda\u00e7\u00e3o Aconteceu no Vale\",\"description\":\"Equipe de reportagem do Aconteceu no Vale, portal de not\u00edcias do Vale do Jequitinhonha, em Minas Gerais. Cobrimos as 51 cidades do Vale desde 2013. Sugest\u00f5es de pauta e pedidos de corre\u00e7\u00e3o: contato@aconteceunovale.com.br\",\"url\":\"https:\\\/\\\/aconteceunovale.com.br\\\/portal\\\/?author=4\"}]}<\/script>\n<!-- \/ Yoast SEO plugin. -->","yoast_head_json":{"title":"Irm\u00e3os s\u00e3o indiciados por furto de gado em Medina, no Vale do Jequitinhonha - Aconteceu no Vale","robots":{"index":"index","follow":"follow","max-snippet":"max-snippet:-1","max-image-preview":"max-image-preview:large","max-video-preview":"max-video-preview:-1"},"canonical":"https:\/\/aconteceunovale.com.br\/portal\/?p=182392","og_locale":"pt_BR","og_type":"article","og_title":"Irm\u00e3os s\u00e3o indiciados por furto de gado em Medina, no Vale do Jequitinhonha - Aconteceu no Vale","og_description":"Dois irm\u00e3os, de 26 e 42 anos, foram indiciados por furto de gado no munic\u00edpio de Medina, no Vale do Jequitinhonha. A Pol\u00edcia Civil de Minas Gerais (PCMG) concluiu os inqu\u00e9ritos nessa ter\u00e7a-feira (28\/9\/2021) e indicou a responsabilidade dos suspeitos. Segundo a PCMG, os crimes ocorreram em junho de 2020 e na \u00e9poca os propriet\u00e1rios [&hellip;]","og_url":"https:\/\/aconteceunovale.com.br\/portal\/?p=182392","og_site_name":"Aconteceu no Vale","article_publisher":"https:\/\/www.facebook.com\/aconteceunovale\/","article_published_time":"2021-09-29T18:21:34+00:00","article_modified_time":"2026-09-02T20:00:48+00:00","og_image":[{"width":678,"height":381,"url":"https:\/\/aconteceunovale.com.br\/portal\/wp-content\/uploads\/2021\/09\/furto_gado_medina.jpg","type":"image\/jpeg"}],"author":"Reda\u00e7\u00e3o Aconteceu no Vale","twitter_card":"summary_large_image","twitter_creator":"@noticiadosvales","twitter_site":"@noticiadosvales","twitter_misc":{"Escrito por":"Reda\u00e7\u00e3o Aconteceu no Vale","Est. tempo de leitura":"1 minuto"},"schema":{"@context":"https:\/\/schema.org","@graph":[{"@type":"Article","@id":"https:\/\/aconteceunovale.com.br\/portal\/?p=182392#article","isPartOf":{"@id":"https:\/\/aconteceunovale.com.br\/portal\/?p=182392"},"author":{"name":"Reda\u00e7\u00e3o Aconteceu no Vale","@id":"https:\/\/aconteceunovale.com.br\/portal\/#\/schema\/person\/7d2f26d1483f8a63de73da1ee0754d35"},"headline":"Irm\u00e3os s\u00e3o indiciados por furto de gado em Medina, no Vale do Jequitinhonha","datePublished":"2021-09-29T18:21:34+00:00","dateModified":"2026-09-02T20:00:48+00:00","mainEntityOfPage":{"@id":"https:\/\/aconteceunovale.com.br\/portal\/?p=182392"},"wordCount":251,"commentCount":0,"image":{"@id":"https:\/\/aconteceunovale.com.br\/portal\/?p=182392#primaryimage"},"thumbnailUrl":"https:\/\/aconteceunovale.com.br\/portal\/wp-content\/uploads\/2021\/09\/furto_gado_medina.jpg","keywords":["destaque","Furto de gado em Medina","Irm\u00e3os presos em Medina","Irm\u00e3os s\u00e3o indiciados por furto de gado em Medina","Itaobim","Medina","presos em Medina","Presos por roubo de gado em Medina","Presos por roubo em Medina","Roubo de gado em Medina"],"articleSection":["Medina","Vale do Jequitinhonha"],"inLanguage":"pt-BR","potentialAction":[{"@type":"CommentAction","name":"Comment","target":["https:\/\/aconteceunovale.com.br\/portal\/?p=182392#respond"]}]},{"@type":"WebPage","@id":"https:\/\/aconteceunovale.com.br\/portal\/?p=182392","url":"https:\/\/aconteceunovale.com.br\/portal\/?p=182392","name":"Irm\u00e3os s\u00e3o indiciados por furto de gado em Medina, no Vale do Jequitinhonha - Aconteceu no Vale","isPartOf":{"@id":"https:\/\/aconteceunovale.com.br\/portal\/#website"},"primaryImageOfPage":{"@id":"https:\/\/aconteceunovale.com.br\/portal\/?p=182392#primaryimage"},"image":{"@id":"https:\/\/aconteceunovale.com.br\/portal\/?p=182392#primaryimage"},"thumbnailUrl":"https:\/\/aconteceunovale.com.br\/portal\/wp-content\/uploads\/2021\/09\/furto_gado_medina.jpg","datePublished":"2021-09-29T18:21:34+00:00","dateModified":"2026-09-02T20:00:48+00:00","author":{"@id":"https:\/\/aconteceunovale.com.br\/portal\/#\/schema\/person\/7d2f26d1483f8a63de73da1ee0754d35"},"breadcrumb":{"@id":"https:\/\/aconteceunovale.com.br\/portal\/?p=182392#breadcrumb"},"inLanguage":"pt-BR","potentialAction":[{"@type":"ReadAction","target":["https:\/\/aconteceunovale.com.br\/portal\/?p=182392"]}]},{"@type":"ImageObject","inLanguage":"pt-BR","@id":"https:\/\/aconteceunovale.com.br\/portal\/?p=182392#primaryimage","url":"https:\/\/aconteceunovale.com.br\/portal\/wp-content\/uploads\/2021\/09\/furto_gado_medina.jpg","contentUrl":"https:\/\/aconteceunovale.com.br\/portal\/wp-content\/uploads\/2021\/09\/furto_gado_medina.jpg","width":678,"height":381},{"@type":"BreadcrumbList","@id":"https:\/\/aconteceunovale.com.br\/portal\/?p=182392#breadcrumb","itemListElement":[{"@type":"ListItem","position":1,"name":"In\u00edcio","item":"https:\/\/aconteceunovale.com.br\/portal\/"},{"@type":"ListItem","position":2,"name":"Irm\u00e3os s\u00e3o indiciados por furto de gado em Medina, no Vale do Jequitinhonha"}]},{"@type":"WebSite","@id":"https:\/\/aconteceunovale.com.br\/portal\/#website","url":"https:\/\/aconteceunovale.com.br\/portal\/","name":"Aconteceu no Vale","description":"Portal de Not\u00edcias","potentialAction":[{"@type":"SearchAction","target":{"@type":"EntryPoint","urlTemplate":"https:\/\/aconteceunovale.com.br\/portal\/?s={search_term_string}"},"query-input":{"@type":"PropertyValueSpecification","valueRequired":true,"valueName":"search_term_string"}}],"inLanguage":"pt-BR"},{"@type":"Person","@id":"https:\/\/aconteceunovale.com.br\/portal\/#\/schema\/person\/7d2f26d1483f8a63de73da1ee0754d35","name":"Reda\u00e7\u00e3o Aconteceu no Vale","description":"Equipe de reportagem do Aconteceu no Vale, portal de not\u00edcias do Vale do Jequitinhonha, em Minas Gerais. Cobrimos as 51 cidades do Vale desde 2013. Sugest\u00f5es de pauta e pedidos de corre\u00e7\u00e3o: contato@aconteceunovale.com.br","url":"https:\/\/aconteceunovale.com.br\/portal\/?author=4"}]}},"_links":{"self":[{"href":"https:\/\/aconteceunovale.com.br\/portal\/index.php?rest_route=\/wp\/v2\/posts\/182392","targetHints":{"allow":["GET"]}}],"collection":[{"href":"https:\/\/aconteceunovale.com.br\/portal\/index.php?rest_route=\/wp\/v2\/posts"}],"about":[{"href":"https:\/\/aconteceunovale.com.br\/portal\/index.php?rest_route=\/wp\/v2\/types\/post"}],"author":[{"embeddable":true,"href":"https:\/\/aconteceunovale.com.br\/portal\/index.php?rest_route=\/wp\/v2\/users\/4"}],"replies":[{"embeddable":true,"href":"https:\/\/aconteceunovale.com.br\/portal\/index.php?rest_route=%2Fwp%2Fv2%2Fcomments&post=182392"}],"version-history":[{"count":1,"href":"https:\/\/aconteceunovale.com.br\/portal\/index.php?rest_route=\/wp\/v2\/posts\/182392\/revisions"}],"predecessor-version":[{"id":182394,"href":"https:\/\/aconteceunovale.com.br\/portal\/index.php?rest_route=\/wp\/v2\/posts\/182392\/revisions\/182394"}],"wp:featuredmedia":[{"embeddable":true,"href":"https:\/\/aconteceunovale.com.br\/portal\/index.php?rest_route=\/wp\/v2\/media\/182393"}],"wp:attachment":[{"href":"https:\/\/aconteceunovale.com.br\/portal\/index.php?rest_route=%2Fwp%2Fv2%2Fmedia&parent=182392"}],"wp:term":[{"taxonomy":"category","embeddable":true,"href":"https:\/\/aconteceunovale.com.br\/portal\/index.php?rest_route=%2Fwp%2Fv2%2Fcategories&post=182392"},{"taxonomy":"post_tag","embeddable":true,"href":"https:\/\/aconteceunovale.com.br\/portal\/index.php?rest_route=%2Fwp%2Fv2%2Ftags&post=182392"}],"curies":[{"name":"wp","href":"https:\/\/api.w.org\/{rel}","templated":true}]}}