{"id":182384,"date":"2021-09-29T00:36:16","date_gmt":"2021-09-29T03:36:16","guid":{"rendered":"https:\/\/aconteceunovale.com.br\/portal\/?p=182384"},"modified":"2021-09-29T09:37:01","modified_gmt":"2021-09-29T12:37:01","slug":"palmeiras-elimina-o-atletico-mg-da-libertadores","status":"publish","type":"post","link":"https:\/\/aconteceunovale.com.br\/portal\/?p=182384","title":{"rendered":"Palmeiras elimina o Atl\u00e9tico-MG da Libertadores"},"content":{"rendered":"\n<p class=\"wp-block-paragraph\">O Palmeiras est\u00e1 na final da Libertadores pela segunda vez seguida. Nesta ter\u00e7a-feira (28\/9\/2021), o Verd\u00e3o empatou por 1 a 1 com o Atl\u00e9tico-MG no Mineir\u00e3o, em Belo Horizonte, no jogo de volta do confronto pelas semifinais. No duelo de ida, h\u00e1 uma semana, as equipes empataram sem gols no Allianz Parque, em S\u00e3o Paulo. O Alviverde se beneficiou pelo gol marcado fora de casa.<\/p>\n\n\n\n<figure class=\"wp-block-gallery columns-1 is-cropped wp-block-gallery-1 is-layout-flex wp-block-gallery-is-layout-flex\"><ul class=\"blocks-gallery-grid\"><li class=\"blocks-gallery-item\"><figure><img loading=\"lazy\" decoding=\"async\" width=\"675\" height=\"450\" src=\"https:\/\/aconteceunovale.com.br\/portal\/wp-content\/uploads\/2021\/09\/atletico_x_palmeiras.jpg\" alt=\"\" data-id=\"182385\" data-full-url=\"https:\/\/aconteceunovale.com.br\/portal\/wp-content\/uploads\/2021\/09\/atletico_x_palmeiras.jpg\" data-link=\"https:\/\/aconteceunovale.com.br\/portal\/?attachment_id=182385\" class=\"wp-image-182385\" srcset=\"https:\/\/aconteceunovale.com.br\/portal\/wp-content\/uploads\/2021\/09\/atletico_x_palmeiras.jpg 675w, https:\/\/aconteceunovale.com.br\/portal\/wp-content\/uploads\/2021\/09\/atletico_x_palmeiras-300x200.jpg 300w, https:\/\/aconteceunovale.com.br\/portal\/wp-content\/uploads\/2021\/09\/atletico_x_palmeiras-630x420.jpg 630w\" sizes=\"auto, (max-width: 675px) 100vw, 675px\" \/><figcaption class=\"blocks-gallery-item__caption\"><em>Foto: Pedro Souza \/ Atl\u00e9tico<\/em><\/figcaption><\/figure><\/li><\/ul><\/figure>\n\n\n\n<p class=\"wp-block-paragraph\">\u00c9 a sexta vez que o clube paulista chega \u00e0 decis\u00e3o do maior torneio do continente. Atual campe\u00e3o da Am\u00e9rica, o Palmeiras tamb\u00e9m ergueu a ta\u00e7a em 1999, sendo vice em 1961, 1968 e 2000. O Verd\u00e3o pode se igualar a Santos, Gr\u00eamio e S\u00e3o Paulo, \u00fanicos times brasileiros a conquistarem a Libertadores em tr\u00eas ocasi\u00f5es. O Atl\u00e9tico, por sua vez, n\u00e3o conseguiu repetir a hist\u00f3ria de 2013, quando alcan\u00e7ou a final e ficou com o t\u00edtulo.<\/p>\n\n\n\n<p class=\"wp-block-paragraph\">A final sul-americana ser\u00e1 disputada em 27 de novembro, no est\u00e1dio Centen\u00e1rio, em Montevid\u00e9u (Uruguai). O advers\u00e1rio sair\u00e1 do confronto entre Flamengo e Barcelona (Equador), que fazem a segunda partida nesta quarta-feira (29), \u00e0s 21h30 (hor\u00e1rio de Bras\u00edlia), na cidade equatoriana de Guayaquil. O Rubro-Negro venceu o duelo de ida, na semana passada, por 2 a 0 no Maracan\u00e3, no Rio de Janeiro.<\/p>\n\n\n\n<h2 class=\"wp-block-heading\">O jogo<\/h2>\n\n\n\n<p class=\"wp-block-paragraph\">Ap\u00f3s 90 minutos de pouca inspira\u00e7\u00e3o na ida, Atl\u00e9tico e Palmeiras proporcionaram um jogo mais animado no Mineir\u00e3o. A partida foi l\u00e1 e c\u00e1, com as equipes pecando no \u00faltimo passe e na pontaria. A melhor chance do Verd\u00e3o no primeiro tempo surgiu aos 25 minutos, com o lateral Joaqu\u00edn Piquerez avan\u00e7ando pela esquerda, puxando a bola para a perna direita e chutando rente \u00e0 meta defendida por Everson. Aos 45, o Galo assustou com o meia Nacho Fern\u00e1ndez, que ganhou a dividida com o volante Feilpe Melo na esquerda e bateu cruzado, obrigando o goleiro Weverton a salvar os paulistas.<\/p>\n\n\n\n<p class=\"wp-block-paragraph\">Os times mantiveram o duelo fren\u00e9tico na segunda etapa. Nos tr\u00eas primeiros minutos, os atacantes Hulk e Rony fizeram Weverton e Everson, respectivamente, trabalharem. Aos seis, o meia Jair cruzou pela esquerda e o atacante Eduardo Vargas, \u00e0s costas do lateral Marcos Rocha, mandou de cabe\u00e7a para as redes. O chileno teve a chance de ampliar quatro minutos depois, frente a frente com o goleiro palmeirense, mas chutou para fora. Fez falta.<\/p>\n\n\n\n<p class=\"wp-block-paragraph\">O Verd\u00e3o apertou e foi premiado aos 22 minutos. Gabriel Veron, que tinha entrado um minuto antes, recebeu de Piquerez pela esquerda e cruzou rasteiro para o tamb\u00e9m atacante Dudu igualar de carrinho. A press\u00e3o inverteu de lado e o Galo passou a trabalhar a bola no ataque, mas sem conseguir superar a marca\u00e7\u00e3o rival. Nos acr\u00e9scimos, o Alvinegro passou a al\u00e7ar bolas na \u00e1rea palmeirense, sem \u00eaxito, para lamento da torcida que foi ao Mineir\u00e3o e festa alviverde no gramado.<\/p>\n\n\n\n<h2 class=\"wp-block-heading\">Brasileir\u00e3o<\/h2>\n\n\n\n<p class=\"wp-block-paragraph\">Os dois times voltam a se concentrar no Campeonato Brasileiro. Pela 23\u00aa rodada, o Atl\u00e9tico-MG recebe o Internacional no Mineir\u00e3o, \u00e0s 21h de s\u00e1bado (2). No domingo (3), \u00e0s 18h15, o Palmeiras encara o Juventude no Allianz Parque. O Galo lidera a competi\u00e7\u00e3o com 46 pontos, oito a frente do Verd\u00e3o, que est\u00e1 em segundo.<\/p>\n\n\n\n<p class=\"wp-block-paragraph\">&#8212;&#8212;&#8212;&#8212;&#8212;&#8212;<br><em>Quer receber as not\u00edcias do <strong>Aconteceu no Vale<\/strong> em primeira m\u00e3o? Siga-nos no Facebook <a rel=\"noreferrer noopener\" href=\"http:\/\/facebook.com\/aconteceunovale\" target=\"_blank\">@aconteceunovale<\/a>, Twitter <a rel=\"noreferrer noopener\" href=\"https:\/\/twitter.com\/noticiadosvales\" target=\"_blank\">@noticiadosvales<\/a> e Instagram <a rel=\"noreferrer noopener\" href=\"https:\/\/www.instagram.com\/aconteceunovale\" target=\"_blank\">@aconteceunovale<\/a>.<\/em><\/p>\n","protected":false},"excerpt":{"rendered":"<p>O Palmeiras est\u00e1 na final da Libertadores pela segunda vez seguida. Nesta ter\u00e7a-feira (28\/9\/2021), o Verd\u00e3o empatou por 1 a 1 com o Atl\u00e9tico-MG no Mineir\u00e3o, em Belo Horizonte, no jogo de volta do confronto pelas semifinais. No duelo de ida, h\u00e1 uma semana, as equipes empataram sem gols no Allianz Parque, em S\u00e3o Paulo. [&hellip;]<\/p>\n","protected":false},"author":4,"featured_media":182385,"comment_status":"open","ping_status":"closed","sticky":false,"template":"","format":"standard","meta":{"amp_status":"","footnotes":""},"categories":[6,59,123,28848],"tags":[44394,12311,2741,40575,194,1017,35552,1018,12312,34438,16500,1093,251606,251602,252039,106706,251604,251605,251603,2382,249538,34071],"class_list":["post-182384","post","type-post","status-publish","format-standard","has-post-thumbnail","hentry","category-br","category-esportes","category-gerais","category-mundo","tag-allianz-parque","tag-atletico","tag-atletico-mineiro","tag-atletico-mg","tag-belo-horizonte","tag-bh","tag-copa-libertadores","tag-destaque","tag-galo","tag-libertadores","tag-mineirao","tag-palmeiras","tag-palmeiras-e-atletico","tag-palmeiras-e-atletico-iniciam-disputa-por-vaga-na-final-da-libertadores-com-empate-sem-gols","tag-palmeiras-elimina-o-atletico-mg-da-libertadores","tag-palmeiras-x-atletico","tag-palmeiras-x-atletico-mineiro","tag-palmeiras-x-atletico-mg","tag-palmeiras-x-galo","tag-sao-paulo","tag-semifinal-da-libertadores","tag-taca-libertadores"],"yoast_head":"<!-- This site is optimized with the Yoast SEO plugin v28.3 - https:\/\/yoast.com\/product\/yoast-seo-wordpress\/ -->\n<title>Palmeiras elimina o Atl\u00e9tico-MG da Libertadores - Aconteceu no Vale<\/title>\n<meta name=\"robots\" content=\"index, follow, max-snippet:-1, max-image-preview:large, max-video-preview:-1\" \/>\n<link rel=\"canonical\" href=\"https:\/\/aconteceunovale.com.br\/portal\/?p=182384\" \/>\n<meta property=\"og:locale\" content=\"pt_BR\" \/>\n<meta property=\"og:type\" content=\"article\" \/>\n<meta property=\"og:title\" content=\"Palmeiras elimina o Atl\u00e9tico-MG da Libertadores - Aconteceu no Vale\" \/>\n<meta property=\"og:description\" content=\"O Palmeiras est\u00e1 na final da Libertadores pela segunda vez seguida. Nesta ter\u00e7a-feira (28\/9\/2021), o Verd\u00e3o empatou por 1 a 1 com o Atl\u00e9tico-MG no Mineir\u00e3o, em Belo Horizonte, no jogo de volta do confronto pelas semifinais. No duelo de ida, h\u00e1 uma semana, as equipes empataram sem gols no Allianz Parque, em S\u00e3o Paulo. [&hellip;]\" \/>\n<meta property=\"og:url\" content=\"https:\/\/aconteceunovale.com.br\/portal\/?p=182384\" \/>\n<meta property=\"og:site_name\" content=\"Aconteceu no Vale\" \/>\n<meta property=\"article:publisher\" content=\"https:\/\/www.facebook.com\/aconteceunovale\/\" \/>\n<meta property=\"article:published_time\" content=\"2021-09-29T03:36:16+00:00\" \/>\n<meta property=\"article:modified_time\" content=\"2021-09-29T12:37:01+00:00\" \/>\n<meta property=\"og:image\" content=\"https:\/\/aconteceunovale.com.br\/portal\/wp-content\/uploads\/2021\/09\/atletico_x_palmeiras.jpg\" \/>\n\t<meta property=\"og:image:width\" content=\"675\" \/>\n\t<meta property=\"og:image:height\" content=\"450\" \/>\n\t<meta property=\"og:image:type\" content=\"image\/jpeg\" \/>\n<meta name=\"author\" content=\"Reda\u00e7\u00e3o Aconteceu no Vale\" \/>\n<meta name=\"twitter:card\" content=\"summary_large_image\" \/>\n<meta name=\"twitter:creator\" content=\"@noticiadosvales\" \/>\n<meta name=\"twitter:site\" content=\"@noticiadosvales\" \/>\n<meta name=\"twitter:label1\" content=\"Escrito por\" \/>\n\t<meta name=\"twitter:data1\" content=\"Reda\u00e7\u00e3o Aconteceu no Vale\" \/>\n\t<meta name=\"twitter:label2\" content=\"Est. tempo de leitura\" \/>\n\t<meta name=\"twitter:data2\" content=\"3 minutos\" \/>\n<script type=\"application\/ld+json\" class=\"yoast-schema-graph\">{\"@context\":\"https:\\\/\\\/schema.org\",\"@graph\":[{\"@type\":\"Article\",\"@id\":\"https:\\\/\\\/aconteceunovale.com.br\\\/portal\\\/?p=182384#article\",\"isPartOf\":{\"@id\":\"https:\\\/\\\/aconteceunovale.com.br\\\/portal\\\/?p=182384\"},\"author\":{\"name\":\"Reda\u00e7\u00e3o Aconteceu no Vale\",\"@id\":\"https:\\\/\\\/aconteceunovale.com.br\\\/portal\\\/#\\\/schema\\\/person\\\/7d2f26d1483f8a63de73da1ee0754d35\"},\"headline\":\"Palmeiras elimina o Atl\u00e9tico-MG da Libertadores\",\"datePublished\":\"2021-09-29T03:36:16+00:00\",\"dateModified\":\"2021-09-29T12:37:01+00:00\",\"mainEntityOfPage\":{\"@id\":\"https:\\\/\\\/aconteceunovale.com.br\\\/portal\\\/?p=182384\"},\"wordCount\":579,\"commentCount\":0,\"image\":{\"@id\":\"https:\\\/\\\/aconteceunovale.com.br\\\/portal\\\/?p=182384#primaryimage\"},\"thumbnailUrl\":\"https:\\\/\\\/aconteceunovale.com.br\\\/portal\\\/wp-content\\\/uploads\\\/2021\\\/09\\\/atletico_x_palmeiras.jpg\",\"keywords\":[\"Allianz Parque\",\"Atl\u00e9tico\",\"Atl\u00e9tico Mineiro\",\"Atl\u00e9tico-MG\",\"Belo Horizonte\",\"bh\",\"Copa Libertadores\",\"destaque\",\"galo\",\"Libertadores\",\"Mineir\u00e3o\",\"palmeiras\",\"Palmeiras e Atl\u00e9tico\",\"Palmeiras e Atl\u00e9tico iniciam disputa por vaga na final da Libertadores com empate sem gols\",\"Palmeiras elimina o Atl\u00e9tico-MG da Libertadores\",\"Palmeiras x Atl\u00e9tico\",\"Palmeiras x Atl\u00e9tico Mineiro\",\"Palmeiras x Atl\u00e9tico-MG\",\"Palmeiras x Galo\",\"S\u00e3o Paulo\",\"Semifinal da Libertadores\",\"Ta\u00e7a Libertadores\"],\"articleSection\":[\"Brasil\",\"Esportes\",\"Minas Gerais\",\"Mundo\"],\"inLanguage\":\"pt-BR\",\"potentialAction\":[{\"@type\":\"CommentAction\",\"name\":\"Comment\",\"target\":[\"https:\\\/\\\/aconteceunovale.com.br\\\/portal\\\/?p=182384#respond\"]}]},{\"@type\":\"WebPage\",\"@id\":\"https:\\\/\\\/aconteceunovale.com.br\\\/portal\\\/?p=182384\",\"url\":\"https:\\\/\\\/aconteceunovale.com.br\\\/portal\\\/?p=182384\",\"name\":\"Palmeiras elimina o Atl\u00e9tico-MG da Libertadores - Aconteceu no Vale\",\"isPartOf\":{\"@id\":\"https:\\\/\\\/aconteceunovale.com.br\\\/portal\\\/#website\"},\"primaryImageOfPage\":{\"@id\":\"https:\\\/\\\/aconteceunovale.com.br\\\/portal\\\/?p=182384#primaryimage\"},\"image\":{\"@id\":\"https:\\\/\\\/aconteceunovale.com.br\\\/portal\\\/?p=182384#primaryimage\"},\"thumbnailUrl\":\"https:\\\/\\\/aconteceunovale.com.br\\\/portal\\\/wp-content\\\/uploads\\\/2021\\\/09\\\/atletico_x_palmeiras.jpg\",\"datePublished\":\"2021-09-29T03:36:16+00:00\",\"dateModified\":\"2021-09-29T12:37:01+00:00\",\"author\":{\"@id\":\"https:\\\/\\\/aconteceunovale.com.br\\\/portal\\\/#\\\/schema\\\/person\\\/7d2f26d1483f8a63de73da1ee0754d35\"},\"breadcrumb\":{\"@id\":\"https:\\\/\\\/aconteceunovale.com.br\\\/portal\\\/?p=182384#breadcrumb\"},\"inLanguage\":\"pt-BR\",\"potentialAction\":[{\"@type\":\"ReadAction\",\"target\":[\"https:\\\/\\\/aconteceunovale.com.br\\\/portal\\\/?p=182384\"]}]},{\"@type\":\"ImageObject\",\"inLanguage\":\"pt-BR\",\"@id\":\"https:\\\/\\\/aconteceunovale.com.br\\\/portal\\\/?p=182384#primaryimage\",\"url\":\"https:\\\/\\\/aconteceunovale.com.br\\\/portal\\\/wp-content\\\/uploads\\\/2021\\\/09\\\/atletico_x_palmeiras.jpg\",\"contentUrl\":\"https:\\\/\\\/aconteceunovale.com.br\\\/portal\\\/wp-content\\\/uploads\\\/2021\\\/09\\\/atletico_x_palmeiras.jpg\",\"width\":675,\"height\":450},{\"@type\":\"BreadcrumbList\",\"@id\":\"https:\\\/\\\/aconteceunovale.com.br\\\/portal\\\/?p=182384#breadcrumb\",\"itemListElement\":[{\"@type\":\"ListItem\",\"position\":1,\"name\":\"In\u00edcio\",\"item\":\"https:\\\/\\\/aconteceunovale.com.br\\\/portal\\\/\"},{\"@type\":\"ListItem\",\"position\":2,\"name\":\"Palmeiras elimina o Atl\u00e9tico-MG da Libertadores\"}]},{\"@type\":\"WebSite\",\"@id\":\"https:\\\/\\\/aconteceunovale.com.br\\\/portal\\\/#website\",\"url\":\"https:\\\/\\\/aconteceunovale.com.br\\\/portal\\\/\",\"name\":\"Aconteceu no Vale\",\"description\":\"Portal de Not\u00edcias\",\"potentialAction\":[{\"@type\":\"SearchAction\",\"target\":{\"@type\":\"EntryPoint\",\"urlTemplate\":\"https:\\\/\\\/aconteceunovale.com.br\\\/portal\\\/?s={search_term_string}\"},\"query-input\":{\"@type\":\"PropertyValueSpecification\",\"valueRequired\":true,\"valueName\":\"search_term_string\"}}],\"inLanguage\":\"pt-BR\"},{\"@type\":\"Person\",\"@id\":\"https:\\\/\\\/aconteceunovale.com.br\\\/portal\\\/#\\\/schema\\\/person\\\/7d2f26d1483f8a63de73da1ee0754d35\",\"name\":\"Reda\u00e7\u00e3o Aconteceu no Vale\",\"description\":\"Equipe de reportagem do Aconteceu no Vale, portal de not\u00edcias do Vale do Jequitinhonha, em Minas Gerais. Cobrimos as 51 cidades do Vale desde 2013. Sugest\u00f5es de pauta e pedidos de corre\u00e7\u00e3o: contato@aconteceunovale.com.br\",\"url\":\"https:\\\/\\\/aconteceunovale.com.br\\\/portal\\\/?author=4\"}]}<\/script>\n<!-- \/ Yoast SEO plugin. -->","yoast_head_json":{"title":"Palmeiras elimina o Atl\u00e9tico-MG da Libertadores - Aconteceu no Vale","robots":{"index":"index","follow":"follow","max-snippet":"max-snippet:-1","max-image-preview":"max-image-preview:large","max-video-preview":"max-video-preview:-1"},"canonical":"https:\/\/aconteceunovale.com.br\/portal\/?p=182384","og_locale":"pt_BR","og_type":"article","og_title":"Palmeiras elimina o Atl\u00e9tico-MG da Libertadores - Aconteceu no Vale","og_description":"O Palmeiras est\u00e1 na final da Libertadores pela segunda vez seguida. Nesta ter\u00e7a-feira (28\/9\/2021), o Verd\u00e3o empatou por 1 a 1 com o Atl\u00e9tico-MG no Mineir\u00e3o, em Belo Horizonte, no jogo de volta do confronto pelas semifinais. No duelo de ida, h\u00e1 uma semana, as equipes empataram sem gols no Allianz Parque, em S\u00e3o Paulo. [&hellip;]","og_url":"https:\/\/aconteceunovale.com.br\/portal\/?p=182384","og_site_name":"Aconteceu no Vale","article_publisher":"https:\/\/www.facebook.com\/aconteceunovale\/","article_published_time":"2021-09-29T03:36:16+00:00","article_modified_time":"2021-09-29T12:37:01+00:00","og_image":[{"width":675,"height":450,"url":"https:\/\/aconteceunovale.com.br\/portal\/wp-content\/uploads\/2021\/09\/atletico_x_palmeiras.jpg","type":"image\/jpeg"}],"author":"Reda\u00e7\u00e3o Aconteceu no Vale","twitter_card":"summary_large_image","twitter_creator":"@noticiadosvales","twitter_site":"@noticiadosvales","twitter_misc":{"Escrito por":"Reda\u00e7\u00e3o Aconteceu no Vale","Est. tempo de leitura":"3 minutos"},"schema":{"@context":"https:\/\/schema.org","@graph":[{"@type":"Article","@id":"https:\/\/aconteceunovale.com.br\/portal\/?p=182384#article","isPartOf":{"@id":"https:\/\/aconteceunovale.com.br\/portal\/?p=182384"},"author":{"name":"Reda\u00e7\u00e3o Aconteceu no Vale","@id":"https:\/\/aconteceunovale.com.br\/portal\/#\/schema\/person\/7d2f26d1483f8a63de73da1ee0754d35"},"headline":"Palmeiras elimina o Atl\u00e9tico-MG da Libertadores","datePublished":"2021-09-29T03:36:16+00:00","dateModified":"2021-09-29T12:37:01+00:00","mainEntityOfPage":{"@id":"https:\/\/aconteceunovale.com.br\/portal\/?p=182384"},"wordCount":579,"commentCount":0,"image":{"@id":"https:\/\/aconteceunovale.com.br\/portal\/?p=182384#primaryimage"},"thumbnailUrl":"https:\/\/aconteceunovale.com.br\/portal\/wp-content\/uploads\/2021\/09\/atletico_x_palmeiras.jpg","keywords":["Allianz Parque","Atl\u00e9tico","Atl\u00e9tico Mineiro","Atl\u00e9tico-MG","Belo Horizonte","bh","Copa Libertadores","destaque","galo","Libertadores","Mineir\u00e3o","palmeiras","Palmeiras e Atl\u00e9tico","Palmeiras e Atl\u00e9tico iniciam disputa por vaga na final da Libertadores com empate sem gols","Palmeiras elimina o Atl\u00e9tico-MG da Libertadores","Palmeiras x Atl\u00e9tico","Palmeiras x Atl\u00e9tico Mineiro","Palmeiras x Atl\u00e9tico-MG","Palmeiras x Galo","S\u00e3o Paulo","Semifinal da Libertadores","Ta\u00e7a Libertadores"],"articleSection":["Brasil","Esportes","Minas Gerais","Mundo"],"inLanguage":"pt-BR","potentialAction":[{"@type":"CommentAction","name":"Comment","target":["https:\/\/aconteceunovale.com.br\/portal\/?p=182384#respond"]}]},{"@type":"WebPage","@id":"https:\/\/aconteceunovale.com.br\/portal\/?p=182384","url":"https:\/\/aconteceunovale.com.br\/portal\/?p=182384","name":"Palmeiras elimina o Atl\u00e9tico-MG da Libertadores - Aconteceu no Vale","isPartOf":{"@id":"https:\/\/aconteceunovale.com.br\/portal\/#website"},"primaryImageOfPage":{"@id":"https:\/\/aconteceunovale.com.br\/portal\/?p=182384#primaryimage"},"image":{"@id":"https:\/\/aconteceunovale.com.br\/portal\/?p=182384#primaryimage"},"thumbnailUrl":"https:\/\/aconteceunovale.com.br\/portal\/wp-content\/uploads\/2021\/09\/atletico_x_palmeiras.jpg","datePublished":"2021-09-29T03:36:16+00:00","dateModified":"2021-09-29T12:37:01+00:00","author":{"@id":"https:\/\/aconteceunovale.com.br\/portal\/#\/schema\/person\/7d2f26d1483f8a63de73da1ee0754d35"},"breadcrumb":{"@id":"https:\/\/aconteceunovale.com.br\/portal\/?p=182384#breadcrumb"},"inLanguage":"pt-BR","potentialAction":[{"@type":"ReadAction","target":["https:\/\/aconteceunovale.com.br\/portal\/?p=182384"]}]},{"@type":"ImageObject","inLanguage":"pt-BR","@id":"https:\/\/aconteceunovale.com.br\/portal\/?p=182384#primaryimage","url":"https:\/\/aconteceunovale.com.br\/portal\/wp-content\/uploads\/2021\/09\/atletico_x_palmeiras.jpg","contentUrl":"https:\/\/aconteceunovale.com.br\/portal\/wp-content\/uploads\/2021\/09\/atletico_x_palmeiras.jpg","width":675,"height":450},{"@type":"BreadcrumbList","@id":"https:\/\/aconteceunovale.com.br\/portal\/?p=182384#breadcrumb","itemListElement":[{"@type":"ListItem","position":1,"name":"In\u00edcio","item":"https:\/\/aconteceunovale.com.br\/portal\/"},{"@type":"ListItem","position":2,"name":"Palmeiras elimina o Atl\u00e9tico-MG da Libertadores"}]},{"@type":"WebSite","@id":"https:\/\/aconteceunovale.com.br\/portal\/#website","url":"https:\/\/aconteceunovale.com.br\/portal\/","name":"Aconteceu no Vale","description":"Portal de Not\u00edcias","potentialAction":[{"@type":"SearchAction","target":{"@type":"EntryPoint","urlTemplate":"https:\/\/aconteceunovale.com.br\/portal\/?s={search_term_string}"},"query-input":{"@type":"PropertyValueSpecification","valueRequired":true,"valueName":"search_term_string"}}],"inLanguage":"pt-BR"},{"@type":"Person","@id":"https:\/\/aconteceunovale.com.br\/portal\/#\/schema\/person\/7d2f26d1483f8a63de73da1ee0754d35","name":"Reda\u00e7\u00e3o Aconteceu no Vale","description":"Equipe de reportagem do Aconteceu no Vale, portal de not\u00edcias do Vale do Jequitinhonha, em Minas Gerais. Cobrimos as 51 cidades do Vale desde 2013. Sugest\u00f5es de pauta e pedidos de corre\u00e7\u00e3o: contato@aconteceunovale.com.br","url":"https:\/\/aconteceunovale.com.br\/portal\/?author=4"}]}},"_links":{"self":[{"href":"https:\/\/aconteceunovale.com.br\/portal\/index.php?rest_route=\/wp\/v2\/posts\/182384","targetHints":{"allow":["GET"]}}],"collection":[{"href":"https:\/\/aconteceunovale.com.br\/portal\/index.php?rest_route=\/wp\/v2\/posts"}],"about":[{"href":"https:\/\/aconteceunovale.com.br\/portal\/index.php?rest_route=\/wp\/v2\/types\/post"}],"author":[{"embeddable":true,"href":"https:\/\/aconteceunovale.com.br\/portal\/index.php?rest_route=\/wp\/v2\/users\/4"}],"replies":[{"embeddable":true,"href":"https:\/\/aconteceunovale.com.br\/portal\/index.php?rest_route=%2Fwp%2Fv2%2Fcomments&post=182384"}],"version-history":[{"count":1,"href":"https:\/\/aconteceunovale.com.br\/portal\/index.php?rest_route=\/wp\/v2\/posts\/182384\/revisions"}],"predecessor-version":[{"id":182386,"href":"https:\/\/aconteceunovale.com.br\/portal\/index.php?rest_route=\/wp\/v2\/posts\/182384\/revisions\/182386"}],"wp:featuredmedia":[{"embeddable":true,"href":"https:\/\/aconteceunovale.com.br\/portal\/index.php?rest_route=\/wp\/v2\/media\/182385"}],"wp:attachment":[{"href":"https:\/\/aconteceunovale.com.br\/portal\/index.php?rest_route=%2Fwp%2Fv2%2Fmedia&parent=182384"}],"wp:term":[{"taxonomy":"category","embeddable":true,"href":"https:\/\/aconteceunovale.com.br\/portal\/index.php?rest_route=%2Fwp%2Fv2%2Fcategories&post=182384"},{"taxonomy":"post_tag","embeddable":true,"href":"https:\/\/aconteceunovale.com.br\/portal\/index.php?rest_route=%2Fwp%2Fv2%2Ftags&post=182384"}],"curies":[{"name":"wp","href":"https:\/\/api.w.org\/{rel}","templated":true}]}}