{"id":182381,"date":"2021-09-28T23:46:43","date_gmt":"2021-09-29T02:46:43","guid":{"rendered":"https:\/\/aconteceunovale.com.br\/portal\/?p=182381"},"modified":"2021-09-28T23:46:57","modified_gmt":"2021-09-29T02:46:57","slug":"senado-aprova-projeto-que-torna-cpf-unico-numero-de-identificacao","status":"publish","type":"post","link":"https:\/\/aconteceunovale.com.br\/portal\/?p=182381","title":{"rendered":"Senado aprova projeto que torna CPF \u00fanico n\u00famero de identifica\u00e7\u00e3o"},"content":{"rendered":"\n<p class=\"wp-block-paragraph\">O Senado aprovou nesta ter\u00e7a-feira (28\/9\/2021), em vota\u00e7\u00e3o simb\u00f3lica, o projeto de lei que estabelece que o Cadastro de Pessoas F\u00edsicas (CPF) ser\u00e1 o \u201cn\u00famero \u00fanico e suficiente\u201d para identifica\u00e7\u00e3o do cidad\u00e3o em todos os bancos de dados do poder p\u00fablico. O relator do projeto, senador Esperidi\u00e3o Amin (PP-SC), acatou duas emendas apresentadas ao texto e, com a mudan\u00e7a, o texto retorna \u00e0 C\u00e2mara dos Deputados para nova an\u00e1lise.<img decoding=\"async\" src=\"https:\/\/agenciabrasil.ebc.com.br\/ebc.png?id=1422898&amp;o=node\"><img decoding=\"async\" src=\"https:\/\/agenciabrasil.ebc.com.br\/ebc.gif?id=1422898&amp;o=node\"><\/p>\n\n\n\n<p class=\"wp-block-paragraph\">Amim explicou que o projeto n\u00e3o invalida os demais documentos de identifica\u00e7\u00e3o. \u201cO objetivo da proposi\u00e7\u00e3o \u00e9 estabelecer um \u00fanico n\u00famero ao cidad\u00e3o para que ele possa ter acesso aos seus prontu\u00e1rios no SUS [Sistema \u00danico de Sa\u00fade]; aos sistemas de assist\u00eancia e previd\u00eancia social, tais como Bolsa Fam\u00edlia, Benef\u00edcio de Presta\u00e7\u00e3o Continuada e registros no INSS; \u00e0s informa\u00e7\u00f5es fiscais e tribut\u00e1rias; ao exerc\u00edcio das obriga\u00e7\u00f5es pol\u00edticas, como alistamento eleitoral e voto\u201d, disse.<\/p>\n\n\n\n<p class=\"wp-block-paragraph\">Pelo texto aprovado no Senado, o n\u00famero de inscri\u00e7\u00e3o no CPF dever\u00e1 constar nos cadastros e nos documentos de \u00f3rg\u00e3os p\u00fablicos, no registro civil de pessoas naturais ou nos conselhos profissionais, como certid\u00f5es de nascimento, casamento ou \u00f3bito; no Documento Nacional de Identifica\u00e7\u00e3o (DNI); no N\u00famero de Identifica\u00e7\u00e3o do Trabalhador (NIT); no registro no Programa de Integra\u00e7\u00e3o Social (PIS) ou no Programa de Forma\u00e7\u00e3o do Patrim\u00f4nio do Servidor P\u00fablico (Pasep); no Cart\u00e3o Nacional de Sa\u00fade; no t\u00edtulo de eleitor; na Carteira de Trabalho e Previd\u00eancia Social (CTPS); na Carteira Nacional de Habilita\u00e7\u00e3o (CNH); no certificado militar; na carteira profissional; e em \u201coutros certificados de registro e n\u00fameros de inscri\u00e7\u00e3o existentes em bases de dados p\u00fablicas federais, estaduais, distritais e municipais\u201d.<\/p>\n\n\n\n<p class=\"wp-block-paragraph\">Os novos documentos emitidos ou reemitidos por \u00f3rg\u00e3os p\u00fablicos ou por conselhos profissionais ter\u00e3o como n\u00famero de identifica\u00e7\u00e3o o mesmo n\u00famero de inscri\u00e7\u00e3o no CPF. O projeto determina que, para ter acesso a informa\u00e7\u00f5es e servi\u00e7os, para o exerc\u00edcio de direitos e obriga\u00e7\u00f5es ou para a obten\u00e7\u00e3o de benef\u00edcios perante os \u00f3rg\u00e3os e as entidades federais, estaduais, distritais e municipais ou servi\u00e7os p\u00fablicos delegados, o cidad\u00e3o ter\u00e1 que apresentar apenas o CPF, ou outro documento que contenha o n\u00famero de seu CPF, \u201cdispensada a apresenta\u00e7\u00e3o de qualquer outro documento\u201d. O mesmo valer\u00e1 para cadastros, formul\u00e1rios, sistemas e outros instrumentos exigidos dos usu\u00e1rios para a presta\u00e7\u00e3o de servi\u00e7o p\u00fablico.<\/p>\n\n\n\n<p class=\"wp-block-paragraph\">O relator retirou do texto, ao acatar emenda de senadores, a previs\u00e3o de que estados, munic\u00edpios e Distrito Federal poderiam exigir outros n\u00fameros do cidad\u00e3o em casos excepcionais.\u00a0<\/p>\n\n\n\n<p class=\"wp-block-paragraph\">&#8212;&#8212;&#8212;&#8212;&#8212;&#8212;<br><em>Quer receber as not\u00edcias do <strong>Aconteceu no Vale<\/strong> em primeira m\u00e3o? Siga-nos no Facebook <a rel=\"noreferrer noopener\" href=\"http:\/\/facebook.com\/aconteceunovale\" target=\"_blank\">@aconteceunovale<\/a>, Twitter <a rel=\"noreferrer noopener\" href=\"https:\/\/twitter.com\/noticiadosvales\" target=\"_blank\">@noticiadosvales<\/a> e Instagram <a rel=\"noreferrer noopener\" href=\"https:\/\/www.instagram.com\/aconteceunovale\" target=\"_blank\">@aconteceunovale<\/a>.<\/em><\/p>\n","protected":false},"excerpt":{"rendered":"<p>O Senado aprovou nesta ter\u00e7a-feira (28\/9\/2021), em vota\u00e7\u00e3o simb\u00f3lica, o projeto de lei que estabelece que o Cadastro de Pessoas F\u00edsicas (CPF) ser\u00e1 o \u201cn\u00famero \u00fanico e suficiente\u201d para identifica\u00e7\u00e3o do cidad\u00e3o em todos os bancos de dados do poder p\u00fablico. O relator do projeto, senador Esperidi\u00e3o Amin (PP-SC), acatou duas emendas apresentadas ao texto [&hellip;]<\/p>\n","protected":false},"author":4,"featured_media":182382,"comment_status":"open","ping_status":"closed","sticky":false,"template":"","format":"standard","meta":{"amp_status":"","footnotes":""},"categories":[6],"tags":[197173,21888,20922,27752,252035,252037,252036,252038,21938,93812],"class_list":["post-182381","post","type-post","status-publish","format-standard","has-post-thumbnail","hentry","category-br","tag-cadastro-de-pessoas-fisicas","tag-camara","tag-camara-dos-deputados","tag-cpf","tag-cpf-e-o-unico-numero-de-identificacao","tag-esperidiao-amim","tag-numero-de-identificacao","tag-numero-unico","tag-senado","tag-senado-federal"],"yoast_head":"<!-- This site is optimized with the Yoast SEO plugin v28.3 - https:\/\/yoast.com\/product\/yoast-seo-wordpress\/ -->\n<title>Senado aprova projeto que torna CPF \u00fanico n\u00famero de identifica\u00e7\u00e3o - Aconteceu no Vale<\/title>\n<meta name=\"robots\" content=\"index, follow, max-snippet:-1, max-image-preview:large, max-video-preview:-1\" \/>\n<link rel=\"canonical\" href=\"https:\/\/aconteceunovale.com.br\/portal\/?p=182381\" \/>\n<meta property=\"og:locale\" content=\"pt_BR\" \/>\n<meta property=\"og:type\" content=\"article\" \/>\n<meta property=\"og:title\" content=\"Senado aprova projeto que torna CPF \u00fanico n\u00famero de identifica\u00e7\u00e3o - Aconteceu no Vale\" \/>\n<meta property=\"og:description\" content=\"O Senado aprovou nesta ter\u00e7a-feira (28\/9\/2021), em vota\u00e7\u00e3o simb\u00f3lica, o projeto de lei que estabelece que o Cadastro de Pessoas F\u00edsicas (CPF) ser\u00e1 o \u201cn\u00famero \u00fanico e suficiente\u201d para identifica\u00e7\u00e3o do cidad\u00e3o em todos os bancos de dados do poder p\u00fablico. O relator do projeto, senador Esperidi\u00e3o Amin (PP-SC), acatou duas emendas apresentadas ao texto [&hellip;]\" \/>\n<meta property=\"og:url\" content=\"https:\/\/aconteceunovale.com.br\/portal\/?p=182381\" \/>\n<meta property=\"og:site_name\" content=\"Aconteceu no Vale\" \/>\n<meta property=\"article:publisher\" content=\"https:\/\/www.facebook.com\/aconteceunovale\/\" \/>\n<meta property=\"article:published_time\" content=\"2021-09-29T02:46:43+00:00\" \/>\n<meta property=\"article:modified_time\" content=\"2021-09-29T02:46:57+00:00\" \/>\n<meta property=\"og:image\" content=\"https:\/\/aconteceunovale.com.br\/portal\/wp-content\/uploads\/2021\/09\/cpf_unico.jpeg\" \/>\n\t<meta property=\"og:image:width\" content=\"678\" \/>\n\t<meta property=\"og:image:height\" content=\"405\" \/>\n\t<meta property=\"og:image:type\" content=\"image\/jpeg\" \/>\n<meta name=\"author\" content=\"Reda\u00e7\u00e3o Aconteceu no Vale\" \/>\n<meta name=\"twitter:card\" content=\"summary_large_image\" \/>\n<meta name=\"twitter:creator\" content=\"@noticiadosvales\" \/>\n<meta name=\"twitter:site\" content=\"@noticiadosvales\" \/>\n<meta name=\"twitter:label1\" content=\"Escrito por\" \/>\n\t<meta name=\"twitter:data1\" content=\"Reda\u00e7\u00e3o Aconteceu no Vale\" \/>\n\t<meta name=\"twitter:label2\" content=\"Est. tempo de leitura\" \/>\n\t<meta name=\"twitter:data2\" content=\"2 minutos\" \/>\n<script type=\"application\/ld+json\" class=\"yoast-schema-graph\">{\"@context\":\"https:\\\/\\\/schema.org\",\"@graph\":[{\"@type\":\"Article\",\"@id\":\"https:\\\/\\\/aconteceunovale.com.br\\\/portal\\\/?p=182381#article\",\"isPartOf\":{\"@id\":\"https:\\\/\\\/aconteceunovale.com.br\\\/portal\\\/?p=182381\"},\"author\":{\"name\":\"Reda\u00e7\u00e3o Aconteceu no Vale\",\"@id\":\"https:\\\/\\\/aconteceunovale.com.br\\\/portal\\\/#\\\/schema\\\/person\\\/7d2f26d1483f8a63de73da1ee0754d35\"},\"headline\":\"Senado aprova projeto que torna CPF \u00fanico n\u00famero de identifica\u00e7\u00e3o\",\"datePublished\":\"2021-09-29T02:46:43+00:00\",\"dateModified\":\"2021-09-29T02:46:57+00:00\",\"mainEntityOfPage\":{\"@id\":\"https:\\\/\\\/aconteceunovale.com.br\\\/portal\\\/?p=182381\"},\"wordCount\":507,\"commentCount\":0,\"image\":{\"@id\":\"https:\\\/\\\/aconteceunovale.com.br\\\/portal\\\/?p=182381#primaryimage\"},\"thumbnailUrl\":\"https:\\\/\\\/aconteceunovale.com.br\\\/portal\\\/wp-content\\\/uploads\\\/2021\\\/09\\\/cpf_unico.jpeg\",\"keywords\":[\"Cadastro de Pessoas F\u00edsicas\",\"C\u00e2mara\",\"C\u00e2mara dos Deputados\",\"CPF\",\"CPF \u00e9 o \u00fanico n\u00famero de identifica\u00e7\u00e3o\",\"Esperidi\u00e3o Amim\",\"N\u00famero de identifica\u00e7\u00e3o\",\"N\u00famero \u00fanico\",\"Senado\",\"Senado Federal\"],\"articleSection\":[\"Brasil\"],\"inLanguage\":\"pt-BR\",\"potentialAction\":[{\"@type\":\"CommentAction\",\"name\":\"Comment\",\"target\":[\"https:\\\/\\\/aconteceunovale.com.br\\\/portal\\\/?p=182381#respond\"]}]},{\"@type\":\"WebPage\",\"@id\":\"https:\\\/\\\/aconteceunovale.com.br\\\/portal\\\/?p=182381\",\"url\":\"https:\\\/\\\/aconteceunovale.com.br\\\/portal\\\/?p=182381\",\"name\":\"Senado aprova projeto que torna CPF \u00fanico n\u00famero de identifica\u00e7\u00e3o - Aconteceu no Vale\",\"isPartOf\":{\"@id\":\"https:\\\/\\\/aconteceunovale.com.br\\\/portal\\\/#website\"},\"primaryImageOfPage\":{\"@id\":\"https:\\\/\\\/aconteceunovale.com.br\\\/portal\\\/?p=182381#primaryimage\"},\"image\":{\"@id\":\"https:\\\/\\\/aconteceunovale.com.br\\\/portal\\\/?p=182381#primaryimage\"},\"thumbnailUrl\":\"https:\\\/\\\/aconteceunovale.com.br\\\/portal\\\/wp-content\\\/uploads\\\/2021\\\/09\\\/cpf_unico.jpeg\",\"datePublished\":\"2021-09-29T02:46:43+00:00\",\"dateModified\":\"2021-09-29T02:46:57+00:00\",\"author\":{\"@id\":\"https:\\\/\\\/aconteceunovale.com.br\\\/portal\\\/#\\\/schema\\\/person\\\/7d2f26d1483f8a63de73da1ee0754d35\"},\"breadcrumb\":{\"@id\":\"https:\\\/\\\/aconteceunovale.com.br\\\/portal\\\/?p=182381#breadcrumb\"},\"inLanguage\":\"pt-BR\",\"potentialAction\":[{\"@type\":\"ReadAction\",\"target\":[\"https:\\\/\\\/aconteceunovale.com.br\\\/portal\\\/?p=182381\"]}]},{\"@type\":\"ImageObject\",\"inLanguage\":\"pt-BR\",\"@id\":\"https:\\\/\\\/aconteceunovale.com.br\\\/portal\\\/?p=182381#primaryimage\",\"url\":\"https:\\\/\\\/aconteceunovale.com.br\\\/portal\\\/wp-content\\\/uploads\\\/2021\\\/09\\\/cpf_unico.jpeg\",\"contentUrl\":\"https:\\\/\\\/aconteceunovale.com.br\\\/portal\\\/wp-content\\\/uploads\\\/2021\\\/09\\\/cpf_unico.jpeg\",\"width\":678,\"height\":405},{\"@type\":\"BreadcrumbList\",\"@id\":\"https:\\\/\\\/aconteceunovale.com.br\\\/portal\\\/?p=182381#breadcrumb\",\"itemListElement\":[{\"@type\":\"ListItem\",\"position\":1,\"name\":\"In\u00edcio\",\"item\":\"https:\\\/\\\/aconteceunovale.com.br\\\/portal\\\/\"},{\"@type\":\"ListItem\",\"position\":2,\"name\":\"Senado aprova projeto que torna CPF \u00fanico n\u00famero de identifica\u00e7\u00e3o\"}]},{\"@type\":\"WebSite\",\"@id\":\"https:\\\/\\\/aconteceunovale.com.br\\\/portal\\\/#website\",\"url\":\"https:\\\/\\\/aconteceunovale.com.br\\\/portal\\\/\",\"name\":\"Aconteceu no Vale\",\"description\":\"Portal de Not\u00edcias\",\"potentialAction\":[{\"@type\":\"SearchAction\",\"target\":{\"@type\":\"EntryPoint\",\"urlTemplate\":\"https:\\\/\\\/aconteceunovale.com.br\\\/portal\\\/?s={search_term_string}\"},\"query-input\":{\"@type\":\"PropertyValueSpecification\",\"valueRequired\":true,\"valueName\":\"search_term_string\"}}],\"inLanguage\":\"pt-BR\"},{\"@type\":\"Person\",\"@id\":\"https:\\\/\\\/aconteceunovale.com.br\\\/portal\\\/#\\\/schema\\\/person\\\/7d2f26d1483f8a63de73da1ee0754d35\",\"name\":\"Reda\u00e7\u00e3o Aconteceu no Vale\",\"description\":\"Equipe de reportagem do Aconteceu no Vale, portal de not\u00edcias do Vale do Jequitinhonha, em Minas Gerais. Cobrimos as 51 cidades do Vale desde 2013. Sugest\u00f5es de pauta e pedidos de corre\u00e7\u00e3o: contato@aconteceunovale.com.br\",\"url\":\"https:\\\/\\\/aconteceunovale.com.br\\\/portal\\\/?author=4\"}]}<\/script>\n<!-- \/ Yoast SEO plugin. -->","yoast_head_json":{"title":"Senado aprova projeto que torna CPF \u00fanico n\u00famero de identifica\u00e7\u00e3o - Aconteceu no Vale","robots":{"index":"index","follow":"follow","max-snippet":"max-snippet:-1","max-image-preview":"max-image-preview:large","max-video-preview":"max-video-preview:-1"},"canonical":"https:\/\/aconteceunovale.com.br\/portal\/?p=182381","og_locale":"pt_BR","og_type":"article","og_title":"Senado aprova projeto que torna CPF \u00fanico n\u00famero de identifica\u00e7\u00e3o - Aconteceu no Vale","og_description":"O Senado aprovou nesta ter\u00e7a-feira (28\/9\/2021), em vota\u00e7\u00e3o simb\u00f3lica, o projeto de lei que estabelece que o Cadastro de Pessoas F\u00edsicas (CPF) ser\u00e1 o \u201cn\u00famero \u00fanico e suficiente\u201d para identifica\u00e7\u00e3o do cidad\u00e3o em todos os bancos de dados do poder p\u00fablico. O relator do projeto, senador Esperidi\u00e3o Amin (PP-SC), acatou duas emendas apresentadas ao texto [&hellip;]","og_url":"https:\/\/aconteceunovale.com.br\/portal\/?p=182381","og_site_name":"Aconteceu no Vale","article_publisher":"https:\/\/www.facebook.com\/aconteceunovale\/","article_published_time":"2021-09-29T02:46:43+00:00","article_modified_time":"2021-09-29T02:46:57+00:00","og_image":[{"width":678,"height":405,"url":"https:\/\/aconteceunovale.com.br\/portal\/wp-content\/uploads\/2021\/09\/cpf_unico.jpeg","type":"image\/jpeg"}],"author":"Reda\u00e7\u00e3o Aconteceu no Vale","twitter_card":"summary_large_image","twitter_creator":"@noticiadosvales","twitter_site":"@noticiadosvales","twitter_misc":{"Escrito por":"Reda\u00e7\u00e3o Aconteceu no Vale","Est. tempo de leitura":"2 minutos"},"schema":{"@context":"https:\/\/schema.org","@graph":[{"@type":"Article","@id":"https:\/\/aconteceunovale.com.br\/portal\/?p=182381#article","isPartOf":{"@id":"https:\/\/aconteceunovale.com.br\/portal\/?p=182381"},"author":{"name":"Reda\u00e7\u00e3o Aconteceu no Vale","@id":"https:\/\/aconteceunovale.com.br\/portal\/#\/schema\/person\/7d2f26d1483f8a63de73da1ee0754d35"},"headline":"Senado aprova projeto que torna CPF \u00fanico n\u00famero de identifica\u00e7\u00e3o","datePublished":"2021-09-29T02:46:43+00:00","dateModified":"2021-09-29T02:46:57+00:00","mainEntityOfPage":{"@id":"https:\/\/aconteceunovale.com.br\/portal\/?p=182381"},"wordCount":507,"commentCount":0,"image":{"@id":"https:\/\/aconteceunovale.com.br\/portal\/?p=182381#primaryimage"},"thumbnailUrl":"https:\/\/aconteceunovale.com.br\/portal\/wp-content\/uploads\/2021\/09\/cpf_unico.jpeg","keywords":["Cadastro de Pessoas F\u00edsicas","C\u00e2mara","C\u00e2mara dos Deputados","CPF","CPF \u00e9 o \u00fanico n\u00famero de identifica\u00e7\u00e3o","Esperidi\u00e3o Amim","N\u00famero de identifica\u00e7\u00e3o","N\u00famero \u00fanico","Senado","Senado Federal"],"articleSection":["Brasil"],"inLanguage":"pt-BR","potentialAction":[{"@type":"CommentAction","name":"Comment","target":["https:\/\/aconteceunovale.com.br\/portal\/?p=182381#respond"]}]},{"@type":"WebPage","@id":"https:\/\/aconteceunovale.com.br\/portal\/?p=182381","url":"https:\/\/aconteceunovale.com.br\/portal\/?p=182381","name":"Senado aprova projeto que torna CPF \u00fanico n\u00famero de identifica\u00e7\u00e3o - Aconteceu no Vale","isPartOf":{"@id":"https:\/\/aconteceunovale.com.br\/portal\/#website"},"primaryImageOfPage":{"@id":"https:\/\/aconteceunovale.com.br\/portal\/?p=182381#primaryimage"},"image":{"@id":"https:\/\/aconteceunovale.com.br\/portal\/?p=182381#primaryimage"},"thumbnailUrl":"https:\/\/aconteceunovale.com.br\/portal\/wp-content\/uploads\/2021\/09\/cpf_unico.jpeg","datePublished":"2021-09-29T02:46:43+00:00","dateModified":"2021-09-29T02:46:57+00:00","author":{"@id":"https:\/\/aconteceunovale.com.br\/portal\/#\/schema\/person\/7d2f26d1483f8a63de73da1ee0754d35"},"breadcrumb":{"@id":"https:\/\/aconteceunovale.com.br\/portal\/?p=182381#breadcrumb"},"inLanguage":"pt-BR","potentialAction":[{"@type":"ReadAction","target":["https:\/\/aconteceunovale.com.br\/portal\/?p=182381"]}]},{"@type":"ImageObject","inLanguage":"pt-BR","@id":"https:\/\/aconteceunovale.com.br\/portal\/?p=182381#primaryimage","url":"https:\/\/aconteceunovale.com.br\/portal\/wp-content\/uploads\/2021\/09\/cpf_unico.jpeg","contentUrl":"https:\/\/aconteceunovale.com.br\/portal\/wp-content\/uploads\/2021\/09\/cpf_unico.jpeg","width":678,"height":405},{"@type":"BreadcrumbList","@id":"https:\/\/aconteceunovale.com.br\/portal\/?p=182381#breadcrumb","itemListElement":[{"@type":"ListItem","position":1,"name":"In\u00edcio","item":"https:\/\/aconteceunovale.com.br\/portal\/"},{"@type":"ListItem","position":2,"name":"Senado aprova projeto que torna CPF \u00fanico n\u00famero de identifica\u00e7\u00e3o"}]},{"@type":"WebSite","@id":"https:\/\/aconteceunovale.com.br\/portal\/#website","url":"https:\/\/aconteceunovale.com.br\/portal\/","name":"Aconteceu no Vale","description":"Portal de Not\u00edcias","potentialAction":[{"@type":"SearchAction","target":{"@type":"EntryPoint","urlTemplate":"https:\/\/aconteceunovale.com.br\/portal\/?s={search_term_string}"},"query-input":{"@type":"PropertyValueSpecification","valueRequired":true,"valueName":"search_term_string"}}],"inLanguage":"pt-BR"},{"@type":"Person","@id":"https:\/\/aconteceunovale.com.br\/portal\/#\/schema\/person\/7d2f26d1483f8a63de73da1ee0754d35","name":"Reda\u00e7\u00e3o Aconteceu no Vale","description":"Equipe de reportagem do Aconteceu no Vale, portal de not\u00edcias do Vale do Jequitinhonha, em Minas Gerais. Cobrimos as 51 cidades do Vale desde 2013. Sugest\u00f5es de pauta e pedidos de corre\u00e7\u00e3o: contato@aconteceunovale.com.br","url":"https:\/\/aconteceunovale.com.br\/portal\/?author=4"}]}},"_links":{"self":[{"href":"https:\/\/aconteceunovale.com.br\/portal\/index.php?rest_route=\/wp\/v2\/posts\/182381","targetHints":{"allow":["GET"]}}],"collection":[{"href":"https:\/\/aconteceunovale.com.br\/portal\/index.php?rest_route=\/wp\/v2\/posts"}],"about":[{"href":"https:\/\/aconteceunovale.com.br\/portal\/index.php?rest_route=\/wp\/v2\/types\/post"}],"author":[{"embeddable":true,"href":"https:\/\/aconteceunovale.com.br\/portal\/index.php?rest_route=\/wp\/v2\/users\/4"}],"replies":[{"embeddable":true,"href":"https:\/\/aconteceunovale.com.br\/portal\/index.php?rest_route=%2Fwp%2Fv2%2Fcomments&post=182381"}],"version-history":[{"count":1,"href":"https:\/\/aconteceunovale.com.br\/portal\/index.php?rest_route=\/wp\/v2\/posts\/182381\/revisions"}],"predecessor-version":[{"id":182383,"href":"https:\/\/aconteceunovale.com.br\/portal\/index.php?rest_route=\/wp\/v2\/posts\/182381\/revisions\/182383"}],"wp:featuredmedia":[{"embeddable":true,"href":"https:\/\/aconteceunovale.com.br\/portal\/index.php?rest_route=\/wp\/v2\/media\/182382"}],"wp:attachment":[{"href":"https:\/\/aconteceunovale.com.br\/portal\/index.php?rest_route=%2Fwp%2Fv2%2Fmedia&parent=182381"}],"wp:term":[{"taxonomy":"category","embeddable":true,"href":"https:\/\/aconteceunovale.com.br\/portal\/index.php?rest_route=%2Fwp%2Fv2%2Fcategories&post=182381"},{"taxonomy":"post_tag","embeddable":true,"href":"https:\/\/aconteceunovale.com.br\/portal\/index.php?rest_route=%2Fwp%2Fv2%2Ftags&post=182381"}],"curies":[{"name":"wp","href":"https:\/\/api.w.org\/{rel}","templated":true}]}}