{"id":182373,"date":"2021-09-28T20:36:54","date_gmt":"2021-09-28T23:36:54","guid":{"rendered":"https:\/\/aconteceunovale.com.br\/portal\/?p=182373"},"modified":"2021-09-28T20:37:42","modified_gmt":"2021-09-28T23:37:42","slug":"minas-gerais-tem-novo-alerta-de-tempestade-e-granizo-em-256-municipios","status":"publish","type":"post","link":"https:\/\/aconteceunovale.com.br\/portal\/?p=182373","title":{"rendered":"Minas Gerais tem novo alerta de tempestade e granizo em 256 munic\u00edpios"},"content":{"rendered":"\n<p class=\"wp-block-paragraph\">O Instituto Nacional de Meteorologia (Inmet) emitiu um novo alerta para tempestades com granizo e fortes ventos v\u00e1lido para 256 cidades de Minas Gerais. A expectativa \u00e9 que os temporais atinjam os munic\u00edpios ao longo de toda quarta-feira (29\/9\/2021).<\/p>\n\n\n\n<p class=\"wp-block-paragraph\">As cidades que podem ser afetadas (<em>veja lista abaixo)<\/em>\u00a0se localizam no Sul\/Sudoeste de Minas, Zona da Mata, Campo das Vertentes, Oeste de Minas, Metropolitana de Belo Horizonte.<br><br>Segundo o \u00f3rg\u00e3o, a chuva deve ficar entre entre 20 e 30 mm\/h ou at\u00e9 50 mm\/dia e ser\u00e1 acompanhada de ventos intensos (40-60 km\/h). Com isso, h\u00e1 risco, ainda que baixo, de corte de energia el\u00e9trica, estragos em planta\u00e7\u00f5es, queda de galhos de \u00e1rvores e de alagamentos.<\/p>\n\n\n\n<h3 class=\"wp-block-heading\">Confira algumas instru\u00e7\u00f5es do Inmet em caso de chuva:<\/h3>\n\n\n\n<p class=\"wp-block-paragraph\">&#8211; Em caso de rajadas de vento: (n\u00e3o se abrigue debaixo de \u00e1rvores, pois h\u00e1 leve risco de queda e descargas el\u00e9tricas e n\u00e3o estacione ve\u00edculos pr\u00f3ximos a torres de transmiss\u00e3o e placas de propaganda).&nbsp;<\/p>\n\n\n\n<p class=\"wp-block-paragraph\">&#8211; Evite usar aparelhos eletr\u00f4nicos ligados \u00e0 tomada.&nbsp;<\/p>\n\n\n\n<p class=\"wp-block-paragraph\">&#8211; Obtenha mais informa\u00e7\u00f5es junto \u00e0 Defesa Civil (telefone 199) e ao Corpo de Bombeiros (telefone 193).<\/p>\n\n\n\n<p class=\"wp-block-paragraph\"><\/p>\n\n\n\n<h3 class=\"wp-block-heading\">Confira a lista de cidades que podem ter tempestade com granizo nesta quarta-feira (29):<\/h3>\n\n\n\n<p class=\"wp-block-paragraph\">Aiuruoca<br>Alagoa<br>Al\u00e9m Para\u00edba<br>Alfredo Vasconcelos<br>Alto Rio Doce<br>Andrel\u00e2ndia<br>Ant\u00f4nio Carlos<br>Ant\u00f4nio Prado de Minas<br>Aracitaba<br>Arantina<br>Araponga<br>Argirita<br>Astolfo Dutra<br>Baependi<br>Bar\u00e3o de Monte Alto<br>Barbacena<br>Barroso<br>Belmiro Braga<br>Bias Fortes<br>Bicas<br>Bocaina de Minas<br>Bom Jardim de Minas<br>Bom Repouso<br>Bom Sucesso<br>Borda da Mata<br>Br\u00e1s Pires<br>Braz\u00f3polis<br>Bueno Brand\u00e3o<br>Cachoeira de Minas<br>Cajuri<br>Camanducaia<br>Cambu\u00ed<br>Cambuquira<br>Campanha<br>Campo Belo<br>Cana\u00e3<br>Cana Verde<br>Capela Nova<br>Carana\u00edba<br>Caranda\u00ed<br>Carea\u00e7u<br>Carmo da Cachoeira<br>Carmo de Minas<br>Carm\u00f3polis de Minas<br>Carrancas<br>Carvalh\u00f3polis<br>Carvalhos<br>Casa Grande<br>Cataguases<br>Catas Altas da Noruega<br>Caxambu<br>Ch\u00e1cara<br>Chiador<br>Cipot\u00e2nea<br>Coimbra<br>Concei\u00e7\u00e3o da Barra de Minas<br>Concei\u00e7\u00e3o das Pedras<br>Concei\u00e7\u00e3o do Rio Verde<br>Concei\u00e7\u00e3o dos Ouros<br>Congonhal<br>Congonhas<br>Conselheiro Lafaiete<br>Consola\u00e7\u00e3o<br>Coqueiral<br>Cordisl\u00e2ndia<br>Coronel Pacheco<br>Coronel Xavier Chaves<br>C\u00f3rrego do Bom Jesus<br>Cristiano Otoni<br>Cristina<br>Cruz\u00edlia<br>Delfim Moreira<br>Descoberto<br>Desterro de Entre Rios<br>Desterro do Melo<br>Diogo de Vasconcelos<br>Divin\u00e9sia<br>Dom Vi\u00e7oso<br>Dona Eus\u00e9bia<br>Dores de Campos<br>Dores do Turvo<br>El\u00f3i Mendes<br>Entre Rios de Minas<br>Erv\u00e1lia<br>Esp\u00edrito Santo do Dourado<br>Estiva<br>Estrela Dalva<br>Eugen\u00f3polis<br>Ewbank da C\u00e2mara<br>Extrema<br>Fervedouro<br>Goian\u00e1<br>Gon\u00e7alves<br>Guaraciaba<br>Guarani<br>Guarar\u00e1<br>Guidoval<br>Guiricema<br>Heliodora<br>Ibertioga<br>Ibituruna<br>Ijaci<br>Inconfidentes<br>Inga\u00ed<br>Ipui\u00fana<br>Itajub\u00e1<br>Itamarati de Minas<br>Itamonte<br>Itanhandu<br>Itapeva<br>Itaverava<br>Itumirim<br>Itutinga<br>Jeceaba<br>Jesu\u00e2nia<br>Juiz de Fora<br>Lagoa Dourada<br>Lambari<br>Lamim<br>Laranjal<br>Lavras<br>Leopoldina<br>Liberdade<br>Lima Duarte<br>Lumin\u00e1rias<br>Machado<br>Madre de Deus de Minas<br>Mar de Espanha<br>Maria da F\u00e9<br>Mariana<br>Marip\u00e1 de Minas<br>Marmel\u00f3polis<br>Matias Barbosa<br>Merc\u00eas<br>Minduri<br>Miradouro<br>Mira\u00ed<br>Monsenhor Paulo<br>Monte Si\u00e3o<br>Munhoz<br>Muria\u00e9<br>Nat\u00e9rcia<br>Nazareno<br>Nepomuceno<br>Olaria<br>Ol\u00edmpio Noronha<br>Oliveira<br>Oliveira Fortes<br>Ouro Branco<br>Ouro Fino<br>Ouro Preto<br>Paiva<br>Palma<br>Paragua\u00e7u<br>Parais\u00f3polis<br>Passa Quatro<br>Passa Tempo<br>Passa Vinte<br>Patroc\u00ednio do Muria\u00e9<br>Paula C\u00e2ndido<br>Pedra do Anta<br>Pedralva<br>Pedro Teixeira<br>Pequeri<br>Perd\u00f5es<br>Piau<br>Piedade do Rio Grande<br>Piracema<br>Piranga<br>Pirangu\u00e7u<br>Piranguinho<br>Pirapetinga<br>Pira\u00faba<br>Po\u00e7o Fundo<br>Porto Firme<br>Pouso Alegre<br>Pouso Alto<br>Prados<br>Presidente Bernardes<br>Queluzito<br>Recreio<br>Resende Costa<br>Ressaquinha<br>Ribeir\u00e3o Vermelho<br>Rio Espera<br>Rio Novo<br>Rio Pomba<br>Rio Preto<br>Rit\u00e1polis<br>Rochedo de Minas<br>Rodeiro<br>Ros\u00e1rio da Limeira<br>Santa B\u00e1rbara do Monte Verde<br>Santa B\u00e1rbara do Tug\u00fario<br>Santa Cruz de Minas<br>Santana da Vargem<br>Santana de Cataguases<br>Santana do Deserto<br>Santana do Garamb\u00e9u<br>Santana do Jacar\u00e9<br>Santana dos Montes<br>Santa Rita de Ibitipoca<br>Santa Rita de Jacutinga<br>Santa Rita do Sapuca\u00ed<br>Santo Ant\u00f4nio do Amparo<br>Santo Ant\u00f4nio do Aventureiro<br>Santos Dumont<br>S\u00e3o Bento Abade<br>S\u00e3o Br\u00e1s do Sua\u00e7u\u00ed<br>S\u00e3o Francisco de Paula<br>S\u00e3o Francisco do Gl\u00f3ria<br>S\u00e3o Geraldo<br>S\u00e3o Gon\u00e7alo do Sapuca\u00ed<br>S\u00e3o Jo\u00e3o da Mata<br>S\u00e3o Jo\u00e3o del Rei<br>S\u00e3o Jo\u00e3o Nepomuceno<br>S\u00e3o Jos\u00e9 do Alegre<br>S\u00e3o Louren\u00e7o<br>S\u00e3o Miguel do Anta<br>S\u00e3o Sebasti\u00e3o da Bela Vista<br>S\u00e3o Sebasti\u00e3o da Vargem Alegre<br>S\u00e3o Sebasti\u00e3o do Rio Verde<br>S\u00e3o Thom\u00e9 das Letras<br>S\u00e3o Tiago<br>S\u00e3o Vicente de Minas<br>Sapuca\u00ed-Mirim<br>Senador Amaral<br>Senador Cortes<br>Senador Firmino<br>Senador Jos\u00e9 Bento<br>Senhora de Oliveira<br>Senhora dos Rem\u00e9dios<br>Seritinga<br>Serranos<br>Silveir\u00e2nia<br>Silvian\u00f3polis<br>Sim\u00e3o Pereira<br>Soledade de Minas<br>Tabuleiro<br>Teixeiras<br>Tiradentes<br>Tocantins<br>Tocos do Moji<br>Toledo<br>Tombos<br>Tr\u00eas Cora\u00e7\u00f5es<br>Tr\u00eas Pontas<br>Turvol\u00e2ndia<br>Ub\u00e1<br>Varginha<br>Vi\u00e7osa<br>Vieiras<br>Virg\u00ednia<br>Visconde do Rio Branco<br>Volta Grande<br>Wenceslau Braz<\/p>\n\n\n\n<p class=\"wp-block-paragraph\">&#8212;&#8212;&#8212;&#8212;&#8212;&#8212;<br><em>Quer receber as not\u00edcias do <strong>Aconteceu no Vale<\/strong> em primeira m\u00e3o? Siga-nos no Facebook <a rel=\"noreferrer noopener\" href=\"http:\/\/facebook.com\/aconteceunovale\" target=\"_blank\">@aconteceunovale<\/a>, Twitter <a rel=\"noreferrer noopener\" href=\"https:\/\/twitter.com\/noticiadosvales\" target=\"_blank\">@noticiadosvales<\/a> e Instagram <a rel=\"noreferrer noopener\" href=\"https:\/\/www.instagram.com\/aconteceunovale\" target=\"_blank\">@aconteceunovale<\/a>.<\/em><\/p>\n","protected":false},"excerpt":{"rendered":"<p>O Instituto Nacional de Meteorologia (Inmet) emitiu um novo alerta para tempestades com granizo e fortes ventos v\u00e1lido para 256 cidades de Minas Gerais. A expectativa \u00e9 que os temporais atinjam os munic\u00edpios ao longo de toda quarta-feira (29\/9\/2021). As cidades que podem ser afetadas (veja lista abaixo)\u00a0se localizam no Sul\/Sudoeste de Minas, Zona da [&hellip;]<\/p>\n","protected":false},"author":4,"featured_media":182374,"comment_status":"open","ping_status":"closed","sticky":false,"template":"","format":"standard","meta":{"amp_status":"","footnotes":""},"categories":[123],"tags":[251830,215611,164964,251827,187356,251829,1018,252016,251828,100056,131,1839,215280,215284],"class_list":["post-182373","post","type-post","status-publish","format-standard","has-post-thumbnail","hentry","category-gerais","tag-alerta-de-chuva-do-inmet","tag-alerta-de-chuva-em-minas-gerais","tag-alerta-de-chuva-intensa-em-minas-gerais","tag-alerta-do-inmet-minas-gerais","tag-chuva-de-granizo-em-minas-gerais","tag-cidades-atingidas-por-chuvas-em-minas-gerais","tag-destaque","tag-granizo-em-minas-gerais","tag-inmet-minas-gerais","tag-instituto-nacional-de-meteorologia","tag-minas-gerais","tag-previsao-do-tempo-para-minas-gerais","tag-tempestade-em-minas-gerais","tag-temporal-em-minas-gerais"],"yoast_head":"<!-- This site is optimized with the Yoast SEO plugin v28.3 - https:\/\/yoast.com\/product\/yoast-seo-wordpress\/ -->\n<title>Minas Gerais tem novo alerta de tempestade e granizo em 256 munic\u00edpios - Aconteceu no Vale<\/title>\n<meta name=\"robots\" content=\"index, follow, max-snippet:-1, max-image-preview:large, max-video-preview:-1\" \/>\n<link rel=\"canonical\" href=\"https:\/\/aconteceunovale.com.br\/portal\/?p=182373\" \/>\n<meta property=\"og:locale\" content=\"pt_BR\" \/>\n<meta property=\"og:type\" content=\"article\" \/>\n<meta property=\"og:title\" content=\"Minas Gerais tem novo alerta de tempestade e granizo em 256 munic\u00edpios - Aconteceu no Vale\" \/>\n<meta property=\"og:description\" content=\"O Instituto Nacional de Meteorologia (Inmet) emitiu um novo alerta para tempestades com granizo e fortes ventos v\u00e1lido para 256 cidades de Minas Gerais. A expectativa \u00e9 que os temporais atinjam os munic\u00edpios ao longo de toda quarta-feira (29\/9\/2021). As cidades que podem ser afetadas (veja lista abaixo)\u00a0se localizam no Sul\/Sudoeste de Minas, Zona da [&hellip;]\" \/>\n<meta property=\"og:url\" content=\"https:\/\/aconteceunovale.com.br\/portal\/?p=182373\" \/>\n<meta property=\"og:site_name\" content=\"Aconteceu no Vale\" \/>\n<meta property=\"article:publisher\" content=\"https:\/\/www.facebook.com\/aconteceunovale\/\" \/>\n<meta property=\"article:published_time\" content=\"2021-09-28T23:36:54+00:00\" \/>\n<meta property=\"article:modified_time\" content=\"2021-09-28T23:37:42+00:00\" \/>\n<meta property=\"og:image\" content=\"https:\/\/aconteceunovale.com.br\/portal\/wp-content\/uploads\/2021\/09\/granizo_mg.png\" \/>\n\t<meta property=\"og:image:width\" content=\"678\" \/>\n\t<meta property=\"og:image:height\" content=\"415\" \/>\n\t<meta property=\"og:image:type\" content=\"image\/png\" \/>\n<meta name=\"author\" content=\"Reda\u00e7\u00e3o Aconteceu no Vale\" \/>\n<meta name=\"twitter:card\" content=\"summary_large_image\" \/>\n<meta name=\"twitter:creator\" content=\"@noticiadosvales\" \/>\n<meta name=\"twitter:site\" content=\"@noticiadosvales\" \/>\n<meta name=\"twitter:label1\" content=\"Escrito por\" \/>\n\t<meta name=\"twitter:data1\" content=\"Reda\u00e7\u00e3o Aconteceu no Vale\" \/>\n\t<meta name=\"twitter:label2\" content=\"Est. tempo de leitura\" \/>\n\t<meta name=\"twitter:data2\" content=\"3 minutos\" \/>\n<script type=\"application\/ld+json\" class=\"yoast-schema-graph\">{\"@context\":\"https:\\\/\\\/schema.org\",\"@graph\":[{\"@type\":\"Article\",\"@id\":\"https:\\\/\\\/aconteceunovale.com.br\\\/portal\\\/?p=182373#article\",\"isPartOf\":{\"@id\":\"https:\\\/\\\/aconteceunovale.com.br\\\/portal\\\/?p=182373\"},\"author\":{\"name\":\"Reda\u00e7\u00e3o Aconteceu no Vale\",\"@id\":\"https:\\\/\\\/aconteceunovale.com.br\\\/portal\\\/#\\\/schema\\\/person\\\/7d2f26d1483f8a63de73da1ee0754d35\"},\"headline\":\"Minas Gerais tem novo alerta de tempestade e granizo em 256 munic\u00edpios\",\"datePublished\":\"2021-09-28T23:36:54+00:00\",\"dateModified\":\"2021-09-28T23:37:42+00:00\",\"mainEntityOfPage\":{\"@id\":\"https:\\\/\\\/aconteceunovale.com.br\\\/portal\\\/?p=182373\"},\"wordCount\":598,\"commentCount\":0,\"image\":{\"@id\":\"https:\\\/\\\/aconteceunovale.com.br\\\/portal\\\/?p=182373#primaryimage\"},\"thumbnailUrl\":\"https:\\\/\\\/aconteceunovale.com.br\\\/portal\\\/wp-content\\\/uploads\\\/2021\\\/09\\\/granizo_mg.png\",\"keywords\":[\"Alerta de chuva do Inmet\",\"Alerta de chuva em Minas Gerais\",\"Alerta de chuva intensa em Minas Gerais\",\"Alerta do Inmet Minas Gerais\",\"Chuva de granizo em Minas Gerais\",\"Cidades atingidas por chuvas em Minas Gerais\",\"destaque\",\"Granizo em Minas Gerais\",\"Inmet Minas Gerais\",\"Instituto Nacional de Meteorologia\",\"Minas Gerais\",\"previs\u00e3o do tempo para minas gerais\",\"Tempestade em Minas Gerais\",\"Temporal em Minas Gerais\"],\"articleSection\":[\"Minas Gerais\"],\"inLanguage\":\"pt-BR\",\"potentialAction\":[{\"@type\":\"CommentAction\",\"name\":\"Comment\",\"target\":[\"https:\\\/\\\/aconteceunovale.com.br\\\/portal\\\/?p=182373#respond\"]}]},{\"@type\":\"WebPage\",\"@id\":\"https:\\\/\\\/aconteceunovale.com.br\\\/portal\\\/?p=182373\",\"url\":\"https:\\\/\\\/aconteceunovale.com.br\\\/portal\\\/?p=182373\",\"name\":\"Minas Gerais tem novo alerta de tempestade e granizo em 256 munic\u00edpios - Aconteceu no Vale\",\"isPartOf\":{\"@id\":\"https:\\\/\\\/aconteceunovale.com.br\\\/portal\\\/#website\"},\"primaryImageOfPage\":{\"@id\":\"https:\\\/\\\/aconteceunovale.com.br\\\/portal\\\/?p=182373#primaryimage\"},\"image\":{\"@id\":\"https:\\\/\\\/aconteceunovale.com.br\\\/portal\\\/?p=182373#primaryimage\"},\"thumbnailUrl\":\"https:\\\/\\\/aconteceunovale.com.br\\\/portal\\\/wp-content\\\/uploads\\\/2021\\\/09\\\/granizo_mg.png\",\"datePublished\":\"2021-09-28T23:36:54+00:00\",\"dateModified\":\"2021-09-28T23:37:42+00:00\",\"author\":{\"@id\":\"https:\\\/\\\/aconteceunovale.com.br\\\/portal\\\/#\\\/schema\\\/person\\\/7d2f26d1483f8a63de73da1ee0754d35\"},\"breadcrumb\":{\"@id\":\"https:\\\/\\\/aconteceunovale.com.br\\\/portal\\\/?p=182373#breadcrumb\"},\"inLanguage\":\"pt-BR\",\"potentialAction\":[{\"@type\":\"ReadAction\",\"target\":[\"https:\\\/\\\/aconteceunovale.com.br\\\/portal\\\/?p=182373\"]}]},{\"@type\":\"ImageObject\",\"inLanguage\":\"pt-BR\",\"@id\":\"https:\\\/\\\/aconteceunovale.com.br\\\/portal\\\/?p=182373#primaryimage\",\"url\":\"https:\\\/\\\/aconteceunovale.com.br\\\/portal\\\/wp-content\\\/uploads\\\/2021\\\/09\\\/granizo_mg.png\",\"contentUrl\":\"https:\\\/\\\/aconteceunovale.com.br\\\/portal\\\/wp-content\\\/uploads\\\/2021\\\/09\\\/granizo_mg.png\",\"width\":678,\"height\":415},{\"@type\":\"BreadcrumbList\",\"@id\":\"https:\\\/\\\/aconteceunovale.com.br\\\/portal\\\/?p=182373#breadcrumb\",\"itemListElement\":[{\"@type\":\"ListItem\",\"position\":1,\"name\":\"In\u00edcio\",\"item\":\"https:\\\/\\\/aconteceunovale.com.br\\\/portal\\\/\"},{\"@type\":\"ListItem\",\"position\":2,\"name\":\"Minas Gerais tem novo alerta de tempestade e granizo em 256 munic\u00edpios\"}]},{\"@type\":\"WebSite\",\"@id\":\"https:\\\/\\\/aconteceunovale.com.br\\\/portal\\\/#website\",\"url\":\"https:\\\/\\\/aconteceunovale.com.br\\\/portal\\\/\",\"name\":\"Aconteceu no Vale\",\"description\":\"Portal de Not\u00edcias\",\"potentialAction\":[{\"@type\":\"SearchAction\",\"target\":{\"@type\":\"EntryPoint\",\"urlTemplate\":\"https:\\\/\\\/aconteceunovale.com.br\\\/portal\\\/?s={search_term_string}\"},\"query-input\":{\"@type\":\"PropertyValueSpecification\",\"valueRequired\":true,\"valueName\":\"search_term_string\"}}],\"inLanguage\":\"pt-BR\"},{\"@type\":\"Person\",\"@id\":\"https:\\\/\\\/aconteceunovale.com.br\\\/portal\\\/#\\\/schema\\\/person\\\/7d2f26d1483f8a63de73da1ee0754d35\",\"name\":\"Reda\u00e7\u00e3o Aconteceu no Vale\",\"description\":\"Equipe de reportagem do Aconteceu no Vale, portal de not\u00edcias do Vale do Jequitinhonha, em Minas Gerais. Cobrimos as 51 cidades do Vale desde 2013. Sugest\u00f5es de pauta e pedidos de corre\u00e7\u00e3o: contato@aconteceunovale.com.br\",\"url\":\"https:\\\/\\\/aconteceunovale.com.br\\\/portal\\\/?author=4\"}]}<\/script>\n<!-- \/ Yoast SEO plugin. -->","yoast_head_json":{"title":"Minas Gerais tem novo alerta de tempestade e granizo em 256 munic\u00edpios - Aconteceu no Vale","robots":{"index":"index","follow":"follow","max-snippet":"max-snippet:-1","max-image-preview":"max-image-preview:large","max-video-preview":"max-video-preview:-1"},"canonical":"https:\/\/aconteceunovale.com.br\/portal\/?p=182373","og_locale":"pt_BR","og_type":"article","og_title":"Minas Gerais tem novo alerta de tempestade e granizo em 256 munic\u00edpios - Aconteceu no Vale","og_description":"O Instituto Nacional de Meteorologia (Inmet) emitiu um novo alerta para tempestades com granizo e fortes ventos v\u00e1lido para 256 cidades de Minas Gerais. A expectativa \u00e9 que os temporais atinjam os munic\u00edpios ao longo de toda quarta-feira (29\/9\/2021). As cidades que podem ser afetadas (veja lista abaixo)\u00a0se localizam no Sul\/Sudoeste de Minas, Zona da [&hellip;]","og_url":"https:\/\/aconteceunovale.com.br\/portal\/?p=182373","og_site_name":"Aconteceu no Vale","article_publisher":"https:\/\/www.facebook.com\/aconteceunovale\/","article_published_time":"2021-09-28T23:36:54+00:00","article_modified_time":"2021-09-28T23:37:42+00:00","og_image":[{"width":678,"height":415,"url":"https:\/\/aconteceunovale.com.br\/portal\/wp-content\/uploads\/2021\/09\/granizo_mg.png","type":"image\/png"}],"author":"Reda\u00e7\u00e3o Aconteceu no Vale","twitter_card":"summary_large_image","twitter_creator":"@noticiadosvales","twitter_site":"@noticiadosvales","twitter_misc":{"Escrito por":"Reda\u00e7\u00e3o Aconteceu no Vale","Est. tempo de leitura":"3 minutos"},"schema":{"@context":"https:\/\/schema.org","@graph":[{"@type":"Article","@id":"https:\/\/aconteceunovale.com.br\/portal\/?p=182373#article","isPartOf":{"@id":"https:\/\/aconteceunovale.com.br\/portal\/?p=182373"},"author":{"name":"Reda\u00e7\u00e3o Aconteceu no Vale","@id":"https:\/\/aconteceunovale.com.br\/portal\/#\/schema\/person\/7d2f26d1483f8a63de73da1ee0754d35"},"headline":"Minas Gerais tem novo alerta de tempestade e granizo em 256 munic\u00edpios","datePublished":"2021-09-28T23:36:54+00:00","dateModified":"2021-09-28T23:37:42+00:00","mainEntityOfPage":{"@id":"https:\/\/aconteceunovale.com.br\/portal\/?p=182373"},"wordCount":598,"commentCount":0,"image":{"@id":"https:\/\/aconteceunovale.com.br\/portal\/?p=182373#primaryimage"},"thumbnailUrl":"https:\/\/aconteceunovale.com.br\/portal\/wp-content\/uploads\/2021\/09\/granizo_mg.png","keywords":["Alerta de chuva do Inmet","Alerta de chuva em Minas Gerais","Alerta de chuva intensa em Minas Gerais","Alerta do Inmet Minas Gerais","Chuva de granizo em Minas Gerais","Cidades atingidas por chuvas em Minas Gerais","destaque","Granizo em Minas Gerais","Inmet Minas Gerais","Instituto Nacional de Meteorologia","Minas Gerais","previs\u00e3o do tempo para minas gerais","Tempestade em Minas Gerais","Temporal em Minas Gerais"],"articleSection":["Minas Gerais"],"inLanguage":"pt-BR","potentialAction":[{"@type":"CommentAction","name":"Comment","target":["https:\/\/aconteceunovale.com.br\/portal\/?p=182373#respond"]}]},{"@type":"WebPage","@id":"https:\/\/aconteceunovale.com.br\/portal\/?p=182373","url":"https:\/\/aconteceunovale.com.br\/portal\/?p=182373","name":"Minas Gerais tem novo alerta de tempestade e granizo em 256 munic\u00edpios - Aconteceu no Vale","isPartOf":{"@id":"https:\/\/aconteceunovale.com.br\/portal\/#website"},"primaryImageOfPage":{"@id":"https:\/\/aconteceunovale.com.br\/portal\/?p=182373#primaryimage"},"image":{"@id":"https:\/\/aconteceunovale.com.br\/portal\/?p=182373#primaryimage"},"thumbnailUrl":"https:\/\/aconteceunovale.com.br\/portal\/wp-content\/uploads\/2021\/09\/granizo_mg.png","datePublished":"2021-09-28T23:36:54+00:00","dateModified":"2021-09-28T23:37:42+00:00","author":{"@id":"https:\/\/aconteceunovale.com.br\/portal\/#\/schema\/person\/7d2f26d1483f8a63de73da1ee0754d35"},"breadcrumb":{"@id":"https:\/\/aconteceunovale.com.br\/portal\/?p=182373#breadcrumb"},"inLanguage":"pt-BR","potentialAction":[{"@type":"ReadAction","target":["https:\/\/aconteceunovale.com.br\/portal\/?p=182373"]}]},{"@type":"ImageObject","inLanguage":"pt-BR","@id":"https:\/\/aconteceunovale.com.br\/portal\/?p=182373#primaryimage","url":"https:\/\/aconteceunovale.com.br\/portal\/wp-content\/uploads\/2021\/09\/granizo_mg.png","contentUrl":"https:\/\/aconteceunovale.com.br\/portal\/wp-content\/uploads\/2021\/09\/granizo_mg.png","width":678,"height":415},{"@type":"BreadcrumbList","@id":"https:\/\/aconteceunovale.com.br\/portal\/?p=182373#breadcrumb","itemListElement":[{"@type":"ListItem","position":1,"name":"In\u00edcio","item":"https:\/\/aconteceunovale.com.br\/portal\/"},{"@type":"ListItem","position":2,"name":"Minas Gerais tem novo alerta de tempestade e granizo em 256 munic\u00edpios"}]},{"@type":"WebSite","@id":"https:\/\/aconteceunovale.com.br\/portal\/#website","url":"https:\/\/aconteceunovale.com.br\/portal\/","name":"Aconteceu no Vale","description":"Portal de Not\u00edcias","potentialAction":[{"@type":"SearchAction","target":{"@type":"EntryPoint","urlTemplate":"https:\/\/aconteceunovale.com.br\/portal\/?s={search_term_string}"},"query-input":{"@type":"PropertyValueSpecification","valueRequired":true,"valueName":"search_term_string"}}],"inLanguage":"pt-BR"},{"@type":"Person","@id":"https:\/\/aconteceunovale.com.br\/portal\/#\/schema\/person\/7d2f26d1483f8a63de73da1ee0754d35","name":"Reda\u00e7\u00e3o Aconteceu no Vale","description":"Equipe de reportagem do Aconteceu no Vale, portal de not\u00edcias do Vale do Jequitinhonha, em Minas Gerais. Cobrimos as 51 cidades do Vale desde 2013. Sugest\u00f5es de pauta e pedidos de corre\u00e7\u00e3o: contato@aconteceunovale.com.br","url":"https:\/\/aconteceunovale.com.br\/portal\/?author=4"}]}},"_links":{"self":[{"href":"https:\/\/aconteceunovale.com.br\/portal\/index.php?rest_route=\/wp\/v2\/posts\/182373","targetHints":{"allow":["GET"]}}],"collection":[{"href":"https:\/\/aconteceunovale.com.br\/portal\/index.php?rest_route=\/wp\/v2\/posts"}],"about":[{"href":"https:\/\/aconteceunovale.com.br\/portal\/index.php?rest_route=\/wp\/v2\/types\/post"}],"author":[{"embeddable":true,"href":"https:\/\/aconteceunovale.com.br\/portal\/index.php?rest_route=\/wp\/v2\/users\/4"}],"replies":[{"embeddable":true,"href":"https:\/\/aconteceunovale.com.br\/portal\/index.php?rest_route=%2Fwp%2Fv2%2Fcomments&post=182373"}],"version-history":[{"count":1,"href":"https:\/\/aconteceunovale.com.br\/portal\/index.php?rest_route=\/wp\/v2\/posts\/182373\/revisions"}],"predecessor-version":[{"id":182375,"href":"https:\/\/aconteceunovale.com.br\/portal\/index.php?rest_route=\/wp\/v2\/posts\/182373\/revisions\/182375"}],"wp:featuredmedia":[{"embeddable":true,"href":"https:\/\/aconteceunovale.com.br\/portal\/index.php?rest_route=\/wp\/v2\/media\/182374"}],"wp:attachment":[{"href":"https:\/\/aconteceunovale.com.br\/portal\/index.php?rest_route=%2Fwp%2Fv2%2Fmedia&parent=182373"}],"wp:term":[{"taxonomy":"category","embeddable":true,"href":"https:\/\/aconteceunovale.com.br\/portal\/index.php?rest_route=%2Fwp%2Fv2%2Fcategories&post=182373"},{"taxonomy":"post_tag","embeddable":true,"href":"https:\/\/aconteceunovale.com.br\/portal\/index.php?rest_route=%2Fwp%2Fv2%2Ftags&post=182373"}],"curies":[{"name":"wp","href":"https:\/\/api.w.org\/{rel}","templated":true}]}}