{"id":182367,"date":"2021-09-28T20:03:05","date_gmt":"2021-09-28T23:03:05","guid":{"rendered":"https:\/\/aconteceunovale.com.br\/portal\/?p=182367"},"modified":"2021-09-28T20:03:35","modified_gmt":"2021-09-28T23:03:35","slug":"congresso-nacional-promulga-pec-da-reforma-eleitoral","status":"publish","type":"post","link":"https:\/\/aconteceunovale.com.br\/portal\/?p=182367","title":{"rendered":"Congresso Nacional promulga PEC da reforma eleitoral"},"content":{"rendered":"\n<p class=\"wp-block-paragraph\">O Congresso Nacional promulgou nesta ter\u00e7a-feira (28\/9\/2021) a reforma eleitoral estabelecida pela Emenda Constitucional 111. As novas regras j\u00e1 ser\u00e3o aplicadas a partir das elei\u00e7\u00f5es de 2022.<img decoding=\"async\" src=\"https:\/\/agenciabrasil.ebc.com.br\/ebc.png?id=1422866&amp;o=node\"><img decoding=\"async\" src=\"https:\/\/agenciabrasil.ebc.com.br\/ebc.gif?id=1422866&amp;o=node\"><\/p>\n\n\n\n<figure class=\"wp-block-gallery columns-1 is-cropped wp-block-gallery-1 is-layout-flex wp-block-gallery-is-layout-flex\"><ul class=\"blocks-gallery-grid\"><li class=\"blocks-gallery-item\"><figure><img loading=\"lazy\" decoding=\"async\" width=\"678\" height=\"406\" src=\"https:\/\/aconteceunovale.com.br\/portal\/wp-content\/uploads\/2021\/09\/pec_reforma_eleitoral.jpg\" alt=\"\" data-id=\"182368\" data-full-url=\"https:\/\/aconteceunovale.com.br\/portal\/wp-content\/uploads\/2021\/09\/pec_reforma_eleitoral.jpg\" data-link=\"https:\/\/aconteceunovale.com.br\/portal\/?attachment_id=182368\" class=\"wp-image-182368\" srcset=\"https:\/\/aconteceunovale.com.br\/portal\/wp-content\/uploads\/2021\/09\/pec_reforma_eleitoral.jpg 678w, https:\/\/aconteceunovale.com.br\/portal\/wp-content\/uploads\/2021\/09\/pec_reforma_eleitoral-300x180.jpg 300w\" sizes=\"auto, (max-width: 678px) 100vw, 678px\" \/><figcaption class=\"blocks-gallery-item__caption\"><em>Foto: Waldemir Barreto\/Ag\u00eancia Senado<\/em><\/figcaption><\/figure><\/li><\/ul><\/figure>\n\n\n\n<p class=\"wp-block-paragraph\">Aprovada no Senado na semana passada, entre os principais pontos est\u00e1 a contagem em dobro dos votos dados a candidatos negros, \u00edndios e mulheres para efeito da distribui\u00e7\u00e3o dos recursos dos fundos partid\u00e1rio e eleitoral nas elei\u00e7\u00f5es de 2022 a 2030.<\/p>\n\n\n\n<p class=\"wp-block-paragraph\">A medida tamb\u00e9m abre uma possibilidade para deputados e vereadores n\u00e3o perderem o mandato se deixarem os partidos, desde que haja anu\u00eancia das legendas para essa sa\u00edda. Al\u00e9m disso, fica prevista a mudan\u00e7a na data das posses de presidente da Rep\u00fablica e governadores. No caso do primeiro, a posse ser\u00e1 no dia 5 de janeiro, e no dos governadores, no dia seguinte, 6 de janeiro. Essa mudan\u00e7a valer\u00e1 a partir da elei\u00e7\u00e3o de 2026.<\/p>\n\n\n\n<p class=\"wp-block-paragraph\">Para o presidente do Congresso, senador Rodrigo Pacheco (DEM-MG), a reforma \u00e9 \u201cenxuta, mas com preceitos que contribuem para o equil\u00edbrio da atividade pol\u00edtica brasileira\u201d.<\/p>\n\n\n\n<p class=\"wp-block-paragraph\">&#8220;No final das contas, o entendimento do Senado Federal foi um entendimento de que o sistema eleitoral deveria e deve ser aquele que estabelecemos em 2017: o sistema proporcional, sem coliga\u00e7\u00f5es partid\u00e1rias, com cl\u00e1usula de desempenho que fa\u00e7am que os partidos possam funcionar e ter acesso ao fundo partid\u00e1rio, tempo de TV e r\u00e1dio, desde que cumpram determinadas metas ao longo do tempo. Primeira elei\u00e7\u00e3o federal com essa regra \u00e9 esta de 2022&#8221;, argumentou o parlamentar.&nbsp;<\/p>\n\n\n\n<p class=\"wp-block-paragraph\">Outro trecho mantido foi a possibilidade de realiza\u00e7\u00e3o de plebiscitos municipais durante o processo eleitoral. A ideia \u00e9 utilizar a estrutura j\u00e1 dispensada nas elei\u00e7\u00f5es em plebiscitos que sejam necess\u00e1rios em determinado munic\u00edpio. Medida semelhante \u00e9 empregada, por exemplo, nas elei\u00e7\u00f5es dos Estados Unidos.<\/p>\n\n\n\n<p class=\"wp-block-paragraph\">&#8212;&#8212;&#8212;&#8212;&#8212;&#8212;<br><em>Quer receber as not\u00edcias do <strong>Aconteceu no Vale<\/strong> em primeira m\u00e3o? Siga-nos no Facebook <a rel=\"noreferrer noopener\" href=\"http:\/\/facebook.com\/aconteceunovale\" target=\"_blank\">@aconteceunovale<\/a>, Twitter <a rel=\"noreferrer noopener\" href=\"https:\/\/twitter.com\/noticiadosvales\" target=\"_blank\">@noticiadosvales<\/a> e Instagram <a rel=\"noreferrer noopener\" href=\"https:\/\/www.instagram.com\/aconteceunovale\" target=\"_blank\">@aconteceunovale<\/a>.<\/em><\/p>\n","protected":false},"excerpt":{"rendered":"<p>O Congresso Nacional promulgou nesta ter\u00e7a-feira (28\/9\/2021) a reforma eleitoral estabelecida pela Emenda Constitucional 111. As novas regras j\u00e1 ser\u00e3o aplicadas a partir das elei\u00e7\u00f5es de 2022. Aprovada no Senado na semana passada, entre os principais pontos est\u00e1 a contagem em dobro dos votos dados a candidatos negros, \u00edndios e mulheres para efeito da distribui\u00e7\u00e3o [&hellip;]<\/p>\n","protected":false},"author":4,"featured_media":182368,"comment_status":"open","ping_status":"closed","sticky":false,"template":"","format":"standard","meta":{"amp_status":"","footnotes":""},"categories":[6,40240],"tags":[251704,251705,20922,249778,48796,252013,37137,249784,161652,102677,249782,249781,249779,86534,251706,21938,251703,249783,249780],"class_list":["post-182367","post","type-post","status-publish","format-standard","has-post-thumbnail","hentry","category-br","category-politica","tag-aprovacao-da-pec-da-reforma-eleitoral-no-senado","tag-aprovacao-da-reforma-eleitoral","tag-camara-dos-deputados","tag-camara-dos-deputados-conclui-votacao-da-pec-da-reforma-eleitoral","tag-congresso-nacional","tag-congresso-nacional-promulga-pec-da-reforma-eleitoral","tag-eleicoes-proporcionais","tag-fundo-de-financiamento-de-campanhas","tag-fundo-eleitoral","tag-fundo-partidario","tag-mudancas-com-a-reforma-eleitoral","tag-mudancas-para-as-eleicoes-2022","tag-pec-da-reforma-eleitoral","tag-reforma-eleitoral","tag-reforma-eleitoral-no-senado","tag-senado","tag-senado-aprova-pec-da-reforma-eleitoral","tag-volta-das-coligacoes-partidarias","tag-votacao-da-reforma-eleitoral"],"yoast_head":"<!-- This site is optimized with the Yoast SEO plugin v28.3 - https:\/\/yoast.com\/product\/yoast-seo-wordpress\/ -->\n<title>Congresso Nacional promulga PEC da reforma eleitoral - Aconteceu no Vale<\/title>\n<meta name=\"robots\" content=\"index, follow, max-snippet:-1, max-image-preview:large, max-video-preview:-1\" \/>\n<link rel=\"canonical\" href=\"https:\/\/aconteceunovale.com.br\/portal\/?p=182367\" \/>\n<meta property=\"og:locale\" content=\"pt_BR\" \/>\n<meta property=\"og:type\" content=\"article\" \/>\n<meta property=\"og:title\" content=\"Congresso Nacional promulga PEC da reforma eleitoral - Aconteceu no Vale\" \/>\n<meta property=\"og:description\" content=\"O Congresso Nacional promulgou nesta ter\u00e7a-feira (28\/9\/2021) a reforma eleitoral estabelecida pela Emenda Constitucional 111. As novas regras j\u00e1 ser\u00e3o aplicadas a partir das elei\u00e7\u00f5es de 2022. Aprovada no Senado na semana passada, entre os principais pontos est\u00e1 a contagem em dobro dos votos dados a candidatos negros, \u00edndios e mulheres para efeito da distribui\u00e7\u00e3o [&hellip;]\" \/>\n<meta property=\"og:url\" content=\"https:\/\/aconteceunovale.com.br\/portal\/?p=182367\" \/>\n<meta property=\"og:site_name\" content=\"Aconteceu no Vale\" \/>\n<meta property=\"article:publisher\" content=\"https:\/\/www.facebook.com\/aconteceunovale\/\" \/>\n<meta property=\"article:published_time\" content=\"2021-09-28T23:03:05+00:00\" \/>\n<meta property=\"article:modified_time\" content=\"2021-09-28T23:03:35+00:00\" \/>\n<meta property=\"og:image\" content=\"https:\/\/aconteceunovale.com.br\/portal\/wp-content\/uploads\/2021\/09\/pec_reforma_eleitoral.jpg\" \/>\n\t<meta property=\"og:image:width\" content=\"678\" \/>\n\t<meta property=\"og:image:height\" content=\"406\" \/>\n\t<meta property=\"og:image:type\" content=\"image\/jpeg\" \/>\n<meta name=\"author\" content=\"Reda\u00e7\u00e3o Aconteceu no Vale\" \/>\n<meta name=\"twitter:card\" content=\"summary_large_image\" \/>\n<meta name=\"twitter:creator\" content=\"@noticiadosvales\" \/>\n<meta name=\"twitter:site\" content=\"@noticiadosvales\" \/>\n<meta name=\"twitter:label1\" content=\"Escrito por\" \/>\n\t<meta name=\"twitter:data1\" content=\"Reda\u00e7\u00e3o Aconteceu no Vale\" \/>\n\t<meta name=\"twitter:label2\" content=\"Est. tempo de leitura\" \/>\n\t<meta name=\"twitter:data2\" content=\"2 minutos\" \/>\n<script type=\"application\/ld+json\" class=\"yoast-schema-graph\">{\"@context\":\"https:\\\/\\\/schema.org\",\"@graph\":[{\"@type\":\"Article\",\"@id\":\"https:\\\/\\\/aconteceunovale.com.br\\\/portal\\\/?p=182367#article\",\"isPartOf\":{\"@id\":\"https:\\\/\\\/aconteceunovale.com.br\\\/portal\\\/?p=182367\"},\"author\":{\"name\":\"Reda\u00e7\u00e3o Aconteceu no Vale\",\"@id\":\"https:\\\/\\\/aconteceunovale.com.br\\\/portal\\\/#\\\/schema\\\/person\\\/7d2f26d1483f8a63de73da1ee0754d35\"},\"headline\":\"Congresso Nacional promulga PEC da reforma eleitoral\",\"datePublished\":\"2021-09-28T23:03:05+00:00\",\"dateModified\":\"2021-09-28T23:03:35+00:00\",\"mainEntityOfPage\":{\"@id\":\"https:\\\/\\\/aconteceunovale.com.br\\\/portal\\\/?p=182367\"},\"wordCount\":339,\"commentCount\":0,\"image\":{\"@id\":\"https:\\\/\\\/aconteceunovale.com.br\\\/portal\\\/?p=182367#primaryimage\"},\"thumbnailUrl\":\"https:\\\/\\\/aconteceunovale.com.br\\\/portal\\\/wp-content\\\/uploads\\\/2021\\\/09\\\/pec_reforma_eleitoral.jpg\",\"keywords\":[\"Aprova\u00e7\u00e3o da PEC da reforma eleitoral no Senado\",\"Aprova\u00e7\u00e3o da reforma eleitoral\",\"C\u00e2mara dos Deputados\",\"C\u00e2mara dos Deputados conclui vota\u00e7\u00e3o da PEC da reforma eleitoral\",\"Congresso Nacional\",\"Congresso Nacional promulga PEC da reforma eleitoral\",\"elei\u00e7\u00f5es proporcionais\",\"Fundo de financiamento de campanhas\",\"Fundo eleitoral\",\"Fundo Partid\u00e1rio\",\"Mudan\u00e7as com a reforma eleitoral\",\"Mudan\u00e7as para as elei\u00e7\u00f5es 2022\",\"PEC da reforma eleitoral\",\"Reforma eleitoral\",\"Reforma eleitoral no Senado\",\"Senado\",\"Senado aprova PEC da reforma eleitoral\",\"Volta das coliga\u00e7\u00f5es partid\u00e1rias\",\"Vota\u00e7\u00e3o da reforma eleitoral\"],\"articleSection\":[\"Brasil\",\"Pol\u00edtica\"],\"inLanguage\":\"pt-BR\",\"potentialAction\":[{\"@type\":\"CommentAction\",\"name\":\"Comment\",\"target\":[\"https:\\\/\\\/aconteceunovale.com.br\\\/portal\\\/?p=182367#respond\"]}]},{\"@type\":\"WebPage\",\"@id\":\"https:\\\/\\\/aconteceunovale.com.br\\\/portal\\\/?p=182367\",\"url\":\"https:\\\/\\\/aconteceunovale.com.br\\\/portal\\\/?p=182367\",\"name\":\"Congresso Nacional promulga PEC da reforma eleitoral - Aconteceu no Vale\",\"isPartOf\":{\"@id\":\"https:\\\/\\\/aconteceunovale.com.br\\\/portal\\\/#website\"},\"primaryImageOfPage\":{\"@id\":\"https:\\\/\\\/aconteceunovale.com.br\\\/portal\\\/?p=182367#primaryimage\"},\"image\":{\"@id\":\"https:\\\/\\\/aconteceunovale.com.br\\\/portal\\\/?p=182367#primaryimage\"},\"thumbnailUrl\":\"https:\\\/\\\/aconteceunovale.com.br\\\/portal\\\/wp-content\\\/uploads\\\/2021\\\/09\\\/pec_reforma_eleitoral.jpg\",\"datePublished\":\"2021-09-28T23:03:05+00:00\",\"dateModified\":\"2021-09-28T23:03:35+00:00\",\"author\":{\"@id\":\"https:\\\/\\\/aconteceunovale.com.br\\\/portal\\\/#\\\/schema\\\/person\\\/7d2f26d1483f8a63de73da1ee0754d35\"},\"breadcrumb\":{\"@id\":\"https:\\\/\\\/aconteceunovale.com.br\\\/portal\\\/?p=182367#breadcrumb\"},\"inLanguage\":\"pt-BR\",\"potentialAction\":[{\"@type\":\"ReadAction\",\"target\":[\"https:\\\/\\\/aconteceunovale.com.br\\\/portal\\\/?p=182367\"]}]},{\"@type\":\"ImageObject\",\"inLanguage\":\"pt-BR\",\"@id\":\"https:\\\/\\\/aconteceunovale.com.br\\\/portal\\\/?p=182367#primaryimage\",\"url\":\"https:\\\/\\\/aconteceunovale.com.br\\\/portal\\\/wp-content\\\/uploads\\\/2021\\\/09\\\/pec_reforma_eleitoral.jpg\",\"contentUrl\":\"https:\\\/\\\/aconteceunovale.com.br\\\/portal\\\/wp-content\\\/uploads\\\/2021\\\/09\\\/pec_reforma_eleitoral.jpg\",\"width\":678,\"height\":406},{\"@type\":\"BreadcrumbList\",\"@id\":\"https:\\\/\\\/aconteceunovale.com.br\\\/portal\\\/?p=182367#breadcrumb\",\"itemListElement\":[{\"@type\":\"ListItem\",\"position\":1,\"name\":\"In\u00edcio\",\"item\":\"https:\\\/\\\/aconteceunovale.com.br\\\/portal\\\/\"},{\"@type\":\"ListItem\",\"position\":2,\"name\":\"Congresso Nacional promulga PEC da reforma eleitoral\"}]},{\"@type\":\"WebSite\",\"@id\":\"https:\\\/\\\/aconteceunovale.com.br\\\/portal\\\/#website\",\"url\":\"https:\\\/\\\/aconteceunovale.com.br\\\/portal\\\/\",\"name\":\"Aconteceu no Vale\",\"description\":\"Portal de Not\u00edcias\",\"potentialAction\":[{\"@type\":\"SearchAction\",\"target\":{\"@type\":\"EntryPoint\",\"urlTemplate\":\"https:\\\/\\\/aconteceunovale.com.br\\\/portal\\\/?s={search_term_string}\"},\"query-input\":{\"@type\":\"PropertyValueSpecification\",\"valueRequired\":true,\"valueName\":\"search_term_string\"}}],\"inLanguage\":\"pt-BR\"},{\"@type\":\"Person\",\"@id\":\"https:\\\/\\\/aconteceunovale.com.br\\\/portal\\\/#\\\/schema\\\/person\\\/7d2f26d1483f8a63de73da1ee0754d35\",\"name\":\"Reda\u00e7\u00e3o Aconteceu no Vale\",\"description\":\"Equipe de reportagem do Aconteceu no Vale, portal de not\u00edcias do Vale do Jequitinhonha, em Minas Gerais. Cobrimos as 51 cidades do Vale desde 2013. Sugest\u00f5es de pauta e pedidos de corre\u00e7\u00e3o: contato@aconteceunovale.com.br\",\"url\":\"https:\\\/\\\/aconteceunovale.com.br\\\/portal\\\/?author=4\"}]}<\/script>\n<!-- \/ Yoast SEO plugin. -->","yoast_head_json":{"title":"Congresso Nacional promulga PEC da reforma eleitoral - Aconteceu no Vale","robots":{"index":"index","follow":"follow","max-snippet":"max-snippet:-1","max-image-preview":"max-image-preview:large","max-video-preview":"max-video-preview:-1"},"canonical":"https:\/\/aconteceunovale.com.br\/portal\/?p=182367","og_locale":"pt_BR","og_type":"article","og_title":"Congresso Nacional promulga PEC da reforma eleitoral - Aconteceu no Vale","og_description":"O Congresso Nacional promulgou nesta ter\u00e7a-feira (28\/9\/2021) a reforma eleitoral estabelecida pela Emenda Constitucional 111. As novas regras j\u00e1 ser\u00e3o aplicadas a partir das elei\u00e7\u00f5es de 2022. Aprovada no Senado na semana passada, entre os principais pontos est\u00e1 a contagem em dobro dos votos dados a candidatos negros, \u00edndios e mulheres para efeito da distribui\u00e7\u00e3o [&hellip;]","og_url":"https:\/\/aconteceunovale.com.br\/portal\/?p=182367","og_site_name":"Aconteceu no Vale","article_publisher":"https:\/\/www.facebook.com\/aconteceunovale\/","article_published_time":"2021-09-28T23:03:05+00:00","article_modified_time":"2021-09-28T23:03:35+00:00","og_image":[{"width":678,"height":406,"url":"https:\/\/aconteceunovale.com.br\/portal\/wp-content\/uploads\/2021\/09\/pec_reforma_eleitoral.jpg","type":"image\/jpeg"}],"author":"Reda\u00e7\u00e3o Aconteceu no Vale","twitter_card":"summary_large_image","twitter_creator":"@noticiadosvales","twitter_site":"@noticiadosvales","twitter_misc":{"Escrito por":"Reda\u00e7\u00e3o Aconteceu no Vale","Est. tempo de leitura":"2 minutos"},"schema":{"@context":"https:\/\/schema.org","@graph":[{"@type":"Article","@id":"https:\/\/aconteceunovale.com.br\/portal\/?p=182367#article","isPartOf":{"@id":"https:\/\/aconteceunovale.com.br\/portal\/?p=182367"},"author":{"name":"Reda\u00e7\u00e3o Aconteceu no Vale","@id":"https:\/\/aconteceunovale.com.br\/portal\/#\/schema\/person\/7d2f26d1483f8a63de73da1ee0754d35"},"headline":"Congresso Nacional promulga PEC da reforma eleitoral","datePublished":"2021-09-28T23:03:05+00:00","dateModified":"2021-09-28T23:03:35+00:00","mainEntityOfPage":{"@id":"https:\/\/aconteceunovale.com.br\/portal\/?p=182367"},"wordCount":339,"commentCount":0,"image":{"@id":"https:\/\/aconteceunovale.com.br\/portal\/?p=182367#primaryimage"},"thumbnailUrl":"https:\/\/aconteceunovale.com.br\/portal\/wp-content\/uploads\/2021\/09\/pec_reforma_eleitoral.jpg","keywords":["Aprova\u00e7\u00e3o da PEC da reforma eleitoral no Senado","Aprova\u00e7\u00e3o da reforma eleitoral","C\u00e2mara dos Deputados","C\u00e2mara dos Deputados conclui vota\u00e7\u00e3o da PEC da reforma eleitoral","Congresso Nacional","Congresso Nacional promulga PEC da reforma eleitoral","elei\u00e7\u00f5es proporcionais","Fundo de financiamento de campanhas","Fundo eleitoral","Fundo Partid\u00e1rio","Mudan\u00e7as com a reforma eleitoral","Mudan\u00e7as para as elei\u00e7\u00f5es 2022","PEC da reforma eleitoral","Reforma eleitoral","Reforma eleitoral no Senado","Senado","Senado aprova PEC da reforma eleitoral","Volta das coliga\u00e7\u00f5es partid\u00e1rias","Vota\u00e7\u00e3o da reforma eleitoral"],"articleSection":["Brasil","Pol\u00edtica"],"inLanguage":"pt-BR","potentialAction":[{"@type":"CommentAction","name":"Comment","target":["https:\/\/aconteceunovale.com.br\/portal\/?p=182367#respond"]}]},{"@type":"WebPage","@id":"https:\/\/aconteceunovale.com.br\/portal\/?p=182367","url":"https:\/\/aconteceunovale.com.br\/portal\/?p=182367","name":"Congresso Nacional promulga PEC da reforma eleitoral - Aconteceu no Vale","isPartOf":{"@id":"https:\/\/aconteceunovale.com.br\/portal\/#website"},"primaryImageOfPage":{"@id":"https:\/\/aconteceunovale.com.br\/portal\/?p=182367#primaryimage"},"image":{"@id":"https:\/\/aconteceunovale.com.br\/portal\/?p=182367#primaryimage"},"thumbnailUrl":"https:\/\/aconteceunovale.com.br\/portal\/wp-content\/uploads\/2021\/09\/pec_reforma_eleitoral.jpg","datePublished":"2021-09-28T23:03:05+00:00","dateModified":"2021-09-28T23:03:35+00:00","author":{"@id":"https:\/\/aconteceunovale.com.br\/portal\/#\/schema\/person\/7d2f26d1483f8a63de73da1ee0754d35"},"breadcrumb":{"@id":"https:\/\/aconteceunovale.com.br\/portal\/?p=182367#breadcrumb"},"inLanguage":"pt-BR","potentialAction":[{"@type":"ReadAction","target":["https:\/\/aconteceunovale.com.br\/portal\/?p=182367"]}]},{"@type":"ImageObject","inLanguage":"pt-BR","@id":"https:\/\/aconteceunovale.com.br\/portal\/?p=182367#primaryimage","url":"https:\/\/aconteceunovale.com.br\/portal\/wp-content\/uploads\/2021\/09\/pec_reforma_eleitoral.jpg","contentUrl":"https:\/\/aconteceunovale.com.br\/portal\/wp-content\/uploads\/2021\/09\/pec_reforma_eleitoral.jpg","width":678,"height":406},{"@type":"BreadcrumbList","@id":"https:\/\/aconteceunovale.com.br\/portal\/?p=182367#breadcrumb","itemListElement":[{"@type":"ListItem","position":1,"name":"In\u00edcio","item":"https:\/\/aconteceunovale.com.br\/portal\/"},{"@type":"ListItem","position":2,"name":"Congresso Nacional promulga PEC da reforma eleitoral"}]},{"@type":"WebSite","@id":"https:\/\/aconteceunovale.com.br\/portal\/#website","url":"https:\/\/aconteceunovale.com.br\/portal\/","name":"Aconteceu no Vale","description":"Portal de Not\u00edcias","potentialAction":[{"@type":"SearchAction","target":{"@type":"EntryPoint","urlTemplate":"https:\/\/aconteceunovale.com.br\/portal\/?s={search_term_string}"},"query-input":{"@type":"PropertyValueSpecification","valueRequired":true,"valueName":"search_term_string"}}],"inLanguage":"pt-BR"},{"@type":"Person","@id":"https:\/\/aconteceunovale.com.br\/portal\/#\/schema\/person\/7d2f26d1483f8a63de73da1ee0754d35","name":"Reda\u00e7\u00e3o Aconteceu no Vale","description":"Equipe de reportagem do Aconteceu no Vale, portal de not\u00edcias do Vale do Jequitinhonha, em Minas Gerais. Cobrimos as 51 cidades do Vale desde 2013. Sugest\u00f5es de pauta e pedidos de corre\u00e7\u00e3o: contato@aconteceunovale.com.br","url":"https:\/\/aconteceunovale.com.br\/portal\/?author=4"}]}},"_links":{"self":[{"href":"https:\/\/aconteceunovale.com.br\/portal\/index.php?rest_route=\/wp\/v2\/posts\/182367","targetHints":{"allow":["GET"]}}],"collection":[{"href":"https:\/\/aconteceunovale.com.br\/portal\/index.php?rest_route=\/wp\/v2\/posts"}],"about":[{"href":"https:\/\/aconteceunovale.com.br\/portal\/index.php?rest_route=\/wp\/v2\/types\/post"}],"author":[{"embeddable":true,"href":"https:\/\/aconteceunovale.com.br\/portal\/index.php?rest_route=\/wp\/v2\/users\/4"}],"replies":[{"embeddable":true,"href":"https:\/\/aconteceunovale.com.br\/portal\/index.php?rest_route=%2Fwp%2Fv2%2Fcomments&post=182367"}],"version-history":[{"count":1,"href":"https:\/\/aconteceunovale.com.br\/portal\/index.php?rest_route=\/wp\/v2\/posts\/182367\/revisions"}],"predecessor-version":[{"id":182369,"href":"https:\/\/aconteceunovale.com.br\/portal\/index.php?rest_route=\/wp\/v2\/posts\/182367\/revisions\/182369"}],"wp:featuredmedia":[{"embeddable":true,"href":"https:\/\/aconteceunovale.com.br\/portal\/index.php?rest_route=\/wp\/v2\/media\/182368"}],"wp:attachment":[{"href":"https:\/\/aconteceunovale.com.br\/portal\/index.php?rest_route=%2Fwp%2Fv2%2Fmedia&parent=182367"}],"wp:term":[{"taxonomy":"category","embeddable":true,"href":"https:\/\/aconteceunovale.com.br\/portal\/index.php?rest_route=%2Fwp%2Fv2%2Fcategories&post=182367"},{"taxonomy":"post_tag","embeddable":true,"href":"https:\/\/aconteceunovale.com.br\/portal\/index.php?rest_route=%2Fwp%2Fv2%2Ftags&post=182367"}],"curies":[{"name":"wp","href":"https:\/\/api.w.org\/{rel}","templated":true}]}}