{"id":182337,"date":"2021-09-28T08:34:58","date_gmt":"2021-09-28T11:34:58","guid":{"rendered":"https:\/\/aconteceunovale.com.br\/portal\/?p=182337"},"modified":"2021-09-28T08:35:21","modified_gmt":"2021-09-28T11:35:21","slug":"atletico-mg-e-palmeiras-decidem-vaga-na-final-da-libertadores","status":"publish","type":"post","link":"https:\/\/aconteceunovale.com.br\/portal\/?p=182337","title":{"rendered":"Atl\u00e9tico-MG e Palmeiras decidem vaga na final da Libertadores"},"content":{"rendered":"\n<p class=\"wp-block-paragraph\">Atl\u00e9tico-MG e Palmeiras decidem nesta ter\u00e7a-feira (28\/9\/2021), a partir das 21h30 (hor\u00e1rio de Bras\u00edlia) no est\u00e1dio do Mineir\u00e3o, em Belo Horizonte, quem ser\u00e1 o primeiro finalista da atual edi\u00e7\u00e3o da Libertadores.<\/p>\n\n\n\n<figure class=\"wp-block-gallery columns-1 is-cropped wp-block-gallery-1 is-layout-flex wp-block-gallery-is-layout-flex\"><ul class=\"blocks-gallery-grid\"><li class=\"blocks-gallery-item\"><figure><img loading=\"lazy\" decoding=\"async\" width=\"678\" height=\"406\" src=\"https:\/\/aconteceunovale.com.br\/portal\/wp-content\/uploads\/2021\/09\/atletico_palmeiras_final.jpg\" alt=\"\" data-id=\"182338\" data-full-url=\"https:\/\/aconteceunovale.com.br\/portal\/wp-content\/uploads\/2021\/09\/atletico_palmeiras_final.jpg\" data-link=\"https:\/\/aconteceunovale.com.br\/portal\/?attachment_id=182338\" class=\"wp-image-182338\" srcset=\"https:\/\/aconteceunovale.com.br\/portal\/wp-content\/uploads\/2021\/09\/atletico_palmeiras_final.jpg 678w, https:\/\/aconteceunovale.com.br\/portal\/wp-content\/uploads\/2021\/09\/atletico_palmeiras_final-300x180.jpg 300w\" sizes=\"auto, (max-width: 678px) 100vw, 678px\" \/><figcaption class=\"blocks-gallery-item__caption\"><em>Foto: Pedro Souza\/Atl\u00e9tico-MG\/via Ag\u00eancia Brasil<\/em><\/figcaption><\/figure><\/li><\/ul><\/figure>\n\n\n\n<p class=\"wp-block-paragraph\">Ap\u00f3s o empate em 0 a 0 no jogo de ida, na \u00faltima semana em S\u00e3o Paulo, o Galo precisa vencer para se classificar \u00e0 sua segunda decis\u00e3o da competi\u00e7\u00e3o continental. Em 2013, o Atl\u00e9tico-MG foi campe\u00e3o superando o Ol\u00edmpia (Paraguai) na final. J\u00e1 o Palmeiras segue adiante at\u00e9 mesmo empatando com gols. Em caso de novo 0 a 0, a decis\u00e3o ser\u00e1 na disputa de p\u00eanaltis.<\/p>\n\n\n\n<p class=\"wp-block-paragraph\">A equipe comandada pelo t\u00e9cnico Abel Ferreira n\u00e3o tem nenhum desfalque para a decis\u00e3o. O prov\u00e1vel Verd\u00e3o ser\u00e1: Weverton; Marcos Rocha, Gustavo G\u00f3mez, Luan e Piquerez; Felipe Melo, Z\u00e9 Rafael, Raphael Veiga e Dudu; Rony e Luiz Adriano.<\/p>\n\n\n\n<p class=\"wp-block-paragraph\">Do lado dos donos da casa a expectativa \u00e9 sobre o aproveitamento do trio Diego Costa, Keno e Savarino. O ex-jogador do Atl\u00e9tico de Madrid (Espanha) se lesionou na coxa no primeiro confronto contra os paulistas e dificilmente deve ir a campo nesta noite.<\/p>\n\n\n\n<p class=\"wp-block-paragraph\">J\u00e1 o venezuelano Savarino j\u00e1 est\u00e1 na fase de transi\u00e7\u00e3o de uma les\u00e3o na coxa e tem chances de jogar. Dos tr\u00eas, aquele que parece mais perto do retorno \u00e9 Keno. Com um quadro de virose, o atacante n\u00e3o foi relacionado para o jogo do final de semana contra o S\u00e3o Paulo pelo Brasileiro. Por\u00e9m, tem presen\u00e7a quase certa no grupo para o jogo da noite desta ter\u00e7a-feira. Ainda com essas d\u00favidas, o prov\u00e1vel Galo \u00e9: Everson; Mariano, Nathan Silva, J\u00fanior Alonso e Guilherme Arana; Allan, Jair, Zaracho e Nacho; Hulk e Keno (Vargas).<\/p>\n\n\n\n<p class=\"wp-block-paragraph\">&#8212;&#8212;&#8212;&#8212;&#8212;&#8212;<br><em>Quer receber as not\u00edcias do <strong>Aconteceu no Vale<\/strong> em primeira m\u00e3o? Siga-nos no Facebook <a rel=\"noreferrer noopener\" href=\"http:\/\/facebook.com\/aconteceunovale\" target=\"_blank\">@aconteceunovale<\/a>, Twitter <a rel=\"noreferrer noopener\" href=\"https:\/\/twitter.com\/noticiadosvales\" target=\"_blank\">@noticiadosvales<\/a> e Instagram <a rel=\"noreferrer noopener\" href=\"https:\/\/www.instagram.com\/aconteceunovale\" target=\"_blank\">@aconteceunovale<\/a>.<\/em><\/p>\n","protected":false},"excerpt":{"rendered":"<p>Atl\u00e9tico-MG e Palmeiras decidem nesta ter\u00e7a-feira (28\/9\/2021), a partir das 21h30 (hor\u00e1rio de Bras\u00edlia) no est\u00e1dio do Mineir\u00e3o, em Belo Horizonte, quem ser\u00e1 o primeiro finalista da atual edi\u00e7\u00e3o da Libertadores. Ap\u00f3s o empate em 0 a 0 no jogo de ida, na \u00faltima semana em S\u00e3o Paulo, o Galo precisa vencer para se classificar [&hellip;]<\/p>\n","protected":false},"author":4,"featured_media":182338,"comment_status":"open","ping_status":"closed","sticky":false,"template":"","format":"standard","meta":{"amp_status":"","footnotes":""},"categories":[6],"tags":[44394,12311,2741,40575,194,1017,35552,1018,12312,34438,16500,1093,251606,251602,106706,251604,251605,251603,2382,249538,34071],"class_list":["post-182337","post","type-post","status-publish","format-standard","has-post-thumbnail","hentry","category-br","tag-allianz-parque","tag-atletico","tag-atletico-mineiro","tag-atletico-mg","tag-belo-horizonte","tag-bh","tag-copa-libertadores","tag-destaque","tag-galo","tag-libertadores","tag-mineirao","tag-palmeiras","tag-palmeiras-e-atletico","tag-palmeiras-e-atletico-iniciam-disputa-por-vaga-na-final-da-libertadores-com-empate-sem-gols","tag-palmeiras-x-atletico","tag-palmeiras-x-atletico-mineiro","tag-palmeiras-x-atletico-mg","tag-palmeiras-x-galo","tag-sao-paulo","tag-semifinal-da-libertadores","tag-taca-libertadores"],"yoast_head":"<!-- This site is optimized with the Yoast SEO plugin v28.3 - https:\/\/yoast.com\/product\/yoast-seo-wordpress\/ -->\n<title>Atl\u00e9tico-MG e Palmeiras decidem vaga na final da Libertadores - Aconteceu no Vale<\/title>\n<meta name=\"robots\" content=\"index, follow, max-snippet:-1, max-image-preview:large, max-video-preview:-1\" \/>\n<link rel=\"canonical\" href=\"https:\/\/aconteceunovale.com.br\/portal\/?p=182337\" \/>\n<meta property=\"og:locale\" content=\"pt_BR\" \/>\n<meta property=\"og:type\" content=\"article\" \/>\n<meta property=\"og:title\" content=\"Atl\u00e9tico-MG e Palmeiras decidem vaga na final da Libertadores - Aconteceu no Vale\" \/>\n<meta property=\"og:description\" content=\"Atl\u00e9tico-MG e Palmeiras decidem nesta ter\u00e7a-feira (28\/9\/2021), a partir das 21h30 (hor\u00e1rio de Bras\u00edlia) no est\u00e1dio do Mineir\u00e3o, em Belo Horizonte, quem ser\u00e1 o primeiro finalista da atual edi\u00e7\u00e3o da Libertadores. Ap\u00f3s o empate em 0 a 0 no jogo de ida, na \u00faltima semana em S\u00e3o Paulo, o Galo precisa vencer para se classificar [&hellip;]\" \/>\n<meta property=\"og:url\" content=\"https:\/\/aconteceunovale.com.br\/portal\/?p=182337\" \/>\n<meta property=\"og:site_name\" content=\"Aconteceu no Vale\" \/>\n<meta property=\"article:publisher\" content=\"https:\/\/www.facebook.com\/aconteceunovale\/\" \/>\n<meta property=\"article:published_time\" content=\"2021-09-28T11:34:58+00:00\" \/>\n<meta property=\"article:modified_time\" content=\"2021-09-28T11:35:21+00:00\" \/>\n<meta property=\"og:image\" content=\"https:\/\/aconteceunovale.com.br\/portal\/wp-content\/uploads\/2021\/09\/atletico_palmeiras_final.jpg\" \/>\n\t<meta property=\"og:image:width\" content=\"678\" \/>\n\t<meta property=\"og:image:height\" content=\"406\" \/>\n\t<meta property=\"og:image:type\" content=\"image\/jpeg\" \/>\n<meta name=\"author\" content=\"Reda\u00e7\u00e3o Aconteceu no Vale\" \/>\n<meta name=\"twitter:card\" content=\"summary_large_image\" \/>\n<meta name=\"twitter:creator\" content=\"@noticiadosvales\" \/>\n<meta name=\"twitter:site\" content=\"@noticiadosvales\" \/>\n<meta name=\"twitter:label1\" content=\"Escrito por\" \/>\n\t<meta name=\"twitter:data1\" content=\"Reda\u00e7\u00e3o Aconteceu no Vale\" \/>\n\t<meta name=\"twitter:label2\" content=\"Est. tempo de leitura\" \/>\n\t<meta name=\"twitter:data2\" content=\"2 minutos\" \/>\n<script type=\"application\/ld+json\" class=\"yoast-schema-graph\">{\"@context\":\"https:\\\/\\\/schema.org\",\"@graph\":[{\"@type\":\"Article\",\"@id\":\"https:\\\/\\\/aconteceunovale.com.br\\\/portal\\\/?p=182337#article\",\"isPartOf\":{\"@id\":\"https:\\\/\\\/aconteceunovale.com.br\\\/portal\\\/?p=182337\"},\"author\":{\"name\":\"Reda\u00e7\u00e3o Aconteceu no Vale\",\"@id\":\"https:\\\/\\\/aconteceunovale.com.br\\\/portal\\\/#\\\/schema\\\/person\\\/7d2f26d1483f8a63de73da1ee0754d35\"},\"headline\":\"Atl\u00e9tico-MG e Palmeiras decidem vaga na final da Libertadores\",\"datePublished\":\"2021-09-28T11:34:58+00:00\",\"dateModified\":\"2021-09-28T11:35:21+00:00\",\"mainEntityOfPage\":{\"@id\":\"https:\\\/\\\/aconteceunovale.com.br\\\/portal\\\/?p=182337\"},\"wordCount\":340,\"commentCount\":0,\"image\":{\"@id\":\"https:\\\/\\\/aconteceunovale.com.br\\\/portal\\\/?p=182337#primaryimage\"},\"thumbnailUrl\":\"https:\\\/\\\/aconteceunovale.com.br\\\/portal\\\/wp-content\\\/uploads\\\/2021\\\/09\\\/atletico_palmeiras_final.jpg\",\"keywords\":[\"Allianz Parque\",\"Atl\u00e9tico\",\"Atl\u00e9tico Mineiro\",\"Atl\u00e9tico-MG\",\"Belo Horizonte\",\"bh\",\"Copa Libertadores\",\"destaque\",\"galo\",\"Libertadores\",\"Mineir\u00e3o\",\"palmeiras\",\"Palmeiras e Atl\u00e9tico\",\"Palmeiras e Atl\u00e9tico iniciam disputa por vaga na final da Libertadores com empate sem gols\",\"Palmeiras x Atl\u00e9tico\",\"Palmeiras x Atl\u00e9tico Mineiro\",\"Palmeiras x Atl\u00e9tico-MG\",\"Palmeiras x Galo\",\"S\u00e3o Paulo\",\"Semifinal da Libertadores\",\"Ta\u00e7a Libertadores\"],\"articleSection\":[\"Brasil\"],\"inLanguage\":\"pt-BR\",\"potentialAction\":[{\"@type\":\"CommentAction\",\"name\":\"Comment\",\"target\":[\"https:\\\/\\\/aconteceunovale.com.br\\\/portal\\\/?p=182337#respond\"]}]},{\"@type\":\"WebPage\",\"@id\":\"https:\\\/\\\/aconteceunovale.com.br\\\/portal\\\/?p=182337\",\"url\":\"https:\\\/\\\/aconteceunovale.com.br\\\/portal\\\/?p=182337\",\"name\":\"Atl\u00e9tico-MG e Palmeiras decidem vaga na final da Libertadores - Aconteceu no Vale\",\"isPartOf\":{\"@id\":\"https:\\\/\\\/aconteceunovale.com.br\\\/portal\\\/#website\"},\"primaryImageOfPage\":{\"@id\":\"https:\\\/\\\/aconteceunovale.com.br\\\/portal\\\/?p=182337#primaryimage\"},\"image\":{\"@id\":\"https:\\\/\\\/aconteceunovale.com.br\\\/portal\\\/?p=182337#primaryimage\"},\"thumbnailUrl\":\"https:\\\/\\\/aconteceunovale.com.br\\\/portal\\\/wp-content\\\/uploads\\\/2021\\\/09\\\/atletico_palmeiras_final.jpg\",\"datePublished\":\"2021-09-28T11:34:58+00:00\",\"dateModified\":\"2021-09-28T11:35:21+00:00\",\"author\":{\"@id\":\"https:\\\/\\\/aconteceunovale.com.br\\\/portal\\\/#\\\/schema\\\/person\\\/7d2f26d1483f8a63de73da1ee0754d35\"},\"breadcrumb\":{\"@id\":\"https:\\\/\\\/aconteceunovale.com.br\\\/portal\\\/?p=182337#breadcrumb\"},\"inLanguage\":\"pt-BR\",\"potentialAction\":[{\"@type\":\"ReadAction\",\"target\":[\"https:\\\/\\\/aconteceunovale.com.br\\\/portal\\\/?p=182337\"]}]},{\"@type\":\"ImageObject\",\"inLanguage\":\"pt-BR\",\"@id\":\"https:\\\/\\\/aconteceunovale.com.br\\\/portal\\\/?p=182337#primaryimage\",\"url\":\"https:\\\/\\\/aconteceunovale.com.br\\\/portal\\\/wp-content\\\/uploads\\\/2021\\\/09\\\/atletico_palmeiras_final.jpg\",\"contentUrl\":\"https:\\\/\\\/aconteceunovale.com.br\\\/portal\\\/wp-content\\\/uploads\\\/2021\\\/09\\\/atletico_palmeiras_final.jpg\",\"width\":678,\"height\":406},{\"@type\":\"BreadcrumbList\",\"@id\":\"https:\\\/\\\/aconteceunovale.com.br\\\/portal\\\/?p=182337#breadcrumb\",\"itemListElement\":[{\"@type\":\"ListItem\",\"position\":1,\"name\":\"In\u00edcio\",\"item\":\"https:\\\/\\\/aconteceunovale.com.br\\\/portal\\\/\"},{\"@type\":\"ListItem\",\"position\":2,\"name\":\"Atl\u00e9tico-MG e Palmeiras decidem vaga na final da Libertadores\"}]},{\"@type\":\"WebSite\",\"@id\":\"https:\\\/\\\/aconteceunovale.com.br\\\/portal\\\/#website\",\"url\":\"https:\\\/\\\/aconteceunovale.com.br\\\/portal\\\/\",\"name\":\"Aconteceu no Vale\",\"description\":\"Portal de Not\u00edcias\",\"potentialAction\":[{\"@type\":\"SearchAction\",\"target\":{\"@type\":\"EntryPoint\",\"urlTemplate\":\"https:\\\/\\\/aconteceunovale.com.br\\\/portal\\\/?s={search_term_string}\"},\"query-input\":{\"@type\":\"PropertyValueSpecification\",\"valueRequired\":true,\"valueName\":\"search_term_string\"}}],\"inLanguage\":\"pt-BR\"},{\"@type\":\"Person\",\"@id\":\"https:\\\/\\\/aconteceunovale.com.br\\\/portal\\\/#\\\/schema\\\/person\\\/7d2f26d1483f8a63de73da1ee0754d35\",\"name\":\"Reda\u00e7\u00e3o Aconteceu no Vale\",\"description\":\"Equipe de reportagem do Aconteceu no Vale, portal de not\u00edcias do Vale do Jequitinhonha, em Minas Gerais. Cobrimos as 51 cidades do Vale desde 2013. Sugest\u00f5es de pauta e pedidos de corre\u00e7\u00e3o: contato@aconteceunovale.com.br\",\"url\":\"https:\\\/\\\/aconteceunovale.com.br\\\/portal\\\/?author=4\"}]}<\/script>\n<!-- \/ Yoast SEO plugin. -->","yoast_head_json":{"title":"Atl\u00e9tico-MG e Palmeiras decidem vaga na final da Libertadores - Aconteceu no Vale","robots":{"index":"index","follow":"follow","max-snippet":"max-snippet:-1","max-image-preview":"max-image-preview:large","max-video-preview":"max-video-preview:-1"},"canonical":"https:\/\/aconteceunovale.com.br\/portal\/?p=182337","og_locale":"pt_BR","og_type":"article","og_title":"Atl\u00e9tico-MG e Palmeiras decidem vaga na final da Libertadores - Aconteceu no Vale","og_description":"Atl\u00e9tico-MG e Palmeiras decidem nesta ter\u00e7a-feira (28\/9\/2021), a partir das 21h30 (hor\u00e1rio de Bras\u00edlia) no est\u00e1dio do Mineir\u00e3o, em Belo Horizonte, quem ser\u00e1 o primeiro finalista da atual edi\u00e7\u00e3o da Libertadores. Ap\u00f3s o empate em 0 a 0 no jogo de ida, na \u00faltima semana em S\u00e3o Paulo, o Galo precisa vencer para se classificar [&hellip;]","og_url":"https:\/\/aconteceunovale.com.br\/portal\/?p=182337","og_site_name":"Aconteceu no Vale","article_publisher":"https:\/\/www.facebook.com\/aconteceunovale\/","article_published_time":"2021-09-28T11:34:58+00:00","article_modified_time":"2021-09-28T11:35:21+00:00","og_image":[{"width":678,"height":406,"url":"https:\/\/aconteceunovale.com.br\/portal\/wp-content\/uploads\/2021\/09\/atletico_palmeiras_final.jpg","type":"image\/jpeg"}],"author":"Reda\u00e7\u00e3o Aconteceu no Vale","twitter_card":"summary_large_image","twitter_creator":"@noticiadosvales","twitter_site":"@noticiadosvales","twitter_misc":{"Escrito por":"Reda\u00e7\u00e3o Aconteceu no Vale","Est. tempo de leitura":"2 minutos"},"schema":{"@context":"https:\/\/schema.org","@graph":[{"@type":"Article","@id":"https:\/\/aconteceunovale.com.br\/portal\/?p=182337#article","isPartOf":{"@id":"https:\/\/aconteceunovale.com.br\/portal\/?p=182337"},"author":{"name":"Reda\u00e7\u00e3o Aconteceu no Vale","@id":"https:\/\/aconteceunovale.com.br\/portal\/#\/schema\/person\/7d2f26d1483f8a63de73da1ee0754d35"},"headline":"Atl\u00e9tico-MG e Palmeiras decidem vaga na final da Libertadores","datePublished":"2021-09-28T11:34:58+00:00","dateModified":"2021-09-28T11:35:21+00:00","mainEntityOfPage":{"@id":"https:\/\/aconteceunovale.com.br\/portal\/?p=182337"},"wordCount":340,"commentCount":0,"image":{"@id":"https:\/\/aconteceunovale.com.br\/portal\/?p=182337#primaryimage"},"thumbnailUrl":"https:\/\/aconteceunovale.com.br\/portal\/wp-content\/uploads\/2021\/09\/atletico_palmeiras_final.jpg","keywords":["Allianz Parque","Atl\u00e9tico","Atl\u00e9tico Mineiro","Atl\u00e9tico-MG","Belo Horizonte","bh","Copa Libertadores","destaque","galo","Libertadores","Mineir\u00e3o","palmeiras","Palmeiras e Atl\u00e9tico","Palmeiras e Atl\u00e9tico iniciam disputa por vaga na final da Libertadores com empate sem gols","Palmeiras x Atl\u00e9tico","Palmeiras x Atl\u00e9tico Mineiro","Palmeiras x Atl\u00e9tico-MG","Palmeiras x Galo","S\u00e3o Paulo","Semifinal da Libertadores","Ta\u00e7a Libertadores"],"articleSection":["Brasil"],"inLanguage":"pt-BR","potentialAction":[{"@type":"CommentAction","name":"Comment","target":["https:\/\/aconteceunovale.com.br\/portal\/?p=182337#respond"]}]},{"@type":"WebPage","@id":"https:\/\/aconteceunovale.com.br\/portal\/?p=182337","url":"https:\/\/aconteceunovale.com.br\/portal\/?p=182337","name":"Atl\u00e9tico-MG e Palmeiras decidem vaga na final da Libertadores - Aconteceu no Vale","isPartOf":{"@id":"https:\/\/aconteceunovale.com.br\/portal\/#website"},"primaryImageOfPage":{"@id":"https:\/\/aconteceunovale.com.br\/portal\/?p=182337#primaryimage"},"image":{"@id":"https:\/\/aconteceunovale.com.br\/portal\/?p=182337#primaryimage"},"thumbnailUrl":"https:\/\/aconteceunovale.com.br\/portal\/wp-content\/uploads\/2021\/09\/atletico_palmeiras_final.jpg","datePublished":"2021-09-28T11:34:58+00:00","dateModified":"2021-09-28T11:35:21+00:00","author":{"@id":"https:\/\/aconteceunovale.com.br\/portal\/#\/schema\/person\/7d2f26d1483f8a63de73da1ee0754d35"},"breadcrumb":{"@id":"https:\/\/aconteceunovale.com.br\/portal\/?p=182337#breadcrumb"},"inLanguage":"pt-BR","potentialAction":[{"@type":"ReadAction","target":["https:\/\/aconteceunovale.com.br\/portal\/?p=182337"]}]},{"@type":"ImageObject","inLanguage":"pt-BR","@id":"https:\/\/aconteceunovale.com.br\/portal\/?p=182337#primaryimage","url":"https:\/\/aconteceunovale.com.br\/portal\/wp-content\/uploads\/2021\/09\/atletico_palmeiras_final.jpg","contentUrl":"https:\/\/aconteceunovale.com.br\/portal\/wp-content\/uploads\/2021\/09\/atletico_palmeiras_final.jpg","width":678,"height":406},{"@type":"BreadcrumbList","@id":"https:\/\/aconteceunovale.com.br\/portal\/?p=182337#breadcrumb","itemListElement":[{"@type":"ListItem","position":1,"name":"In\u00edcio","item":"https:\/\/aconteceunovale.com.br\/portal\/"},{"@type":"ListItem","position":2,"name":"Atl\u00e9tico-MG e Palmeiras decidem vaga na final da Libertadores"}]},{"@type":"WebSite","@id":"https:\/\/aconteceunovale.com.br\/portal\/#website","url":"https:\/\/aconteceunovale.com.br\/portal\/","name":"Aconteceu no Vale","description":"Portal de Not\u00edcias","potentialAction":[{"@type":"SearchAction","target":{"@type":"EntryPoint","urlTemplate":"https:\/\/aconteceunovale.com.br\/portal\/?s={search_term_string}"},"query-input":{"@type":"PropertyValueSpecification","valueRequired":true,"valueName":"search_term_string"}}],"inLanguage":"pt-BR"},{"@type":"Person","@id":"https:\/\/aconteceunovale.com.br\/portal\/#\/schema\/person\/7d2f26d1483f8a63de73da1ee0754d35","name":"Reda\u00e7\u00e3o Aconteceu no Vale","description":"Equipe de reportagem do Aconteceu no Vale, portal de not\u00edcias do Vale do Jequitinhonha, em Minas Gerais. Cobrimos as 51 cidades do Vale desde 2013. Sugest\u00f5es de pauta e pedidos de corre\u00e7\u00e3o: contato@aconteceunovale.com.br","url":"https:\/\/aconteceunovale.com.br\/portal\/?author=4"}]}},"_links":{"self":[{"href":"https:\/\/aconteceunovale.com.br\/portal\/index.php?rest_route=\/wp\/v2\/posts\/182337","targetHints":{"allow":["GET"]}}],"collection":[{"href":"https:\/\/aconteceunovale.com.br\/portal\/index.php?rest_route=\/wp\/v2\/posts"}],"about":[{"href":"https:\/\/aconteceunovale.com.br\/portal\/index.php?rest_route=\/wp\/v2\/types\/post"}],"author":[{"embeddable":true,"href":"https:\/\/aconteceunovale.com.br\/portal\/index.php?rest_route=\/wp\/v2\/users\/4"}],"replies":[{"embeddable":true,"href":"https:\/\/aconteceunovale.com.br\/portal\/index.php?rest_route=%2Fwp%2Fv2%2Fcomments&post=182337"}],"version-history":[{"count":1,"href":"https:\/\/aconteceunovale.com.br\/portal\/index.php?rest_route=\/wp\/v2\/posts\/182337\/revisions"}],"predecessor-version":[{"id":182339,"href":"https:\/\/aconteceunovale.com.br\/portal\/index.php?rest_route=\/wp\/v2\/posts\/182337\/revisions\/182339"}],"wp:featuredmedia":[{"embeddable":true,"href":"https:\/\/aconteceunovale.com.br\/portal\/index.php?rest_route=\/wp\/v2\/media\/182338"}],"wp:attachment":[{"href":"https:\/\/aconteceunovale.com.br\/portal\/index.php?rest_route=%2Fwp%2Fv2%2Fmedia&parent=182337"}],"wp:term":[{"taxonomy":"category","embeddable":true,"href":"https:\/\/aconteceunovale.com.br\/portal\/index.php?rest_route=%2Fwp%2Fv2%2Fcategories&post=182337"},{"taxonomy":"post_tag","embeddable":true,"href":"https:\/\/aconteceunovale.com.br\/portal\/index.php?rest_route=%2Fwp%2Fv2%2Ftags&post=182337"}],"curies":[{"name":"wp","href":"https:\/\/api.w.org\/{rel}","templated":true}]}}