{"id":182334,"date":"2021-09-27T22:36:17","date_gmt":"2021-09-28T01:36:17","guid":{"rendered":"https:\/\/aconteceunovale.com.br\/portal\/?p=182334"},"modified":"2026-09-02T18:08:28","modified_gmt":"2026-09-02T21:08:28","slug":"petrobras-e-responsavel-por-34-do-total-do-preco-da-gasolina-diz-presidente-companhia","status":"publish","type":"post","link":"https:\/\/aconteceunovale.com.br\/portal\/?p=182334","title":{"rendered":"Petrobras \u00e9 respons\u00e1vel por 34% do total do pre\u00e7o da gasolina, diz presidente companhia"},"content":{"rendered":"\n<p class=\"wp-block-paragraph\">A participa\u00e7\u00e3o m\u00e9dia da Petrobras no valor do litro da gasolina, que chega a R$ 7 em algumas cidades brasileiras &#8211; \u00e9 de cerca de\u00a0R$ 2. Da mesma forma, o valor da parte da estatal no litro do diesel \u00e9 de R$ 2,49 e, no pre\u00e7o do botij\u00e3o de 13 kg do g\u00e1s de cozinha, \u00e9 de R$ 46,90. As informa\u00e7\u00f5es foram divulgadas nesta segunda-feira (27\/9\/2021), no Rio de Janeiro, pelo presidente da companhia, general Joaquim Silva e Luna.<img decoding=\"async\" src=\"https:\/\/agenciabrasil.ebc.com.br\/ebc.png?id=1422765&amp;o=node\"><img decoding=\"async\" src=\"https:\/\/agenciabrasil.ebc.com.br\/ebc.gif?id=1422765&amp;o=node\"><\/p>\n\n\n\n<figure class=\"wp-block-gallery columns-1 is-cropped wp-block-gallery-1 is-layout-flex wp-block-gallery-is-layout-flex\"><ul class=\"blocks-gallery-grid\"><li class=\"blocks-gallery-item\"><figure><img loading=\"lazy\" decoding=\"async\" width=\"678\" height=\"406\" src=\"https:\/\/aconteceunovale.com.br\/portal\/wp-content\/uploads\/2021\/09\/silva_e_luna.jpg\" alt=\"\" data-id=\"182335\" data-full-url=\"https:\/\/aconteceunovale.com.br\/portal\/wp-content\/uploads\/2021\/09\/silva_e_luna.jpg\" data-link=\"https:\/\/aconteceunovale.com.br\/portal\/?attachment_id=182335\" class=\"wp-image-182335\" srcset=\"https:\/\/aconteceunovale.com.br\/portal\/wp-content\/uploads\/2021\/09\/silva_e_luna.jpg 678w, https:\/\/aconteceunovale.com.br\/portal\/wp-content\/uploads\/2021\/09\/silva_e_luna-300x180.jpg 300w\" sizes=\"auto, (max-width: 678px) 100vw, 678px\" \/><figcaption class=\"blocks-gallery-item__caption\"><em>Joaquim Silva e Luna &#8211; Foto: Cleia Viana\/C\u00e2mara dos Deputados<\/em><\/figcaption><\/figure><\/li><\/ul><\/figure>\n\n\n\n<p class=\"wp-block-paragraph\">Segundo Silva e Luna, h\u00e1 um conjunto de fatores que impacta diretamente o pa\u00eds, \u201cquase como uma tempestade perfeita\u201d: crise da pandemia, per\u00edodo de baixa aflu\u00eancia h\u00eddrica com impacto na energia e uma elevada alta nas commodities, incluindo petr\u00f3leo e g\u00e1s.<\/p>\n\n\n\n<p class=\"wp-block-paragraph\">\u201cA Petrobras recebe cerca de R$ 2 por litro [de gasolina] na bomba. Essa parcela, que corresponde \u00e0 Petrobras, se destina a cobrir o custo de explora\u00e7\u00e3o, de produ\u00e7\u00e3o e refino do \u00f3leo, investimentos permanentes, juros da d\u00edvida, impostos e participa\u00e7\u00f5es governamentais\u201d, explicou&nbsp;durante apresenta\u00e7\u00e3o ao vivo pela internet, que tamb\u00e9m contou com a participa\u00e7\u00e3o de diversos diretores da empresa.<\/p>\n\n\n\n<h2 class=\"wp-block-heading\">Componentes de custo<\/h2>\n\n\n\n<p class=\"wp-block-paragraph\">Segundo a estatal, do total do pre\u00e7o do litro da gasolina, somente 34% s\u00e3o referentes \u00e0 Petrobras e os outros 66% s\u00e3o formados por outros componentes de custo, incluindo impostos e margem de lucro das empresas.<\/p>\n\n\n\n<p class=\"wp-block-paragraph\">No caso do diesel, a parcela da empresa fica em 52%, sendo os demais 48% relativos aos demais fatores de mercado. Na forma\u00e7\u00e3o do pre\u00e7o do botij\u00e3o de g\u00e1s GLP de 13 kg, a Petrobras fica com 48% do pre\u00e7o, com os outros 52% ficando por conta das empresas de envase, distribui\u00e7\u00e3o, revenda e impostos estaduais, como o Imposto sobre Circula\u00e7\u00e3o de Mercadorias e Servi\u00e7os (ICMS).<\/p>\n\n\n\n<p class=\"wp-block-paragraph\">Perguntado sobre como a Petrobras poderia contribuir para a redu\u00e7\u00e3o nos pre\u00e7os dos combust\u00edveis e do GLP, Silva e Luna explicou que esses debates s\u00e3o afeitos ao Minist\u00e9rio de Minas e Energia, ao Minist\u00e9rio da Economia e \u00e0 Casa Civil, cabendo \u00e0 estatal do petr\u00f3leo garantir sa\u00fade financeira, recolhimento de impostos e distribui\u00e7\u00e3o de dividendos aos acionistas.<\/p>\n\n\n\n<p class=\"wp-block-paragraph\">Ele reiterou que n\u00e3o h\u00e1 mudan\u00e7a na pol\u00edtica de pre\u00e7os da companhia.&nbsp;\u201cContinuamos trabalhando da forma como sempre. A maneira que a Petrobras acompanha o pre\u00e7o da paridade internacional do [petr\u00f3leo tipo] Brent, as mudan\u00e7as em rela\u00e7\u00e3o ao c\u00e2mbio, a an\u00e1lise permanente para ver se isso s\u00e3o [fatores] conjunturais ou estruturais, essa mudan\u00e7a n\u00e3o existe\u201d, disse.<\/p>\n\n\n\n<h2 class=\"wp-block-heading\">Crise energ\u00e9tica<\/h2>\n\n\n\n<p class=\"wp-block-paragraph\">Quanto \u00e0 ajuda que a estatal pode dar para minorar os efeitos da crise energ\u00e9tica, o general lembrou que a Petrobras triplicou a entrega de g\u00e1s para a opera\u00e7\u00e3o das termel\u00e9tricas nos \u00faltimos 12 meses.<\/p>\n\n\n\n<p class=\"wp-block-paragraph\">Sobre a participa\u00e7\u00e3o da empresa na economia nacional, ela gerou, entre 2019 e setembro de 2021, R$ 20,4 bilh\u00f5es de dividendos para a Uni\u00e3o.<\/p>\n\n\n\n<p class=\"wp-block-paragraph\">At\u00e9 dezembro deste ano, a proje\u00e7\u00e3o \u00e9 a gera\u00e7\u00e3o de R$ 552 bilh\u00f5es em tributos para a Uni\u00e3o, estados e munic\u00edpios.<\/p>\n\n\n\n<p class=\"wp-block-paragraph\">Segundo a Ag\u00eancia Nacional do Petr\u00f3leo, G\u00e1s Natural e Biocombust\u00edveis (ANP), na semana entre 29 de agosto e 4 de setembro, o pre\u00e7o m\u00e9dio do litro da gasolina comum no pa\u00eds era de R$ 6,00; o diesel S10, R$ 4,69, e o botij\u00e3o de 13 kg, R$ 93,61.<\/p>\n\n\n\n<p class=\"wp-block-paragraph\">&#8212;&#8212;&#8212;&#8212;&#8212;&#8212;<br><em>Quer receber as not\u00edcias do <strong>Aconteceu no Vale<\/strong> em primeira m\u00e3o? Siga-nos no Facebook <a rel=\"noreferrer noopener\" href=\"http:\/\/facebook.com\/aconteceunovale\" target=\"_blank\">@aconteceunovale<\/a>, Twitter <a rel=\"noreferrer noopener\" href=\"https:\/\/twitter.com\/noticiadosvales\" target=\"_blank\">@noticiadosvales<\/a> e Instagram <a rel=\"noreferrer noopener\" href=\"https:\/\/www.instagram.com\/aconteceunovale\" target=\"_blank\">@aconteceunovale<\/a>.<\/em><\/p>\n","protected":false},"excerpt":{"rendered":"<p>A participa\u00e7\u00e3o m\u00e9dia da Petrobras no valor do litro da gasolina, que chega a R$ 7 em algumas cidades brasileiras &#8211; \u00e9 de cerca de\u00a0R$ 2. Da mesma forma, o valor da parte da estatal no litro do diesel \u00e9 de R$ 2,49 e, no pre\u00e7o do botij\u00e3o de 13 kg do g\u00e1s de cozinha, [&hellip;]<\/p>\n","protected":false},"author":4,"featured_media":182335,"comment_status":"open","ping_status":"closed","sticky":false,"template":"","format":"standard","meta":{"amp_status":"","footnotes":""},"categories":[6],"tags":[252004,174631,46464,252002,1018,120595,112547,36463,243420,35299,252001,252003,5499,21581,243425],"class_list":["post-182334","post","type-post","status-publish","format-standard","has-post-thumbnail","hentry","category-br","tag-componentes-de-custo-da-gasolina","tag-composicao-do-preco-da-gasolina","tag-crise-energetica","tag-custo-da-petrobras-no-preco-da-gasolina","tag-destaque","tag-diesel","tag-gas-de-cozinha","tag-gasolina","tag-general-joaquim-silva-e-luna","tag-icms","tag-imposto-no-preco-da-gasolina","tag-participacao-da-petrobras-no-preco-da-gasolina","tag-petrobras","tag-preco-da-gasolina","tag-silva-e-luna"],"yoast_head":"<!-- This site is optimized with the Yoast SEO plugin v28.3 - https:\/\/yoast.com\/product\/yoast-seo-wordpress\/ -->\n<title>Petrobras \u00e9 respons\u00e1vel por 34% do total do pre\u00e7o da gasolina, diz presidente companhia - Aconteceu no Vale<\/title>\n<meta name=\"robots\" content=\"index, follow, max-snippet:-1, max-image-preview:large, max-video-preview:-1\" \/>\n<link rel=\"canonical\" href=\"https:\/\/aconteceunovale.com.br\/portal\/?p=182334\" \/>\n<meta property=\"og:locale\" content=\"pt_BR\" \/>\n<meta property=\"og:type\" content=\"article\" \/>\n<meta property=\"og:title\" content=\"Petrobras \u00e9 respons\u00e1vel por 34% do total do pre\u00e7o da gasolina, diz presidente companhia - Aconteceu no Vale\" \/>\n<meta property=\"og:description\" content=\"A participa\u00e7\u00e3o m\u00e9dia da Petrobras no valor do litro da gasolina, que chega a R$ 7 em algumas cidades brasileiras &#8211; \u00e9 de cerca de\u00a0R$ 2. Da mesma forma, o valor da parte da estatal no litro do diesel \u00e9 de R$ 2,49 e, no pre\u00e7o do botij\u00e3o de 13 kg do g\u00e1s de cozinha, [&hellip;]\" \/>\n<meta property=\"og:url\" content=\"https:\/\/aconteceunovale.com.br\/portal\/?p=182334\" \/>\n<meta property=\"og:site_name\" content=\"Aconteceu no Vale\" \/>\n<meta property=\"article:publisher\" content=\"https:\/\/www.facebook.com\/aconteceunovale\/\" \/>\n<meta property=\"article:published_time\" content=\"2021-09-28T01:36:17+00:00\" \/>\n<meta property=\"article:modified_time\" content=\"2026-09-02T21:08:28+00:00\" \/>\n<meta property=\"og:image\" content=\"https:\/\/aconteceunovale.com.br\/portal\/wp-content\/uploads\/2021\/09\/silva_e_luna.jpg\" \/>\n\t<meta property=\"og:image:width\" content=\"678\" \/>\n\t<meta property=\"og:image:height\" content=\"406\" \/>\n\t<meta property=\"og:image:type\" content=\"image\/jpeg\" \/>\n<meta name=\"author\" content=\"Reda\u00e7\u00e3o Aconteceu no Vale\" \/>\n<meta name=\"twitter:card\" content=\"summary_large_image\" \/>\n<meta name=\"twitter:creator\" content=\"@noticiadosvales\" \/>\n<meta name=\"twitter:site\" content=\"@noticiadosvales\" \/>\n<meta name=\"twitter:label1\" content=\"Escrito por\" \/>\n\t<meta name=\"twitter:data1\" content=\"Reda\u00e7\u00e3o Aconteceu no Vale\" \/>\n\t<meta name=\"twitter:label2\" content=\"Est. tempo de leitura\" \/>\n\t<meta name=\"twitter:data2\" content=\"3 minutos\" \/>\n<script type=\"application\/ld+json\" class=\"yoast-schema-graph\">{\"@context\":\"https:\\\/\\\/schema.org\",\"@graph\":[{\"@type\":\"Article\",\"@id\":\"https:\\\/\\\/aconteceunovale.com.br\\\/portal\\\/?p=182334#article\",\"isPartOf\":{\"@id\":\"https:\\\/\\\/aconteceunovale.com.br\\\/portal\\\/?p=182334\"},\"author\":{\"name\":\"Reda\u00e7\u00e3o Aconteceu no Vale\",\"@id\":\"https:\\\/\\\/aconteceunovale.com.br\\\/portal\\\/#\\\/schema\\\/person\\\/7d2f26d1483f8a63de73da1ee0754d35\"},\"headline\":\"Petrobras \u00e9 respons\u00e1vel por 34% do total do pre\u00e7o da gasolina, diz presidente companhia\",\"datePublished\":\"2021-09-28T01:36:17+00:00\",\"dateModified\":\"2026-09-02T21:08:28+00:00\",\"mainEntityOfPage\":{\"@id\":\"https:\\\/\\\/aconteceunovale.com.br\\\/portal\\\/?p=182334\"},\"wordCount\":619,\"commentCount\":0,\"image\":{\"@id\":\"https:\\\/\\\/aconteceunovale.com.br\\\/portal\\\/?p=182334#primaryimage\"},\"thumbnailUrl\":\"https:\\\/\\\/aconteceunovale.com.br\\\/portal\\\/wp-content\\\/uploads\\\/2021\\\/09\\\/silva_e_luna.jpg\",\"keywords\":[\"Componentes de custo da gasolina\",\"Composi\u00e7\u00e3o do pre\u00e7o da gasolina\",\"crise energ\u00e9tica\",\"Custo da Petrobras no pre\u00e7o da gasolina\",\"destaque\",\"diesel\",\"g\u00e1s de cozinha\",\"gasolina\",\"General Joaquim Silva e Luna\",\"ICMS\",\"Imposto no pre\u00e7o da gasolina\",\"Participa\u00e7\u00e3o da Petrobras no pre\u00e7o da gasolina\",\"petrobras\",\"pre\u00e7o da gasolina\",\"Silva e Luna\"],\"articleSection\":[\"Brasil\"],\"inLanguage\":\"pt-BR\",\"potentialAction\":[{\"@type\":\"CommentAction\",\"name\":\"Comment\",\"target\":[\"https:\\\/\\\/aconteceunovale.com.br\\\/portal\\\/?p=182334#respond\"]}]},{\"@type\":\"WebPage\",\"@id\":\"https:\\\/\\\/aconteceunovale.com.br\\\/portal\\\/?p=182334\",\"url\":\"https:\\\/\\\/aconteceunovale.com.br\\\/portal\\\/?p=182334\",\"name\":\"Petrobras \u00e9 respons\u00e1vel por 34% do total do pre\u00e7o da gasolina, diz presidente companhia - Aconteceu no Vale\",\"isPartOf\":{\"@id\":\"https:\\\/\\\/aconteceunovale.com.br\\\/portal\\\/#website\"},\"primaryImageOfPage\":{\"@id\":\"https:\\\/\\\/aconteceunovale.com.br\\\/portal\\\/?p=182334#primaryimage\"},\"image\":{\"@id\":\"https:\\\/\\\/aconteceunovale.com.br\\\/portal\\\/?p=182334#primaryimage\"},\"thumbnailUrl\":\"https:\\\/\\\/aconteceunovale.com.br\\\/portal\\\/wp-content\\\/uploads\\\/2021\\\/09\\\/silva_e_luna.jpg\",\"datePublished\":\"2021-09-28T01:36:17+00:00\",\"dateModified\":\"2026-09-02T21:08:28+00:00\",\"author\":{\"@id\":\"https:\\\/\\\/aconteceunovale.com.br\\\/portal\\\/#\\\/schema\\\/person\\\/7d2f26d1483f8a63de73da1ee0754d35\"},\"breadcrumb\":{\"@id\":\"https:\\\/\\\/aconteceunovale.com.br\\\/portal\\\/?p=182334#breadcrumb\"},\"inLanguage\":\"pt-BR\",\"potentialAction\":[{\"@type\":\"ReadAction\",\"target\":[\"https:\\\/\\\/aconteceunovale.com.br\\\/portal\\\/?p=182334\"]}]},{\"@type\":\"ImageObject\",\"inLanguage\":\"pt-BR\",\"@id\":\"https:\\\/\\\/aconteceunovale.com.br\\\/portal\\\/?p=182334#primaryimage\",\"url\":\"https:\\\/\\\/aconteceunovale.com.br\\\/portal\\\/wp-content\\\/uploads\\\/2021\\\/09\\\/silva_e_luna.jpg\",\"contentUrl\":\"https:\\\/\\\/aconteceunovale.com.br\\\/portal\\\/wp-content\\\/uploads\\\/2021\\\/09\\\/silva_e_luna.jpg\",\"width\":678,\"height\":406},{\"@type\":\"BreadcrumbList\",\"@id\":\"https:\\\/\\\/aconteceunovale.com.br\\\/portal\\\/?p=182334#breadcrumb\",\"itemListElement\":[{\"@type\":\"ListItem\",\"position\":1,\"name\":\"In\u00edcio\",\"item\":\"https:\\\/\\\/aconteceunovale.com.br\\\/portal\\\/\"},{\"@type\":\"ListItem\",\"position\":2,\"name\":\"Petrobras \u00e9 respons\u00e1vel por 34% do total do pre\u00e7o da gasolina, diz presidente companhia\"}]},{\"@type\":\"WebSite\",\"@id\":\"https:\\\/\\\/aconteceunovale.com.br\\\/portal\\\/#website\",\"url\":\"https:\\\/\\\/aconteceunovale.com.br\\\/portal\\\/\",\"name\":\"Aconteceu no Vale\",\"description\":\"Portal de Not\u00edcias\",\"potentialAction\":[{\"@type\":\"SearchAction\",\"target\":{\"@type\":\"EntryPoint\",\"urlTemplate\":\"https:\\\/\\\/aconteceunovale.com.br\\\/portal\\\/?s={search_term_string}\"},\"query-input\":{\"@type\":\"PropertyValueSpecification\",\"valueRequired\":true,\"valueName\":\"search_term_string\"}}],\"inLanguage\":\"pt-BR\"},{\"@type\":\"Person\",\"@id\":\"https:\\\/\\\/aconteceunovale.com.br\\\/portal\\\/#\\\/schema\\\/person\\\/7d2f26d1483f8a63de73da1ee0754d35\",\"name\":\"Reda\u00e7\u00e3o Aconteceu no Vale\",\"description\":\"Equipe de reportagem do Aconteceu no Vale, portal de not\u00edcias do Vale do Jequitinhonha, em Minas Gerais. Cobrimos as 51 cidades do Vale desde 2013. Sugest\u00f5es de pauta e pedidos de corre\u00e7\u00e3o: contato@aconteceunovale.com.br\",\"url\":\"https:\\\/\\\/aconteceunovale.com.br\\\/portal\\\/?author=4\"}]}<\/script>\n<!-- \/ Yoast SEO plugin. -->","yoast_head_json":{"title":"Petrobras \u00e9 respons\u00e1vel por 34% do total do pre\u00e7o da gasolina, diz presidente companhia - Aconteceu no Vale","robots":{"index":"index","follow":"follow","max-snippet":"max-snippet:-1","max-image-preview":"max-image-preview:large","max-video-preview":"max-video-preview:-1"},"canonical":"https:\/\/aconteceunovale.com.br\/portal\/?p=182334","og_locale":"pt_BR","og_type":"article","og_title":"Petrobras \u00e9 respons\u00e1vel por 34% do total do pre\u00e7o da gasolina, diz presidente companhia - Aconteceu no Vale","og_description":"A participa\u00e7\u00e3o m\u00e9dia da Petrobras no valor do litro da gasolina, que chega a R$ 7 em algumas cidades brasileiras &#8211; \u00e9 de cerca de\u00a0R$ 2. Da mesma forma, o valor da parte da estatal no litro do diesel \u00e9 de R$ 2,49 e, no pre\u00e7o do botij\u00e3o de 13 kg do g\u00e1s de cozinha, [&hellip;]","og_url":"https:\/\/aconteceunovale.com.br\/portal\/?p=182334","og_site_name":"Aconteceu no Vale","article_publisher":"https:\/\/www.facebook.com\/aconteceunovale\/","article_published_time":"2021-09-28T01:36:17+00:00","article_modified_time":"2026-09-02T21:08:28+00:00","og_image":[{"width":678,"height":406,"url":"https:\/\/aconteceunovale.com.br\/portal\/wp-content\/uploads\/2021\/09\/silva_e_luna.jpg","type":"image\/jpeg"}],"author":"Reda\u00e7\u00e3o Aconteceu no Vale","twitter_card":"summary_large_image","twitter_creator":"@noticiadosvales","twitter_site":"@noticiadosvales","twitter_misc":{"Escrito por":"Reda\u00e7\u00e3o Aconteceu no Vale","Est. tempo de leitura":"3 minutos"},"schema":{"@context":"https:\/\/schema.org","@graph":[{"@type":"Article","@id":"https:\/\/aconteceunovale.com.br\/portal\/?p=182334#article","isPartOf":{"@id":"https:\/\/aconteceunovale.com.br\/portal\/?p=182334"},"author":{"name":"Reda\u00e7\u00e3o Aconteceu no Vale","@id":"https:\/\/aconteceunovale.com.br\/portal\/#\/schema\/person\/7d2f26d1483f8a63de73da1ee0754d35"},"headline":"Petrobras \u00e9 respons\u00e1vel por 34% do total do pre\u00e7o da gasolina, diz presidente companhia","datePublished":"2021-09-28T01:36:17+00:00","dateModified":"2026-09-02T21:08:28+00:00","mainEntityOfPage":{"@id":"https:\/\/aconteceunovale.com.br\/portal\/?p=182334"},"wordCount":619,"commentCount":0,"image":{"@id":"https:\/\/aconteceunovale.com.br\/portal\/?p=182334#primaryimage"},"thumbnailUrl":"https:\/\/aconteceunovale.com.br\/portal\/wp-content\/uploads\/2021\/09\/silva_e_luna.jpg","keywords":["Componentes de custo da gasolina","Composi\u00e7\u00e3o do pre\u00e7o da gasolina","crise energ\u00e9tica","Custo da Petrobras no pre\u00e7o da gasolina","destaque","diesel","g\u00e1s de cozinha","gasolina","General Joaquim Silva e Luna","ICMS","Imposto no pre\u00e7o da gasolina","Participa\u00e7\u00e3o da Petrobras no pre\u00e7o da gasolina","petrobras","pre\u00e7o da gasolina","Silva e Luna"],"articleSection":["Brasil"],"inLanguage":"pt-BR","potentialAction":[{"@type":"CommentAction","name":"Comment","target":["https:\/\/aconteceunovale.com.br\/portal\/?p=182334#respond"]}]},{"@type":"WebPage","@id":"https:\/\/aconteceunovale.com.br\/portal\/?p=182334","url":"https:\/\/aconteceunovale.com.br\/portal\/?p=182334","name":"Petrobras \u00e9 respons\u00e1vel por 34% do total do pre\u00e7o da gasolina, diz presidente companhia - Aconteceu no Vale","isPartOf":{"@id":"https:\/\/aconteceunovale.com.br\/portal\/#website"},"primaryImageOfPage":{"@id":"https:\/\/aconteceunovale.com.br\/portal\/?p=182334#primaryimage"},"image":{"@id":"https:\/\/aconteceunovale.com.br\/portal\/?p=182334#primaryimage"},"thumbnailUrl":"https:\/\/aconteceunovale.com.br\/portal\/wp-content\/uploads\/2021\/09\/silva_e_luna.jpg","datePublished":"2021-09-28T01:36:17+00:00","dateModified":"2026-09-02T21:08:28+00:00","author":{"@id":"https:\/\/aconteceunovale.com.br\/portal\/#\/schema\/person\/7d2f26d1483f8a63de73da1ee0754d35"},"breadcrumb":{"@id":"https:\/\/aconteceunovale.com.br\/portal\/?p=182334#breadcrumb"},"inLanguage":"pt-BR","potentialAction":[{"@type":"ReadAction","target":["https:\/\/aconteceunovale.com.br\/portal\/?p=182334"]}]},{"@type":"ImageObject","inLanguage":"pt-BR","@id":"https:\/\/aconteceunovale.com.br\/portal\/?p=182334#primaryimage","url":"https:\/\/aconteceunovale.com.br\/portal\/wp-content\/uploads\/2021\/09\/silva_e_luna.jpg","contentUrl":"https:\/\/aconteceunovale.com.br\/portal\/wp-content\/uploads\/2021\/09\/silva_e_luna.jpg","width":678,"height":406},{"@type":"BreadcrumbList","@id":"https:\/\/aconteceunovale.com.br\/portal\/?p=182334#breadcrumb","itemListElement":[{"@type":"ListItem","position":1,"name":"In\u00edcio","item":"https:\/\/aconteceunovale.com.br\/portal\/"},{"@type":"ListItem","position":2,"name":"Petrobras \u00e9 respons\u00e1vel por 34% do total do pre\u00e7o da gasolina, diz presidente companhia"}]},{"@type":"WebSite","@id":"https:\/\/aconteceunovale.com.br\/portal\/#website","url":"https:\/\/aconteceunovale.com.br\/portal\/","name":"Aconteceu no Vale","description":"Portal de Not\u00edcias","potentialAction":[{"@type":"SearchAction","target":{"@type":"EntryPoint","urlTemplate":"https:\/\/aconteceunovale.com.br\/portal\/?s={search_term_string}"},"query-input":{"@type":"PropertyValueSpecification","valueRequired":true,"valueName":"search_term_string"}}],"inLanguage":"pt-BR"},{"@type":"Person","@id":"https:\/\/aconteceunovale.com.br\/portal\/#\/schema\/person\/7d2f26d1483f8a63de73da1ee0754d35","name":"Reda\u00e7\u00e3o Aconteceu no Vale","description":"Equipe de reportagem do Aconteceu no Vale, portal de not\u00edcias do Vale do Jequitinhonha, em Minas Gerais. Cobrimos as 51 cidades do Vale desde 2013. Sugest\u00f5es de pauta e pedidos de corre\u00e7\u00e3o: contato@aconteceunovale.com.br","url":"https:\/\/aconteceunovale.com.br\/portal\/?author=4"}]}},"_links":{"self":[{"href":"https:\/\/aconteceunovale.com.br\/portal\/index.php?rest_route=\/wp\/v2\/posts\/182334","targetHints":{"allow":["GET"]}}],"collection":[{"href":"https:\/\/aconteceunovale.com.br\/portal\/index.php?rest_route=\/wp\/v2\/posts"}],"about":[{"href":"https:\/\/aconteceunovale.com.br\/portal\/index.php?rest_route=\/wp\/v2\/types\/post"}],"author":[{"embeddable":true,"href":"https:\/\/aconteceunovale.com.br\/portal\/index.php?rest_route=\/wp\/v2\/users\/4"}],"replies":[{"embeddable":true,"href":"https:\/\/aconteceunovale.com.br\/portal\/index.php?rest_route=%2Fwp%2Fv2%2Fcomments&post=182334"}],"version-history":[{"count":1,"href":"https:\/\/aconteceunovale.com.br\/portal\/index.php?rest_route=\/wp\/v2\/posts\/182334\/revisions"}],"predecessor-version":[{"id":182336,"href":"https:\/\/aconteceunovale.com.br\/portal\/index.php?rest_route=\/wp\/v2\/posts\/182334\/revisions\/182336"}],"wp:featuredmedia":[{"embeddable":true,"href":"https:\/\/aconteceunovale.com.br\/portal\/index.php?rest_route=\/wp\/v2\/media\/182335"}],"wp:attachment":[{"href":"https:\/\/aconteceunovale.com.br\/portal\/index.php?rest_route=%2Fwp%2Fv2%2Fmedia&parent=182334"}],"wp:term":[{"taxonomy":"category","embeddable":true,"href":"https:\/\/aconteceunovale.com.br\/portal\/index.php?rest_route=%2Fwp%2Fv2%2Fcategories&post=182334"},{"taxonomy":"post_tag","embeddable":true,"href":"https:\/\/aconteceunovale.com.br\/portal\/index.php?rest_route=%2Fwp%2Fv2%2Ftags&post=182334"}],"curies":[{"name":"wp","href":"https:\/\/api.w.org\/{rel}","templated":true}]}}