{"id":182324,"date":"2021-09-27T20:39:48","date_gmt":"2021-09-27T23:39:48","guid":{"rendered":"https:\/\/aconteceunovale.com.br\/portal\/?p=182324"},"modified":"2021-09-27T20:43:46","modified_gmt":"2021-09-27T23:43:46","slug":"sancionada-lei-que-proibe-algemas-em-presas-parturientes","status":"publish","type":"post","link":"https:\/\/aconteceunovale.com.br\/portal\/?p=182324","title":{"rendered":"Sancionada lei que pro\u00edbe algemas em presas parturientes"},"content":{"rendered":"\n<p class=\"wp-block-paragraph\">Proibir o uso de algemas em presas ou internas parturientes. Esse \u00e9 o objetivo da Lei 23.947, de 2021, cuja san\u00e7\u00e3o feita pelo governador Romeu Zema foi publicada no&nbsp;<a rel=\"noreferrer noopener\" href=\"https:\/\/www.jornalminasgerais.mg.gov.br\/?dataJornal=2021-09-25\" target=\"_blank\">Di\u00e1rio Oficial do Estado<\/a>&nbsp;do \u00faltimo s\u00e1bado (25\/9).<\/p>\n\n\n\n<figure class=\"wp-block-gallery aligncenter columns-1 is-cropped wp-block-gallery-1 is-layout-flex wp-block-gallery-is-layout-flex\"><ul class=\"blocks-gallery-grid\"><li class=\"blocks-gallery-item\"><figure><img loading=\"lazy\" decoding=\"async\" width=\"640\" height=\"311\" src=\"https:\/\/aconteceunovale.com.br\/portal\/wp-content\/uploads\/2021\/09\/presa_gravida.jpg\" alt=\"\" data-id=\"182325\" data-full-url=\"https:\/\/aconteceunovale.com.br\/portal\/wp-content\/uploads\/2021\/09\/presa_gravida.jpg\" data-link=\"https:\/\/aconteceunovale.com.br\/portal\/?attachment_id=182325\" class=\"wp-image-182325\" srcset=\"https:\/\/aconteceunovale.com.br\/portal\/wp-content\/uploads\/2021\/09\/presa_gravida.jpg 640w, https:\/\/aconteceunovale.com.br\/portal\/wp-content\/uploads\/2021\/09\/presa_gravida-300x146.jpg 300w\" sizes=\"auto, (max-width: 640px) 100vw, 640px\" \/><figcaption class=\"blocks-gallery-item__caption\"><em>Sancionada lei que pro\u00edbe algemas em presas parturientes &#8211; Foto: Ricardo Beghini \/ ALMG<\/em><\/figcaption><\/figure><\/li><\/ul><\/figure>\n\n\n\n<p class=\"wp-block-paragraph\">A norma teve origem no&nbsp;<a href=\"https:\/\/www.almg.gov.br\/atividade_parlamentar\/tramitacao_projetos\/interna.html?a=2018&amp;n=5054&amp;t=PL&amp;aba=js_tabVisao\" target=\"_blank\" rel=\"noreferrer noopener\">Projeto de Lei (PL) 5.054\/18<\/a>, do deputado Doutor Jean Freire (PT), aprovado pelo Plen\u00e1rio da Assembleia Legislativa de Minas Gerais (ALMG) de forma definitiva no \u00faltimo dia 2 de setembro.<\/p>\n\n\n\n<p class=\"wp-block-paragraph\">O texto&nbsp;pro\u00edbe o uso de algemas durante o trabalho de parto da presa ou interna, assim como no subsequente per\u00edodo de sua interna\u00e7\u00e3o em estabelecimento de sa\u00fade, conforme disposto no C\u00f3digo de Processo Penal.<\/p>\n\n\n\n<p class=\"wp-block-paragraph\">A mat\u00e9ria prev\u00ea ainda que, em eventuais situa\u00e7\u00f5es de perigo \u00e0 integridade f\u00edsica da pr\u00f3pria presa\/interna ou de terceiros, a equipe m\u00e9dica e o agente policial poder\u00e3o utilizar os meios necess\u00e1rios para conten\u00e7\u00e3o.<\/p>\n\n\n\n<h2 class=\"wp-block-heading\"><strong>Isen\u00e7\u00e3o para medicamento para tratar atrofia muscular<\/strong><\/h2>\n\n\n\n<p class=\"wp-block-paragraph\">Tamb\u00e9m foi publicada na mesma edi\u00e7\u00e3o do Di\u00e1rio Oficial a&nbsp;san\u00e7\u00e3o \u00e0&nbsp;<a href=\"https:\/\/www.almg.gov.br\/consulte\/legislacao\/completa\/completa.html?tipo=LEI&amp;num=23954&amp;comp=&amp;ano=2021\" target=\"_blank\" rel=\"noreferrer noopener\">Lei 23.954<\/a>, que tem como objetivo isentar do Imposto sobre Circula\u00e7\u00e3o de Mercadorias e Servi\u00e7os (ICMS) os medicamentos utilizados no tratamento da Atrofia Muscular Espinhal (AME), na forma estabelecida em conv\u00eanio celebrado nos termos da legisla\u00e7\u00e3o federal.<\/p>\n\n\n\n<p class=\"wp-block-paragraph\">Para isso, acrescenta o artigo 8\u00ba-J \u00e0&nbsp;<a href=\"https:\/\/www.almg.gov.br\/consulte\/legislacao\/completa\/completa-nova-min.html?tipo=LEI&amp;num=6763&amp;comp=&amp;ano=1975&amp;texto=consolidado\" target=\"_blank\" rel=\"noreferrer noopener\">Lei 6.763, de 1975<\/a>, que consolida a Legisla\u00e7\u00e3o Tribut\u00e1ria do Estado de Minas Gerais.<\/p>\n\n\n\n<p class=\"wp-block-paragraph\">A norma teve origem no&nbsp;<a href=\"https:\/\/www.almg.gov.br\/atividade_parlamentar\/tramitacao_projetos\/interna.html?a=2020&amp;n=2092&amp;t=PL\" target=\"_blank\" rel=\"noreferrer noopener\">PL 2.092\/20<\/a>, do&nbsp;deputado Bruno Engler (PRTB), que foi aprovado em 2\u00ba turno pelo Plen\u00e1rio tamb\u00e9m no \u00faltimo dia 2 de setembro.<\/p>\n\n\n\n<p class=\"wp-block-paragraph\">A lei prev\u00ea que a isen\u00e7\u00e3o&nbsp;fica condicionada \u00e0 vig\u00eancia de conv\u00eanio celebrado e ratificado pelos estados e \u00e0 exist\u00eancia de autoriza\u00e7\u00e3o para importa\u00e7\u00e3o do medicamento concedida pela&nbsp;Ag\u00eancia Nacional de Vigil\u00e2ncia Sanit\u00e1ria (Anvisa).<\/p>\n\n\n\n<p class=\"wp-block-paragraph\">Disp\u00f5e, tamb\u00e9m, que o valor correspondente \u00e0 isen\u00e7\u00e3o do imposto dever\u00e1 ser deduzido do pre\u00e7o do respectivo produto, devendo o contribuinte demonstrar a dedu\u00e7\u00e3o, expressamente, no documento fiscal. Por fim, define que n\u00e3o ser\u00e1 exigido o estorno do cr\u00e9dito do ICMS relativo aos medicames beneficiados com a isen\u00e7\u00e3o prevista.<\/p>\n\n\n\n<h2 class=\"wp-block-heading\"><strong>Sancionada realiza\u00e7\u00e3o de eventos-teste na pandemia<\/strong><\/h2>\n\n\n\n<p class=\"wp-block-paragraph\">Por fim, a san\u00e7\u00e3o do governador \u00e0 Lei 23.956, que&nbsp;autoriza a realiza\u00e7\u00e3o de eventos-teste culturais, sociais, esportivos, corporativos, t\u00e9cnico-cient\u00edficos e de entretenimento, enquanto perdurar o estado de calamidade p\u00fablica decorrente da pandemia de Covid-19, tamb\u00e9m foi publicada na edi\u00e7\u00e3o de s\u00e1bado (25).<\/p>\n\n\n\n<p class=\"wp-block-paragraph\">A norma teve origem no&nbsp;<a href=\"https:\/\/www.almg.gov.br\/atividade_parlamentar\/tramitacao_projetos\/interna.html?a=2021&amp;n=2849&amp;t=PL&amp;aba=js_tabVisao\" target=\"_blank\" rel=\"noreferrer noopener\">PL 2.849\/21<\/a>, de autoria dos&nbsp;deputados Dalmo Ribeiro Silva (PSDB), Tadeu Martins Leite e Thiago Cota, ambos do MDB, que foi aprovado pelo Plen\u00e1rio na mesma data dos projetos anteriores.<\/p>\n\n\n\n<p class=\"wp-block-paragraph\">Segundo a lei, esses eventos ser\u00e3o realizados em&nbsp;ambientes controlados, com limita\u00e7\u00e3o de p\u00fablico e testagem dos participantes, que ser\u00e3o monitorados ap\u00f3s a realiza\u00e7\u00e3o dos eventos, nos termos de regulamento.<\/p>\n\n\n\n<p class=\"wp-block-paragraph\">&#8212;&#8212;&#8212;&#8212;&#8212;&#8212;<br><em>Quer receber as not\u00edcias do <strong>Aconteceu no Vale<\/strong> em primeira m\u00e3o? Siga-nos no Facebook <a rel=\"noreferrer noopener\" href=\"http:\/\/facebook.com\/aconteceunovale\" target=\"_blank\">@aconteceunovale<\/a>, Twitter <a rel=\"noreferrer noopener\" href=\"https:\/\/twitter.com\/noticiadosvales\" target=\"_blank\">@noticiadosvales<\/a> e Instagram <a rel=\"noreferrer noopener\" href=\"https:\/\/www.instagram.com\/aconteceunovale\" target=\"_blank\">@aconteceunovale<\/a>.<\/em><\/p>\n","protected":false},"excerpt":{"rendered":"<p>Proibir o uso de algemas em presas ou internas parturientes. Esse \u00e9 o objetivo da Lei 23.947, de 2021, cuja san\u00e7\u00e3o feita pelo governador Romeu Zema foi publicada no&nbsp;Di\u00e1rio Oficial do Estado&nbsp;do \u00faltimo s\u00e1bado (25\/9). A norma teve origem no&nbsp;Projeto de Lei (PL) 5.054\/18, do deputado Doutor Jean Freire (PT), aprovado pelo Plen\u00e1rio da Assembleia [&hellip;]<\/p>\n","protected":false},"author":4,"featured_media":182325,"comment_status":"open","ping_status":"closed","sticky":false,"template":"","format":"standard","meta":{"amp_status":"","footnotes":""},"categories":[123],"tags":[251982,752,24358,251985,251992,239083,176986,3403,251991,38308,184213,251987,251984,251986,251990,251981,251988,251983,251989,178207],"class_list":["post-182324","post","type-post","status-publish","format-standard","has-post-thumbnail","hentry","category-gerais","tag-algemas-em-presas-parturientes","tag-almg","tag-assembleia-legislativa-de-minas-gerais","tag-codigo-de-processo-penal","tag-deputado-bruno-engler","tag-deputado-dalmo-ribeiro-silva","tag-deputado-doutor-jean-freire","tag-deputado-tadeu-martins-leite","tag-deputado-thiago-cota","tag-doutor-jean-freire","tag-governador-romeu-zema","tag-isencao-de-medicamento-para-tratar-atrofia-muscular","tag-lei-23-947","tag-lei-23-954","tag-lei-23-956","tag-lei-que-proibe-algemas-em-presas-parturientes","tag-medicamento-para-tratar-atrofia-muscular","tag-presas-parturientes","tag-realizacao-de-eventos-teste-na-pandemia","tag-romeu-zema"],"yoast_head":"<!-- This site is optimized with the Yoast SEO plugin v28.3 - https:\/\/yoast.com\/product\/yoast-seo-wordpress\/ -->\n<title>Sancionada lei que pro\u00edbe algemas em presas parturientes - Aconteceu no Vale<\/title>\n<meta name=\"robots\" content=\"index, follow, max-snippet:-1, max-image-preview:large, max-video-preview:-1\" \/>\n<link rel=\"canonical\" href=\"https:\/\/aconteceunovale.com.br\/portal\/?p=182324\" \/>\n<meta property=\"og:locale\" content=\"pt_BR\" \/>\n<meta property=\"og:type\" content=\"article\" \/>\n<meta property=\"og:title\" content=\"Sancionada lei que pro\u00edbe algemas em presas parturientes - Aconteceu no Vale\" \/>\n<meta property=\"og:description\" content=\"Proibir o uso de algemas em presas ou internas parturientes. Esse \u00e9 o objetivo da Lei 23.947, de 2021, cuja san\u00e7\u00e3o feita pelo governador Romeu Zema foi publicada no&nbsp;Di\u00e1rio Oficial do Estado&nbsp;do \u00faltimo s\u00e1bado (25\/9). A norma teve origem no&nbsp;Projeto de Lei (PL) 5.054\/18, do deputado Doutor Jean Freire (PT), aprovado pelo Plen\u00e1rio da Assembleia [&hellip;]\" \/>\n<meta property=\"og:url\" content=\"https:\/\/aconteceunovale.com.br\/portal\/?p=182324\" \/>\n<meta property=\"og:site_name\" content=\"Aconteceu no Vale\" \/>\n<meta property=\"article:publisher\" content=\"https:\/\/www.facebook.com\/aconteceunovale\/\" \/>\n<meta property=\"article:published_time\" content=\"2021-09-27T23:39:48+00:00\" \/>\n<meta property=\"article:modified_time\" content=\"2021-09-27T23:43:46+00:00\" \/>\n<meta property=\"og:image\" content=\"https:\/\/aconteceunovale.com.br\/portal\/wp-content\/uploads\/2021\/09\/presa_gravida.jpg\" \/>\n\t<meta property=\"og:image:width\" content=\"640\" \/>\n\t<meta property=\"og:image:height\" content=\"311\" \/>\n\t<meta property=\"og:image:type\" content=\"image\/jpeg\" \/>\n<meta name=\"author\" content=\"Reda\u00e7\u00e3o Aconteceu no Vale\" \/>\n<meta name=\"twitter:card\" content=\"summary_large_image\" \/>\n<meta name=\"twitter:creator\" content=\"@noticiadosvales\" \/>\n<meta name=\"twitter:site\" content=\"@noticiadosvales\" \/>\n<meta name=\"twitter:label1\" content=\"Escrito por\" \/>\n\t<meta name=\"twitter:data1\" content=\"Reda\u00e7\u00e3o Aconteceu no Vale\" \/>\n\t<meta name=\"twitter:label2\" content=\"Est. tempo de leitura\" \/>\n\t<meta name=\"twitter:data2\" content=\"3 minutos\" \/>\n<script type=\"application\/ld+json\" class=\"yoast-schema-graph\">{\"@context\":\"https:\\\/\\\/schema.org\",\"@graph\":[{\"@type\":\"Article\",\"@id\":\"https:\\\/\\\/aconteceunovale.com.br\\\/portal\\\/?p=182324#article\",\"isPartOf\":{\"@id\":\"https:\\\/\\\/aconteceunovale.com.br\\\/portal\\\/?p=182324\"},\"author\":{\"name\":\"Reda\u00e7\u00e3o Aconteceu no Vale\",\"@id\":\"https:\\\/\\\/aconteceunovale.com.br\\\/portal\\\/#\\\/schema\\\/person\\\/7d2f26d1483f8a63de73da1ee0754d35\"},\"headline\":\"Sancionada lei que pro\u00edbe algemas em presas parturientes\",\"datePublished\":\"2021-09-27T23:39:48+00:00\",\"dateModified\":\"2021-09-27T23:43:46+00:00\",\"mainEntityOfPage\":{\"@id\":\"https:\\\/\\\/aconteceunovale.com.br\\\/portal\\\/?p=182324\"},\"wordCount\":544,\"commentCount\":0,\"image\":{\"@id\":\"https:\\\/\\\/aconteceunovale.com.br\\\/portal\\\/?p=182324#primaryimage\"},\"thumbnailUrl\":\"https:\\\/\\\/aconteceunovale.com.br\\\/portal\\\/wp-content\\\/uploads\\\/2021\\\/09\\\/presa_gravida.jpg\",\"keywords\":[\"Algemas em presas parturientes\",\"ALMG\",\"Assembleia Legislativa de Minas Gerais\",\"C\u00f3digo de Processo Penal\",\"Deputado Bruno Engler\",\"Deputado Dalmo Ribeiro Silva\",\"deputado Doutor Jean Freire\",\"Deputado Tadeu Martins Leite\",\"Deputado Thiago Cota\",\"Doutor Jean Freire\",\"Governador Romeu Zema\",\"Isen\u00e7\u00e3o de medicamento para tratar atrofia muscular\",\"Lei 23.947\",\"Lei 23.954\",\"Lei 23.956\",\"Lei que pro\u00edbe algemas em presas parturientes\",\"Medicamento para tratar atrofia muscular\",\"Presas Parturientes\",\"Realiza\u00e7\u00e3o de eventos-teste na pandemia\",\"Romeu Zema\"],\"articleSection\":[\"Minas Gerais\"],\"inLanguage\":\"pt-BR\",\"potentialAction\":[{\"@type\":\"CommentAction\",\"name\":\"Comment\",\"target\":[\"https:\\\/\\\/aconteceunovale.com.br\\\/portal\\\/?p=182324#respond\"]}]},{\"@type\":\"WebPage\",\"@id\":\"https:\\\/\\\/aconteceunovale.com.br\\\/portal\\\/?p=182324\",\"url\":\"https:\\\/\\\/aconteceunovale.com.br\\\/portal\\\/?p=182324\",\"name\":\"Sancionada lei que pro\u00edbe algemas em presas parturientes - Aconteceu no Vale\",\"isPartOf\":{\"@id\":\"https:\\\/\\\/aconteceunovale.com.br\\\/portal\\\/#website\"},\"primaryImageOfPage\":{\"@id\":\"https:\\\/\\\/aconteceunovale.com.br\\\/portal\\\/?p=182324#primaryimage\"},\"image\":{\"@id\":\"https:\\\/\\\/aconteceunovale.com.br\\\/portal\\\/?p=182324#primaryimage\"},\"thumbnailUrl\":\"https:\\\/\\\/aconteceunovale.com.br\\\/portal\\\/wp-content\\\/uploads\\\/2021\\\/09\\\/presa_gravida.jpg\",\"datePublished\":\"2021-09-27T23:39:48+00:00\",\"dateModified\":\"2021-09-27T23:43:46+00:00\",\"author\":{\"@id\":\"https:\\\/\\\/aconteceunovale.com.br\\\/portal\\\/#\\\/schema\\\/person\\\/7d2f26d1483f8a63de73da1ee0754d35\"},\"breadcrumb\":{\"@id\":\"https:\\\/\\\/aconteceunovale.com.br\\\/portal\\\/?p=182324#breadcrumb\"},\"inLanguage\":\"pt-BR\",\"potentialAction\":[{\"@type\":\"ReadAction\",\"target\":[\"https:\\\/\\\/aconteceunovale.com.br\\\/portal\\\/?p=182324\"]}]},{\"@type\":\"ImageObject\",\"inLanguage\":\"pt-BR\",\"@id\":\"https:\\\/\\\/aconteceunovale.com.br\\\/portal\\\/?p=182324#primaryimage\",\"url\":\"https:\\\/\\\/aconteceunovale.com.br\\\/portal\\\/wp-content\\\/uploads\\\/2021\\\/09\\\/presa_gravida.jpg\",\"contentUrl\":\"https:\\\/\\\/aconteceunovale.com.br\\\/portal\\\/wp-content\\\/uploads\\\/2021\\\/09\\\/presa_gravida.jpg\",\"width\":640,\"height\":311},{\"@type\":\"BreadcrumbList\",\"@id\":\"https:\\\/\\\/aconteceunovale.com.br\\\/portal\\\/?p=182324#breadcrumb\",\"itemListElement\":[{\"@type\":\"ListItem\",\"position\":1,\"name\":\"In\u00edcio\",\"item\":\"https:\\\/\\\/aconteceunovale.com.br\\\/portal\\\/\"},{\"@type\":\"ListItem\",\"position\":2,\"name\":\"Sancionada lei que pro\u00edbe algemas em presas parturientes\"}]},{\"@type\":\"WebSite\",\"@id\":\"https:\\\/\\\/aconteceunovale.com.br\\\/portal\\\/#website\",\"url\":\"https:\\\/\\\/aconteceunovale.com.br\\\/portal\\\/\",\"name\":\"Aconteceu no Vale\",\"description\":\"Portal de Not\u00edcias\",\"potentialAction\":[{\"@type\":\"SearchAction\",\"target\":{\"@type\":\"EntryPoint\",\"urlTemplate\":\"https:\\\/\\\/aconteceunovale.com.br\\\/portal\\\/?s={search_term_string}\"},\"query-input\":{\"@type\":\"PropertyValueSpecification\",\"valueRequired\":true,\"valueName\":\"search_term_string\"}}],\"inLanguage\":\"pt-BR\"},{\"@type\":\"Person\",\"@id\":\"https:\\\/\\\/aconteceunovale.com.br\\\/portal\\\/#\\\/schema\\\/person\\\/7d2f26d1483f8a63de73da1ee0754d35\",\"name\":\"Reda\u00e7\u00e3o Aconteceu no Vale\",\"description\":\"Equipe de reportagem do Aconteceu no Vale, portal de not\u00edcias do Vale do Jequitinhonha, em Minas Gerais. Cobrimos as 51 cidades do Vale desde 2013. Sugest\u00f5es de pauta e pedidos de corre\u00e7\u00e3o: contato@aconteceunovale.com.br\",\"url\":\"https:\\\/\\\/aconteceunovale.com.br\\\/portal\\\/?author=4\"}]}<\/script>\n<!-- \/ Yoast SEO plugin. -->","yoast_head_json":{"title":"Sancionada lei que pro\u00edbe algemas em presas parturientes - Aconteceu no Vale","robots":{"index":"index","follow":"follow","max-snippet":"max-snippet:-1","max-image-preview":"max-image-preview:large","max-video-preview":"max-video-preview:-1"},"canonical":"https:\/\/aconteceunovale.com.br\/portal\/?p=182324","og_locale":"pt_BR","og_type":"article","og_title":"Sancionada lei que pro\u00edbe algemas em presas parturientes - Aconteceu no Vale","og_description":"Proibir o uso de algemas em presas ou internas parturientes. Esse \u00e9 o objetivo da Lei 23.947, de 2021, cuja san\u00e7\u00e3o feita pelo governador Romeu Zema foi publicada no&nbsp;Di\u00e1rio Oficial do Estado&nbsp;do \u00faltimo s\u00e1bado (25\/9). A norma teve origem no&nbsp;Projeto de Lei (PL) 5.054\/18, do deputado Doutor Jean Freire (PT), aprovado pelo Plen\u00e1rio da Assembleia [&hellip;]","og_url":"https:\/\/aconteceunovale.com.br\/portal\/?p=182324","og_site_name":"Aconteceu no Vale","article_publisher":"https:\/\/www.facebook.com\/aconteceunovale\/","article_published_time":"2021-09-27T23:39:48+00:00","article_modified_time":"2021-09-27T23:43:46+00:00","og_image":[{"width":640,"height":311,"url":"https:\/\/aconteceunovale.com.br\/portal\/wp-content\/uploads\/2021\/09\/presa_gravida.jpg","type":"image\/jpeg"}],"author":"Reda\u00e7\u00e3o Aconteceu no Vale","twitter_card":"summary_large_image","twitter_creator":"@noticiadosvales","twitter_site":"@noticiadosvales","twitter_misc":{"Escrito por":"Reda\u00e7\u00e3o Aconteceu no Vale","Est. tempo de leitura":"3 minutos"},"schema":{"@context":"https:\/\/schema.org","@graph":[{"@type":"Article","@id":"https:\/\/aconteceunovale.com.br\/portal\/?p=182324#article","isPartOf":{"@id":"https:\/\/aconteceunovale.com.br\/portal\/?p=182324"},"author":{"name":"Reda\u00e7\u00e3o Aconteceu no Vale","@id":"https:\/\/aconteceunovale.com.br\/portal\/#\/schema\/person\/7d2f26d1483f8a63de73da1ee0754d35"},"headline":"Sancionada lei que pro\u00edbe algemas em presas parturientes","datePublished":"2021-09-27T23:39:48+00:00","dateModified":"2021-09-27T23:43:46+00:00","mainEntityOfPage":{"@id":"https:\/\/aconteceunovale.com.br\/portal\/?p=182324"},"wordCount":544,"commentCount":0,"image":{"@id":"https:\/\/aconteceunovale.com.br\/portal\/?p=182324#primaryimage"},"thumbnailUrl":"https:\/\/aconteceunovale.com.br\/portal\/wp-content\/uploads\/2021\/09\/presa_gravida.jpg","keywords":["Algemas em presas parturientes","ALMG","Assembleia Legislativa de Minas Gerais","C\u00f3digo de Processo Penal","Deputado Bruno Engler","Deputado Dalmo Ribeiro Silva","deputado Doutor Jean Freire","Deputado Tadeu Martins Leite","Deputado Thiago Cota","Doutor Jean Freire","Governador Romeu Zema","Isen\u00e7\u00e3o de medicamento para tratar atrofia muscular","Lei 23.947","Lei 23.954","Lei 23.956","Lei que pro\u00edbe algemas em presas parturientes","Medicamento para tratar atrofia muscular","Presas Parturientes","Realiza\u00e7\u00e3o de eventos-teste na pandemia","Romeu Zema"],"articleSection":["Minas Gerais"],"inLanguage":"pt-BR","potentialAction":[{"@type":"CommentAction","name":"Comment","target":["https:\/\/aconteceunovale.com.br\/portal\/?p=182324#respond"]}]},{"@type":"WebPage","@id":"https:\/\/aconteceunovale.com.br\/portal\/?p=182324","url":"https:\/\/aconteceunovale.com.br\/portal\/?p=182324","name":"Sancionada lei que pro\u00edbe algemas em presas parturientes - Aconteceu no Vale","isPartOf":{"@id":"https:\/\/aconteceunovale.com.br\/portal\/#website"},"primaryImageOfPage":{"@id":"https:\/\/aconteceunovale.com.br\/portal\/?p=182324#primaryimage"},"image":{"@id":"https:\/\/aconteceunovale.com.br\/portal\/?p=182324#primaryimage"},"thumbnailUrl":"https:\/\/aconteceunovale.com.br\/portal\/wp-content\/uploads\/2021\/09\/presa_gravida.jpg","datePublished":"2021-09-27T23:39:48+00:00","dateModified":"2021-09-27T23:43:46+00:00","author":{"@id":"https:\/\/aconteceunovale.com.br\/portal\/#\/schema\/person\/7d2f26d1483f8a63de73da1ee0754d35"},"breadcrumb":{"@id":"https:\/\/aconteceunovale.com.br\/portal\/?p=182324#breadcrumb"},"inLanguage":"pt-BR","potentialAction":[{"@type":"ReadAction","target":["https:\/\/aconteceunovale.com.br\/portal\/?p=182324"]}]},{"@type":"ImageObject","inLanguage":"pt-BR","@id":"https:\/\/aconteceunovale.com.br\/portal\/?p=182324#primaryimage","url":"https:\/\/aconteceunovale.com.br\/portal\/wp-content\/uploads\/2021\/09\/presa_gravida.jpg","contentUrl":"https:\/\/aconteceunovale.com.br\/portal\/wp-content\/uploads\/2021\/09\/presa_gravida.jpg","width":640,"height":311},{"@type":"BreadcrumbList","@id":"https:\/\/aconteceunovale.com.br\/portal\/?p=182324#breadcrumb","itemListElement":[{"@type":"ListItem","position":1,"name":"In\u00edcio","item":"https:\/\/aconteceunovale.com.br\/portal\/"},{"@type":"ListItem","position":2,"name":"Sancionada lei que pro\u00edbe algemas em presas parturientes"}]},{"@type":"WebSite","@id":"https:\/\/aconteceunovale.com.br\/portal\/#website","url":"https:\/\/aconteceunovale.com.br\/portal\/","name":"Aconteceu no Vale","description":"Portal de Not\u00edcias","potentialAction":[{"@type":"SearchAction","target":{"@type":"EntryPoint","urlTemplate":"https:\/\/aconteceunovale.com.br\/portal\/?s={search_term_string}"},"query-input":{"@type":"PropertyValueSpecification","valueRequired":true,"valueName":"search_term_string"}}],"inLanguage":"pt-BR"},{"@type":"Person","@id":"https:\/\/aconteceunovale.com.br\/portal\/#\/schema\/person\/7d2f26d1483f8a63de73da1ee0754d35","name":"Reda\u00e7\u00e3o Aconteceu no Vale","description":"Equipe de reportagem do Aconteceu no Vale, portal de not\u00edcias do Vale do Jequitinhonha, em Minas Gerais. Cobrimos as 51 cidades do Vale desde 2013. Sugest\u00f5es de pauta e pedidos de corre\u00e7\u00e3o: contato@aconteceunovale.com.br","url":"https:\/\/aconteceunovale.com.br\/portal\/?author=4"}]}},"_links":{"self":[{"href":"https:\/\/aconteceunovale.com.br\/portal\/index.php?rest_route=\/wp\/v2\/posts\/182324","targetHints":{"allow":["GET"]}}],"collection":[{"href":"https:\/\/aconteceunovale.com.br\/portal\/index.php?rest_route=\/wp\/v2\/posts"}],"about":[{"href":"https:\/\/aconteceunovale.com.br\/portal\/index.php?rest_route=\/wp\/v2\/types\/post"}],"author":[{"embeddable":true,"href":"https:\/\/aconteceunovale.com.br\/portal\/index.php?rest_route=\/wp\/v2\/users\/4"}],"replies":[{"embeddable":true,"href":"https:\/\/aconteceunovale.com.br\/portal\/index.php?rest_route=%2Fwp%2Fv2%2Fcomments&post=182324"}],"version-history":[{"count":2,"href":"https:\/\/aconteceunovale.com.br\/portal\/index.php?rest_route=\/wp\/v2\/posts\/182324\/revisions"}],"predecessor-version":[{"id":182327,"href":"https:\/\/aconteceunovale.com.br\/portal\/index.php?rest_route=\/wp\/v2\/posts\/182324\/revisions\/182327"}],"wp:featuredmedia":[{"embeddable":true,"href":"https:\/\/aconteceunovale.com.br\/portal\/index.php?rest_route=\/wp\/v2\/media\/182325"}],"wp:attachment":[{"href":"https:\/\/aconteceunovale.com.br\/portal\/index.php?rest_route=%2Fwp%2Fv2%2Fmedia&parent=182324"}],"wp:term":[{"taxonomy":"category","embeddable":true,"href":"https:\/\/aconteceunovale.com.br\/portal\/index.php?rest_route=%2Fwp%2Fv2%2Fcategories&post=182324"},{"taxonomy":"post_tag","embeddable":true,"href":"https:\/\/aconteceunovale.com.br\/portal\/index.php?rest_route=%2Fwp%2Fv2%2Ftags&post=182324"}],"curies":[{"name":"wp","href":"https:\/\/api.w.org\/{rel}","templated":true}]}}