{"id":182282,"date":"2021-09-27T12:27:05","date_gmt":"2021-09-27T15:27:05","guid":{"rendered":"https:\/\/aconteceunovale.com.br\/portal\/?p=182282"},"modified":"2021-09-27T12:28:36","modified_gmt":"2021-09-27T15:28:36","slug":"energia-solar-por-assinatura-e-opcao-economica-na-crise-hidrica","status":"publish","type":"post","link":"https:\/\/aconteceunovale.com.br\/portal\/?p=182282","title":{"rendered":"Energia solar por assinatura \u00e9 op\u00e7\u00e3o econ\u00f4mica na crise h\u00eddrica"},"content":{"rendered":"\n<p class=\"wp-block-paragraph\">O pa\u00eds vive sua pior crise h\u00eddrica dos \u00faltimos 91 anos. Al\u00e9m de evitarem o desperd\u00edcio de energia, os consumidores podem contar com mais uma alternativa para reduzir o impacto das bandeiras vermelhas e aliviar a conta de luz: a energia solar.&nbsp;<\/p>\n\n\n\n<p class=\"wp-block-paragraph\">Em Minas Gerais, mais de 4 mil clientes \u2013 pessoas f\u00edsicas e jur\u00eddicas \u2013 j\u00e1 aderiram ao sistema energia solar por assinatura da Cemig SIM, empresa do Grupo\u00a0Cemig\u00a0que atua no mercado fotovoltaico. Somada \u00e0 ado\u00e7\u00e3o de uma postura mais sustent\u00e1vel e de uma energia mais limpa, os clientes garantem at\u00e9 18% de economia para empresas, resid\u00eancias ou condom\u00ednios. Apenas neste ano, esses clientes j\u00e1 economizaram R$ 15 milh\u00f5es na conta de luz e reduziram 14.000 toneladas de CO<sub>2<\/sub>.\u00a0<\/p>\n\n\n\n<p class=\"wp-block-paragraph\">\u201cO segmento de gera\u00e7\u00e3o distribu\u00edda, ou energia solar por assinatura, proporciona significativa redu\u00e7\u00e3o na tarifa de energia el\u00e9trica e ainda minimiza os impactos da crise h\u00eddrica, ao utilizar a luz solar, um recurso natural. Outro benef\u00edcio dessa modalidade \u00e9 que n\u00e3o s\u00e3o necess\u00e1rias obras e instala\u00e7\u00f5es e, portanto, o cliente n\u00e3o precisa fazer qualquer investimento para a contrata\u00e7\u00e3o do servi\u00e7o\u201d, afirma Danilo Gusm\u00e3o, presidente da Cemig SIM.<\/p>\n\n\n\n<figure class=\"wp-block-gallery columns-1 is-cropped wp-block-gallery-1 is-layout-flex wp-block-gallery-is-layout-flex\"><ul class=\"blocks-gallery-grid\"><li class=\"blocks-gallery-item\"><figure><img loading=\"lazy\" decoding=\"async\" width=\"660\" height=\"450\" src=\"https:\/\/aconteceunovale.com.br\/portal\/wp-content\/uploads\/2021\/09\/fazenda_solar_cemig.jpg\" alt=\"\" data-id=\"182283\" data-full-url=\"https:\/\/aconteceunovale.com.br\/portal\/wp-content\/uploads\/2021\/09\/fazenda_solar_cemig.jpg\" data-link=\"https:\/\/aconteceunovale.com.br\/portal\/?attachment_id=182283\" class=\"wp-image-182283\" srcset=\"https:\/\/aconteceunovale.com.br\/portal\/wp-content\/uploads\/2021\/09\/fazenda_solar_cemig.jpg 660w, https:\/\/aconteceunovale.com.br\/portal\/wp-content\/uploads\/2021\/09\/fazenda_solar_cemig-300x205.jpg 300w, https:\/\/aconteceunovale.com.br\/portal\/wp-content\/uploads\/2021\/09\/fazenda_solar_cemig-218x150.jpg 218w, https:\/\/aconteceunovale.com.br\/portal\/wp-content\/uploads\/2021\/09\/fazenda_solar_cemig-616x420.jpg 616w\" sizes=\"auto, (max-width: 660px) 100vw, 660px\" \/><figcaption class=\"blocks-gallery-item__caption\"><em>Fazenda solar &#8211; Foto: Cemig SIM \/ Divulga\u00e7\u00e3o<\/em><\/figcaption><\/figure><\/li><\/ul><\/figure>\n\n\n\n<h2 class=\"wp-block-heading\"><strong>Como aderir<\/strong><\/h2>\n\n\n\n<p class=\"wp-block-paragraph\">Os clientes atendidos em baixa tens\u00e3o como empresas, restaurantes, condom\u00ednios, padarias, hot\u00e9is, farm\u00e1cias, postos de gasolina, hospitais, resid\u00eancias &#8211; inclusive apartamentos -, dentre outros est\u00e3o aptos a migrarem gratuitamente para o modelo de energia solar por assinatura. &nbsp;<\/p>\n\n\n\n<p class=\"wp-block-paragraph\">A energia da Cemig SIM \u00e9 gerada remotamente, em \u00e1reas com radia\u00e7\u00e3o solar mais favor\u00e1vel, em Minas Gerais, e chega pela rede da distribuidora, por\u00e9m, com menor custo. Os interessados podem simular e aderir aos planos oferecidos de forma totalmente digital, por meio do site&nbsp;<a href=\"https:\/\/cemigsim.com.br\/\" target=\"_blank\" rel=\"noreferrer noopener\">www.cemigsim.com.br<\/a>.<\/p>\n\n\n\n<h2 class=\"wp-block-heading\"><strong>Usinas fotovoltaicas&nbsp;<\/strong><\/h2>\n\n\n\n<p class=\"wp-block-paragraph\">A Cemig SIM tamb\u00e9m atua no mercado de constru\u00e7\u00e3o de usinas para empresas e resid\u00eancias. Nessa modalidade, s\u00e3o realizados o planejamento e a constru\u00e7\u00e3o de usina fotovoltaicas em telhados, por exemplo, gerando uma economia m\u00e9dia de at\u00e9 95% na conta de luz.&nbsp;<\/p>\n\n\n\n<h2 class=\"wp-block-heading\"><strong>Projetos e expans\u00e3o&nbsp;<\/strong><\/h2>\n\n\n\n<p class=\"wp-block-paragraph\">Nos pr\u00f3ximos anos, a Cemig SIM ir\u00e1 investir R$ 1 bilh\u00e3o em novos neg\u00f3cios e projetos em Minas Gerais, garantindo a expans\u00e3o da gera\u00e7\u00e3o de energia solar e ofertando aos seus clientes energia limpa e renov\u00e1vel a pre\u00e7os altamente competitivos. Hoje a empresa possui um parque de 14 usinas solares em opera\u00e7\u00e3o e prev\u00ea a entrada de outras 5 ainda em 2021.\u00a0<\/p>\n\n\n\n<p class=\"wp-block-paragraph\">&#8212;&#8212;&#8212;&#8212;&#8212;&#8212;<br><em>Quer receber as not\u00edcias do <strong>Aconteceu no Vale<\/strong> em primeira m\u00e3o? Siga-nos no Facebook <a rel=\"noreferrer noopener\" href=\"http:\/\/facebook.com\/aconteceunovale\" target=\"_blank\">@aconteceunovale<\/a>, Twitter <a rel=\"noreferrer noopener\" href=\"https:\/\/twitter.com\/noticiadosvales\" target=\"_blank\">@noticiadosvales<\/a> e Instagram <a rel=\"noreferrer noopener\" href=\"https:\/\/www.instagram.com\/aconteceunovale\" target=\"_blank\">@aconteceunovale<\/a>.<\/em><\/p>\n","protected":false},"excerpt":{"rendered":"<p>O pa\u00eds vive sua pior crise h\u00eddrica dos \u00faltimos 91 anos. Al\u00e9m de evitarem o desperd\u00edcio de energia, os consumidores podem contar com mais uma alternativa para reduzir o impacto das bandeiras vermelhas e aliviar a conta de luz: a energia solar.&nbsp; Em Minas Gerais, mais de 4 mil clientes \u2013 pessoas f\u00edsicas e jur\u00eddicas [&hellip;]<\/p>\n","protected":false},"author":4,"featured_media":182283,"comment_status":"open","ping_status":"closed","sticky":false,"template":"","format":"standard","meta":{"amp_status":"","footnotes":""},"categories":[123],"tags":[347,251950,22057,55341,18747,35418,35737,251947,251948,35736,251946,251951,251949,251952],"class_list":["post-182282","post","type-post","status-publish","format-standard","has-post-thumbnail","hentry","category-gerais","tag-cemig","tag-cemig-sim","tag-crise-hidrica","tag-danilo-gusmao","tag-economia-de-energia","tag-energia-eletrica","tag-energia-fotovoltaica","tag-energia-fotovoltaica-por-assinatura","tag-energia-por-assinatura","tag-energia-solar","tag-energia-solar-por-assinatura","tag-fazenda-solar","tag-luz-por-assinatura","tag-usina-de-energia-solar"],"yoast_head":"<!-- This site is optimized with the Yoast SEO plugin v28.3 - https:\/\/yoast.com\/product\/yoast-seo-wordpress\/ -->\n<title>Energia solar por assinatura \u00e9 op\u00e7\u00e3o econ\u00f4mica na crise h\u00eddrica - Aconteceu no Vale<\/title>\n<meta name=\"robots\" content=\"index, follow, max-snippet:-1, max-image-preview:large, max-video-preview:-1\" \/>\n<link rel=\"canonical\" href=\"https:\/\/aconteceunovale.com.br\/portal\/?p=182282\" \/>\n<meta property=\"og:locale\" content=\"pt_BR\" \/>\n<meta property=\"og:type\" content=\"article\" \/>\n<meta property=\"og:title\" content=\"Energia solar por assinatura \u00e9 op\u00e7\u00e3o econ\u00f4mica na crise h\u00eddrica - Aconteceu no Vale\" \/>\n<meta property=\"og:description\" content=\"O pa\u00eds vive sua pior crise h\u00eddrica dos \u00faltimos 91 anos. Al\u00e9m de evitarem o desperd\u00edcio de energia, os consumidores podem contar com mais uma alternativa para reduzir o impacto das bandeiras vermelhas e aliviar a conta de luz: a energia solar.&nbsp; Em Minas Gerais, mais de 4 mil clientes \u2013 pessoas f\u00edsicas e jur\u00eddicas [&hellip;]\" \/>\n<meta property=\"og:url\" content=\"https:\/\/aconteceunovale.com.br\/portal\/?p=182282\" \/>\n<meta property=\"og:site_name\" content=\"Aconteceu no Vale\" \/>\n<meta property=\"article:publisher\" content=\"https:\/\/www.facebook.com\/aconteceunovale\/\" \/>\n<meta property=\"article:published_time\" content=\"2021-09-27T15:27:05+00:00\" \/>\n<meta property=\"article:modified_time\" content=\"2021-09-27T15:28:36+00:00\" \/>\n<meta property=\"og:image\" content=\"https:\/\/aconteceunovale.com.br\/portal\/wp-content\/uploads\/2021\/09\/fazenda_solar_cemig.jpg\" \/>\n\t<meta property=\"og:image:width\" content=\"660\" \/>\n\t<meta property=\"og:image:height\" content=\"450\" \/>\n\t<meta property=\"og:image:type\" content=\"image\/jpeg\" \/>\n<meta name=\"author\" content=\"Reda\u00e7\u00e3o Aconteceu no Vale\" \/>\n<meta name=\"twitter:card\" content=\"summary_large_image\" \/>\n<meta name=\"twitter:creator\" content=\"@noticiadosvales\" \/>\n<meta name=\"twitter:site\" content=\"@noticiadosvales\" \/>\n<meta name=\"twitter:label1\" content=\"Escrito por\" \/>\n\t<meta name=\"twitter:data1\" content=\"Reda\u00e7\u00e3o Aconteceu no Vale\" \/>\n\t<meta name=\"twitter:label2\" content=\"Est. tempo de leitura\" \/>\n\t<meta name=\"twitter:data2\" content=\"2 minutos\" \/>\n<script type=\"application\/ld+json\" class=\"yoast-schema-graph\">{\"@context\":\"https:\\\/\\\/schema.org\",\"@graph\":[{\"@type\":\"Article\",\"@id\":\"https:\\\/\\\/aconteceunovale.com.br\\\/portal\\\/?p=182282#article\",\"isPartOf\":{\"@id\":\"https:\\\/\\\/aconteceunovale.com.br\\\/portal\\\/?p=182282\"},\"author\":{\"name\":\"Reda\u00e7\u00e3o Aconteceu no Vale\",\"@id\":\"https:\\\/\\\/aconteceunovale.com.br\\\/portal\\\/#\\\/schema\\\/person\\\/7d2f26d1483f8a63de73da1ee0754d35\"},\"headline\":\"Energia solar por assinatura \u00e9 op\u00e7\u00e3o econ\u00f4mica na crise h\u00eddrica\",\"datePublished\":\"2021-09-27T15:27:05+00:00\",\"dateModified\":\"2021-09-27T15:28:36+00:00\",\"mainEntityOfPage\":{\"@id\":\"https:\\\/\\\/aconteceunovale.com.br\\\/portal\\\/?p=182282\"},\"wordCount\":469,\"commentCount\":0,\"image\":{\"@id\":\"https:\\\/\\\/aconteceunovale.com.br\\\/portal\\\/?p=182282#primaryimage\"},\"thumbnailUrl\":\"https:\\\/\\\/aconteceunovale.com.br\\\/portal\\\/wp-content\\\/uploads\\\/2021\\\/09\\\/fazenda_solar_cemig.jpg\",\"keywords\":[\"cemig\",\"Cemig SIM\",\"crise h\u00eddrica\",\"Danilo Gusm\u00e3o\",\"economia de energia\",\"energia el\u00e9trica\",\"energia fotovoltaica\",\"Energia fotovoltaica por assinatura\",\"Energia por assinatura\",\"energia solar\",\"Energia solar por assinatura\",\"Fazenda solar\",\"Luz por assinatura\",\"Usina de energia solar\"],\"articleSection\":[\"Minas Gerais\"],\"inLanguage\":\"pt-BR\",\"potentialAction\":[{\"@type\":\"CommentAction\",\"name\":\"Comment\",\"target\":[\"https:\\\/\\\/aconteceunovale.com.br\\\/portal\\\/?p=182282#respond\"]}]},{\"@type\":\"WebPage\",\"@id\":\"https:\\\/\\\/aconteceunovale.com.br\\\/portal\\\/?p=182282\",\"url\":\"https:\\\/\\\/aconteceunovale.com.br\\\/portal\\\/?p=182282\",\"name\":\"Energia solar por assinatura \u00e9 op\u00e7\u00e3o econ\u00f4mica na crise h\u00eddrica - Aconteceu no Vale\",\"isPartOf\":{\"@id\":\"https:\\\/\\\/aconteceunovale.com.br\\\/portal\\\/#website\"},\"primaryImageOfPage\":{\"@id\":\"https:\\\/\\\/aconteceunovale.com.br\\\/portal\\\/?p=182282#primaryimage\"},\"image\":{\"@id\":\"https:\\\/\\\/aconteceunovale.com.br\\\/portal\\\/?p=182282#primaryimage\"},\"thumbnailUrl\":\"https:\\\/\\\/aconteceunovale.com.br\\\/portal\\\/wp-content\\\/uploads\\\/2021\\\/09\\\/fazenda_solar_cemig.jpg\",\"datePublished\":\"2021-09-27T15:27:05+00:00\",\"dateModified\":\"2021-09-27T15:28:36+00:00\",\"author\":{\"@id\":\"https:\\\/\\\/aconteceunovale.com.br\\\/portal\\\/#\\\/schema\\\/person\\\/7d2f26d1483f8a63de73da1ee0754d35\"},\"breadcrumb\":{\"@id\":\"https:\\\/\\\/aconteceunovale.com.br\\\/portal\\\/?p=182282#breadcrumb\"},\"inLanguage\":\"pt-BR\",\"potentialAction\":[{\"@type\":\"ReadAction\",\"target\":[\"https:\\\/\\\/aconteceunovale.com.br\\\/portal\\\/?p=182282\"]}]},{\"@type\":\"ImageObject\",\"inLanguage\":\"pt-BR\",\"@id\":\"https:\\\/\\\/aconteceunovale.com.br\\\/portal\\\/?p=182282#primaryimage\",\"url\":\"https:\\\/\\\/aconteceunovale.com.br\\\/portal\\\/wp-content\\\/uploads\\\/2021\\\/09\\\/fazenda_solar_cemig.jpg\",\"contentUrl\":\"https:\\\/\\\/aconteceunovale.com.br\\\/portal\\\/wp-content\\\/uploads\\\/2021\\\/09\\\/fazenda_solar_cemig.jpg\",\"width\":660,\"height\":450},{\"@type\":\"BreadcrumbList\",\"@id\":\"https:\\\/\\\/aconteceunovale.com.br\\\/portal\\\/?p=182282#breadcrumb\",\"itemListElement\":[{\"@type\":\"ListItem\",\"position\":1,\"name\":\"In\u00edcio\",\"item\":\"https:\\\/\\\/aconteceunovale.com.br\\\/portal\\\/\"},{\"@type\":\"ListItem\",\"position\":2,\"name\":\"Energia solar por assinatura \u00e9 op\u00e7\u00e3o econ\u00f4mica na crise h\u00eddrica\"}]},{\"@type\":\"WebSite\",\"@id\":\"https:\\\/\\\/aconteceunovale.com.br\\\/portal\\\/#website\",\"url\":\"https:\\\/\\\/aconteceunovale.com.br\\\/portal\\\/\",\"name\":\"Aconteceu no Vale\",\"description\":\"Portal de Not\u00edcias\",\"potentialAction\":[{\"@type\":\"SearchAction\",\"target\":{\"@type\":\"EntryPoint\",\"urlTemplate\":\"https:\\\/\\\/aconteceunovale.com.br\\\/portal\\\/?s={search_term_string}\"},\"query-input\":{\"@type\":\"PropertyValueSpecification\",\"valueRequired\":true,\"valueName\":\"search_term_string\"}}],\"inLanguage\":\"pt-BR\"},{\"@type\":\"Person\",\"@id\":\"https:\\\/\\\/aconteceunovale.com.br\\\/portal\\\/#\\\/schema\\\/person\\\/7d2f26d1483f8a63de73da1ee0754d35\",\"name\":\"Reda\u00e7\u00e3o Aconteceu no Vale\",\"description\":\"Equipe de reportagem do Aconteceu no Vale, portal de not\u00edcias do Vale do Jequitinhonha, em Minas Gerais. Cobrimos as 51 cidades do Vale desde 2013. Sugest\u00f5es de pauta e pedidos de corre\u00e7\u00e3o: contato@aconteceunovale.com.br\",\"url\":\"https:\\\/\\\/aconteceunovale.com.br\\\/portal\\\/?author=4\"}]}<\/script>\n<!-- \/ Yoast SEO plugin. -->","yoast_head_json":{"title":"Energia solar por assinatura \u00e9 op\u00e7\u00e3o econ\u00f4mica na crise h\u00eddrica - Aconteceu no Vale","robots":{"index":"index","follow":"follow","max-snippet":"max-snippet:-1","max-image-preview":"max-image-preview:large","max-video-preview":"max-video-preview:-1"},"canonical":"https:\/\/aconteceunovale.com.br\/portal\/?p=182282","og_locale":"pt_BR","og_type":"article","og_title":"Energia solar por assinatura \u00e9 op\u00e7\u00e3o econ\u00f4mica na crise h\u00eddrica - Aconteceu no Vale","og_description":"O pa\u00eds vive sua pior crise h\u00eddrica dos \u00faltimos 91 anos. Al\u00e9m de evitarem o desperd\u00edcio de energia, os consumidores podem contar com mais uma alternativa para reduzir o impacto das bandeiras vermelhas e aliviar a conta de luz: a energia solar.&nbsp; Em Minas Gerais, mais de 4 mil clientes \u2013 pessoas f\u00edsicas e jur\u00eddicas [&hellip;]","og_url":"https:\/\/aconteceunovale.com.br\/portal\/?p=182282","og_site_name":"Aconteceu no Vale","article_publisher":"https:\/\/www.facebook.com\/aconteceunovale\/","article_published_time":"2021-09-27T15:27:05+00:00","article_modified_time":"2021-09-27T15:28:36+00:00","og_image":[{"width":660,"height":450,"url":"https:\/\/aconteceunovale.com.br\/portal\/wp-content\/uploads\/2021\/09\/fazenda_solar_cemig.jpg","type":"image\/jpeg"}],"author":"Reda\u00e7\u00e3o Aconteceu no Vale","twitter_card":"summary_large_image","twitter_creator":"@noticiadosvales","twitter_site":"@noticiadosvales","twitter_misc":{"Escrito por":"Reda\u00e7\u00e3o Aconteceu no Vale","Est. tempo de leitura":"2 minutos"},"schema":{"@context":"https:\/\/schema.org","@graph":[{"@type":"Article","@id":"https:\/\/aconteceunovale.com.br\/portal\/?p=182282#article","isPartOf":{"@id":"https:\/\/aconteceunovale.com.br\/portal\/?p=182282"},"author":{"name":"Reda\u00e7\u00e3o Aconteceu no Vale","@id":"https:\/\/aconteceunovale.com.br\/portal\/#\/schema\/person\/7d2f26d1483f8a63de73da1ee0754d35"},"headline":"Energia solar por assinatura \u00e9 op\u00e7\u00e3o econ\u00f4mica na crise h\u00eddrica","datePublished":"2021-09-27T15:27:05+00:00","dateModified":"2021-09-27T15:28:36+00:00","mainEntityOfPage":{"@id":"https:\/\/aconteceunovale.com.br\/portal\/?p=182282"},"wordCount":469,"commentCount":0,"image":{"@id":"https:\/\/aconteceunovale.com.br\/portal\/?p=182282#primaryimage"},"thumbnailUrl":"https:\/\/aconteceunovale.com.br\/portal\/wp-content\/uploads\/2021\/09\/fazenda_solar_cemig.jpg","keywords":["cemig","Cemig SIM","crise h\u00eddrica","Danilo Gusm\u00e3o","economia de energia","energia el\u00e9trica","energia fotovoltaica","Energia fotovoltaica por assinatura","Energia por assinatura","energia solar","Energia solar por assinatura","Fazenda solar","Luz por assinatura","Usina de energia solar"],"articleSection":["Minas Gerais"],"inLanguage":"pt-BR","potentialAction":[{"@type":"CommentAction","name":"Comment","target":["https:\/\/aconteceunovale.com.br\/portal\/?p=182282#respond"]}]},{"@type":"WebPage","@id":"https:\/\/aconteceunovale.com.br\/portal\/?p=182282","url":"https:\/\/aconteceunovale.com.br\/portal\/?p=182282","name":"Energia solar por assinatura \u00e9 op\u00e7\u00e3o econ\u00f4mica na crise h\u00eddrica - Aconteceu no Vale","isPartOf":{"@id":"https:\/\/aconteceunovale.com.br\/portal\/#website"},"primaryImageOfPage":{"@id":"https:\/\/aconteceunovale.com.br\/portal\/?p=182282#primaryimage"},"image":{"@id":"https:\/\/aconteceunovale.com.br\/portal\/?p=182282#primaryimage"},"thumbnailUrl":"https:\/\/aconteceunovale.com.br\/portal\/wp-content\/uploads\/2021\/09\/fazenda_solar_cemig.jpg","datePublished":"2021-09-27T15:27:05+00:00","dateModified":"2021-09-27T15:28:36+00:00","author":{"@id":"https:\/\/aconteceunovale.com.br\/portal\/#\/schema\/person\/7d2f26d1483f8a63de73da1ee0754d35"},"breadcrumb":{"@id":"https:\/\/aconteceunovale.com.br\/portal\/?p=182282#breadcrumb"},"inLanguage":"pt-BR","potentialAction":[{"@type":"ReadAction","target":["https:\/\/aconteceunovale.com.br\/portal\/?p=182282"]}]},{"@type":"ImageObject","inLanguage":"pt-BR","@id":"https:\/\/aconteceunovale.com.br\/portal\/?p=182282#primaryimage","url":"https:\/\/aconteceunovale.com.br\/portal\/wp-content\/uploads\/2021\/09\/fazenda_solar_cemig.jpg","contentUrl":"https:\/\/aconteceunovale.com.br\/portal\/wp-content\/uploads\/2021\/09\/fazenda_solar_cemig.jpg","width":660,"height":450},{"@type":"BreadcrumbList","@id":"https:\/\/aconteceunovale.com.br\/portal\/?p=182282#breadcrumb","itemListElement":[{"@type":"ListItem","position":1,"name":"In\u00edcio","item":"https:\/\/aconteceunovale.com.br\/portal\/"},{"@type":"ListItem","position":2,"name":"Energia solar por assinatura \u00e9 op\u00e7\u00e3o econ\u00f4mica na crise h\u00eddrica"}]},{"@type":"WebSite","@id":"https:\/\/aconteceunovale.com.br\/portal\/#website","url":"https:\/\/aconteceunovale.com.br\/portal\/","name":"Aconteceu no Vale","description":"Portal de Not\u00edcias","potentialAction":[{"@type":"SearchAction","target":{"@type":"EntryPoint","urlTemplate":"https:\/\/aconteceunovale.com.br\/portal\/?s={search_term_string}"},"query-input":{"@type":"PropertyValueSpecification","valueRequired":true,"valueName":"search_term_string"}}],"inLanguage":"pt-BR"},{"@type":"Person","@id":"https:\/\/aconteceunovale.com.br\/portal\/#\/schema\/person\/7d2f26d1483f8a63de73da1ee0754d35","name":"Reda\u00e7\u00e3o Aconteceu no Vale","description":"Equipe de reportagem do Aconteceu no Vale, portal de not\u00edcias do Vale do Jequitinhonha, em Minas Gerais. Cobrimos as 51 cidades do Vale desde 2013. Sugest\u00f5es de pauta e pedidos de corre\u00e7\u00e3o: contato@aconteceunovale.com.br","url":"https:\/\/aconteceunovale.com.br\/portal\/?author=4"}]}},"_links":{"self":[{"href":"https:\/\/aconteceunovale.com.br\/portal\/index.php?rest_route=\/wp\/v2\/posts\/182282","targetHints":{"allow":["GET"]}}],"collection":[{"href":"https:\/\/aconteceunovale.com.br\/portal\/index.php?rest_route=\/wp\/v2\/posts"}],"about":[{"href":"https:\/\/aconteceunovale.com.br\/portal\/index.php?rest_route=\/wp\/v2\/types\/post"}],"author":[{"embeddable":true,"href":"https:\/\/aconteceunovale.com.br\/portal\/index.php?rest_route=\/wp\/v2\/users\/4"}],"replies":[{"embeddable":true,"href":"https:\/\/aconteceunovale.com.br\/portal\/index.php?rest_route=%2Fwp%2Fv2%2Fcomments&post=182282"}],"version-history":[{"count":1,"href":"https:\/\/aconteceunovale.com.br\/portal\/index.php?rest_route=\/wp\/v2\/posts\/182282\/revisions"}],"predecessor-version":[{"id":182284,"href":"https:\/\/aconteceunovale.com.br\/portal\/index.php?rest_route=\/wp\/v2\/posts\/182282\/revisions\/182284"}],"wp:featuredmedia":[{"embeddable":true,"href":"https:\/\/aconteceunovale.com.br\/portal\/index.php?rest_route=\/wp\/v2\/media\/182283"}],"wp:attachment":[{"href":"https:\/\/aconteceunovale.com.br\/portal\/index.php?rest_route=%2Fwp%2Fv2%2Fmedia&parent=182282"}],"wp:term":[{"taxonomy":"category","embeddable":true,"href":"https:\/\/aconteceunovale.com.br\/portal\/index.php?rest_route=%2Fwp%2Fv2%2Fcategories&post=182282"},{"taxonomy":"post_tag","embeddable":true,"href":"https:\/\/aconteceunovale.com.br\/portal\/index.php?rest_route=%2Fwp%2Fv2%2Ftags&post=182282"}],"curies":[{"name":"wp","href":"https:\/\/api.w.org\/{rel}","templated":true}]}}