{"id":182278,"date":"2021-09-27T12:11:35","date_gmt":"2021-09-27T15:11:35","guid":{"rendered":"https:\/\/aconteceunovale.com.br\/portal\/?p=182278"},"modified":"2021-09-27T12:13:31","modified_gmt":"2021-09-27T15:13:31","slug":"guincho-adulterado-e-com-registro-de-furto-e-apreendido-em-teofilo-otoni","status":"publish","type":"post","link":"https:\/\/aconteceunovale.com.br\/portal\/?p=182278","title":{"rendered":"Guincho adulterado e com registro de furto \u00e9 apreendido em Te\u00f3filo Otoni"},"content":{"rendered":"\n<p class=\"wp-block-paragraph\">Um homem de 29 anos foi detido em Te\u00f3filo Otoni (MG), nesse domingo (26\/9\/2021), por uso de ve\u00edculo adulterado em presta\u00e7\u00e3o de servi\u00e7o. Segundo informa\u00e7\u00f5es da Pol\u00edcia Rodovi\u00e1ria Federal (PRF), o caminh\u00e3o de pequeno porte foi abordado durante uma fiscaliza\u00e7\u00e3o no per\u00edmetro urbano da BR-116 e, ao efetuarem a vistoria, os agentes constaram que o ve\u00edculo estava com v\u00e1rios dos seus itens de identifica\u00e7\u00e3o manipulados.<\/p>\n\n\n\n<figure class=\"wp-block-gallery columns-1 is-cropped wp-block-gallery-1 is-layout-flex wp-block-gallery-is-layout-flex\"><ul class=\"blocks-gallery-grid\"><li class=\"blocks-gallery-item\"><figure><img loading=\"lazy\" decoding=\"async\" width=\"678\" height=\"445\" src=\"https:\/\/aconteceunovale.com.br\/portal\/wp-content\/uploads\/2021\/09\/guincho_teofilo_otoni.jpeg\" alt=\"\" data-id=\"182279\" data-full-url=\"https:\/\/aconteceunovale.com.br\/portal\/wp-content\/uploads\/2021\/09\/guincho_teofilo_otoni.jpeg\" data-link=\"https:\/\/aconteceunovale.com.br\/portal\/?attachment_id=182279\" class=\"wp-image-182279\" srcset=\"https:\/\/aconteceunovale.com.br\/portal\/wp-content\/uploads\/2021\/09\/guincho_teofilo_otoni.jpeg 678w, https:\/\/aconteceunovale.com.br\/portal\/wp-content\/uploads\/2021\/09\/guincho_teofilo_otoni-300x197.jpeg 300w, https:\/\/aconteceunovale.com.br\/portal\/wp-content\/uploads\/2021\/09\/guincho_teofilo_otoni-640x420.jpeg 640w\" sizes=\"auto, (max-width: 678px) 100vw, 678px\" \/><figcaption class=\"blocks-gallery-item__caption\"><em>Foto: Divulga\u00e7\u00e3o \/ PRF<\/em><\/figcaption><\/figure><\/li><\/ul><\/figure>\n\n\n\n<p class=\"wp-block-paragraph\">O caminh\u00e3o, com placa de S\u00e3o Gon\u00e7alo (RJ), era utilizado como guincho na presta\u00e7\u00e3o de servi\u00e7os de remo\u00e7\u00e3o de autom\u00f3veis. Ap\u00f3s uma checagem minuciosa, os policiais constaram que o ve\u00edculo havia sido furtado na regi\u00e3o metropolitana do Rio de Janeiro em junho de 2015.<\/p>\n\n\n\n<p class=\"wp-block-paragraph\">De acordo com a PRF, o condutor informou que trabalha em empresa prestadora de servi\u00e7o de guarda e remo\u00e7\u00e3o de ve\u00edculos apreendidos na cidade de Itaobim (MG). Ele informou tamb\u00e9m que adquiriu o guincho h\u00e1 aproximadamente dois anos pelo valor de mercado, tendo repassado um outro autom\u00f3vel como parte do pagamento.<\/p>\n\n\n\n<p class=\"wp-block-paragraph\">A PRF verificou que esse mesmo condutor, abordado em Te\u00f3filo Otoni, j\u00e1 havia sido preso pela Pol\u00edcia Militar em fevereiro deste ano. Na \u00e9poca, segundo a ocorr\u00eancia, ele estava com um autom\u00f3vel Honda H-RV, licenciado no estado do Esp\u00edrito Santo, com registro de furto\/roubo.<\/p>\n\n\n\n<p class=\"wp-block-paragraph\">A ocorr\u00eancia foi apresentada ao Plant\u00e3o da Pol\u00edcia Civil na cidade de Te\u00f3filo Otoni.<\/p>\n\n\n\n<p class=\"wp-block-paragraph\">&#8212;&#8212;&#8212;&#8212;&#8212;&#8212;<br><em>Quer receber as not\u00edcias do <strong>Aconteceu no Vale<\/strong> em primeira m\u00e3o? Siga-nos no Facebook <a rel=\"noreferrer noopener\" href=\"http:\/\/facebook.com\/aconteceunovale\" target=\"_blank\">@aconteceunovale<\/a>, Twitter <a rel=\"noreferrer noopener\" href=\"https:\/\/twitter.com\/noticiadosvales\" target=\"_blank\">@noticiadosvales<\/a> e Instagram <a rel=\"noreferrer noopener\" href=\"https:\/\/www.instagram.com\/aconteceunovale\" target=\"_blank\">@aconteceunovale<\/a>.<\/em><\/p>\n","protected":false},"excerpt":{"rendered":"<p>Um homem de 29 anos foi detido em Te\u00f3filo Otoni (MG), nesse domingo (26\/9\/2021), por uso de ve\u00edculo adulterado em presta\u00e7\u00e3o de servi\u00e7o. Segundo informa\u00e7\u00f5es da Pol\u00edcia Rodovi\u00e1ria Federal (PRF), o caminh\u00e3o de pequeno porte foi abordado durante uma fiscaliza\u00e7\u00e3o no per\u00edmetro urbano da BR-116 e, ao efetuarem a vistoria, os agentes constaram que o [&hellip;]<\/p>\n","protected":false},"author":4,"featured_media":182279,"comment_status":"open","ping_status":"closed","sticky":false,"template":"","format":"standard","meta":{"amp_status":"","footnotes":""},"categories":[120,122],"tags":[205715,182,251941,251944,251943,1018,251938,251942,251939,251945,251940,391,225897,34834,164],"class_list":["post-182278","post","type-post","status-publish","format-standard","has-post-thumbnail","hentry","category-jequi","category-mucuri","tag-apreensao-de-caminhao-em-teofilo-otoni","tag-br-116","tag-caminhao-adulterado-em-teofilo-otoni","tag-caminhao-furtado-em-sao-goncalo","tag-caminhao-recuperado-em-teofilo-otoni","tag-destaque","tag-guincho-adulterado-e-com-registro-de-furto-e-apreendido-em-teofilo-otoni","tag-guincho-adulterado-em-teofilo-otoni","tag-guincho-apreendido-em-teofilo-otoni","tag-guincho-furtado-em-sao-goncalo","tag-guincho-roubado-em-teofilo-otoni","tag-itaobim","tag-policia-rodoviaria-federal-em-teofilo-otoni","tag-prf-de-teofilo-otoni","tag-teofilo-otoni"],"yoast_head":"<!-- This site is optimized with the Yoast SEO plugin v28.3 - https:\/\/yoast.com\/product\/yoast-seo-wordpress\/ -->\n<title>Guincho adulterado e com registro de furto \u00e9 apreendido em Te\u00f3filo Otoni - Aconteceu no Vale<\/title>\n<meta name=\"robots\" content=\"index, follow, max-snippet:-1, max-image-preview:large, max-video-preview:-1\" \/>\n<link rel=\"canonical\" href=\"https:\/\/aconteceunovale.com.br\/portal\/?p=182278\" \/>\n<meta property=\"og:locale\" content=\"pt_BR\" \/>\n<meta property=\"og:type\" content=\"article\" \/>\n<meta property=\"og:title\" content=\"Guincho adulterado e com registro de furto \u00e9 apreendido em Te\u00f3filo Otoni - Aconteceu no Vale\" \/>\n<meta property=\"og:description\" content=\"Um homem de 29 anos foi detido em Te\u00f3filo Otoni (MG), nesse domingo (26\/9\/2021), por uso de ve\u00edculo adulterado em presta\u00e7\u00e3o de servi\u00e7o. Segundo informa\u00e7\u00f5es da Pol\u00edcia Rodovi\u00e1ria Federal (PRF), o caminh\u00e3o de pequeno porte foi abordado durante uma fiscaliza\u00e7\u00e3o no per\u00edmetro urbano da BR-116 e, ao efetuarem a vistoria, os agentes constaram que o [&hellip;]\" \/>\n<meta property=\"og:url\" content=\"https:\/\/aconteceunovale.com.br\/portal\/?p=182278\" \/>\n<meta property=\"og:site_name\" content=\"Aconteceu no Vale\" \/>\n<meta property=\"article:publisher\" content=\"https:\/\/www.facebook.com\/aconteceunovale\/\" \/>\n<meta property=\"article:published_time\" content=\"2021-09-27T15:11:35+00:00\" \/>\n<meta property=\"article:modified_time\" content=\"2021-09-27T15:13:31+00:00\" \/>\n<meta property=\"og:image\" content=\"https:\/\/aconteceunovale.com.br\/portal\/wp-content\/uploads\/2021\/09\/guincho_teofilo_otoni.jpeg\" \/>\n\t<meta property=\"og:image:width\" content=\"678\" \/>\n\t<meta property=\"og:image:height\" content=\"445\" \/>\n\t<meta property=\"og:image:type\" content=\"image\/jpeg\" \/>\n<meta name=\"author\" content=\"Reda\u00e7\u00e3o Aconteceu no Vale\" \/>\n<meta name=\"twitter:card\" content=\"summary_large_image\" \/>\n<meta name=\"twitter:creator\" content=\"@noticiadosvales\" \/>\n<meta name=\"twitter:site\" content=\"@noticiadosvales\" \/>\n<meta name=\"twitter:label1\" content=\"Escrito por\" \/>\n\t<meta name=\"twitter:data1\" content=\"Reda\u00e7\u00e3o Aconteceu no Vale\" \/>\n\t<meta name=\"twitter:label2\" content=\"Est. tempo de leitura\" \/>\n\t<meta name=\"twitter:data2\" content=\"1 minuto\" \/>\n<script type=\"application\/ld+json\" class=\"yoast-schema-graph\">{\"@context\":\"https:\\\/\\\/schema.org\",\"@graph\":[{\"@type\":\"Article\",\"@id\":\"https:\\\/\\\/aconteceunovale.com.br\\\/portal\\\/?p=182278#article\",\"isPartOf\":{\"@id\":\"https:\\\/\\\/aconteceunovale.com.br\\\/portal\\\/?p=182278\"},\"author\":{\"name\":\"Reda\u00e7\u00e3o Aconteceu no Vale\",\"@id\":\"https:\\\/\\\/aconteceunovale.com.br\\\/portal\\\/#\\\/schema\\\/person\\\/7d2f26d1483f8a63de73da1ee0754d35\"},\"headline\":\"Guincho adulterado e com registro de furto \u00e9 apreendido em Te\u00f3filo Otoni\",\"datePublished\":\"2021-09-27T15:11:35+00:00\",\"dateModified\":\"2021-09-27T15:13:31+00:00\",\"mainEntityOfPage\":{\"@id\":\"https:\\\/\\\/aconteceunovale.com.br\\\/portal\\\/?p=182278\"},\"wordCount\":292,\"commentCount\":0,\"image\":{\"@id\":\"https:\\\/\\\/aconteceunovale.com.br\\\/portal\\\/?p=182278#primaryimage\"},\"thumbnailUrl\":\"https:\\\/\\\/aconteceunovale.com.br\\\/portal\\\/wp-content\\\/uploads\\\/2021\\\/09\\\/guincho_teofilo_otoni.jpeg\",\"keywords\":[\"Apreens\u00e3o de caminh\u00e3o em Te\u00f3filo Otoni\",\"BR-116\",\"Caminh\u00e3o adulterado em Te\u00f3filo Otoni\",\"Caminh\u00e3o furtado em S\u00e3o Gon\u00e7alo\",\"Caminh\u00e3o recuperado em Te\u00f3filo Otoni\",\"destaque\",\"Guincho adulterado e com registro de furto \u00e9 apreendido em Te\u00f3filo Otoni\",\"Guincho adulterado em Te\u00f3filo Otoni\",\"Guincho apreendido em Te\u00f3filo Otoni\",\"Guincho furtado em S\u00e3o Gon\u00e7alo\",\"Guincho roubado em Te\u00f3filo Otoni\",\"Itaobim\",\"Pol\u00edcia Rodovi\u00e1ria Federal em Te\u00f3filo Otoni\",\"PRF de Te\u00f3filo Otoni\",\"Te\u00f3filo Otoni\"],\"articleSection\":[\"Vale do Jequitinhonha\",\"Vale do Mucuri\"],\"inLanguage\":\"pt-BR\",\"potentialAction\":[{\"@type\":\"CommentAction\",\"name\":\"Comment\",\"target\":[\"https:\\\/\\\/aconteceunovale.com.br\\\/portal\\\/?p=182278#respond\"]}]},{\"@type\":\"WebPage\",\"@id\":\"https:\\\/\\\/aconteceunovale.com.br\\\/portal\\\/?p=182278\",\"url\":\"https:\\\/\\\/aconteceunovale.com.br\\\/portal\\\/?p=182278\",\"name\":\"Guincho adulterado e com registro de furto \u00e9 apreendido em Te\u00f3filo Otoni - Aconteceu no Vale\",\"isPartOf\":{\"@id\":\"https:\\\/\\\/aconteceunovale.com.br\\\/portal\\\/#website\"},\"primaryImageOfPage\":{\"@id\":\"https:\\\/\\\/aconteceunovale.com.br\\\/portal\\\/?p=182278#primaryimage\"},\"image\":{\"@id\":\"https:\\\/\\\/aconteceunovale.com.br\\\/portal\\\/?p=182278#primaryimage\"},\"thumbnailUrl\":\"https:\\\/\\\/aconteceunovale.com.br\\\/portal\\\/wp-content\\\/uploads\\\/2021\\\/09\\\/guincho_teofilo_otoni.jpeg\",\"datePublished\":\"2021-09-27T15:11:35+00:00\",\"dateModified\":\"2021-09-27T15:13:31+00:00\",\"author\":{\"@id\":\"https:\\\/\\\/aconteceunovale.com.br\\\/portal\\\/#\\\/schema\\\/person\\\/7d2f26d1483f8a63de73da1ee0754d35\"},\"breadcrumb\":{\"@id\":\"https:\\\/\\\/aconteceunovale.com.br\\\/portal\\\/?p=182278#breadcrumb\"},\"inLanguage\":\"pt-BR\",\"potentialAction\":[{\"@type\":\"ReadAction\",\"target\":[\"https:\\\/\\\/aconteceunovale.com.br\\\/portal\\\/?p=182278\"]}]},{\"@type\":\"ImageObject\",\"inLanguage\":\"pt-BR\",\"@id\":\"https:\\\/\\\/aconteceunovale.com.br\\\/portal\\\/?p=182278#primaryimage\",\"url\":\"https:\\\/\\\/aconteceunovale.com.br\\\/portal\\\/wp-content\\\/uploads\\\/2021\\\/09\\\/guincho_teofilo_otoni.jpeg\",\"contentUrl\":\"https:\\\/\\\/aconteceunovale.com.br\\\/portal\\\/wp-content\\\/uploads\\\/2021\\\/09\\\/guincho_teofilo_otoni.jpeg\",\"width\":678,\"height\":445},{\"@type\":\"BreadcrumbList\",\"@id\":\"https:\\\/\\\/aconteceunovale.com.br\\\/portal\\\/?p=182278#breadcrumb\",\"itemListElement\":[{\"@type\":\"ListItem\",\"position\":1,\"name\":\"In\u00edcio\",\"item\":\"https:\\\/\\\/aconteceunovale.com.br\\\/portal\\\/\"},{\"@type\":\"ListItem\",\"position\":2,\"name\":\"Guincho adulterado e com registro de furto \u00e9 apreendido em Te\u00f3filo Otoni\"}]},{\"@type\":\"WebSite\",\"@id\":\"https:\\\/\\\/aconteceunovale.com.br\\\/portal\\\/#website\",\"url\":\"https:\\\/\\\/aconteceunovale.com.br\\\/portal\\\/\",\"name\":\"Aconteceu no Vale\",\"description\":\"Portal de Not\u00edcias\",\"potentialAction\":[{\"@type\":\"SearchAction\",\"target\":{\"@type\":\"EntryPoint\",\"urlTemplate\":\"https:\\\/\\\/aconteceunovale.com.br\\\/portal\\\/?s={search_term_string}\"},\"query-input\":{\"@type\":\"PropertyValueSpecification\",\"valueRequired\":true,\"valueName\":\"search_term_string\"}}],\"inLanguage\":\"pt-BR\"},{\"@type\":\"Person\",\"@id\":\"https:\\\/\\\/aconteceunovale.com.br\\\/portal\\\/#\\\/schema\\\/person\\\/7d2f26d1483f8a63de73da1ee0754d35\",\"name\":\"Reda\u00e7\u00e3o Aconteceu no Vale\",\"description\":\"Equipe de reportagem do Aconteceu no Vale, portal de not\u00edcias do Vale do Jequitinhonha, em Minas Gerais. Cobrimos as 51 cidades do Vale desde 2013. Sugest\u00f5es de pauta e pedidos de corre\u00e7\u00e3o: contato@aconteceunovale.com.br\",\"url\":\"https:\\\/\\\/aconteceunovale.com.br\\\/portal\\\/?author=4\"}]}<\/script>\n<!-- \/ Yoast SEO plugin. -->","yoast_head_json":{"title":"Guincho adulterado e com registro de furto \u00e9 apreendido em Te\u00f3filo Otoni - Aconteceu no Vale","robots":{"index":"index","follow":"follow","max-snippet":"max-snippet:-1","max-image-preview":"max-image-preview:large","max-video-preview":"max-video-preview:-1"},"canonical":"https:\/\/aconteceunovale.com.br\/portal\/?p=182278","og_locale":"pt_BR","og_type":"article","og_title":"Guincho adulterado e com registro de furto \u00e9 apreendido em Te\u00f3filo Otoni - Aconteceu no Vale","og_description":"Um homem de 29 anos foi detido em Te\u00f3filo Otoni (MG), nesse domingo (26\/9\/2021), por uso de ve\u00edculo adulterado em presta\u00e7\u00e3o de servi\u00e7o. Segundo informa\u00e7\u00f5es da Pol\u00edcia Rodovi\u00e1ria Federal (PRF), o caminh\u00e3o de pequeno porte foi abordado durante uma fiscaliza\u00e7\u00e3o no per\u00edmetro urbano da BR-116 e, ao efetuarem a vistoria, os agentes constaram que o [&hellip;]","og_url":"https:\/\/aconteceunovale.com.br\/portal\/?p=182278","og_site_name":"Aconteceu no Vale","article_publisher":"https:\/\/www.facebook.com\/aconteceunovale\/","article_published_time":"2021-09-27T15:11:35+00:00","article_modified_time":"2021-09-27T15:13:31+00:00","og_image":[{"width":678,"height":445,"url":"https:\/\/aconteceunovale.com.br\/portal\/wp-content\/uploads\/2021\/09\/guincho_teofilo_otoni.jpeg","type":"image\/jpeg"}],"author":"Reda\u00e7\u00e3o Aconteceu no Vale","twitter_card":"summary_large_image","twitter_creator":"@noticiadosvales","twitter_site":"@noticiadosvales","twitter_misc":{"Escrito por":"Reda\u00e7\u00e3o Aconteceu no Vale","Est. tempo de leitura":"1 minuto"},"schema":{"@context":"https:\/\/schema.org","@graph":[{"@type":"Article","@id":"https:\/\/aconteceunovale.com.br\/portal\/?p=182278#article","isPartOf":{"@id":"https:\/\/aconteceunovale.com.br\/portal\/?p=182278"},"author":{"name":"Reda\u00e7\u00e3o Aconteceu no Vale","@id":"https:\/\/aconteceunovale.com.br\/portal\/#\/schema\/person\/7d2f26d1483f8a63de73da1ee0754d35"},"headline":"Guincho adulterado e com registro de furto \u00e9 apreendido em Te\u00f3filo Otoni","datePublished":"2021-09-27T15:11:35+00:00","dateModified":"2021-09-27T15:13:31+00:00","mainEntityOfPage":{"@id":"https:\/\/aconteceunovale.com.br\/portal\/?p=182278"},"wordCount":292,"commentCount":0,"image":{"@id":"https:\/\/aconteceunovale.com.br\/portal\/?p=182278#primaryimage"},"thumbnailUrl":"https:\/\/aconteceunovale.com.br\/portal\/wp-content\/uploads\/2021\/09\/guincho_teofilo_otoni.jpeg","keywords":["Apreens\u00e3o de caminh\u00e3o em Te\u00f3filo Otoni","BR-116","Caminh\u00e3o adulterado em Te\u00f3filo Otoni","Caminh\u00e3o furtado em S\u00e3o Gon\u00e7alo","Caminh\u00e3o recuperado em Te\u00f3filo Otoni","destaque","Guincho adulterado e com registro de furto \u00e9 apreendido em Te\u00f3filo Otoni","Guincho adulterado em Te\u00f3filo Otoni","Guincho apreendido em Te\u00f3filo Otoni","Guincho furtado em S\u00e3o Gon\u00e7alo","Guincho roubado em Te\u00f3filo Otoni","Itaobim","Pol\u00edcia Rodovi\u00e1ria Federal em Te\u00f3filo Otoni","PRF de Te\u00f3filo Otoni","Te\u00f3filo Otoni"],"articleSection":["Vale do Jequitinhonha","Vale do Mucuri"],"inLanguage":"pt-BR","potentialAction":[{"@type":"CommentAction","name":"Comment","target":["https:\/\/aconteceunovale.com.br\/portal\/?p=182278#respond"]}]},{"@type":"WebPage","@id":"https:\/\/aconteceunovale.com.br\/portal\/?p=182278","url":"https:\/\/aconteceunovale.com.br\/portal\/?p=182278","name":"Guincho adulterado e com registro de furto \u00e9 apreendido em Te\u00f3filo Otoni - Aconteceu no Vale","isPartOf":{"@id":"https:\/\/aconteceunovale.com.br\/portal\/#website"},"primaryImageOfPage":{"@id":"https:\/\/aconteceunovale.com.br\/portal\/?p=182278#primaryimage"},"image":{"@id":"https:\/\/aconteceunovale.com.br\/portal\/?p=182278#primaryimage"},"thumbnailUrl":"https:\/\/aconteceunovale.com.br\/portal\/wp-content\/uploads\/2021\/09\/guincho_teofilo_otoni.jpeg","datePublished":"2021-09-27T15:11:35+00:00","dateModified":"2021-09-27T15:13:31+00:00","author":{"@id":"https:\/\/aconteceunovale.com.br\/portal\/#\/schema\/person\/7d2f26d1483f8a63de73da1ee0754d35"},"breadcrumb":{"@id":"https:\/\/aconteceunovale.com.br\/portal\/?p=182278#breadcrumb"},"inLanguage":"pt-BR","potentialAction":[{"@type":"ReadAction","target":["https:\/\/aconteceunovale.com.br\/portal\/?p=182278"]}]},{"@type":"ImageObject","inLanguage":"pt-BR","@id":"https:\/\/aconteceunovale.com.br\/portal\/?p=182278#primaryimage","url":"https:\/\/aconteceunovale.com.br\/portal\/wp-content\/uploads\/2021\/09\/guincho_teofilo_otoni.jpeg","contentUrl":"https:\/\/aconteceunovale.com.br\/portal\/wp-content\/uploads\/2021\/09\/guincho_teofilo_otoni.jpeg","width":678,"height":445},{"@type":"BreadcrumbList","@id":"https:\/\/aconteceunovale.com.br\/portal\/?p=182278#breadcrumb","itemListElement":[{"@type":"ListItem","position":1,"name":"In\u00edcio","item":"https:\/\/aconteceunovale.com.br\/portal\/"},{"@type":"ListItem","position":2,"name":"Guincho adulterado e com registro de furto \u00e9 apreendido em Te\u00f3filo Otoni"}]},{"@type":"WebSite","@id":"https:\/\/aconteceunovale.com.br\/portal\/#website","url":"https:\/\/aconteceunovale.com.br\/portal\/","name":"Aconteceu no Vale","description":"Portal de Not\u00edcias","potentialAction":[{"@type":"SearchAction","target":{"@type":"EntryPoint","urlTemplate":"https:\/\/aconteceunovale.com.br\/portal\/?s={search_term_string}"},"query-input":{"@type":"PropertyValueSpecification","valueRequired":true,"valueName":"search_term_string"}}],"inLanguage":"pt-BR"},{"@type":"Person","@id":"https:\/\/aconteceunovale.com.br\/portal\/#\/schema\/person\/7d2f26d1483f8a63de73da1ee0754d35","name":"Reda\u00e7\u00e3o Aconteceu no Vale","description":"Equipe de reportagem do Aconteceu no Vale, portal de not\u00edcias do Vale do Jequitinhonha, em Minas Gerais. Cobrimos as 51 cidades do Vale desde 2013. Sugest\u00f5es de pauta e pedidos de corre\u00e7\u00e3o: contato@aconteceunovale.com.br","url":"https:\/\/aconteceunovale.com.br\/portal\/?author=4"}]}},"_links":{"self":[{"href":"https:\/\/aconteceunovale.com.br\/portal\/index.php?rest_route=\/wp\/v2\/posts\/182278","targetHints":{"allow":["GET"]}}],"collection":[{"href":"https:\/\/aconteceunovale.com.br\/portal\/index.php?rest_route=\/wp\/v2\/posts"}],"about":[{"href":"https:\/\/aconteceunovale.com.br\/portal\/index.php?rest_route=\/wp\/v2\/types\/post"}],"author":[{"embeddable":true,"href":"https:\/\/aconteceunovale.com.br\/portal\/index.php?rest_route=\/wp\/v2\/users\/4"}],"replies":[{"embeddable":true,"href":"https:\/\/aconteceunovale.com.br\/portal\/index.php?rest_route=%2Fwp%2Fv2%2Fcomments&post=182278"}],"version-history":[{"count":2,"href":"https:\/\/aconteceunovale.com.br\/portal\/index.php?rest_route=\/wp\/v2\/posts\/182278\/revisions"}],"predecessor-version":[{"id":182281,"href":"https:\/\/aconteceunovale.com.br\/portal\/index.php?rest_route=\/wp\/v2\/posts\/182278\/revisions\/182281"}],"wp:featuredmedia":[{"embeddable":true,"href":"https:\/\/aconteceunovale.com.br\/portal\/index.php?rest_route=\/wp\/v2\/media\/182279"}],"wp:attachment":[{"href":"https:\/\/aconteceunovale.com.br\/portal\/index.php?rest_route=%2Fwp%2Fv2%2Fmedia&parent=182278"}],"wp:term":[{"taxonomy":"category","embeddable":true,"href":"https:\/\/aconteceunovale.com.br\/portal\/index.php?rest_route=%2Fwp%2Fv2%2Fcategories&post=182278"},{"taxonomy":"post_tag","embeddable":true,"href":"https:\/\/aconteceunovale.com.br\/portal\/index.php?rest_route=%2Fwp%2Fv2%2Ftags&post=182278"}],"curies":[{"name":"wp","href":"https:\/\/api.w.org\/{rel}","templated":true}]}}