{"id":182275,"date":"2021-09-26T20:24:08","date_gmt":"2021-09-26T23:24:08","guid":{"rendered":"https:\/\/aconteceunovale.com.br\/portal\/?p=182275"},"modified":"2021-09-26T20:24:31","modified_gmt":"2021-09-26T23:24:31","slug":"ministerio-da-saude-atualiza-informacoes-sobre-a-covid-19-no-brasil-2","status":"publish","type":"post","link":"https:\/\/aconteceunovale.com.br\/portal\/?p=182275","title":{"rendered":"Minist\u00e9rio da Sa\u00fade atualiza informa\u00e7\u00f5es sobre a Covid-19 no Brasil"},"content":{"rendered":"\n<p class=\"wp-block-paragraph\">O Brasil registrou 8.668 novos casos de Covid-19 e 243 mortes pela doen\u00e7a em 24 horas, segundo o boletim da situa\u00e7\u00e3o epidemiol\u00f3gica divulgado neste domingo (26\/9\/2021) pelo Minist\u00e9rio da Sa\u00fade. Desde o in\u00edcio da pandemia, foram registrados 21.351.972 casos e 594.443 \u00f3bitos.<\/p>\n\n\n\n<p class=\"wp-block-paragraph\">Segundo o boletim, 20.340.373 pessoas se recuperaram da doen\u00e7a e 417.156 casos ainda est\u00e3o em acompanhamento.<\/p>\n\n\n\n<p class=\"wp-block-paragraph\">Entre os estados, S\u00e3o Paulo \u00e9 que tem o maior n\u00famero de casos e de \u00f3bitos, com 4,3 milh\u00f5es e 149,1 mil, respectivamente. No n\u00famero de casos, o estado da Regi\u00e3o Sudeste \u00e9 seguido por Minas Gerais (2,1 milh\u00f5es) e Paran\u00e1 (1,5 milh\u00e3o). As unidades da Federa\u00e7\u00e3o que registram menor n\u00famero de casos s\u00e3o Acre (87,9 mil), Amap\u00e1 (122,7 mil) e Roraima (126,1 mil).<\/p>\n\n\n\n<p class=\"wp-block-paragraph\">No n\u00famero de mortes, S\u00e3o Paulo \u00e9 seguido por Rio de Janeiro (65,6 mil) e Minas Gerais (54,3 mil). Os estados com menor n\u00famero mortes s\u00e3o Acre (1.836), Amap\u00e1 (1.977) e Roraima (1.992).<\/p>\n\n\n\n<figure class=\"wp-block-image size-full\"><img loading=\"lazy\" decoding=\"async\" width=\"754\" height=\"425\" src=\"https:\/\/aconteceunovale.com.br\/portal\/wp-content\/uploads\/2021\/09\/corona_br_26setembro.jpeg\" alt=\"\" class=\"wp-image-182276\" srcset=\"https:\/\/aconteceunovale.com.br\/portal\/wp-content\/uploads\/2021\/09\/corona_br_26setembro.jpeg 754w, https:\/\/aconteceunovale.com.br\/portal\/wp-content\/uploads\/2021\/09\/corona_br_26setembro-300x169.jpeg 300w, https:\/\/aconteceunovale.com.br\/portal\/wp-content\/uploads\/2021\/09\/corona_br_26setembro-696x392.jpeg 696w, https:\/\/aconteceunovale.com.br\/portal\/wp-content\/uploads\/2021\/09\/corona_br_26setembro-745x420.jpeg 745w\" sizes=\"auto, (max-width: 754px) 100vw, 754px\" \/><\/figure>\n\n\n\n<h2 class=\"wp-block-heading\">Vacina\u00e7\u00e3o<\/h2>\n\n\n\n<p class=\"wp-block-paragraph\">Segundo o \u00faltimo boletim divulgado pelo Minist\u00e9rio da Sa\u00fade, foram aplicadas 231,8 milh\u00f5es de doses de vacina contra covid-19 no Brasil, sendo 144,8 milh\u00f5es de primeiras doses e 87 milh\u00f5es de segundas doses e doses \u00fanicas.&nbsp;<\/p>\n\n\n\n<p class=\"wp-block-paragraph\">Tamb\u00e9m foram aplicados 29,8 mil doses adicionais em imunossuprimidos e 506,9 mil doses de refor\u00e7o. No total, foram aplicadas nas \u00faltimas 24 horas, segundo o boletim, 1,5 milh\u00e3o de doses.<\/p>\n\n\n\n<p class=\"wp-block-paragraph\">At\u00e9 agora foram distribu\u00eddas para as unidades da Federa\u00e7\u00e3o 284,6 milh\u00f5es de doses, sendo que 274,7 milh\u00f5es foram entregues aos estados e ao Distrito Federal h\u00e1 mais de sete dias e 9,9 milh\u00f5es foram enviadas e est\u00e3o em processo de distribui\u00e7\u00e3o.<\/p>\n\n\n\n<p class=\"wp-block-paragraph\">&#8212;&#8212;&#8212;&#8212;&#8212;&#8212;<br><em>Quer receber as not\u00edcias do <strong>Aconteceu no Vale<\/strong> em primeira m\u00e3o? Siga-nos no Facebook <a rel=\"noreferrer noopener\" href=\"http:\/\/facebook.com\/aconteceunovale\" target=\"_blank\">@aconteceunovale<\/a>, Twitter <a rel=\"noreferrer noopener\" href=\"https:\/\/twitter.com\/noticiadosvales\" target=\"_blank\">@noticiadosvales<\/a> e Instagram <a rel=\"noreferrer noopener\" href=\"https:\/\/www.instagram.com\/aconteceunovale\" target=\"_blank\">@aconteceunovale<\/a>.<\/em><\/p>\n","protected":false},"excerpt":{"rendered":"<p>O Brasil registrou 8.668 novos casos de Covid-19 e 243 mortes pela doen\u00e7a em 24 horas, segundo o boletim da situa\u00e7\u00e3o epidemiol\u00f3gica divulgado neste domingo (26\/9\/2021) pelo Minist\u00e9rio da Sa\u00fade. Desde o in\u00edcio da pandemia, foram registrados 21.351.972 casos e 594.443 \u00f3bitos. Segundo o boletim, 20.340.373 pessoas se recuperaram da doen\u00e7a e 417.156 casos ainda [&hellip;]<\/p>\n","protected":false},"author":4,"featured_media":180866,"comment_status":"open","ping_status":"closed","sticky":false,"template":"","format":"standard","meta":{"amp_status":"","footnotes":""},"categories":[6,40242],"tags":[248769,4785,249773,220477,220660,219520,218049,218205,214884,215394,216498,218043,251332,1018,24222,94947,246445,240267,240268,241817,249938,240269,250067,19326,251937,220349,218044,218045,250541,215653,218206,219105,219104,218876,219519,140166,217692,224484,134903,241171,220478,220479,248771,248770,239472,220944,220945],"class_list":["post-182275","post","type-post","status-publish","format-standard","has-post-thumbnail","hentry","category-br","category-saude-2","tag-40-milhoes-de-pessoas-ja-completaram-o-ciclo-de-vacinacao-contra-a-covid-19-no-brasil","tag-brasil","tag-brasil-atinge-50-milhoes-de-pessoas-com-vacinacao-completa-contra-covid-19","tag-brasil-bate-recorde-de-obitos-e-casos-confirmados-em-um-dia","tag-brasil-ultrapassa-marca-de-4-mil-obitos-por-covid-19","tag-casos-confirmados-e-obitos-no-brasil","tag-casos-de-coronavirus-no-brasil","tag-casos-de-covid-19-no-brasil","tag-coronavirus","tag-coronavirus-no-brasil","tag-covid-19","tag-covid-19-no-brasil","tag-covid-19-numero-de-casos-e-obitos-no-brasil-tem-maior-queda-em-2021","tag-destaque","tag-fiocruz","tag-fundacao-oswaldo-cruz","tag-imunizacao-contra-covid-19-no-brasil","tag-media-de-mortes-diarias-por-covid-19-cresce-ha-um-mes","tag-media-de-mortes-diarias-por-covid-19-no-brasil","tag-media-de-obitos-por-covid-19-no-brasil-recua-pelo-terceiro-dia-consecutivo-segundo-a-fiocruz","tag-media-de-obitos-por-covid-19-no-brasil-tem-queda-de-32-em-um-mes","tag-media-movel-de-mortes-por-covid-19-no-brasil","tag-media-movel-de-mortes-por-covid-19-no-brasil-esta-abaixo-de-900-ha-14-dias","tag-ministerio-da-saude","tag-ministerio-da-saude-atualiza-informacoes-sobre-a-covid-19-no-brasil","tag-ministerio-da-saude-atualiza-numeros-do-coronavirus-no-brasil","tag-mortes-por-coronavirus-no-brasil","tag-mortes-por-covid-19-no-brasil","tag-mortes-por-covid-19-no-brasil-completam-dez-semanas-em-queda","tag-novo-coronavirus","tag-numero-de-casos-de-covid-19-confirmados-no-brasil","tag-numeros-da-covid-19-no-brasil","tag-numeros-do-coronavirus-no-brasil","tag-obitos-por-coronavirus-no-brasil","tag-obitos-por-covid-19-no-brasil","tag-pandemia","tag-pandemia-de-coronavirus","tag-pandemia-no-brasil","tag-pni","tag-programa-nacional-de-imunizacao","tag-recorde-de-obitos-por-coronavirus-no-brasil","tag-recorde-de-obitos-por-covid-19-no-brasil","tag-totalmente-imunizado-no-brasil","tag-vacinacao-completa-no-brasil","tag-vacinacao-contra-covid-19-no-brasil","tag-virus-vai-atingir-70-da-populacao","tag-virus-vai-atingir-70-da-populacao-diz-jair-bolsonaro"],"yoast_head":"<!-- This site is optimized with the Yoast SEO plugin v28.3 - https:\/\/yoast.com\/product\/yoast-seo-wordpress\/ -->\n<title>Minist\u00e9rio da Sa\u00fade atualiza informa\u00e7\u00f5es sobre a Covid-19 no Brasil - Aconteceu no Vale<\/title>\n<meta name=\"robots\" content=\"index, follow, max-snippet:-1, max-image-preview:large, max-video-preview:-1\" \/>\n<link rel=\"canonical\" href=\"https:\/\/aconteceunovale.com.br\/portal\/?p=182275\" \/>\n<meta property=\"og:locale\" content=\"pt_BR\" \/>\n<meta property=\"og:type\" content=\"article\" \/>\n<meta property=\"og:title\" content=\"Minist\u00e9rio da Sa\u00fade atualiza informa\u00e7\u00f5es sobre a Covid-19 no Brasil - Aconteceu no Vale\" \/>\n<meta property=\"og:description\" content=\"O Brasil registrou 8.668 novos casos de Covid-19 e 243 mortes pela doen\u00e7a em 24 horas, segundo o boletim da situa\u00e7\u00e3o epidemiol\u00f3gica divulgado neste domingo (26\/9\/2021) pelo Minist\u00e9rio da Sa\u00fade. Desde o in\u00edcio da pandemia, foram registrados 21.351.972 casos e 594.443 \u00f3bitos. Segundo o boletim, 20.340.373 pessoas se recuperaram da doen\u00e7a e 417.156 casos ainda [&hellip;]\" \/>\n<meta property=\"og:url\" content=\"https:\/\/aconteceunovale.com.br\/portal\/?p=182275\" \/>\n<meta property=\"og:site_name\" content=\"Aconteceu no Vale\" \/>\n<meta property=\"article:publisher\" content=\"https:\/\/www.facebook.com\/aconteceunovale\/\" \/>\n<meta property=\"article:published_time\" content=\"2021-09-26T23:24:08+00:00\" \/>\n<meta property=\"article:modified_time\" content=\"2021-09-26T23:24:31+00:00\" \/>\n<meta property=\"og:image\" content=\"https:\/\/aconteceunovale.com.br\/portal\/wp-content\/uploads\/2021\/08\/coronavirus_delta.jpg\" \/>\n\t<meta property=\"og:image:width\" content=\"678\" \/>\n\t<meta property=\"og:image:height\" content=\"362\" \/>\n\t<meta property=\"og:image:type\" content=\"image\/jpeg\" \/>\n<meta name=\"author\" content=\"Reda\u00e7\u00e3o Aconteceu no Vale\" \/>\n<meta name=\"twitter:card\" content=\"summary_large_image\" \/>\n<meta name=\"twitter:creator\" content=\"@noticiadosvales\" \/>\n<meta name=\"twitter:site\" content=\"@noticiadosvales\" \/>\n<meta name=\"twitter:label1\" content=\"Escrito por\" \/>\n\t<meta name=\"twitter:data1\" content=\"Reda\u00e7\u00e3o Aconteceu no Vale\" \/>\n\t<meta name=\"twitter:label2\" content=\"Est. tempo de leitura\" \/>\n\t<meta name=\"twitter:data2\" content=\"1 minuto\" \/>\n<script type=\"application\/ld+json\" class=\"yoast-schema-graph\">{\"@context\":\"https:\\\/\\\/schema.org\",\"@graph\":[{\"@type\":\"Article\",\"@id\":\"https:\\\/\\\/aconteceunovale.com.br\\\/portal\\\/?p=182275#article\",\"isPartOf\":{\"@id\":\"https:\\\/\\\/aconteceunovale.com.br\\\/portal\\\/?p=182275\"},\"author\":{\"name\":\"Reda\u00e7\u00e3o Aconteceu no Vale\",\"@id\":\"https:\\\/\\\/aconteceunovale.com.br\\\/portal\\\/#\\\/schema\\\/person\\\/7d2f26d1483f8a63de73da1ee0754d35\"},\"headline\":\"Minist\u00e9rio da Sa\u00fade atualiza informa\u00e7\u00f5es sobre a Covid-19 no Brasil\",\"datePublished\":\"2021-09-26T23:24:08+00:00\",\"dateModified\":\"2021-09-26T23:24:31+00:00\",\"mainEntityOfPage\":{\"@id\":\"https:\\\/\\\/aconteceunovale.com.br\\\/portal\\\/?p=182275\"},\"wordCount\":305,\"commentCount\":0,\"image\":{\"@id\":\"https:\\\/\\\/aconteceunovale.com.br\\\/portal\\\/?p=182275#primaryimage\"},\"thumbnailUrl\":\"https:\\\/\\\/aconteceunovale.com.br\\\/portal\\\/wp-content\\\/uploads\\\/2021\\\/08\\\/coronavirus_delta.jpg\",\"keywords\":[\"40 milh\u00f5es de pessoas j\u00e1 completaram o ciclo de vacina\u00e7\u00e3o contra a Covid-19 no Brasil\",\"brasil\",\"Brasil atinge 50 milh\u00f5es de pessoas com vacina\u00e7\u00e3o completa contra Covid-19\",\"Brasil bate recorde de \u00f3bitos e casos confirmados em um dia\",\"Brasil ultrapassa marca de 4 mil \u00f3bitos por Covid-19\",\"Casos confirmados e \u00f3bitos no Brasil\",\"Casos de coronav\u00edrus no Brasil\",\"Casos de Covid-19 no Brasil\",\"Coronav\u00edrus\",\"Coronav\u00edrus no Brasil\",\"COVID-19\",\"Covid-19 no Brasil\",\"Covid-19: n\u00famero de casos e \u00f3bitos no Brasil tem maior queda em 2021\",\"destaque\",\"Fiocruz\",\"Funda\u00e7\u00e3o Oswaldo Cruz\",\"Imuniza\u00e7\u00e3o contra covid-19 no Brasil\",\"M\u00e9dia de mortes di\u00e1rias por Covid-19 cresce h\u00e1 um m\u00eas\",\"M\u00e9dia de mortes di\u00e1rias por Covid-19 no Brasil\",\"M\u00e9dia de \u00f3bitos por Covid-19 no Brasil recua pelo terceiro dia consecutivo segundo a Fiocruz\",\"M\u00e9dia de \u00f3bitos por Covid-19 no Brasil tem queda de 32% em um m\u00eas\",\"M\u00e9dia m\u00f3vel de mortes por Covid-19 no Brasil\",\"M\u00e9dia m\u00f3vel de mortes por Covid-19 no Brasil est\u00e1 abaixo de 900 h\u00e1 14 dias\",\"Minist\u00e9rio da Sa\u00fade\",\"Minist\u00e9rio da Sa\u00fade atualiza informa\u00e7\u00f5es sobre a Covid-19 no Brasil\",\"Minist\u00e9rio da Sa\u00fade atualiza n\u00fameros do coronav\u00edrus no Brasil\",\"Mortes por coronav\u00edrus no Brasil\",\"Mortes por Covid-19 no Brasil\",\"Mortes por Covid-19 no Brasil completam dez semanas em queda\",\"Novo coronav\u00edrus\",\"N\u00famero de casos de covid-19 confirmados no Brasil\",\"N\u00fameros da Covid-19 no Brasil\",\"N\u00fameros do coronav\u00edrus no Brasil\",\"\u00d3bitos por coronav\u00edrus no Brasil\",\"\u00d3bitos por Covid-19 no Brasil\",\"pandemia\",\"Pandemia de coronav\u00edrus\",\"Pandemia no Brasil\",\"PNI\",\"Programa Nacional de Imuniza\u00e7\u00e3o\",\"Recorde de \u00f3bitos por coronav\u00edrus no Brasil\",\"Recorde de \u00f3bitos por Covid-19 no Brasil\",\"Totalmente imunizado no Brasil\",\"Vacina\u00e7\u00e3o completa no Brasil\",\"Vacina\u00e7\u00e3o contra covid-19 no Brasil\",\"V\u00edrus vai atingir 70% da popula\u00e7\u00e3o\",\"V\u00edrus vai atingir 70% da popula\u00e7\u00e3o diz Jair Bolsonaro\"],\"articleSection\":[\"Brasil\",\"Sa\u00fade\"],\"inLanguage\":\"pt-BR\",\"potentialAction\":[{\"@type\":\"CommentAction\",\"name\":\"Comment\",\"target\":[\"https:\\\/\\\/aconteceunovale.com.br\\\/portal\\\/?p=182275#respond\"]}]},{\"@type\":\"WebPage\",\"@id\":\"https:\\\/\\\/aconteceunovale.com.br\\\/portal\\\/?p=182275\",\"url\":\"https:\\\/\\\/aconteceunovale.com.br\\\/portal\\\/?p=182275\",\"name\":\"Minist\u00e9rio da Sa\u00fade atualiza informa\u00e7\u00f5es sobre a Covid-19 no Brasil - Aconteceu no Vale\",\"isPartOf\":{\"@id\":\"https:\\\/\\\/aconteceunovale.com.br\\\/portal\\\/#website\"},\"primaryImageOfPage\":{\"@id\":\"https:\\\/\\\/aconteceunovale.com.br\\\/portal\\\/?p=182275#primaryimage\"},\"image\":{\"@id\":\"https:\\\/\\\/aconteceunovale.com.br\\\/portal\\\/?p=182275#primaryimage\"},\"thumbnailUrl\":\"https:\\\/\\\/aconteceunovale.com.br\\\/portal\\\/wp-content\\\/uploads\\\/2021\\\/08\\\/coronavirus_delta.jpg\",\"datePublished\":\"2021-09-26T23:24:08+00:00\",\"dateModified\":\"2021-09-26T23:24:31+00:00\",\"author\":{\"@id\":\"https:\\\/\\\/aconteceunovale.com.br\\\/portal\\\/#\\\/schema\\\/person\\\/7d2f26d1483f8a63de73da1ee0754d35\"},\"breadcrumb\":{\"@id\":\"https:\\\/\\\/aconteceunovale.com.br\\\/portal\\\/?p=182275#breadcrumb\"},\"inLanguage\":\"pt-BR\",\"potentialAction\":[{\"@type\":\"ReadAction\",\"target\":[\"https:\\\/\\\/aconteceunovale.com.br\\\/portal\\\/?p=182275\"]}]},{\"@type\":\"ImageObject\",\"inLanguage\":\"pt-BR\",\"@id\":\"https:\\\/\\\/aconteceunovale.com.br\\\/portal\\\/?p=182275#primaryimage\",\"url\":\"https:\\\/\\\/aconteceunovale.com.br\\\/portal\\\/wp-content\\\/uploads\\\/2021\\\/08\\\/coronavirus_delta.jpg\",\"contentUrl\":\"https:\\\/\\\/aconteceunovale.com.br\\\/portal\\\/wp-content\\\/uploads\\\/2021\\\/08\\\/coronavirus_delta.jpg\",\"width\":678,\"height\":362},{\"@type\":\"BreadcrumbList\",\"@id\":\"https:\\\/\\\/aconteceunovale.com.br\\\/portal\\\/?p=182275#breadcrumb\",\"itemListElement\":[{\"@type\":\"ListItem\",\"position\":1,\"name\":\"In\u00edcio\",\"item\":\"https:\\\/\\\/aconteceunovale.com.br\\\/portal\\\/\"},{\"@type\":\"ListItem\",\"position\":2,\"name\":\"Minist\u00e9rio da Sa\u00fade atualiza informa\u00e7\u00f5es sobre a Covid-19 no Brasil\"}]},{\"@type\":\"WebSite\",\"@id\":\"https:\\\/\\\/aconteceunovale.com.br\\\/portal\\\/#website\",\"url\":\"https:\\\/\\\/aconteceunovale.com.br\\\/portal\\\/\",\"name\":\"Aconteceu no Vale\",\"description\":\"Portal de Not\u00edcias\",\"potentialAction\":[{\"@type\":\"SearchAction\",\"target\":{\"@type\":\"EntryPoint\",\"urlTemplate\":\"https:\\\/\\\/aconteceunovale.com.br\\\/portal\\\/?s={search_term_string}\"},\"query-input\":{\"@type\":\"PropertyValueSpecification\",\"valueRequired\":true,\"valueName\":\"search_term_string\"}}],\"inLanguage\":\"pt-BR\"},{\"@type\":\"Person\",\"@id\":\"https:\\\/\\\/aconteceunovale.com.br\\\/portal\\\/#\\\/schema\\\/person\\\/7d2f26d1483f8a63de73da1ee0754d35\",\"name\":\"Reda\u00e7\u00e3o Aconteceu no Vale\",\"description\":\"Equipe de reportagem do Aconteceu no Vale, portal de not\u00edcias do Vale do Jequitinhonha, em Minas Gerais. Cobrimos as 51 cidades do Vale desde 2013. Sugest\u00f5es de pauta e pedidos de corre\u00e7\u00e3o: contato@aconteceunovale.com.br\",\"url\":\"https:\\\/\\\/aconteceunovale.com.br\\\/portal\\\/?author=4\"}]}<\/script>\n<!-- \/ Yoast SEO plugin. -->","yoast_head_json":{"title":"Minist\u00e9rio da Sa\u00fade atualiza informa\u00e7\u00f5es sobre a Covid-19 no Brasil - Aconteceu no Vale","robots":{"index":"index","follow":"follow","max-snippet":"max-snippet:-1","max-image-preview":"max-image-preview:large","max-video-preview":"max-video-preview:-1"},"canonical":"https:\/\/aconteceunovale.com.br\/portal\/?p=182275","og_locale":"pt_BR","og_type":"article","og_title":"Minist\u00e9rio da Sa\u00fade atualiza informa\u00e7\u00f5es sobre a Covid-19 no Brasil - Aconteceu no Vale","og_description":"O Brasil registrou 8.668 novos casos de Covid-19 e 243 mortes pela doen\u00e7a em 24 horas, segundo o boletim da situa\u00e7\u00e3o epidemiol\u00f3gica divulgado neste domingo (26\/9\/2021) pelo Minist\u00e9rio da Sa\u00fade. Desde o in\u00edcio da pandemia, foram registrados 21.351.972 casos e 594.443 \u00f3bitos. Segundo o boletim, 20.340.373 pessoas se recuperaram da doen\u00e7a e 417.156 casos ainda [&hellip;]","og_url":"https:\/\/aconteceunovale.com.br\/portal\/?p=182275","og_site_name":"Aconteceu no Vale","article_publisher":"https:\/\/www.facebook.com\/aconteceunovale\/","article_published_time":"2021-09-26T23:24:08+00:00","article_modified_time":"2021-09-26T23:24:31+00:00","og_image":[{"width":678,"height":362,"url":"https:\/\/aconteceunovale.com.br\/portal\/wp-content\/uploads\/2021\/08\/coronavirus_delta.jpg","type":"image\/jpeg"}],"author":"Reda\u00e7\u00e3o Aconteceu no Vale","twitter_card":"summary_large_image","twitter_creator":"@noticiadosvales","twitter_site":"@noticiadosvales","twitter_misc":{"Escrito por":"Reda\u00e7\u00e3o Aconteceu no Vale","Est. tempo de leitura":"1 minuto"},"schema":{"@context":"https:\/\/schema.org","@graph":[{"@type":"Article","@id":"https:\/\/aconteceunovale.com.br\/portal\/?p=182275#article","isPartOf":{"@id":"https:\/\/aconteceunovale.com.br\/portal\/?p=182275"},"author":{"name":"Reda\u00e7\u00e3o Aconteceu no Vale","@id":"https:\/\/aconteceunovale.com.br\/portal\/#\/schema\/person\/7d2f26d1483f8a63de73da1ee0754d35"},"headline":"Minist\u00e9rio da Sa\u00fade atualiza informa\u00e7\u00f5es sobre a Covid-19 no Brasil","datePublished":"2021-09-26T23:24:08+00:00","dateModified":"2021-09-26T23:24:31+00:00","mainEntityOfPage":{"@id":"https:\/\/aconteceunovale.com.br\/portal\/?p=182275"},"wordCount":305,"commentCount":0,"image":{"@id":"https:\/\/aconteceunovale.com.br\/portal\/?p=182275#primaryimage"},"thumbnailUrl":"https:\/\/aconteceunovale.com.br\/portal\/wp-content\/uploads\/2021\/08\/coronavirus_delta.jpg","keywords":["40 milh\u00f5es de pessoas j\u00e1 completaram o ciclo de vacina\u00e7\u00e3o contra a Covid-19 no Brasil","brasil","Brasil atinge 50 milh\u00f5es de pessoas com vacina\u00e7\u00e3o completa contra Covid-19","Brasil bate recorde de \u00f3bitos e casos confirmados em um dia","Brasil ultrapassa marca de 4 mil \u00f3bitos por Covid-19","Casos confirmados e \u00f3bitos no Brasil","Casos de coronav\u00edrus no Brasil","Casos de Covid-19 no Brasil","Coronav\u00edrus","Coronav\u00edrus no Brasil","COVID-19","Covid-19 no Brasil","Covid-19: n\u00famero de casos e \u00f3bitos no Brasil tem maior queda em 2021","destaque","Fiocruz","Funda\u00e7\u00e3o Oswaldo Cruz","Imuniza\u00e7\u00e3o contra covid-19 no Brasil","M\u00e9dia de mortes di\u00e1rias por Covid-19 cresce h\u00e1 um m\u00eas","M\u00e9dia de mortes di\u00e1rias por Covid-19 no Brasil","M\u00e9dia de \u00f3bitos por Covid-19 no Brasil recua pelo terceiro dia consecutivo segundo a Fiocruz","M\u00e9dia de \u00f3bitos por Covid-19 no Brasil tem queda de 32% em um m\u00eas","M\u00e9dia m\u00f3vel de mortes por Covid-19 no Brasil","M\u00e9dia m\u00f3vel de mortes por Covid-19 no Brasil est\u00e1 abaixo de 900 h\u00e1 14 dias","Minist\u00e9rio da Sa\u00fade","Minist\u00e9rio da Sa\u00fade atualiza informa\u00e7\u00f5es sobre a Covid-19 no Brasil","Minist\u00e9rio da Sa\u00fade atualiza n\u00fameros do coronav\u00edrus no Brasil","Mortes por coronav\u00edrus no Brasil","Mortes por Covid-19 no Brasil","Mortes por Covid-19 no Brasil completam dez semanas em queda","Novo coronav\u00edrus","N\u00famero de casos de covid-19 confirmados no Brasil","N\u00fameros da Covid-19 no Brasil","N\u00fameros do coronav\u00edrus no Brasil","\u00d3bitos por coronav\u00edrus no Brasil","\u00d3bitos por Covid-19 no Brasil","pandemia","Pandemia de coronav\u00edrus","Pandemia no Brasil","PNI","Programa Nacional de Imuniza\u00e7\u00e3o","Recorde de \u00f3bitos por coronav\u00edrus no Brasil","Recorde de \u00f3bitos por Covid-19 no Brasil","Totalmente imunizado no Brasil","Vacina\u00e7\u00e3o completa no Brasil","Vacina\u00e7\u00e3o contra covid-19 no Brasil","V\u00edrus vai atingir 70% da popula\u00e7\u00e3o","V\u00edrus vai atingir 70% da popula\u00e7\u00e3o diz Jair Bolsonaro"],"articleSection":["Brasil","Sa\u00fade"],"inLanguage":"pt-BR","potentialAction":[{"@type":"CommentAction","name":"Comment","target":["https:\/\/aconteceunovale.com.br\/portal\/?p=182275#respond"]}]},{"@type":"WebPage","@id":"https:\/\/aconteceunovale.com.br\/portal\/?p=182275","url":"https:\/\/aconteceunovale.com.br\/portal\/?p=182275","name":"Minist\u00e9rio da Sa\u00fade atualiza informa\u00e7\u00f5es sobre a Covid-19 no Brasil - Aconteceu no Vale","isPartOf":{"@id":"https:\/\/aconteceunovale.com.br\/portal\/#website"},"primaryImageOfPage":{"@id":"https:\/\/aconteceunovale.com.br\/portal\/?p=182275#primaryimage"},"image":{"@id":"https:\/\/aconteceunovale.com.br\/portal\/?p=182275#primaryimage"},"thumbnailUrl":"https:\/\/aconteceunovale.com.br\/portal\/wp-content\/uploads\/2021\/08\/coronavirus_delta.jpg","datePublished":"2021-09-26T23:24:08+00:00","dateModified":"2021-09-26T23:24:31+00:00","author":{"@id":"https:\/\/aconteceunovale.com.br\/portal\/#\/schema\/person\/7d2f26d1483f8a63de73da1ee0754d35"},"breadcrumb":{"@id":"https:\/\/aconteceunovale.com.br\/portal\/?p=182275#breadcrumb"},"inLanguage":"pt-BR","potentialAction":[{"@type":"ReadAction","target":["https:\/\/aconteceunovale.com.br\/portal\/?p=182275"]}]},{"@type":"ImageObject","inLanguage":"pt-BR","@id":"https:\/\/aconteceunovale.com.br\/portal\/?p=182275#primaryimage","url":"https:\/\/aconteceunovale.com.br\/portal\/wp-content\/uploads\/2021\/08\/coronavirus_delta.jpg","contentUrl":"https:\/\/aconteceunovale.com.br\/portal\/wp-content\/uploads\/2021\/08\/coronavirus_delta.jpg","width":678,"height":362},{"@type":"BreadcrumbList","@id":"https:\/\/aconteceunovale.com.br\/portal\/?p=182275#breadcrumb","itemListElement":[{"@type":"ListItem","position":1,"name":"In\u00edcio","item":"https:\/\/aconteceunovale.com.br\/portal\/"},{"@type":"ListItem","position":2,"name":"Minist\u00e9rio da Sa\u00fade atualiza informa\u00e7\u00f5es sobre a Covid-19 no Brasil"}]},{"@type":"WebSite","@id":"https:\/\/aconteceunovale.com.br\/portal\/#website","url":"https:\/\/aconteceunovale.com.br\/portal\/","name":"Aconteceu no Vale","description":"Portal de Not\u00edcias","potentialAction":[{"@type":"SearchAction","target":{"@type":"EntryPoint","urlTemplate":"https:\/\/aconteceunovale.com.br\/portal\/?s={search_term_string}"},"query-input":{"@type":"PropertyValueSpecification","valueRequired":true,"valueName":"search_term_string"}}],"inLanguage":"pt-BR"},{"@type":"Person","@id":"https:\/\/aconteceunovale.com.br\/portal\/#\/schema\/person\/7d2f26d1483f8a63de73da1ee0754d35","name":"Reda\u00e7\u00e3o Aconteceu no Vale","description":"Equipe de reportagem do Aconteceu no Vale, portal de not\u00edcias do Vale do Jequitinhonha, em Minas Gerais. Cobrimos as 51 cidades do Vale desde 2013. Sugest\u00f5es de pauta e pedidos de corre\u00e7\u00e3o: contato@aconteceunovale.com.br","url":"https:\/\/aconteceunovale.com.br\/portal\/?author=4"}]}},"_links":{"self":[{"href":"https:\/\/aconteceunovale.com.br\/portal\/index.php?rest_route=\/wp\/v2\/posts\/182275","targetHints":{"allow":["GET"]}}],"collection":[{"href":"https:\/\/aconteceunovale.com.br\/portal\/index.php?rest_route=\/wp\/v2\/posts"}],"about":[{"href":"https:\/\/aconteceunovale.com.br\/portal\/index.php?rest_route=\/wp\/v2\/types\/post"}],"author":[{"embeddable":true,"href":"https:\/\/aconteceunovale.com.br\/portal\/index.php?rest_route=\/wp\/v2\/users\/4"}],"replies":[{"embeddable":true,"href":"https:\/\/aconteceunovale.com.br\/portal\/index.php?rest_route=%2Fwp%2Fv2%2Fcomments&post=182275"}],"version-history":[{"count":1,"href":"https:\/\/aconteceunovale.com.br\/portal\/index.php?rest_route=\/wp\/v2\/posts\/182275\/revisions"}],"predecessor-version":[{"id":182277,"href":"https:\/\/aconteceunovale.com.br\/portal\/index.php?rest_route=\/wp\/v2\/posts\/182275\/revisions\/182277"}],"wp:featuredmedia":[{"embeddable":true,"href":"https:\/\/aconteceunovale.com.br\/portal\/index.php?rest_route=\/wp\/v2\/media\/180866"}],"wp:attachment":[{"href":"https:\/\/aconteceunovale.com.br\/portal\/index.php?rest_route=%2Fwp%2Fv2%2Fmedia&parent=182275"}],"wp:term":[{"taxonomy":"category","embeddable":true,"href":"https:\/\/aconteceunovale.com.br\/portal\/index.php?rest_route=%2Fwp%2Fv2%2Fcategories&post=182275"},{"taxonomy":"post_tag","embeddable":true,"href":"https:\/\/aconteceunovale.com.br\/portal\/index.php?rest_route=%2Fwp%2Fv2%2Ftags&post=182275"}],"curies":[{"name":"wp","href":"https:\/\/api.w.org\/{rel}","templated":true}]}}