{"id":182027,"date":"2021-09-22T07:07:45","date_gmt":"2021-09-22T10:07:45","guid":{"rendered":"https:\/\/aconteceunovale.com.br\/portal\/?p=182027"},"modified":"2021-09-22T07:09:19","modified_gmt":"2021-09-22T10:09:19","slug":"palmeiras-e-atletico-iniciam-disputa-por-vaga-na-final-da-libertadores-com-empate-sem-gols","status":"publish","type":"post","link":"https:\/\/aconteceunovale.com.br\/portal\/?p=182027","title":{"rendered":"Palmeiras e Atl\u00e9tico iniciam disputa por vaga na final da Libertadores com empate sem gols"},"content":{"rendered":"\n<p>O Palmeiras e o Atl\u00e9tico-MG empataram em 0 a 0, na noite desta quarta-feira (21\/9\/2021) no Allianz Parque, em S\u00e3o Paulo, na partida de ida das semifinais da Libertadores da Am\u00e9rica.<\/p>\n\n\n\n<figure class=\"wp-block-gallery columns-1 is-cropped wp-block-gallery-1 is-layout-flex wp-block-gallery-is-layout-flex\"><ul class=\"blocks-gallery-grid\"><li class=\"blocks-gallery-item\"><figure><img loading=\"lazy\" decoding=\"async\" width=\"678\" height=\"406\" src=\"https:\/\/aconteceunovale.com.br\/portal\/wp-content\/uploads\/2021\/09\/palmeiras_atletico.jpg\" alt=\"\" data-id=\"182028\" data-full-url=\"https:\/\/aconteceunovale.com.br\/portal\/wp-content\/uploads\/2021\/09\/palmeiras_atletico.jpg\" data-link=\"https:\/\/aconteceunovale.com.br\/portal\/?attachment_id=182028\" class=\"wp-image-182028\" srcset=\"https:\/\/aconteceunovale.com.br\/portal\/wp-content\/uploads\/2021\/09\/palmeiras_atletico.jpg 678w, https:\/\/aconteceunovale.com.br\/portal\/wp-content\/uploads\/2021\/09\/palmeiras_atletico-300x180.jpg 300w\" sizes=\"auto, (max-width: 678px) 100vw, 678px\" \/><figcaption class=\"blocks-gallery-item__caption\"><em>Felipe Melo, do Palmeiras, disputa bola com o jogador Hulk, do Atl\u00e9tico Mineiro, durante partida v\u00e1lida pelas semifinais da Copa Libertadores (Foto: Cesar Greco\/Palmeiras\/via Ag\u00eancia Brasil)<\/em><\/figcaption><\/figure><\/li><\/ul><\/figure>\n\n\n\n<p>Agora, as equipes voltam a se encontrar na pr\u00f3xima ter\u00e7a-feira (28\/9) no est\u00e1dio do Mineir\u00e3o, onde decidir\u00e3o quem garante uma vaga na grande final da competi\u00e7\u00e3o continental.<\/p>\n\n\n\n<p>Apesar de jogar fora de casa, o Galo se imp\u00f4s na etapa inicial na base da ocupa\u00e7\u00e3o de espa\u00e7os e da troca de passes no meio de campo, enquanto o Verd\u00e3o guardava mais a defesa esperando oportunidades de partir em velocidade em jogadas de contra-ataque (uma aposta que foi muito pouco efetiva).<\/p>\n\n\n\n<p>E, de tanto tentar, o Atl\u00e9tico-MG teve uma oportunidade cristalina de abrir o marcador um pouco antes de intervalo. Aos 40 minutos Jair recebeu na ponta direita e cruzou para o meio da \u00e1rea, onde estava o atacante Diego Costa. Por\u00e9m, o zagueiro Gustavo G\u00f3mez chegou de carrinho e impediu o dom\u00ednio do artilheiro, cometendo p\u00eanalti.<\/p>\n\n\n\n<p>O atacante Hulk foi ent\u00e3o para a cobran\u00e7a e chutou forte no p\u00e9 da trave, desperdi\u00e7ando a oportunidade de dar a vantagem ao Galo.<\/p>\n\n\n\n<p>Na etapa final o Palmeiras melhorou, e passou a negar espa\u00e7os ao Galo, que perdeu profundidade em suas jogadas de ataque, em especial ap\u00f3s a sa\u00edda do atacante Diego Costa, que deixou o confronto aos 9 minutos ap\u00f3s sentir uma les\u00e3o.<\/p>\n\n\n\n<p>E, apesar de Palmeiras e Atl\u00e9tico tentarem muito, a igualdade sem gols perdurou at\u00e9 o final.<\/p>\n\n\n\n<p>&#8212;&#8212;&#8212;&#8212;&#8212;&#8212;<br><em>Quer receber as not\u00edcias do <strong>Aconteceu no Vale<\/strong> em primeira m\u00e3o? Siga-nos no Facebook <a rel=\"noreferrer noopener\" href=\"http:\/\/facebook.com\/aconteceunovale\" target=\"_blank\">@aconteceunovale<\/a>, Twitter <a rel=\"noreferrer noopener\" href=\"https:\/\/twitter.com\/noticiadosvales\" target=\"_blank\">@noticiadosvales<\/a> e Instagram <a rel=\"noreferrer noopener\" href=\"https:\/\/www.instagram.com\/aconteceunovale\" target=\"_blank\">@aconteceunovale<\/a>.<\/em><\/p>\n","protected":false},"excerpt":{"rendered":"<p>O Palmeiras e o Atl\u00e9tico-MG empataram em 0 a 0, na noite desta quarta-feira (21\/9\/2021) no Allianz Parque, em S\u00e3o Paulo, na partida de ida das semifinais da Libertadores da Am\u00e9rica. Agora, as equipes voltam a se encontrar na pr\u00f3xima ter\u00e7a-feira (28\/9) no est\u00e1dio do Mineir\u00e3o, onde decidir\u00e3o quem garante uma vaga na grande final [&hellip;]<\/p>\n","protected":false},"author":4,"featured_media":182028,"comment_status":"open","ping_status":"closed","sticky":false,"template":"","format":"standard","meta":{"amp_status":"","footnotes":""},"categories":[6,59],"tags":[44394,12311,2741,40575,194,1017,35552,1018,12312,34438,1093,251606,251602,106706,251604,251605,251603,2382,249538,34071],"class_list":["post-182027","post","type-post","status-publish","format-standard","has-post-thumbnail","hentry","category-br","category-sports","tag-allianz-parque","tag-atletico","tag-atletico-mineiro","tag-atletico-mg","tag-belo-horizonte","tag-bh","tag-copa-libertadores","tag-destaque","tag-galo","tag-libertadores","tag-palmeiras","tag-palmeiras-e-atletico","tag-palmeiras-e-atletico-iniciam-disputa-por-vaga-na-final-da-libertadores-com-empate-sem-gols","tag-palmeiras-x-atletico","tag-palmeiras-x-atletico-mineiro","tag-palmeiras-x-atletico-mg","tag-palmeiras-x-galo","tag-sao-paulo","tag-semifinal-da-libertadores","tag-taca-libertadores"],"_links":{"self":[{"href":"https:\/\/aconteceunovale.com.br\/portal\/index.php?rest_route=\/wp\/v2\/posts\/182027","targetHints":{"allow":["GET"]}}],"collection":[{"href":"https:\/\/aconteceunovale.com.br\/portal\/index.php?rest_route=\/wp\/v2\/posts"}],"about":[{"href":"https:\/\/aconteceunovale.com.br\/portal\/index.php?rest_route=\/wp\/v2\/types\/post"}],"author":[{"embeddable":true,"href":"https:\/\/aconteceunovale.com.br\/portal\/index.php?rest_route=\/wp\/v2\/users\/4"}],"replies":[{"embeddable":true,"href":"https:\/\/aconteceunovale.com.br\/portal\/index.php?rest_route=%2Fwp%2Fv2%2Fcomments&post=182027"}],"version-history":[{"count":1,"href":"https:\/\/aconteceunovale.com.br\/portal\/index.php?rest_route=\/wp\/v2\/posts\/182027\/revisions"}],"predecessor-version":[{"id":182029,"href":"https:\/\/aconteceunovale.com.br\/portal\/index.php?rest_route=\/wp\/v2\/posts\/182027\/revisions\/182029"}],"wp:featuredmedia":[{"embeddable":true,"href":"https:\/\/aconteceunovale.com.br\/portal\/index.php?rest_route=\/wp\/v2\/media\/182028"}],"wp:attachment":[{"href":"https:\/\/aconteceunovale.com.br\/portal\/index.php?rest_route=%2Fwp%2Fv2%2Fmedia&parent=182027"}],"wp:term":[{"taxonomy":"category","embeddable":true,"href":"https:\/\/aconteceunovale.com.br\/portal\/index.php?rest_route=%2Fwp%2Fv2%2Fcategories&post=182027"},{"taxonomy":"post_tag","embeddable":true,"href":"https:\/\/aconteceunovale.com.br\/portal\/index.php?rest_route=%2Fwp%2Fv2%2Ftags&post=182027"}],"curies":[{"name":"wp","href":"https:\/\/api.w.org\/{rel}","templated":true}]}}