{"id":182024,"date":"2021-09-21T20:56:44","date_gmt":"2021-09-21T23:56:44","guid":{"rendered":"https:\/\/aconteceunovale.com.br\/portal\/?p=182024"},"modified":"2021-09-21T20:57:41","modified_gmt":"2021-09-21T23:57:41","slug":"tres-sao-indiciados-por-tentativa-de-roubo-em-medina","status":"publish","type":"post","link":"https:\/\/aconteceunovale.com.br\/portal\/?p=182024","title":{"rendered":"Tr\u00eas s\u00e3o indiciados por tentativa de roubo em Medina"},"content":{"rendered":"\n<p>A Pol\u00edcia Civil de Minas Gerais (PCMG) concluiu o inqu\u00e9rito que apurou a pr\u00e1tica do crime de roubo tentado praticado contra a ag\u00eancia da Empresa Brasileira de Correios e Tel\u00e9grafos (EBCT) na cidade de Medina. Tr\u00eas investigados foram indiciados pela pr\u00e1tica do crime de roubo circunstanciado pelo uso de arma de fogo, em concurso de pessoas, na modalidade tentada e associa\u00e7\u00e3o criminosa, podendo ser condenados a uma pena de at\u00e9 13 anos de pris\u00e3o.<\/p>\n\n\n\n<figure class=\"wp-block-gallery aligncenter columns-1 is-cropped wp-block-gallery-1 is-layout-flex wp-block-gallery-is-layout-flex\"><ul class=\"blocks-gallery-grid\"><li class=\"blocks-gallery-item\"><figure><img loading=\"lazy\" decoding=\"async\" width=\"634\" height=\"450\" src=\"https:\/\/aconteceunovale.com.br\/portal\/wp-content\/uploads\/2021\/09\/roubo_correios_medina.jpeg\" alt=\"\" data-id=\"182025\" data-full-url=\"https:\/\/aconteceunovale.com.br\/portal\/wp-content\/uploads\/2021\/09\/roubo_correios_medina.jpeg\" data-link=\"https:\/\/aconteceunovale.com.br\/portal\/?attachment_id=182025\" class=\"wp-image-182025\" srcset=\"https:\/\/aconteceunovale.com.br\/portal\/wp-content\/uploads\/2021\/09\/roubo_correios_medina.jpeg 634w, https:\/\/aconteceunovale.com.br\/portal\/wp-content\/uploads\/2021\/09\/roubo_correios_medina-300x213.jpeg 300w, https:\/\/aconteceunovale.com.br\/portal\/wp-content\/uploads\/2021\/09\/roubo_correios_medina-100x70.jpeg 100w, https:\/\/aconteceunovale.com.br\/portal\/wp-content\/uploads\/2021\/09\/roubo_correios_medina-592x420.jpeg 592w\" sizes=\"auto, (max-width: 634px) 100vw, 634px\" \/><figcaption class=\"blocks-gallery-item__caption\"><em>Foto: Divulga\u00e7\u00e3o\/PCMG<\/em><\/figcaption><\/figure><\/li><\/ul><\/figure>\n\n\n\n<h2 class=\"wp-block-heading\"><strong>O crime<\/strong><\/h2>\n\n\n\n<p>No dia 17 de janeiro de 2020, no Centro da cidade, dois indiv\u00edduos entraram na ag\u00eancia dos Correios e um deles, mostrando uma arma de fogo, anunciou o roubo a uma das funcion\u00e1rias, que saiu correndo para os fundos do local e se escondeu. Os suspeitos evadiram, em seguida, sem consumar o crime.<\/p>\n\n\n\n<h2 class=\"wp-block-heading\"><strong>Investiga\u00e7\u00e3o<\/strong><\/h2>\n\n\n\n<p>O inqu\u00e9rito policial foi instaurado para apura\u00e7\u00e3o dos fatos e, com o trabalho investigativo e interlocu\u00e7\u00e3o com outras unidades policiais, a PCMG identificou dois suspeitos, de 22 e 27 anos, oriundos de outra cidade, que fica a quase 300 km de dist\u00e2ncia.<\/p>\n\n\n\n<p>Os investigados s\u00e3o contumazes na pr\u00e1tica de assalto \u00e0s ag\u00eancias da EBCT, possuindo in\u00fameros registros policiais pela pr\u00e1tica dos crimes de roubo, extors\u00e3o mediante sequestro, porte de arma, dentre outros.<\/p>\n\n\n\n<p>Apurou-se, ainda, que o ve\u00edculo utilizado no crime, uma motocicleta de cor vermelha, foi roubada cerca de 30 dias antes do crime, no munic\u00edpio de Te\u00f3filo Otoni. Na ocasi\u00e3o, a moto foi subtra\u00edda por um indiv\u00edduo, de 33 anos, suspeito de mais de 300 roubos. Ele est\u00e1 preso desde abril de 2020 em Te\u00f3filo Otoni.<\/p>\n\n\n\n<p>O suspeito do roubo \u00e0 ag\u00eancia, de 27 anos, foi preso em flagrante pela pr\u00e1tica do crime de extors\u00e3o mediante sequestro contra um funcion\u00e1rio de um banco na cidade de Chapada do Norte, em outubro de 2020, e permanece preso.<\/p>\n\n\n\n<p>Outro envolvido, de 22 anos, se encontrava foragido e a PCMG diligenciava no sentido de apurar sua localiza\u00e7\u00e3o. Por\u00e9m, na \u00faltima quarta-feira (15\/9), ap\u00f3s ter sido localizado e resistir \u00e0 pris\u00e3o, morreu em confronto com a Pol\u00edcia Militar, na cidade de Esmeralda, na Regi\u00e3o Metropolitana de Belo Horizonte.<\/p>\n\n\n\n<p><em>\u201cO inqu\u00e9rito policial foi remetido \u00e0 Justi\u00e7a, tendo a PCMG representado pela decreta\u00e7\u00e3o da pris\u00e3o preventiva dos investigados\u201d,<\/em> informou a Pol\u00edcia Civil nesta ter\u00e7a-feira (21\/9\/2021).<\/p>\n\n\n\n<p>&#8212;&#8212;&#8212;&#8212;&#8212;&#8212;<br><em>Quer receber as not\u00edcias do <strong>Aconteceu no Vale<\/strong> em primeira m\u00e3o? Siga-nos no Facebook <a rel=\"noreferrer noopener\" href=\"http:\/\/facebook.com\/aconteceunovale\" target=\"_blank\">@aconteceunovale<\/a>, Twitter <a rel=\"noreferrer noopener\" href=\"https:\/\/twitter.com\/noticiadosvales\" target=\"_blank\">@noticiadosvales<\/a> e Instagram <a rel=\"noreferrer noopener\" href=\"https:\/\/www.instagram.com\/aconteceunovale\" target=\"_blank\">@aconteceunovale<\/a>.<\/em><\/p>\n","protected":false},"excerpt":{"rendered":"<p>A Pol\u00edcia Civil de Minas Gerais (PCMG) concluiu o inqu\u00e9rito que apurou a pr\u00e1tica do crime de roubo tentado praticado contra a ag\u00eancia da Empresa Brasileira de Correios e Tel\u00e9grafos (EBCT) na cidade de Medina. Tr\u00eas investigados foram indiciados pela pr\u00e1tica do crime de roubo circunstanciado pelo uso de arma de fogo, em concurso de [&hellip;]<\/p>\n","protected":false},"author":4,"featured_media":182025,"comment_status":"open","ping_status":"closed","sticky":false,"template":"","format":"standard","meta":{"amp_status":"","footnotes":""},"categories":[120],"tags":[13313,132,481,1492,389,137,251601,243800,52885,251600,164,251599],"class_list":["post-182024","post","type-post","status-publish","format-standard","has-post-thumbnail","hentry","category-jequi","tag-assalto-em-medina","tag-capelinha","tag-chapada-do-norte","tag-esmeraldas","tag-medina","tag-minas-novas","tag-morto-em-confronto-com-a-policia-em-medina","tag-pcmg-em-medina","tag-roubo-em-medina","tag-roubo-na-agencia-dos-correios-de-medina","tag-teofilo-otoni","tag-tres-sao-indiciados-por-tentativa-de-roubo-em-medina"],"_links":{"self":[{"href":"https:\/\/aconteceunovale.com.br\/portal\/index.php?rest_route=\/wp\/v2\/posts\/182024","targetHints":{"allow":["GET"]}}],"collection":[{"href":"https:\/\/aconteceunovale.com.br\/portal\/index.php?rest_route=\/wp\/v2\/posts"}],"about":[{"href":"https:\/\/aconteceunovale.com.br\/portal\/index.php?rest_route=\/wp\/v2\/types\/post"}],"author":[{"embeddable":true,"href":"https:\/\/aconteceunovale.com.br\/portal\/index.php?rest_route=\/wp\/v2\/users\/4"}],"replies":[{"embeddable":true,"href":"https:\/\/aconteceunovale.com.br\/portal\/index.php?rest_route=%2Fwp%2Fv2%2Fcomments&post=182024"}],"version-history":[{"count":1,"href":"https:\/\/aconteceunovale.com.br\/portal\/index.php?rest_route=\/wp\/v2\/posts\/182024\/revisions"}],"predecessor-version":[{"id":182026,"href":"https:\/\/aconteceunovale.com.br\/portal\/index.php?rest_route=\/wp\/v2\/posts\/182024\/revisions\/182026"}],"wp:featuredmedia":[{"embeddable":true,"href":"https:\/\/aconteceunovale.com.br\/portal\/index.php?rest_route=\/wp\/v2\/media\/182025"}],"wp:attachment":[{"href":"https:\/\/aconteceunovale.com.br\/portal\/index.php?rest_route=%2Fwp%2Fv2%2Fmedia&parent=182024"}],"wp:term":[{"taxonomy":"category","embeddable":true,"href":"https:\/\/aconteceunovale.com.br\/portal\/index.php?rest_route=%2Fwp%2Fv2%2Fcategories&post=182024"},{"taxonomy":"post_tag","embeddable":true,"href":"https:\/\/aconteceunovale.com.br\/portal\/index.php?rest_route=%2Fwp%2Fv2%2Ftags&post=182024"}],"curies":[{"name":"wp","href":"https:\/\/api.w.org\/{rel}","templated":true}]}}