{"id":182006,"date":"2021-09-20T21:56:13","date_gmt":"2021-09-21T00:56:13","guid":{"rendered":"https:\/\/aconteceunovale.com.br\/portal\/?p=182006"},"modified":"2021-09-20T21:57:28","modified_gmt":"2021-09-21T00:57:28","slug":"suspeito-de-estuprar-filha-e-preso-em-medina-no-vale-do-jequitinhonha","status":"publish","type":"post","link":"https:\/\/aconteceunovale.com.br\/portal\/?p=182006","title":{"rendered":"Suspeito de estuprar filha \u00e9 preso no Vale do Jequitinhonha"},"content":{"rendered":"\n<p>Um homem de 42 anos foi preso preventivamente por estupro de vulner\u00e1vel em Medina, no Vale do Jequitinhonha. Segundo informa\u00e7\u00f5es da Pol\u00edcia Civil, ele tamb\u00e9m \u00e9 investigado pela pr\u00e1tica de vias de fato e amea\u00e7a. Os crimes teriam sido cometidos contra sua pr\u00f3pria filha. A v\u00edtima tem 17 anos e os abusos sexuais estariam ocorrendo desde quando ela tinha 13.<\/p>\n\n\n\n<figure class=\"wp-block-gallery columns-1 is-cropped wp-block-gallery-1 is-layout-flex wp-block-gallery-is-layout-flex\"><ul class=\"blocks-gallery-grid\"><li class=\"blocks-gallery-item\"><figure><img loading=\"lazy\" decoding=\"async\" width=\"645\" height=\"450\" src=\"https:\/\/aconteceunovale.com.br\/portal\/wp-content\/uploads\/2021\/09\/policia_civil_medina.jpg\" alt=\"\" data-id=\"182007\" data-full-url=\"https:\/\/aconteceunovale.com.br\/portal\/wp-content\/uploads\/2021\/09\/policia_civil_medina.jpg\" data-link=\"https:\/\/aconteceunovale.com.br\/portal\/?attachment_id=182007\" class=\"wp-image-182007\" srcset=\"https:\/\/aconteceunovale.com.br\/portal\/wp-content\/uploads\/2021\/09\/policia_civil_medina.jpg 645w, https:\/\/aconteceunovale.com.br\/portal\/wp-content\/uploads\/2021\/09\/policia_civil_medina-300x209.jpg 300w, https:\/\/aconteceunovale.com.br\/portal\/wp-content\/uploads\/2021\/09\/policia_civil_medina-100x70.jpg 100w, https:\/\/aconteceunovale.com.br\/portal\/wp-content\/uploads\/2021\/09\/policia_civil_medina-602x420.jpg 602w\" sizes=\"auto, (max-width: 645px) 100vw, 645px\" \/><figcaption class=\"blocks-gallery-item__caption\"><em>Foto: Divulga\u00e7\u00e3o\/PCMG<\/em><\/figcaption><\/figure><\/li><\/ul><\/figure>\n\n\n\n<p>A adolescente foi encaminhada \u00e0 Delegacia pelo Conselho Tutelar, que apresentou um relat\u00f3rio narrando os fatos. De imediato, foi instaurado o inqu\u00e9rito policial, bem como requeridas as medidas protetivas em favor da v\u00edtima. A Pol\u00edcia Civil tamb\u00e9m representou pela pris\u00e3o preventiva do suspeito, sendo decretada pelo Poder Judici\u00e1rio ap\u00f3s manifesta\u00e7\u00e3o favor\u00e1vel do Minist\u00e9rio P\u00fablico.<\/p>\n\n\n\n<p>Ap\u00f3s prestar declara\u00e7\u00f5es e cumpridas as provid\u00eancias de pol\u00edcia judici\u00e1ria, o homem foi encaminhado ao Sistema Prisional. <em>\u201cO inqu\u00e9rito policial que apura os crimes ser\u00e1 conclu\u00eddo e remetido \u00e0 Justi\u00e7a nos pr\u00f3ximos dias\u201d,<\/em> informou a Pol\u00edcia Civil.<\/p>\n\n\n\n<p>&#8212;&#8212;&#8212;&#8212;&#8212;&#8212;<br><em>Quer receber as not\u00edcias do <strong>Aconteceu no Vale<\/strong> em primeira m\u00e3o? Siga-nos no Facebook <a rel=\"noreferrer noopener\" href=\"http:\/\/facebook.com\/aconteceunovale\" target=\"_blank\">@aconteceunovale<\/a>, Twitter <a rel=\"noreferrer noopener\" href=\"https:\/\/twitter.com\/noticiadosvales\" target=\"_blank\">@noticiadosvales<\/a> e Instagram <a rel=\"noreferrer noopener\" href=\"https:\/\/www.instagram.com\/aconteceunovale\" target=\"_blank\">@aconteceunovale<\/a>.<\/em><\/p>\n","protected":false},"excerpt":{"rendered":"<p>Um homem de 42 anos foi preso preventivamente por estupro de vulner\u00e1vel em Medina, no Vale do Jequitinhonha. Segundo informa\u00e7\u00f5es da Pol\u00edcia Civil, ele tamb\u00e9m \u00e9 investigado pela pr\u00e1tica de vias de fato e amea\u00e7a. Os crimes teriam sido cometidos contra sua pr\u00f3pria filha. A v\u00edtima tem 17 anos e os abusos sexuais estariam ocorrendo [&hellip;]<\/p>\n","protected":false},"author":4,"featured_media":182007,"comment_status":"open","ping_status":"closed","sticky":false,"template":"","format":"standard","meta":{"amp_status":"","footnotes":""},"categories":[120],"tags":[130091,250284,229954,389,243800,81713,251576,251577,131915,251575,251574],"class_list":["post-182006","post","type-post","status-publish","format-standard","has-post-thumbnail","hentry","category-jequi","tag-delegacia-de-medina","tag-delegacia-de-policia-civil-em-medina","tag-estuprador-preso-em-medina","tag-medina","tag-pcmg-em-medina","tag-preso-em-medina","tag-preso-por-estuprar-filha-em-medina","tag-preso-por-estuprar-filha-menor-de-idade-em-medina","tag-preso-por-estupro-em-medina","tag-suspeito-de-estuprar-filha-e-preso-em-medina","tag-suspeito-de-estuprar-filha-e-preso-no-vale-do-jequitinhonha"],"_links":{"self":[{"href":"https:\/\/aconteceunovale.com.br\/portal\/index.php?rest_route=\/wp\/v2\/posts\/182006","targetHints":{"allow":["GET"]}}],"collection":[{"href":"https:\/\/aconteceunovale.com.br\/portal\/index.php?rest_route=\/wp\/v2\/posts"}],"about":[{"href":"https:\/\/aconteceunovale.com.br\/portal\/index.php?rest_route=\/wp\/v2\/types\/post"}],"author":[{"embeddable":true,"href":"https:\/\/aconteceunovale.com.br\/portal\/index.php?rest_route=\/wp\/v2\/users\/4"}],"replies":[{"embeddable":true,"href":"https:\/\/aconteceunovale.com.br\/portal\/index.php?rest_route=%2Fwp%2Fv2%2Fcomments&post=182006"}],"version-history":[{"count":2,"href":"https:\/\/aconteceunovale.com.br\/portal\/index.php?rest_route=\/wp\/v2\/posts\/182006\/revisions"}],"predecessor-version":[{"id":182009,"href":"https:\/\/aconteceunovale.com.br\/portal\/index.php?rest_route=\/wp\/v2\/posts\/182006\/revisions\/182009"}],"wp:featuredmedia":[{"embeddable":true,"href":"https:\/\/aconteceunovale.com.br\/portal\/index.php?rest_route=\/wp\/v2\/media\/182007"}],"wp:attachment":[{"href":"https:\/\/aconteceunovale.com.br\/portal\/index.php?rest_route=%2Fwp%2Fv2%2Fmedia&parent=182006"}],"wp:term":[{"taxonomy":"category","embeddable":true,"href":"https:\/\/aconteceunovale.com.br\/portal\/index.php?rest_route=%2Fwp%2Fv2%2Fcategories&post=182006"},{"taxonomy":"post_tag","embeddable":true,"href":"https:\/\/aconteceunovale.com.br\/portal\/index.php?rest_route=%2Fwp%2Fv2%2Ftags&post=182006"}],"curies":[{"name":"wp","href":"https:\/\/api.w.org\/{rel}","templated":true}]}}