{"id":182004,"date":"2021-09-20T21:43:16","date_gmt":"2021-09-21T00:43:16","guid":{"rendered":"https:\/\/aconteceunovale.com.br\/portal\/?p=182004"},"modified":"2021-09-20T21:44:33","modified_gmt":"2021-09-21T00:44:33","slug":"suspeito-de-estuprar-menina-de-12-anos-e-preso-no-norte-de-minas","status":"publish","type":"post","link":"https:\/\/aconteceunovale.com.br\/portal\/?p=182004","title":{"rendered":"Suspeito de estuprar menina de 12 anos \u00e9 preso no Norte de Minas"},"content":{"rendered":"\n<p>Um homem de 25 anos foi preso preventivamente por estupro de vulner\u00e1vel no munic\u00edpio de Montalv\u00e2nia, na regi\u00e3o Norte de Minas Gerais. Segundo informa\u00e7\u00f5es da Pol\u00edcia Civil, o crime aconteceu no distrito de Capit\u00e2nea e a v\u00edtima \u00e9 uma menina de 12 anos.<\/p>\n\n\n\n<p>No dia 14 de setembro deste ano, de acordo com a PCMG, o suspeito aproveitou-se da aus\u00eancia dos familiares da v\u00edtima para estupr\u00e1-la dentro da casa de sua tia.<\/p>\n\n\n\n<p>A m\u00e3e da v\u00edtima procurou a Delegacia de Pol\u00edcia Civil em Montalv\u00e2nia para denunciar os fatos e solicitar provid\u00eancias. Segundo ela, o rapaz estava assediando a menor h\u00e1 algum tempo, inclusive, no m\u00eas de junho, ele a agarrou e disse que queria manter rela\u00e7\u00f5es sexuais com ela. A menina relatou que tudo aconteceu com seu consentimento.<\/p>\n\n\n\n<p>De acordo com o delegado Hans Rocha Baia quem pratica conjun\u00e7\u00e3o carnal com menor de 12 anos responder\u00e1 por estupro de vulner\u00e1vel, mesmo diante de eventual consentimento. <em>\u201cA condi\u00e7\u00e3o de vulner\u00e1vel \u00e9 entendida para as pessoas que n\u00e3o tem o necess\u00e1rio discernimento para a pr\u00e1tica do ato e, estes abusadores se aproveitam da fragilidade f\u00edsica e psicol\u00f3gica das v\u00edtimas que n\u00e3o possuem conhecimento suficiente dos perigos que correm\u201d,<\/em> disse.<\/p>\n\n\n\n<p>O delegado ressalta que a tarefa de confrontar o abuso contra as crian\u00e7as e adolescentes n\u00e3o deve ser apenas do \u00e2mbito jur\u00eddico. <em>\u201cOs principais defensores precisam ser os pais ou respons\u00e1veis que est\u00e3o mais pr\u00f3ximos e precisam ficar atentos quando houver algum comportamento estranho\u201d, <\/em>destacou. Ele ressalta que aquele que desrespeitar a lei ir\u00e1 responder pelos seus atos e poder\u00e1 suportar uma pena de 8 a 15 anos de pris\u00e3o, <em>\u201cIndependente da idade da v\u00edtima o crime de estupro sempre foi uma pr\u00e1tica cruel e desumana, h\u00e1 muitos anos o \u00e2mbito jur\u00eddico vem trabalhando no enfrentamento a este tipo de crime, mas a aten\u00e7\u00e3o precisa ser redobrada quando as v\u00edtimas s\u00e3o crian\u00e7as e adolescentes\u201d,<\/em> explicou.<\/p>\n\n\n\n<p>O suspeito tentou fugir ao perceber a presen\u00e7a da pol\u00edcia, nesta segunda-feira (20\/9\/2021), mas foi abordado quando conduzia uma motocicleta pelas ruas do distrito. A a\u00e7\u00e3o foi realizada com o apoio da Guarda Civil Municipal.<\/p>\n\n\n\n<p>&#8212;&#8212;&#8212;&#8212;&#8212;&#8212;<br><em>Quer receber as not\u00edcias do <strong>Aconteceu no Vale<\/strong> em primeira m\u00e3o? Siga-nos no Facebook <a rel=\"noreferrer noopener\" href=\"http:\/\/facebook.com\/aconteceunovale\" target=\"_blank\">@aconteceunovale<\/a>, Twitter <a rel=\"noreferrer noopener\" href=\"https:\/\/twitter.com\/noticiadosvales\" target=\"_blank\">@noticiadosvales<\/a> e Instagram <a rel=\"noreferrer noopener\" href=\"https:\/\/www.instagram.com\/aconteceunovale\" target=\"_blank\">@aconteceunovale<\/a>.<\/em><\/p>\n","protected":false},"excerpt":{"rendered":"<p>Um homem de 25 anos foi preso preventivamente por estupro de vulner\u00e1vel no munic\u00edpio de Montalv\u00e2nia, na regi\u00e3o Norte de Minas Gerais. Segundo informa\u00e7\u00f5es da Pol\u00edcia Civil, o crime aconteceu no distrito de Capit\u00e2nea e a v\u00edtima \u00e9 uma menina de 12 anos. No dia 14 de setembro deste ano, de acordo com a PCMG, [&hellip;]<\/p>\n","protected":false},"author":4,"featured_media":180925,"comment_status":"open","ping_status":"closed","sticky":false,"template":"","format":"standard","meta":{"amp_status":"","footnotes":""},"categories":[1236],"tags":[251571,249683,249684,251573,239246,251572,1709,604,239247,251569,251570,251568],"class_list":["post-182004","post","type-post","status-publish","format-standard","has-post-thumbnail","hentry","category-norte_de_minas","tag-capitanea","tag-delegacia-de-policia-civil-em-montalvania","tag-delegado-de-montalvania","tag-delegado-hans-rocha-baia","tag-estuprador-preso-em-montalvania","tag-estupro-de-vulneravel-em-montalvania","tag-montalvania","tag-pcmg","tag-preso-por-estupro-em-montalvania","tag-suspeito-de-estuprar-menina-de-12-anos-e-preso-em-capitanea","tag-suspeito-de-estuprar-menina-de-12-anos-e-preso-em-montalvania","tag-suspeito-de-estuprar-menina-de-12-anos-e-preso-no-norte-de-minas"],"_links":{"self":[{"href":"https:\/\/aconteceunovale.com.br\/portal\/index.php?rest_route=\/wp\/v2\/posts\/182004","targetHints":{"allow":["GET"]}}],"collection":[{"href":"https:\/\/aconteceunovale.com.br\/portal\/index.php?rest_route=\/wp\/v2\/posts"}],"about":[{"href":"https:\/\/aconteceunovale.com.br\/portal\/index.php?rest_route=\/wp\/v2\/types\/post"}],"author":[{"embeddable":true,"href":"https:\/\/aconteceunovale.com.br\/portal\/index.php?rest_route=\/wp\/v2\/users\/4"}],"replies":[{"embeddable":true,"href":"https:\/\/aconteceunovale.com.br\/portal\/index.php?rest_route=%2Fwp%2Fv2%2Fcomments&post=182004"}],"version-history":[{"count":1,"href":"https:\/\/aconteceunovale.com.br\/portal\/index.php?rest_route=\/wp\/v2\/posts\/182004\/revisions"}],"predecessor-version":[{"id":182005,"href":"https:\/\/aconteceunovale.com.br\/portal\/index.php?rest_route=\/wp\/v2\/posts\/182004\/revisions\/182005"}],"wp:featuredmedia":[{"embeddable":true,"href":"https:\/\/aconteceunovale.com.br\/portal\/index.php?rest_route=\/wp\/v2\/media\/180925"}],"wp:attachment":[{"href":"https:\/\/aconteceunovale.com.br\/portal\/index.php?rest_route=%2Fwp%2Fv2%2Fmedia&parent=182004"}],"wp:term":[{"taxonomy":"category","embeddable":true,"href":"https:\/\/aconteceunovale.com.br\/portal\/index.php?rest_route=%2Fwp%2Fv2%2Fcategories&post=182004"},{"taxonomy":"post_tag","embeddable":true,"href":"https:\/\/aconteceunovale.com.br\/portal\/index.php?rest_route=%2Fwp%2Fv2%2Ftags&post=182004"}],"curies":[{"name":"wp","href":"https:\/\/api.w.org\/{rel}","templated":true}]}}